{"id":1964,"date":"2023-10-13T13:33:53","date_gmt":"2023-10-13T12:33:53","guid":{"rendered":"https:\/\/blogsaverroes.juntadeandalucia.es\/cprlasramblas\/?p=1964"},"modified":"2023-10-13T13:33:53","modified_gmt":"2023-10-13T12:33:53","slug":"domino-de-los-alimentos","status":"publish","type":"post","link":"https:\/\/blogsaverroes.juntadeandalucia.es\/cprlasramblas\/domino-de-los-alimentos\/","title":{"rendered":"DOMIN\u00d3 DE LOS ALIMENTOS"},"content":{"rendered":"<p>Estos \u00faltimos d\u00edas hemos estado trabajando a trav\u00e9s de la metodolog\u00eda STEAM procesos b\u00e1sicos cognitivos de percepci\u00f3n visual, atenci\u00f3n, memoria, l\u00f3gica y secuencias (algoritmos). En esta ocasi\u00f3n hemos utilizado un domin\u00f3 con diferentes alimentos debido a su vinculaci\u00f3n con la situaci\u00f3n de aprendizaje que estamos llevando a cabo en el centro. \u00a1Nos lo hemos pasado genial!<\/p>\n<div style=\"width: 1080px;\" class=\"wp-video\"><!--[if lt IE 9]><script>document.createElement('video');<\/script><![endif]-->\n<video class=\"wp-video-shortcode\" id=\"video-1964-1\" width=\"1080\" height=\"608\" preload=\"metadata\" controls=\"controls\"><source type=\"video\/mp4\" src=\"https:\/\/blogsaverroes.juntadeandalucia.es\/cprlasramblas\/files\/2023\/10\/DOMIN\u00d3-1.mp4?_=1\" \/><a href=\"https:\/\/blogsaverroes.juntadeandalucia.es\/cprlasramblas\/files\/2023\/10\/DOMIN\u00d3-1.mp4\">https:\/\/blogsaverroes.juntadeandalucia.es\/cprlasramblas\/files\/2023\/10\/DOMIN\u00d3-1.mp4<\/a><\/video><\/div>\n<p>El recurso utilizado es del <a href=\"https:\/\/www.elinvernaderocreativo.com\/domino-infantil-imprimible-gratis\/\">Invernadero Creativo<\/a>.<\/p>\n","protected":false},"excerpt":{"rendered":"<p>Estos \u00faltimos d\u00edas hemos estado trabajando a trav\u00e9s de la metodolog\u00eda STEAM procesos b\u00e1sicos cognitivos de percepci\u00f3n visual, atenci\u00f3n, memoria, l\u00f3gica y secuencias (algoritmos). En esta ocasi\u00f3n hemos utilizado un domin\u00f3 con diferentes alimentos debido a su vinculaci\u00f3n con la situaci\u00f3n de aprendizaje que estamos llevando a cabo en el centro. \u00a1Nos lo hemos pasado [&hellip;]<\/p>\n","protected":false},"author":12865,"featured_media":0,"comment_status":"open","ping_status":"open","sticky":false,"template":"","format":"standard","meta":{"_et_pb_use_builder":"","_et_pb_old_content":"","_et_gb_content_width":"","ngg_post_thumbnail":0,"footnotes":""},"categories":[3,21,16,31],"tags":[],"aioseo_notices":[],"_links":{"self":[{"href":"https:\/\/blogsaverroes.juntadeandalucia.es\/cprlasramblas\/wp-json\/wp\/v2\/posts\/1964"}],"collection":[{"href":"https:\/\/blogsaverroes.juntadeandalucia.es\/cprlasramblas\/wp-json\/wp\/v2\/posts"}],"about":[{"href":"https:\/\/blogsaverroes.juntadeandalucia.es\/cprlasramblas\/wp-json\/wp\/v2\/types\/post"}],"author":[{"embeddable":true,"href":"https:\/\/blogsaverroes.juntadeandalucia.es\/cprlasramblas\/wp-json\/wp\/v2\/users\/12865"}],"replies":[{"embeddable":true,"href":"https:\/\/blogsaverroes.juntadeandalucia.es\/cprlasramblas\/wp-json\/wp\/v2\/comments?post=1964"}],"version-history":[{"count":1,"href":"https:\/\/blogsaverroes.juntadeandalucia.es\/cprlasramblas\/wp-json\/wp\/v2\/posts\/1964\/revisions"}],"predecessor-version":[{"id":1967,"href":"https:\/\/blogsaverroes.juntadeandalucia.es\/cprlasramblas\/wp-json\/wp\/v2\/posts\/1964\/revisions\/1967"}],"wp:attachment":[{"href":"https:\/\/blogsaverroes.juntadeandalucia.es\/cprlasramblas\/wp-json\/wp\/v2\/media?parent=1964"}],"wp:term":[{"taxonomy":"category","embeddable":true,"href":"https:\/\/blogsaverroes.juntadeandalucia.es\/cprlasramblas\/wp-json\/wp\/v2\/categories?post=1964"},{"taxonomy":"post_tag","embeddable":true,"href":"https:\/\/blogsaverroes.juntadeandalucia.es\/cprlasramblas\/wp-json\/wp\/v2\/tags?post=1964"}],"curies":[{"name":"wp","href":"https:\/\/api.w.org\/{rel}","templated":true}]}}