{"id":2086,"date":"2023-12-30T18:29:30","date_gmt":"2023-12-30T17:29:30","guid":{"rendered":"https:\/\/blogsaverroes.juntadeandalucia.es\/cprlasramblas\/?p=2086"},"modified":"2023-12-30T18:39:15","modified_gmt":"2023-12-30T17:39:15","slug":"la-hora-del-codigo","status":"publish","type":"post","link":"https:\/\/blogsaverroes.juntadeandalucia.es\/cprlasramblas\/la-hora-del-codigo\/","title":{"rendered":"LA HORA DEL C\u00d3DIGO"},"content":{"rendered":"<p>Durante el mes de diciembre se lleva a cabo &#8220;LA HORA DEL C\u00d3DIGO&#8221;. \u00bfY, esto qu\u00e9 es?<\/p>\n<p>&#8220;La hora del c\u00f3digo&#8221; es una iniciativa internacional que pretende introducir a personas de todas las edades en el desarrollo del pensamiento computacional. Durante este evento, se anima a participar en actividades de programaci\u00f3n durante al menos una hora, demostrando que la codificaci\u00f3n puede ser accesible, divertida y gratificante para cualquier persona, sin importar su experiencia previa en el tema. Este a\u00f1o la Junta de Andaluc\u00eda a trav\u00e9s de Eaprendizaje nos anima a participar y nosotros&#8230;<\/p>\n<p>&nbsp; &nbsp; &nbsp; &nbsp; &nbsp; &nbsp; &nbsp; &nbsp; &nbsp; &nbsp; &nbsp; &nbsp; &nbsp; &nbsp; \u00a1NOS APUNTAMOS POR SUPUESTO!<\/p>\n<p><img loading=\"lazy\" decoding=\"async\" class=\"aligncenter size-medium wp-image-2087\" src=\"https:\/\/blogsaverroes.juntadeandalucia.es\/cprlasramblas\/files\/2023\/12\/COLE-300x141.jpg\" alt=\"\" width=\"300\" height=\"141\"><\/p>\n<p>Por ello durante este mes hemos trabajado el pensamiento computacional desconectado descubriendo el c\u00f3digo binario, hemos creado distintas figuras art\u00edsticas con p\u00edxeles, los alumnos de 6\u00ba han creado sus propios videojuegos e incluso hemos entrenado una IA para que pueda limpiar nuestros mares.&nbsp;<\/p>\n<p>Aqu\u00ed os dejamos un peque\u00f1o v\u00eddeo que muestra algunas de las actividades que hemos realizado.<\/p>\n<div style=\"width: 1080px;\" class=\"wp-video\"><!--[if lt IE 9]><script>document.createElement('video');<\/script><![endif]-->\n<video class=\"wp-video-shortcode\" id=\"video-2086-1\" width=\"1080\" height=\"1080\" preload=\"metadata\" controls=\"controls\"><source type=\"video\/mp4\" src=\"https:\/\/blogsaverroes.juntadeandalucia.es\/cprlasramblas\/files\/2023\/12\/LA-HORA-DEL-C\u00d3DIGO.mp4?_=1\" \/><a href=\"https:\/\/blogsaverroes.juntadeandalucia.es\/cprlasramblas\/files\/2023\/12\/LA-HORA-DEL-C\u00d3DIGO.mp4\">https:\/\/blogsaverroes.juntadeandalucia.es\/cprlasramblas\/files\/2023\/12\/LA-HORA-DEL-C\u00d3DIGO.mp4<\/a><\/video><\/div>\n","protected":false},"excerpt":{"rendered":"<p>Durante el mes de diciembre se lleva a cabo &#8220;LA HORA DEL C\u00d3DIGO&#8221;. \u00bfY, esto qu\u00e9 es? &#8220;La hora del c\u00f3digo&#8221; es una iniciativa internacional que pretende introducir a personas de todas las edades en el desarrollo del pensamiento computacional. Durante este evento, se anima a participar en actividades de programaci\u00f3n durante al menos una [&hellip;]<\/p>\n","protected":false},"author":12865,"featured_media":0,"comment_status":"open","ping_status":"open","sticky":false,"template":"","format":"standard","meta":{"_et_pb_use_builder":"","_et_pb_old_content":"","_et_gb_content_width":"","ngg_post_thumbnail":0,"footnotes":""},"categories":[20,3,21,16,31],"tags":[211,210],"aioseo_notices":[],"_links":{"self":[{"href":"https:\/\/blogsaverroes.juntadeandalucia.es\/cprlasramblas\/wp-json\/wp\/v2\/posts\/2086"}],"collection":[{"href":"https:\/\/blogsaverroes.juntadeandalucia.es\/cprlasramblas\/wp-json\/wp\/v2\/posts"}],"about":[{"href":"https:\/\/blogsaverroes.juntadeandalucia.es\/cprlasramblas\/wp-json\/wp\/v2\/types\/post"}],"author":[{"embeddable":true,"href":"https:\/\/blogsaverroes.juntadeandalucia.es\/cprlasramblas\/wp-json\/wp\/v2\/users\/12865"}],"replies":[{"embeddable":true,"href":"https:\/\/blogsaverroes.juntadeandalucia.es\/cprlasramblas\/wp-json\/wp\/v2\/comments?post=2086"}],"version-history":[{"count":4,"href":"https:\/\/blogsaverroes.juntadeandalucia.es\/cprlasramblas\/wp-json\/wp\/v2\/posts\/2086\/revisions"}],"predecessor-version":[{"id":2092,"href":"https:\/\/blogsaverroes.juntadeandalucia.es\/cprlasramblas\/wp-json\/wp\/v2\/posts\/2086\/revisions\/2092"}],"wp:attachment":[{"href":"https:\/\/blogsaverroes.juntadeandalucia.es\/cprlasramblas\/wp-json\/wp\/v2\/media?parent=2086"}],"wp:term":[{"taxonomy":"category","embeddable":true,"href":"https:\/\/blogsaverroes.juntadeandalucia.es\/cprlasramblas\/wp-json\/wp\/v2\/categories?post=2086"},{"taxonomy":"post_tag","embeddable":true,"href":"https:\/\/blogsaverroes.juntadeandalucia.es\/cprlasramblas\/wp-json\/wp\/v2\/tags?post=2086"}],"curies":[{"name":"wp","href":"https:\/\/api.w.org\/{rel}","templated":true}]}}