{"id":956,"date":"2020-10-31T10:09:00","date_gmt":"2020-10-31T09:09:00","guid":{"rendered":""},"modified":"2025-05-18T21:59:08","modified_gmt":"2025-05-18T20:59:08","slug":"cpr-las-ramblas","status":"publish","type":"post","link":"https:\/\/blogsaverroes.juntadeandalucia.es\/cprlasramblas\/cpr-las-ramblas\/","title":{"rendered":"CPR LAS RAMBLAS"},"content":{"rendered":"<p>&nbsp;&nbsp;&nbsp; &nbsp;<span style=\"background-color: white;color: #050505;font-size: 15px\">El CPR Las Ramblas es un centro educativo perteneciente a la Junta de Andaluc\u00eda situado en el levante granadino, limitando con la provincia de Almer\u00eda.<\/span><\/p>\n<div dir=\"auto\" style=\"background-color: white;color: #050505;, helvetica, arial, sans-serif;font-size: 15px\">Consta de dos centros: uno en la pedan\u00eda de El Pozuelo y el otro en la pedan\u00eda de Los Castillas.<\/div>\n<div dir=\"auto\" style=\"background-color: white;color: #050505;, helvetica, arial, sans-serif;font-size: 15px\">&nbsp;<\/div>\n<div dir=\"auto\" style=\"background-color: white;color: #050505;, helvetica, arial, sans-serif;font-size: 15px\">Para contactar con el centro pueden hacerlo llamando al<b> 958 65 49 16&nbsp;<\/b> de 9:30 de la ma\u00f1ana a 13:30 de lunes a viernes.<\/div>\n<div dir=\"auto\" style=\"background-color: white;color: #050505;, helvetica, arial, sans-serif;font-size: 15px\">&nbsp;<\/div>\n<div dir=\"auto\" style=\"background-color: white;color: #050505;, helvetica, arial, sans-serif;font-size: 15px\">\n<div style=\"clear: both;text-align: center\"><a style=\"margin-left: 1em;margin-right: 1em\" href=\"https:\/\/blogsaverroes.juntadeandalucia.es\/cprlasramblas\/files\/2020\/10\/CPR-2BLAS-2BRAMBLAS.jpg\"><img loading=\"lazy\" decoding=\"async\" src=\"https:\/\/blogsaverroes.juntadeandalucia.es\/cprlasramblas\/files\/2020\/10\/CPR-2BLAS-2BRAMBLAS-298x300.jpg\" alt=\"\" width=\"317\" height=\"320\" data-original-height=\"2015\" data-original-width=\"2001\"><\/a><\/div>\n<div style=\"clear: both;text-align: center\">&nbsp;<\/div>\n<div style=\"clear: both;text-align: left\">&nbsp;&nbsp; &nbsp;Si quieres saber m\u00e1s sobre nuestro centro, pinchando en los siguientes enlaces podr\u00e1s tener acceso a nuestro Proyecto de gesti\u00f3n, Proyecto Educativo y ROF.<\/div>\n<div style=\"clear: both;text-align: left\">\n<ul style=\"text-align: left\">\n<li><a href=\"https:\/\/drive.google.com\/file\/d\/1z00K80OoWKomD7NeZbk4tzv7jDx8NZym\/view?usp=sharing\" target=\"_blank\" rel=\"noopener noreferrer\">Proyecto de gesti\u00f3n<\/a><\/li>\n<li><a href=\"https:\/\/drive.google.com\/file\/d\/1EkMhS0LTJbXPVa0EfpdchMR46xYk2l-H\/view?usp=sharing\" target=\"_blank\" rel=\"noopener noreferrer\">Proyecto educativo<\/a><\/li>\n<li><a href=\"https:\/\/drive.google.com\/file\/d\/1PMSbvpg2Lsc_L0ThQWoZSSVKaJD5YOe5\/view?usp=sharing\" target=\"_blank\" rel=\"noopener noreferrer\">R.O.F.<\/a><\/li>\n<li>Anexos Plan de Centro.\n<ul>\n<li><a href=\"https:\/\/drive.google.com\/file\/d\/1CSZdC1_6h9ouXkW2xgQxEIEPBVSfd7SG\/view?usp=sharing\" target=\"_blank\" rel=\"noopener noreferrer\">Escuelas deportivas<\/a><\/li>\n<li><a href=\"https:\/\/drive.google.com\/file\/d\/1O62xb5IvUU_s6MTL9BrSwvSpfEQiV7j0\/view?usp=sharing\" target=\"_blank\" rel=\"noopener noreferrer\">Plan de autoprotecci\u00f3n<\/a><\/li>\n<li><a href=\"https:\/\/drive.google.com\/file\/d\/1-ebXWfUev3I1dzsx4zyyphp3sORFZYOJ\/view?usp=sharing\" target=\"_blank\" rel=\"noopener noreferrer\">Plan de acci\u00f3n tutorial<\/a><\/li>\n<li><a href=\"https:\/\/drive.google.com\/file\/d\/1LO80ip8bxWI7YIpVna24Or3fJAXXrXhO\/view?usp=sharing\" target=\"_blank\" rel=\"noopener noreferrer\">Plan de actuaci\u00f3n<\/a><\/li>\n<li><a href=\"https:\/\/drive.google.com\/file\/d\/1cq2o8okhm0JK5OHmbjodcHvH52c7fMnh\/view?usp=sharing\" target=\"_blank\" rel=\"noopener noreferrer\">Plan de convivencia<\/a><\/li>\n<li><a href=\"https:\/\/drive.google.com\/file\/d\/1pZbvgMURZ2dY5PZaPWs43G0FnUEfKIUD\/view?usp=sharing\" target=\"_blank\" rel=\"noopener noreferrer\">Plan de igualdad<\/a><\/li>\n<li><a href=\"https:\/\/drive.google.com\/file\/d\/12ckoipjiG223CLggRzlDfpkt2o8LFTFG\/view?usp=sharing\" target=\"_blank\" rel=\"noopener noreferrer\">Plan de trabajo biblioteca<\/a><\/li>\n<li><a href=\"https:\/\/drive.google.com\/file\/d\/1iQ-leg9cXc3ZnV-KraeBuhPsx2GkdbhX\/view?usp=sharing\" target=\"_blank\" rel=\"noopener noreferrer\">Plan de transformaci\u00f3n digital<\/a><\/li>\n<li><a href=\"https:\/\/drive.google.com\/file\/d\/1Awck4-wJDrdhMBTXb7YEYyZxBZbl4_aL\/view?usp=sharing\" target=\"_blank\" rel=\"noopener noreferrer\">Programa para mejora del vocabulario<\/a><\/li>\n<li><a href=\"https:\/\/drive.google.com\/file\/d\/1vvGw9ypmoT9RLukzYzh54VsRt5A_btpC\/view?usp=sharing\" target=\"_blank\" rel=\"noopener noreferrer\">Protocolo COVID<\/a><\/li>\n<\/ul>\n<\/li>\n<\/ul>\n<div>&nbsp;<\/div>\n<\/div>\n<\/div>\n","protected":false},"excerpt":{"rendered":"<p>&nbsp;&nbsp;&nbsp; &nbsp;El CPR Las Ramblas es un centro educativo perteneciente a la Junta de Andaluc\u00eda situado en el levante granadino, limitando con la provincia de Almer\u00eda. Consta de dos centros: uno en la pedan\u00eda de El Pozuelo y el otro en la pedan\u00eda de Los Castillas. &nbsp; Para contactar con el centro pueden hacerlo llamando [&hellip;]<\/p>\n","protected":false},"author":4497,"featured_media":1167,"comment_status":"closed","ping_status":"open","sticky":false,"template":"","format":"standard","meta":{"_et_pb_use_builder":"","_et_pb_old_content":"","_et_gb_content_width":"","ngg_post_thumbnail":0,"footnotes":""},"categories":[1],"tags":[],"aioseo_notices":[],"_links":{"self":[{"href":"https:\/\/blogsaverroes.juntadeandalucia.es\/cprlasramblas\/wp-json\/wp\/v2\/posts\/956"}],"collection":[{"href":"https:\/\/blogsaverroes.juntadeandalucia.es\/cprlasramblas\/wp-json\/wp\/v2\/posts"}],"about":[{"href":"https:\/\/blogsaverroes.juntadeandalucia.es\/cprlasramblas\/wp-json\/wp\/v2\/types\/post"}],"author":[{"embeddable":true,"href":"https:\/\/blogsaverroes.juntadeandalucia.es\/cprlasramblas\/wp-json\/wp\/v2\/users\/4497"}],"replies":[{"embeddable":true,"href":"https:\/\/blogsaverroes.juntadeandalucia.es\/cprlasramblas\/wp-json\/wp\/v2\/comments?post=956"}],"version-history":[{"count":3,"href":"https:\/\/blogsaverroes.juntadeandalucia.es\/cprlasramblas\/wp-json\/wp\/v2\/posts\/956\/revisions"}],"predecessor-version":[{"id":2484,"href":"https:\/\/blogsaverroes.juntadeandalucia.es\/cprlasramblas\/wp-json\/wp\/v2\/posts\/956\/revisions\/2484"}],"wp:featuredmedia":[{"embeddable":true,"href":"https:\/\/blogsaverroes.juntadeandalucia.es\/cprlasramblas\/wp-json\/wp\/v2\/media\/1167"}],"wp:attachment":[{"href":"https:\/\/blogsaverroes.juntadeandalucia.es\/cprlasramblas\/wp-json\/wp\/v2\/media?parent=956"}],"wp:term":[{"taxonomy":"category","embeddable":true,"href":"https:\/\/blogsaverroes.juntadeandalucia.es\/cprlasramblas\/wp-json\/wp\/v2\/categories?post=956"},{"taxonomy":"post_tag","embeddable":true,"href":"https:\/\/blogsaverroes.juntadeandalucia.es\/cprlasramblas\/wp-json\/wp\/v2\/tags?post=956"}],"curies":[{"name":"wp","href":"https:\/\/api.w.org\/{rel}","templated":true}]}}