{"id":3099,"date":"2021-04-07T12:28:01","date_gmt":"2021-04-07T11:28:01","guid":{"rendered":"https:\/\/blogsaverroes.juntadeandalucia.es\/cprlospinares\/?p=3099"},"modified":"2021-04-07T12:28:48","modified_gmt":"2021-04-07T11:28:48","slug":"feria-del-libro-2021","status":"publish","type":"post","link":"https:\/\/blogsaverroes.juntadeandalucia.es\/cprlospinares\/2021\/04\/07\/feria-del-libro-2021\/","title":{"rendered":"Feria del libro 2021"},"content":{"rendered":"<p>El d\u00eda 23 de Abril, como bien sab\u00e9is, se celebra el D\u00eda Internacional del Libro.<br \/>\nEste a\u00f1o de una forma un tanto especial, el Ampa Campo Verde con la colaboraci\u00f3n de la Librer\u00eda Toni, el C.P.R. Los Pinares y el Ayuntamiento de L\u00e1char-Pe\u00f1uelas, hemos querido organizar la Feria del Libro para acercar y hacer m\u00e1s accesibles los libros a las familias.<br \/>\nAnte el inconveniente de no poder poner estand, os ofrecemos la posibilidad de que mediante los telf. 669764361 \/651034160 \/636339305 del 5 al 11 de Abril nos pid\u00e1is esos libros que dese\u00e9is adquirir. Posteriormente, durante los d\u00edas 22 y 23 de Abril se har\u00e1 la entrega de los mismos.<br \/>\nSe har\u00e1 un descuento del 30% para familias NO socias del AMPA y del 50% para las SOCIAS del AMPA.<\/p>\n<p>&nbsp;<\/p>\n<p style=\"text-align: center\"><a href=\"https:\/\/blogsaverroes.juntadeandalucia.es\/cprlospinares\/files\/2021\/04\/feria-del-libro-2021.jpg\"><img loading=\"lazy\" decoding=\"async\" class=\"aligncenter size-large wp-image-3100\" src=\"https:\/\/blogsaverroes.juntadeandalucia.es\/cprlospinares\/files\/2021\/04\/feria-del-libro-2021-725x1024.jpg\" alt=\"\" width=\"725\" height=\"1024\" srcset=\"https:\/\/blogsaverroes.juntadeandalucia.es\/cprlospinares\/files\/2021\/04\/feria-del-libro-2021-725x1024.jpg 725w, https:\/\/blogsaverroes.juntadeandalucia.es\/cprlospinares\/files\/2021\/04\/feria-del-libro-2021-212x300.jpg 212w, https:\/\/blogsaverroes.juntadeandalucia.es\/cprlospinares\/files\/2021\/04\/feria-del-libro-2021-768x1085.jpg 768w, https:\/\/blogsaverroes.juntadeandalucia.es\/cprlospinares\/files\/2021\/04\/feria-del-libro-2021-1087x1536.jpg 1087w, https:\/\/blogsaverroes.juntadeandalucia.es\/cprlospinares\/files\/2021\/04\/feria-del-libro-2021.jpg 1132w\" sizes=\"(max-width: 725px) 100vw, 725px\" \/><\/a><\/p>\n","protected":false},"excerpt":{"rendered":"<p>El d\u00eda 23 de Abril, como bien sab\u00e9is, se celebra el D\u00eda Internacional del Libro. Este a\u00f1o de una forma un tanto especial, el Ampa Campo Verde con la colaboraci\u00f3n de la Librer\u00eda Toni,&#46;&#46;&#46;<\/p>\n","protected":false},"author":3730,"featured_media":2496,"comment_status":"open","ping_status":"open","sticky":false,"template":"","format":"standard","meta":{"ngg_post_thumbnail":0,"footnotes":""},"categories":[5991,379625,213,1835752],"tags":[],"aioseo_notices":[],"_links":{"self":[{"href":"https:\/\/blogsaverroes.juntadeandalucia.es\/cprlospinares\/wp-json\/wp\/v2\/posts\/3099"}],"collection":[{"href":"https:\/\/blogsaverroes.juntadeandalucia.es\/cprlospinares\/wp-json\/wp\/v2\/posts"}],"about":[{"href":"https:\/\/blogsaverroes.juntadeandalucia.es\/cprlospinares\/wp-json\/wp\/v2\/types\/post"}],"author":[{"embeddable":true,"href":"https:\/\/blogsaverroes.juntadeandalucia.es\/cprlospinares\/wp-json\/wp\/v2\/users\/3730"}],"replies":[{"embeddable":true,"href":"https:\/\/blogsaverroes.juntadeandalucia.es\/cprlospinares\/wp-json\/wp\/v2\/comments?post=3099"}],"version-history":[{"count":1,"href":"https:\/\/blogsaverroes.juntadeandalucia.es\/cprlospinares\/wp-json\/wp\/v2\/posts\/3099\/revisions"}],"predecessor-version":[{"id":3101,"href":"https:\/\/blogsaverroes.juntadeandalucia.es\/cprlospinares\/wp-json\/wp\/v2\/posts\/3099\/revisions\/3101"}],"wp:featuredmedia":[{"embeddable":true,"href":"https:\/\/blogsaverroes.juntadeandalucia.es\/cprlospinares\/wp-json\/wp\/v2\/media\/2496"}],"wp:attachment":[{"href":"https:\/\/blogsaverroes.juntadeandalucia.es\/cprlospinares\/wp-json\/wp\/v2\/media?parent=3099"}],"wp:term":[{"taxonomy":"category","embeddable":true,"href":"https:\/\/blogsaverroes.juntadeandalucia.es\/cprlospinares\/wp-json\/wp\/v2\/categories?post=3099"},{"taxonomy":"post_tag","embeddable":true,"href":"https:\/\/blogsaverroes.juntadeandalucia.es\/cprlospinares\/wp-json\/wp\/v2\/tags?post=3099"}],"curies":[{"name":"wp","href":"https:\/\/api.w.org\/{rel}","templated":true}]}}