{"id":3583,"date":"2020-02-26T09:44:11","date_gmt":"2020-02-26T09:44:11","guid":{"rendered":"https:\/\/blogsaverroes.juntadeandalucia.es\/cprlosrios\/?p=3583"},"modified":"2020-03-27T09:40:56","modified_gmt":"2020-03-27T09:40:56","slug":"carnaval","status":"publish","type":"post","link":"https:\/\/blogsaverroes.juntadeandalucia.es\/cprlosrios\/2020\/02\/26\/carnaval\/","title":{"rendered":"Carnaval"},"content":{"rendered":"<p><a href=\"https:\/\/blogsaverroes.juntadeandalucia.es\/cprlosrios\/files\/2019\/11\/LOgos-pacto-miniatura.png\"><img loading=\"lazy\" decoding=\"async\" width=\"300\" height=\"74\" class=\"aligncenter size-medium wp-image-3235\" alt=\"\" src=\"https:\/\/blogsaverroes.juntadeandalucia.es\/cprlosrios\/files\/2019\/11\/LOgos-pacto-miniatura-300x74.png\" srcset=\"https:\/\/blogsaverroes.juntadeandalucia.es\/cprlosrios\/files\/2019\/11\/LOgos-pacto-miniatura-300x74.png 300w, https:\/\/blogsaverroes.juntadeandalucia.es\/cprlosrios\/files\/2019\/11\/LOgos-pacto-miniatura-24x6.png 24w, https:\/\/blogsaverroes.juntadeandalucia.es\/cprlosrios\/files\/2019\/11\/LOgos-pacto-miniatura-36x9.png 36w, https:\/\/blogsaverroes.juntadeandalucia.es\/cprlosrios\/files\/2019\/11\/LOgos-pacto-miniatura-48x12.png 48w, https:\/\/blogsaverroes.juntadeandalucia.es\/cprlosrios\/files\/2019\/11\/LOgos-pacto-miniatura.png 309w\" sizes=\"(max-width: 300px) 100vw, 300px\" \/><\/a><\/p>\n<p>&nbsp;<\/p>\n<p>Durante la segunda mitad del d\u00eda 25 de febrero, celebramos el carnaval en el C.P.R. Los R\u00edos, realizando un pasacalles por las localidades de J\u00e1tar y Arenas del Rey, con la tem\u00e1tica de granjeros y animales. Os dejamos un video resumen y algunas im\u00e1genes:<\/p>\n<p>[youtube https:\/\/www.youtube.com\/watch?v=EvJEdEQE-Hk&amp;feature=youtu.be]<\/p>\n<p>&nbsp;<\/p>\n<p>&nbsp;<\/p>\nngg_shortcode_0_placeholder\n","protected":false},"excerpt":{"rendered":"<p>&nbsp; Durante la segunda mitad del d\u00eda 25 de febrero, celebramos el carnaval en el C.P.R. Los R\u00edos, realizando un pasacalles por las localidades de J\u00e1tar y Arenas del Rey, con la tem\u00e1tica de&#46;&#46;&#46;<\/p>\n","protected":false},"author":5849,"featured_media":3637,"comment_status":"open","ping_status":"open","sticky":false,"template":"","format":"standard","meta":{"ngg_post_thumbnail":0,"footnotes":""},"categories":[5991,11909],"tags":[],"aioseo_notices":[],"_links":{"self":[{"href":"https:\/\/blogsaverroes.juntadeandalucia.es\/cprlosrios\/wp-json\/wp\/v2\/posts\/3583"}],"collection":[{"href":"https:\/\/blogsaverroes.juntadeandalucia.es\/cprlosrios\/wp-json\/wp\/v2\/posts"}],"about":[{"href":"https:\/\/blogsaverroes.juntadeandalucia.es\/cprlosrios\/wp-json\/wp\/v2\/types\/post"}],"author":[{"embeddable":true,"href":"https:\/\/blogsaverroes.juntadeandalucia.es\/cprlosrios\/wp-json\/wp\/v2\/users\/5849"}],"replies":[{"embeddable":true,"href":"https:\/\/blogsaverroes.juntadeandalucia.es\/cprlosrios\/wp-json\/wp\/v2\/comments?post=3583"}],"version-history":[{"count":5,"href":"https:\/\/blogsaverroes.juntadeandalucia.es\/cprlosrios\/wp-json\/wp\/v2\/posts\/3583\/revisions"}],"predecessor-version":[{"id":3679,"href":"https:\/\/blogsaverroes.juntadeandalucia.es\/cprlosrios\/wp-json\/wp\/v2\/posts\/3583\/revisions\/3679"}],"wp:featuredmedia":[{"embeddable":true,"href":"https:\/\/blogsaverroes.juntadeandalucia.es\/cprlosrios\/wp-json\/wp\/v2\/media\/3637"}],"wp:attachment":[{"href":"https:\/\/blogsaverroes.juntadeandalucia.es\/cprlosrios\/wp-json\/wp\/v2\/media?parent=3583"}],"wp:term":[{"taxonomy":"category","embeddable":true,"href":"https:\/\/blogsaverroes.juntadeandalucia.es\/cprlosrios\/wp-json\/wp\/v2\/categories?post=3583"},{"taxonomy":"post_tag","embeddable":true,"href":"https:\/\/blogsaverroes.juntadeandalucia.es\/cprlosrios\/wp-json\/wp\/v2\/tags?post=3583"}],"curies":[{"name":"wp","href":"https:\/\/api.w.org\/{rel}","templated":true}]}}