{"id":4004,"date":"2020-09-07T16:13:50","date_gmt":"2020-09-07T16:13:50","guid":{"rendered":"https:\/\/blogsaverroes.juntadeandalucia.es\/cprlosrios\/?p=4004"},"modified":"2020-09-10T09:33:46","modified_gmt":"2020-09-10T09:33:46","slug":"protocolo-covid-19","status":"publish","type":"post","link":"https:\/\/blogsaverroes.juntadeandalucia.es\/cprlosrios\/2020\/09\/07\/protocolo-covid-19\/","title":{"rendered":"Protocolo COVID-19"},"content":{"rendered":"<p style=\"text-align: justify\">En el siguiente enlace podr\u00e1n examinar el <a href=\"https:\/\/blogsaverroes.juntadeandalucia.es\/cprlosrios\/files\/2020\/09\/PROTOCOLO-COVID-CPR-Los-R\u00edos.pdf\" target=\"_blank\" rel=\"noopener noreferrer\"><strong>protocolo de actuaci\u00f3n COVID-19<\/strong><\/a>, que ha sido elaborado&nbsp; por la Comisi\u00f3n Espec\u00edfica y aprobado por el Director con fecha de 7 de septiembre de 2020, habiendo sido ratificado por el Claustro y el Consejo Escolar del centro.<\/p>\n<p>Al ser un documento enmarcado dentro del Plan de Centro, es de <strong>obligado cumplimiento<\/strong> por toda la comunidad educativa del C.P.R. los R\u00edos.<\/p>\n<p>Pincha <a href=\"https:\/\/blogsaverroes.juntadeandalucia.es\/cprlosrios\/files\/2020\/09\/PROTOCOLO-COVID-CPR-Los-R\u00edos.pdf\" target=\"_blank\" rel=\"noopener noreferrer\">aqu\u00ed<\/a> para leer el <a href=\"https:\/\/blogsaverroes.juntadeandalucia.es\/cprlosrios\/files\/2020\/09\/PROTOCOLO-COVID-CPR-Los-R\u00edos.pdf\" target=\"_blank\" rel=\"noopener noreferrer\">PROTOCOLO COVID CPR Los R\u00edos<\/a><\/p>\n<p><a href=\"https:\/\/blogsaverroes.juntadeandalucia.es\/cprlosrios\/files\/2020\/09\/PROTOCOLO-COVID-CPR-Los-R\u00edos.pdf\" target=\"_blank\" rel=\"noopener noreferrer\"><img loading=\"lazy\" decoding=\"async\" class=\"aligncenter wp-image-4006 size-medium\" src=\"https:\/\/blogsaverroes.juntadeandalucia.es\/cprlosrios\/files\/2020\/09\/protocolo-185x300.jpg\" alt=\"\" width=\"185\" height=\"300\" srcset=\"https:\/\/blogsaverroes.juntadeandalucia.es\/cprlosrios\/files\/2020\/09\/protocolo-185x300.jpg 185w, https:\/\/blogsaverroes.juntadeandalucia.es\/cprlosrios\/files\/2020\/09\/protocolo-15x24.jpg 15w, https:\/\/blogsaverroes.juntadeandalucia.es\/cprlosrios\/files\/2020\/09\/protocolo-22x36.jpg 22w, https:\/\/blogsaverroes.juntadeandalucia.es\/cprlosrios\/files\/2020\/09\/protocolo-30x48.jpg 30w, https:\/\/blogsaverroes.juntadeandalucia.es\/cprlosrios\/files\/2020\/09\/protocolo.jpg 468w\" sizes=\"(max-width: 185px) 100vw, 185px\" \/><\/a><\/p>\n","protected":false},"excerpt":{"rendered":"<p>En el siguiente enlace podr\u00e1n examinar el protocolo de actuaci\u00f3n COVID-19, que ha sido elaborado&nbsp; por la Comisi\u00f3n Espec\u00edfica y aprobado por el Director con fecha de 7 de septiembre de 2020, habiendo sido&#46;&#46;&#46;<\/p>\n","protected":false},"author":5849,"featured_media":4006,"comment_status":"open","ping_status":"open","sticky":false,"template":"","format":"standard","meta":{"ngg_post_thumbnail":0,"footnotes":""},"categories":[526],"tags":[],"aioseo_notices":[],"_links":{"self":[{"href":"https:\/\/blogsaverroes.juntadeandalucia.es\/cprlosrios\/wp-json\/wp\/v2\/posts\/4004"}],"collection":[{"href":"https:\/\/blogsaverroes.juntadeandalucia.es\/cprlosrios\/wp-json\/wp\/v2\/posts"}],"about":[{"href":"https:\/\/blogsaverroes.juntadeandalucia.es\/cprlosrios\/wp-json\/wp\/v2\/types\/post"}],"author":[{"embeddable":true,"href":"https:\/\/blogsaverroes.juntadeandalucia.es\/cprlosrios\/wp-json\/wp\/v2\/users\/5849"}],"replies":[{"embeddable":true,"href":"https:\/\/blogsaverroes.juntadeandalucia.es\/cprlosrios\/wp-json\/wp\/v2\/comments?post=4004"}],"version-history":[{"count":3,"href":"https:\/\/blogsaverroes.juntadeandalucia.es\/cprlosrios\/wp-json\/wp\/v2\/posts\/4004\/revisions"}],"predecessor-version":[{"id":4020,"href":"https:\/\/blogsaverroes.juntadeandalucia.es\/cprlosrios\/wp-json\/wp\/v2\/posts\/4004\/revisions\/4020"}],"wp:featuredmedia":[{"embeddable":true,"href":"https:\/\/blogsaverroes.juntadeandalucia.es\/cprlosrios\/wp-json\/wp\/v2\/media\/4006"}],"wp:attachment":[{"href":"https:\/\/blogsaverroes.juntadeandalucia.es\/cprlosrios\/wp-json\/wp\/v2\/media?parent=4004"}],"wp:term":[{"taxonomy":"category","embeddable":true,"href":"https:\/\/blogsaverroes.juntadeandalucia.es\/cprlosrios\/wp-json\/wp\/v2\/categories?post=4004"},{"taxonomy":"post_tag","embeddable":true,"href":"https:\/\/blogsaverroes.juntadeandalucia.es\/cprlosrios\/wp-json\/wp\/v2\/tags?post=4004"}],"curies":[{"name":"wp","href":"https:\/\/api.w.org\/{rel}","templated":true}]}}