{"id":4488,"date":"2021-02-11T09:57:43","date_gmt":"2021-02-11T09:57:43","guid":{"rendered":"https:\/\/blogsaverroes.juntadeandalucia.es\/cprlosrios\/?p=4488"},"modified":"2021-02-11T11:46:38","modified_gmt":"2021-02-11T11:46:38","slug":"carnaval-2","status":"publish","type":"post","link":"https:\/\/blogsaverroes.juntadeandalucia.es\/cprlosrios\/2021\/02\/11\/carnaval-2\/","title":{"rendered":"CARNAVAL"},"content":{"rendered":"<p style=\"text-align: justify\">Durante la semana del 15 al 19 de febrero se celebrar\u00e1 el carnaval del C.P.R. Los R\u00edos (Arenas del Rey y J\u00e1tar), para lo cual debemos venir \u00abdisfrazados\u00bb seg\u00fan las rimas que se adjuntan en el siguiente documento.&nbsp;<a href=\"https:\/\/blogsaverroes.juntadeandalucia.es\/cprlosrios\/files\/2021\/02\/Carnaval-21-1.pdf\" target=\"_blank\" rel=\"noopener noreferrer\">Carnaval 21<\/a><\/p>\n<p>Esperamos que particip\u00e9is. Disfrutaremos mucho juntos.<a href=\"https:\/\/blogsaverroes.juntadeandalucia.es\/cprlosrios\/files\/2021\/02\/Carnaval-21_page-0001.jpg\"><br \/>\n<img loading=\"lazy\" decoding=\"async\" class=\"aligncenter wp-image-4493\" src=\"https:\/\/blogsaverroes.juntadeandalucia.es\/cprlosrios\/files\/2021\/02\/Carnaval-21_page-0001-212x300.jpg\" alt=\"\" width=\"440\" height=\"623\" srcset=\"https:\/\/blogsaverroes.juntadeandalucia.es\/cprlosrios\/files\/2021\/02\/Carnaval-21_page-0001-212x300.jpg 212w, https:\/\/blogsaverroes.juntadeandalucia.es\/cprlosrios\/files\/2021\/02\/Carnaval-21_page-0001-768x1085.jpg 768w, https:\/\/blogsaverroes.juntadeandalucia.es\/cprlosrios\/files\/2021\/02\/Carnaval-21_page-0001-1087x1536.jpg 1087w, https:\/\/blogsaverroes.juntadeandalucia.es\/cprlosrios\/files\/2021\/02\/Carnaval-21_page-0001.jpg 1132w\" sizes=\"(max-width: 440px) 100vw, 440px\" \/><\/a><\/p>\n","protected":false},"excerpt":{"rendered":"<p>Durante la semana del 15 al 19 de febrero se celebrar\u00e1 el carnaval del C.P.R. Los R\u00edos (Arenas del Rey y J\u00e1tar), para lo cual debemos venir \u00abdisfrazados\u00bb seg\u00fan las rimas que se adjuntan&#46;&#46;&#46;<\/p>\n","protected":false},"author":5849,"featured_media":4495,"comment_status":"open","ping_status":"open","sticky":false,"template":"","format":"standard","meta":{"ngg_post_thumbnail":0,"footnotes":""},"categories":[526],"tags":[],"aioseo_notices":[],"_links":{"self":[{"href":"https:\/\/blogsaverroes.juntadeandalucia.es\/cprlosrios\/wp-json\/wp\/v2\/posts\/4488"}],"collection":[{"href":"https:\/\/blogsaverroes.juntadeandalucia.es\/cprlosrios\/wp-json\/wp\/v2\/posts"}],"about":[{"href":"https:\/\/blogsaverroes.juntadeandalucia.es\/cprlosrios\/wp-json\/wp\/v2\/types\/post"}],"author":[{"embeddable":true,"href":"https:\/\/blogsaverroes.juntadeandalucia.es\/cprlosrios\/wp-json\/wp\/v2\/users\/5849"}],"replies":[{"embeddable":true,"href":"https:\/\/blogsaverroes.juntadeandalucia.es\/cprlosrios\/wp-json\/wp\/v2\/comments?post=4488"}],"version-history":[{"count":5,"href":"https:\/\/blogsaverroes.juntadeandalucia.es\/cprlosrios\/wp-json\/wp\/v2\/posts\/4488\/revisions"}],"predecessor-version":[{"id":4497,"href":"https:\/\/blogsaverroes.juntadeandalucia.es\/cprlosrios\/wp-json\/wp\/v2\/posts\/4488\/revisions\/4497"}],"wp:featuredmedia":[{"embeddable":true,"href":"https:\/\/blogsaverroes.juntadeandalucia.es\/cprlosrios\/wp-json\/wp\/v2\/media\/4495"}],"wp:attachment":[{"href":"https:\/\/blogsaverroes.juntadeandalucia.es\/cprlosrios\/wp-json\/wp\/v2\/media?parent=4488"}],"wp:term":[{"taxonomy":"category","embeddable":true,"href":"https:\/\/blogsaverroes.juntadeandalucia.es\/cprlosrios\/wp-json\/wp\/v2\/categories?post=4488"},{"taxonomy":"post_tag","embeddable":true,"href":"https:\/\/blogsaverroes.juntadeandalucia.es\/cprlosrios\/wp-json\/wp\/v2\/tags?post=4488"}],"curies":[{"name":"wp","href":"https:\/\/api.w.org\/{rel}","templated":true}]}}