{"id":5278,"date":"2021-12-23T21:50:19","date_gmt":"2021-12-23T21:50:19","guid":{"rendered":"https:\/\/blogsaverroes.juntadeandalucia.es\/cprlosrios\/?p=5278"},"modified":"2022-01-25T10:26:04","modified_gmt":"2022-01-25T10:26:04","slug":"fiesta-de-navidad-3","status":"publish","type":"post","link":"https:\/\/blogsaverroes.juntadeandalucia.es\/cprlosrios\/2021\/12\/23\/fiesta-de-navidad-3\/","title":{"rendered":"FIESTA DE NAVIDAD"},"content":{"rendered":"<p style=\"text-align: justify\">A pesar de la situaci\u00f3n actual referente a la pandemia, desde el C.P.R. Los R\u00edos hemos querido celebrar \u00edntimamente la Navidad con los m\u00e1s cercanos representando nuestra tradicional Fiesta de Navidad con un aforo muy reducido en nuestras dos sedes.<\/p>\n<p style=\"text-align: justify\">Para todas aquellas personas que hubiesen deseado estar pero que no han podido por esta limitaci\u00f3n de aforo, les dejamos los v\u00eddeos de las diferentes actuaciones organizadas por ciclos y sedes.<\/p>\n<h3>\u00a1LES DESEAMOS FELIZ NAVIDAD Y PR\u00d3SPERO 2022!<\/h3>\n<p><iframe class=\"wp-embedded-content\" sandbox=\"allow-scripts\" security=\"restricted\" title=\"Intro v\u00eddeo\" frameborder='0' width='1200' height='675' src='https:\/\/view.genial.ly\/61c43624c8ed420deb4a5742#?secret=Ebx4xid2SR' data-secret='Ebx4xid2SR' scrolling='yes'><\/iframe><\/p>\n<p><iframe loading=\"lazy\" title=\"Infantil, Arenas del Rey\" width=\"500\" height=\"281\" src=\"https:\/\/www.youtube.com\/embed\/_pGbzAyguTg?feature=oembed&#038;wmode=opaque\" frameborder=\"0\" allow=\"accelerometer; autoplay; clipboard-write; encrypted-media; gyroscope; picture-in-picture\" allowfullscreen><\/iframe><\/p>\n<p><iframe loading=\"lazy\" title=\"1 y 3 Ciclo, Arenas del Rey\" width=\"500\" height=\"281\" src=\"https:\/\/www.youtube.com\/embed\/VO3kZHMDNfE?feature=oembed&#038;wmode=opaque\" frameborder=\"0\" allow=\"accelerometer; autoplay; clipboard-write; encrypted-media; gyroscope; picture-in-picture\" allowfullscreen><\/iframe><\/p>\n<p><iframe loading=\"lazy\" title=\"2 Ciclo, Arenas del Rey\" width=\"500\" height=\"281\" src=\"https:\/\/www.youtube.com\/embed\/VT3pz3twTpY?feature=oembed&#038;wmode=opaque\" frameborder=\"0\" allow=\"accelerometer; autoplay; clipboard-write; encrypted-media; gyroscope; picture-in-picture\" allowfullscreen><\/iframe><\/p>\n<p><iframe loading=\"lazy\" title=\"Infantil J\u00e1tar\" width=\"500\" height=\"281\" src=\"https:\/\/www.youtube.com\/embed\/Lw7BIRZMAaQ?feature=oembed&#038;wmode=opaque\" frameborder=\"0\" allow=\"accelerometer; autoplay; clipboard-write; encrypted-media; gyroscope; picture-in-picture\" allowfullscreen><\/iframe><\/p>\n<p><iframe loading=\"lazy\" title=\"1 ciclo de jatar\" width=\"500\" height=\"281\" src=\"https:\/\/www.youtube.com\/embed\/t8jKgPDCpJ4?feature=oembed&#038;wmode=opaque\" frameborder=\"0\" allow=\"accelerometer; autoplay; clipboard-write; encrypted-media; gyroscope; picture-in-picture\" allowfullscreen><\/iframe><\/p>\n<p><iframe loading=\"lazy\" title=\"2 ciclo jatar\" width=\"500\" height=\"281\" src=\"https:\/\/www.youtube.com\/embed\/1ZrNpgNYoLs?feature=oembed&#038;wmode=opaque\" frameborder=\"0\" allow=\"accelerometer; autoplay; clipboard-write; encrypted-media; gyroscope; picture-in-picture\" allowfullscreen><\/iframe><\/p>\n<p><iframe loading=\"lazy\" title=\"3 ciclo J\u00e1tar\" width=\"500\" height=\"281\" src=\"https:\/\/www.youtube.com\/embed\/-RuGYUYTtBg?feature=oembed&#038;wmode=opaque\" frameborder=\"0\" allow=\"accelerometer; autoplay; clipboard-write; encrypted-media; gyroscope; picture-in-picture\" allowfullscreen><\/iframe><\/p>\nngg_shortcode_0_placeholder\n","protected":false},"excerpt":{"rendered":"<p>A pesar de la situaci\u00f3n actual referente a la pandemia, desde el C.P.R. Los R\u00edos hemos querido celebrar \u00edntimamente la Navidad con los m\u00e1s cercanos representando nuestra tradicional Fiesta de Navidad con un aforo&#46;&#46;&#46;<\/p>\n","protected":false},"author":5849,"featured_media":5284,"comment_status":"open","ping_status":"open","sticky":false,"template":"","format":"standard","meta":{"ngg_post_thumbnail":0,"footnotes":""},"categories":[5991,526],"tags":[],"aioseo_notices":[],"_links":{"self":[{"href":"https:\/\/blogsaverroes.juntadeandalucia.es\/cprlosrios\/wp-json\/wp\/v2\/posts\/5278"}],"collection":[{"href":"https:\/\/blogsaverroes.juntadeandalucia.es\/cprlosrios\/wp-json\/wp\/v2\/posts"}],"about":[{"href":"https:\/\/blogsaverroes.juntadeandalucia.es\/cprlosrios\/wp-json\/wp\/v2\/types\/post"}],"author":[{"embeddable":true,"href":"https:\/\/blogsaverroes.juntadeandalucia.es\/cprlosrios\/wp-json\/wp\/v2\/users\/5849"}],"replies":[{"embeddable":true,"href":"https:\/\/blogsaverroes.juntadeandalucia.es\/cprlosrios\/wp-json\/wp\/v2\/comments?post=5278"}],"version-history":[{"count":11,"href":"https:\/\/blogsaverroes.juntadeandalucia.es\/cprlosrios\/wp-json\/wp\/v2\/posts\/5278\/revisions"}],"predecessor-version":[{"id":5312,"href":"https:\/\/blogsaverroes.juntadeandalucia.es\/cprlosrios\/wp-json\/wp\/v2\/posts\/5278\/revisions\/5312"}],"wp:featuredmedia":[{"embeddable":true,"href":"https:\/\/blogsaverroes.juntadeandalucia.es\/cprlosrios\/wp-json\/wp\/v2\/media\/5284"}],"wp:attachment":[{"href":"https:\/\/blogsaverroes.juntadeandalucia.es\/cprlosrios\/wp-json\/wp\/v2\/media?parent=5278"}],"wp:term":[{"taxonomy":"category","embeddable":true,"href":"https:\/\/blogsaverroes.juntadeandalucia.es\/cprlosrios\/wp-json\/wp\/v2\/categories?post=5278"},{"taxonomy":"post_tag","embeddable":true,"href":"https:\/\/blogsaverroes.juntadeandalucia.es\/cprlosrios\/wp-json\/wp\/v2\/tags?post=5278"}],"curies":[{"name":"wp","href":"https:\/\/api.w.org\/{rel}","templated":true}]}}