{"id":5502,"date":"2022-05-12T17:21:12","date_gmt":"2022-05-12T17:21:12","guid":{"rendered":"https:\/\/blogsaverroes.juntadeandalucia.es\/cprlosrios\/?p=5502"},"modified":"2022-05-12T18:36:48","modified_gmt":"2022-05-12T18:36:48","slug":"dia-del-libro","status":"publish","type":"post","link":"https:\/\/blogsaverroes.juntadeandalucia.es\/cprlosrios\/2022\/05\/12\/dia-del-libro\/","title":{"rendered":"D\u00eda Internacional del Libro"},"content":{"rendered":"<p style=\"text-align: justify\">El pasado s\u00e1bado 23 de abril se celebr\u00f3 el D\u00eda del Libro y en&nbsp; nuestro centro lo hemos celebrado a trav\u00e9s del famoso cuento de Beatrix Potter: <strong><span style=\"color: #339966\">LA HISTORIA DE PETER RABBIT<\/span><\/strong><\/p>\n<p style=\"text-align: justify\">Para ello, hemos contado esta f\u00e1bula a nuestros compa\u00f1eros\/as del centro de diferentes formas y con mucha ilusi\u00f3n: con un teatro, con m\u00e1scaras, con un kamishibai o con un teatro de sombras.<\/p>\n<p>Os dejamos los v\u00eddeos de las actuaciones para que pod\u00e1is disfrutarlas.<\/p>\n<table style=\"border-collapse: collapse;width: 100%\">\n<tbody>\n<tr>\n<td style=\"width: 33.3333%;text-align: center\" colspan=\"3\">V\u00eddeo presentaci\u00f3n J\u00e1tar<\/p>\n<p>[youtube https:\/\/youtu.be\/36vFbT4w7Is]<\/td>\n<\/tr>\n<tr>\n<td style=\"width: 33.3333%;text-align: center\">Infantil Arenas<\/p>\n<p>[youtube https:\/\/youtu.be\/RuEagIGbf7I]<\/td>\n<td style=\"width: 33.3333%;text-align: center\">Infantil J\u00e1tar<\/p>\n<p>[youtube https:\/\/youtu.be\/3XVPczNqcqg]<\/td>\n<td style=\"width: 33.3333%;text-align: center\">1<sup>er<\/sup> y 2\u00ba ciclo J\u00e1tar<\/p>\n<p>[youtube https:\/\/youtu.be\/RTMXLH7TC1M]<\/td>\n<\/tr>\n<tr>\n<td style=\"width: 33.3333%;text-align: center\">3\u00ba&nbsp; Arenas<\/p>\n<p>[youtube https:\/\/youtu.be\/XSOt5RGJUYA]<\/td>\n<td style=\"width: 33.3333%;text-align: center\">1<sup>er<\/sup> y 3<sup>er<\/sup> ciclo Arenas<\/p>\n<p>[youtube https:\/\/youtu.be\/gR6oIOxTj80]<\/td>\n<td style=\"width: 33.3333%;text-align: center\">3<sup>er<\/sup> ciclo J\u00e1tar<\/p>\n<p>[youtube https:\/\/youtu.be\/J7gCgAYqz_0]<\/td>\n<\/tr>\n<\/tbody>\n<\/table>\n<p>Os dejamos tambi\u00e9n una biblioteca de im\u00e1genes de la celebraci\u00f3n:<\/p>\nngg_shortcode_0_placeholder\n","protected":false},"excerpt":{"rendered":"<p>El pasado s\u00e1bado 23 de abril se celebr\u00f3 el D\u00eda del Libro y en&nbsp; nuestro centro lo hemos celebrado a trav\u00e9s del famoso cuento de Beatrix Potter: LA HISTORIA DE PETER RABBIT Para ello,&#46;&#46;&#46;<\/p>\n","protected":false},"author":5849,"featured_media":5504,"comment_status":"open","ping_status":"open","sticky":false,"template":"","format":"standard","meta":{"ngg_post_thumbnail":0,"footnotes":""},"categories":[5991,526],"tags":[],"aioseo_notices":[],"_links":{"self":[{"href":"https:\/\/blogsaverroes.juntadeandalucia.es\/cprlosrios\/wp-json\/wp\/v2\/posts\/5502"}],"collection":[{"href":"https:\/\/blogsaverroes.juntadeandalucia.es\/cprlosrios\/wp-json\/wp\/v2\/posts"}],"about":[{"href":"https:\/\/blogsaverroes.juntadeandalucia.es\/cprlosrios\/wp-json\/wp\/v2\/types\/post"}],"author":[{"embeddable":true,"href":"https:\/\/blogsaverroes.juntadeandalucia.es\/cprlosrios\/wp-json\/wp\/v2\/users\/5849"}],"replies":[{"embeddable":true,"href":"https:\/\/blogsaverroes.juntadeandalucia.es\/cprlosrios\/wp-json\/wp\/v2\/comments?post=5502"}],"version-history":[{"count":5,"href":"https:\/\/blogsaverroes.juntadeandalucia.es\/cprlosrios\/wp-json\/wp\/v2\/posts\/5502\/revisions"}],"predecessor-version":[{"id":5576,"href":"https:\/\/blogsaverroes.juntadeandalucia.es\/cprlosrios\/wp-json\/wp\/v2\/posts\/5502\/revisions\/5576"}],"wp:featuredmedia":[{"embeddable":true,"href":"https:\/\/blogsaverroes.juntadeandalucia.es\/cprlosrios\/wp-json\/wp\/v2\/media\/5504"}],"wp:attachment":[{"href":"https:\/\/blogsaverroes.juntadeandalucia.es\/cprlosrios\/wp-json\/wp\/v2\/media?parent=5502"}],"wp:term":[{"taxonomy":"category","embeddable":true,"href":"https:\/\/blogsaverroes.juntadeandalucia.es\/cprlosrios\/wp-json\/wp\/v2\/categories?post=5502"},{"taxonomy":"post_tag","embeddable":true,"href":"https:\/\/blogsaverroes.juntadeandalucia.es\/cprlosrios\/wp-json\/wp\/v2\/tags?post=5502"}],"curies":[{"name":"wp","href":"https:\/\/api.w.org\/{rel}","templated":true}]}}