{"id":8081,"date":"2025-03-18T10:32:32","date_gmt":"2025-03-18T10:32:32","guid":{"rendered":"https:\/\/blogsaverroes.juntadeandalucia.es\/cprlosrios\/?p=8081"},"modified":"2025-03-18T10:36:21","modified_gmt":"2025-03-18T10:36:21","slug":"teatro-de-objetos","status":"publish","type":"post","link":"https:\/\/blogsaverroes.juntadeandalucia.es\/cprlosrios\/2025\/03\/18\/teatro-de-objetos\/","title":{"rendered":"Teatro de objetos"},"content":{"rendered":"<p style=\"text-align: justify\">El C.P.R. Los R\u00edos acogi\u00f3 con entusiasmo un taller \u00fanico de teatro de objetos, impartido por la reconocida compa\u00f1\u00eda Aljibe como parte del programa \u00ab+Equidad\u00bb del centro. Este innovador taller ofreci\u00f3 al alumnado la oportunidad de explorar el arte teatral a trav\u00e9s del uso creativo de objetos cotidianos, transform\u00e1ndolos en elementos clave para contar historias. La experiencia comenz\u00f3 en la localidad de Arenas del Rey, donde los asistentes se sumergieron en din\u00e1micas que estimularon su imaginaci\u00f3n y expresi\u00f3n art\u00edstica, guiados por los expertos de Aljibe.<\/p>\n<p style=\"text-align: justify\">Tras un recreo lleno de energ\u00eda y diversi\u00f3n, el taller continu\u00f3 en la localidad de J\u00e1tar, donde los participantes aplicaron lo aprendido y profundizaron en las t\u00e9cnicas del teatro de objetos. Esto permiti\u00f3 al alumnado consolidar sus habilidades y experimentar con diferentes materiales y narrativas, fomentando la creatividad y el trabajo en equipo. La iniciativa no solo enriqueci\u00f3 la experiencia cultural de los participantes, sino que tambi\u00e9n destac\u00f3 la importancia del teatro como herramienta educativa y de inclusi\u00f3n, aline\u00e1ndose con los objetivos del programa \u00ab+Equidad\u00bb del C.P.R. Los R\u00edos.<\/p>\nngg_shortcode_0_placeholder\n<table style=\"border-collapse: collapse;width: 100%\">\n<tbody>\n<tr>\n<td style=\"width: 50%\"><div style=\"width: 424px;\" class=\"wp-video\"><!--[if lt IE 9]><script>document.createElement('video');<\/script><![endif]-->\n<video class=\"wp-video-shortcode\" id=\"video-8081-1\" width=\"424\" height=\"240\" preload=\"metadata\" controls=\"controls\"><source type=\"video\/mp4\" src=\"https:\/\/blogsaverroes.juntadeandalucia.es\/cprlosrios\/files\/2025\/03\/WhatsApp-Video-2025-03-05-at-12.59.27.mp4?_=1\" \/><a href=\"https:\/\/blogsaverroes.juntadeandalucia.es\/cprlosrios\/files\/2025\/03\/WhatsApp-Video-2025-03-05-at-12.59.27.mp4\">https:\/\/blogsaverroes.juntadeandalucia.es\/cprlosrios\/files\/2025\/03\/WhatsApp-Video-2025-03-05-at-12.59.27.mp4<\/a><\/video><\/div><\/td>\n<td style=\"width: 50%\"><div style=\"width: 424px;\" class=\"wp-video\"><video class=\"wp-video-shortcode\" id=\"video-8081-2\" width=\"424\" height=\"240\" preload=\"metadata\" controls=\"controls\"><source type=\"video\/mp4\" src=\"https:\/\/blogsaverroes.juntadeandalucia.es\/cprlosrios\/files\/2025\/03\/WhatsApp-Video-2025-03-05-at-10.53.56.mp4?_=2\" \/><a href=\"https:\/\/blogsaverroes.juntadeandalucia.es\/cprlosrios\/files\/2025\/03\/WhatsApp-Video-2025-03-05-at-10.53.56.mp4\">https:\/\/blogsaverroes.juntadeandalucia.es\/cprlosrios\/files\/2025\/03\/WhatsApp-Video-2025-03-05-at-10.53.56.mp4<\/a><\/video><\/div><\/td>\n<\/tr>\n<\/tbody>\n<\/table>\n","protected":false},"excerpt":{"rendered":"<p>El C.P.R. Los R\u00edos acogi\u00f3 con entusiasmo un taller \u00fanico de teatro de objetos, impartido por la reconocida compa\u00f1\u00eda Aljibe como parte del programa \u00ab+Equidad\u00bb del centro. Este innovador taller ofreci\u00f3 al alumnado la&#46;&#46;&#46;<\/p>\n","protected":false},"author":5849,"featured_media":8117,"comment_status":"open","ping_status":"open","sticky":false,"template":"","format":"standard","meta":{"ngg_post_thumbnail":0,"footnotes":""},"categories":[5991],"tags":[],"aioseo_notices":[],"_links":{"self":[{"href":"https:\/\/blogsaverroes.juntadeandalucia.es\/cprlosrios\/wp-json\/wp\/v2\/posts\/8081"}],"collection":[{"href":"https:\/\/blogsaverroes.juntadeandalucia.es\/cprlosrios\/wp-json\/wp\/v2\/posts"}],"about":[{"href":"https:\/\/blogsaverroes.juntadeandalucia.es\/cprlosrios\/wp-json\/wp\/v2\/types\/post"}],"author":[{"embeddable":true,"href":"https:\/\/blogsaverroes.juntadeandalucia.es\/cprlosrios\/wp-json\/wp\/v2\/users\/5849"}],"replies":[{"embeddable":true,"href":"https:\/\/blogsaverroes.juntadeandalucia.es\/cprlosrios\/wp-json\/wp\/v2\/comments?post=8081"}],"version-history":[{"count":3,"href":"https:\/\/blogsaverroes.juntadeandalucia.es\/cprlosrios\/wp-json\/wp\/v2\/posts\/8081\/revisions"}],"predecessor-version":[{"id":8116,"href":"https:\/\/blogsaverroes.juntadeandalucia.es\/cprlosrios\/wp-json\/wp\/v2\/posts\/8081\/revisions\/8116"}],"wp:featuredmedia":[{"embeddable":true,"href":"https:\/\/blogsaverroes.juntadeandalucia.es\/cprlosrios\/wp-json\/wp\/v2\/media\/8117"}],"wp:attachment":[{"href":"https:\/\/blogsaverroes.juntadeandalucia.es\/cprlosrios\/wp-json\/wp\/v2\/media?parent=8081"}],"wp:term":[{"taxonomy":"category","embeddable":true,"href":"https:\/\/blogsaverroes.juntadeandalucia.es\/cprlosrios\/wp-json\/wp\/v2\/categories?post=8081"},{"taxonomy":"post_tag","embeddable":true,"href":"https:\/\/blogsaverroes.juntadeandalucia.es\/cprlosrios\/wp-json\/wp\/v2\/tags?post=8081"}],"curies":[{"name":"wp","href":"https:\/\/api.w.org\/{rel}","templated":true}]}}