{"id":1505,"date":"2025-11-04T17:45:26","date_gmt":"2025-11-04T16:45:26","guid":{"rendered":"https:\/\/blogsaverroes.juntadeandalucia.es\/cprsanchezvelayos\/?p=1505"},"modified":"2025-11-04T17:45:30","modified_gmt":"2025-11-04T16:45:30","slug":"fiesta-del-otono-2025","status":"publish","type":"post","link":"https:\/\/blogsaverroes.juntadeandalucia.es\/cprsanchezvelayos\/fiesta-del-otono-2025\/","title":{"rendered":"Fiesta del Oto\u00f1o 2025"},"content":{"rendered":"<p>[et_pb_section fb_built=&#8221;1&#8243; _builder_version=&#8221;4.24.2&#8243; _module_preset=&#8221;default&#8221; global_colors_info=&#8221;{}&#8221;][et_pb_row _builder_version=&#8221;4.24.2&#8243; _module_preset=&#8221;default&#8221; global_colors_info=&#8221;{}&#8221;][et_pb_column type=&#8221;4_4&#8243; _builder_version=&#8221;4.24.2&#8243; _module_preset=&#8221;default&#8221; global_colors_info=&#8221;{}&#8221;][et_pb_text admin_label=&#8221;Texto&#8221; _builder_version=&#8221;4.24.2&#8243; _module_preset=&#8221;default&#8221; global_colors_info=&#8221;{}&#8221;]Celebramos el oto\u00f1o el d\u00eda 7 de noviembre, a trav\u00e9s de una casta\u00f1ada. En ella participar\u00e1n las familias, ayud\u00e1ndonos en este d\u00eda.<br \/>\n[\/et_pb_text][et_pb_image src=&#8221;https:\/\/blogsaverroes.juntadeandalucia.es\/cprsanchezvelayos\/files\/2025\/11\/IMG_0410-scaled.jpeg&#8221; title_text=&#8221;IMG_0410&#8243; _builder_version=&#8221;4.24.2&#8243; _module_preset=&#8221;default&#8221; global_colors_info=&#8221;{}&#8221;][\/et_pb_image][et_pb_gallery gallery_ids=&#8221;1767,1750,1741,1684,1745&#8243; fullwidth=&#8221;on&#8221; _builder_version=&#8221;4.24.2&#8243; _module_preset=&#8221;default&#8221; global_colors_info=&#8221;{}&#8221;][\/et_pb_gallery][et_pb_button button_url=&#8221;https:\/\/www.youtube.com\/watch?v=KuWIfAXtXG0&amp;list=RDKuWIfAXtXG0&amp;start_radio=1&#8243; button_text=&#8221;Clicar aqu\u00ed&#8221; _builder_version=&#8221;4.24.2&#8243; _module_preset=&#8221;default&#8221; global_colors_info=&#8221;{}&#8221;][\/et_pb_button][\/et_pb_column][\/et_pb_row][\/et_pb_section]<\/p>\n","protected":false},"excerpt":{"rendered":"<p>Celebramos el oto\u00f1o el d\u00eda 7 de noviembre, a trav\u00e9s de una casta\u00f1ada. En ella participar\u00e1n las familias, ayud\u00e1ndonos en este d\u00eda.<\/p>\n","protected":false},"author":21361,"featured_media":1535,"comment_status":"closed","ping_status":"open","sticky":false,"template":"","format":"standard","meta":{"_et_pb_use_builder":"on","_et_pb_old_content":"","_et_gb_content_width":"","ngg_post_thumbnail":0,"footnotes":""},"categories":[16,8],"tags":[],"aioseo_notices":[],"post_mailing_queue_ids":[],"_links":{"self":[{"href":"https:\/\/blogsaverroes.juntadeandalucia.es\/cprsanchezvelayos\/wp-json\/wp\/v2\/posts\/1505"}],"collection":[{"href":"https:\/\/blogsaverroes.juntadeandalucia.es\/cprsanchezvelayos\/wp-json\/wp\/v2\/posts"}],"about":[{"href":"https:\/\/blogsaverroes.juntadeandalucia.es\/cprsanchezvelayos\/wp-json\/wp\/v2\/types\/post"}],"author":[{"embeddable":true,"href":"https:\/\/blogsaverroes.juntadeandalucia.es\/cprsanchezvelayos\/wp-json\/wp\/v2\/users\/21361"}],"replies":[{"embeddable":true,"href":"https:\/\/blogsaverroes.juntadeandalucia.es\/cprsanchezvelayos\/wp-json\/wp\/v2\/comments?post=1505"}],"version-history":[{"count":14,"href":"https:\/\/blogsaverroes.juntadeandalucia.es\/cprsanchezvelayos\/wp-json\/wp\/v2\/posts\/1505\/revisions"}],"predecessor-version":[{"id":1923,"href":"https:\/\/blogsaverroes.juntadeandalucia.es\/cprsanchezvelayos\/wp-json\/wp\/v2\/posts\/1505\/revisions\/1923"}],"wp:featuredmedia":[{"embeddable":true,"href":"https:\/\/blogsaverroes.juntadeandalucia.es\/cprsanchezvelayos\/wp-json\/wp\/v2\/media\/1535"}],"wp:attachment":[{"href":"https:\/\/blogsaverroes.juntadeandalucia.es\/cprsanchezvelayos\/wp-json\/wp\/v2\/media?parent=1505"}],"wp:term":[{"taxonomy":"category","embeddable":true,"href":"https:\/\/blogsaverroes.juntadeandalucia.es\/cprsanchezvelayos\/wp-json\/wp\/v2\/categories?post=1505"},{"taxonomy":"post_tag","embeddable":true,"href":"https:\/\/blogsaverroes.juntadeandalucia.es\/cprsanchezvelayos\/wp-json\/wp\/v2\/tags?post=1505"}],"curies":[{"name":"wp","href":"https:\/\/api.w.org\/{rel}","templated":true}]}}