{"id":2387,"date":"2025-03-16T09:48:39","date_gmt":"2025-03-16T08:48:39","guid":{"rendered":"https:\/\/blogsaverroes.juntadeandalucia.es\/cprsanmiguel\/?p=2387"},"modified":"2025-03-16T09:48:48","modified_gmt":"2025-03-16T08:48:48","slug":"carnaval-2-025","status":"publish","type":"post","link":"https:\/\/blogsaverroes.juntadeandalucia.es\/cprsanmiguel\/carnaval-2-025\/","title":{"rendered":"CARNAVAL 2.025"},"content":{"rendered":"<p>[et_pb_section fb_built=&#8221;1&#8243; _builder_version=&#8221;4.16&#8243; global_colors_info=&#8221;{}&#8221;][et_pb_row _builder_version=&#8221;4.16&#8243; background_size=&#8221;initial&#8221; background_position=&#8221;top_left&#8221; background_repeat=&#8221;repeat&#8221; global_colors_info=&#8221;{}&#8221;][et_pb_column type=&#8221;4_4&#8243; _builder_version=&#8221;4.16&#8243; custom_padding=&#8221;|||&#8221; global_colors_info=&#8221;{}&#8221; custom_padding__hover=&#8221;|||&#8221;][et_pb_text _builder_version=&#8221;4.24.2&#8243; background_size=&#8221;initial&#8221; background_position=&#8221;top_left&#8221; background_repeat=&#8221;repeat&#8221; hover_enabled=&#8221;0&#8243; global_colors_info=&#8221;{}&#8221; sticky_enabled=&#8221;0&#8243;]<\/p>\n<p style=\"text-align: left\">La semana del 4 al 7 de marzo celebramos el carnaval en nuestro cole. Este curso, atendiendo a nuestro proyecto de trabajo, los ni\u00f1os\/as del CPR San Miguel hacen alusi\u00f3n a motivos andaluces (bandera de Andaluc\u00eda, casta\u00f1uelas, guitarras, pueblo blanco y pintores) para desfilar por las calles de las pedan\u00edas de nuestro municipio. Adem\u00e1s, han aprendido unas simp\u00e1ticas letras de chirigotas que han cantado en conjunto con familias y maestros\/as. <strong>\u00a1VIVA EL CARNAVAL!<\/strong><\/p>\n<p>Pincha <a href=\"https:\/\/drive.google.com\/file\/d\/1gCOaJfGU9EAt3c7gRy9RORBFc1VnYK-2\/view?usp=sharing\">aqu\u00ed<\/a> para recordar nuestros desfiles de carnaval.<\/p>\n<p>&nbsp;<\/p>\n<p>[\/et_pb_text][et_pb_image _builder_version=&#8221;4.24.2&#8243; _module_preset=&#8221;default&#8221; title_text=&#8221;PORTADA CARTEL CARNAVAL 2025&#8243; src=&#8221;https:\/\/blogsaverroes.juntadeandalucia.es\/cprsanmiguel\/files\/2025\/03\/PORTADA-CARTEL-CARNAVAL-2025.png&#8221; hover_enabled=&#8221;0&#8243; sticky_enabled=&#8221;0&#8243;][\/et_pb_image][\/et_pb_column][\/et_pb_row][\/et_pb_section]<\/p>\n","protected":false},"excerpt":{"rendered":"<p>La semana del 4 al 7 de marzo celebramos el carnaval en nuestro cole. Este curso, atendiendo a nuestro proyecto de trabajo, los ni\u00f1os\/as del CPR San Miguel hacen alusi\u00f3n a motivos andaluces (bandera de Andaluc\u00eda, casta\u00f1uelas, guitarras, pueblo blanco y pintores) para desfilar por las calles de las pedan\u00edas de nuestro municipio. Adem\u00e1s, han [&hellip;]<\/p>\n","protected":false},"author":12876,"featured_media":0,"comment_status":"closed","ping_status":"open","sticky":false,"template":"","format":"standard","meta":{"_et_pb_use_builder":"on","_et_pb_old_content":"<p style=\"text-align: center;\">\u00a0<\/p><p>\u00a0<\/p>","_et_gb_content_width":"","ngg_post_thumbnail":0,"footnotes":""},"categories":[3,1],"tags":[],"aioseo_notices":[],"_links":{"self":[{"href":"https:\/\/blogsaverroes.juntadeandalucia.es\/cprsanmiguel\/wp-json\/wp\/v2\/posts\/2387"}],"collection":[{"href":"https:\/\/blogsaverroes.juntadeandalucia.es\/cprsanmiguel\/wp-json\/wp\/v2\/posts"}],"about":[{"href":"https:\/\/blogsaverroes.juntadeandalucia.es\/cprsanmiguel\/wp-json\/wp\/v2\/types\/post"}],"author":[{"embeddable":true,"href":"https:\/\/blogsaverroes.juntadeandalucia.es\/cprsanmiguel\/wp-json\/wp\/v2\/users\/12876"}],"replies":[{"embeddable":true,"href":"https:\/\/blogsaverroes.juntadeandalucia.es\/cprsanmiguel\/wp-json\/wp\/v2\/comments?post=2387"}],"version-history":[{"count":2,"href":"https:\/\/blogsaverroes.juntadeandalucia.es\/cprsanmiguel\/wp-json\/wp\/v2\/posts\/2387\/revisions"}],"predecessor-version":[{"id":2392,"href":"https:\/\/blogsaverroes.juntadeandalucia.es\/cprsanmiguel\/wp-json\/wp\/v2\/posts\/2387\/revisions\/2392"}],"wp:attachment":[{"href":"https:\/\/blogsaverroes.juntadeandalucia.es\/cprsanmiguel\/wp-json\/wp\/v2\/media?parent=2387"}],"wp:term":[{"taxonomy":"category","embeddable":true,"href":"https:\/\/blogsaverroes.juntadeandalucia.es\/cprsanmiguel\/wp-json\/wp\/v2\/categories?post=2387"},{"taxonomy":"post_tag","embeddable":true,"href":"https:\/\/blogsaverroes.juntadeandalucia.es\/cprsanmiguel\/wp-json\/wp\/v2\/tags?post=2387"}],"curies":[{"name":"wp","href":"https:\/\/api.w.org\/{rel}","templated":true}]}}