{"id":2435,"date":"2025-05-14T12:01:14","date_gmt":"2025-05-14T11:01:14","guid":{"rendered":"https:\/\/blogsaverroes.juntadeandalucia.es\/cprsanmiguel\/?p=2435"},"modified":"2025-05-14T12:01:20","modified_gmt":"2025-05-14T11:01:20","slug":"programa-refuerzo-estival-julio-2025","status":"publish","type":"post","link":"https:\/\/blogsaverroes.juntadeandalucia.es\/cprsanmiguel\/programa-refuerzo-estival-julio-2025\/","title":{"rendered":"Programa Refuerzo Estival &#8211; Julio 2025"},"content":{"rendered":"<p>[et_pb_section fb_built=&#8221;1&#8243; admin_label=&#8221;section&#8221; _builder_version=&#8221;4.16&#8243; global_colors_info=&#8221;{}&#8221;][et_pb_row admin_label=&#8221;row&#8221; _builder_version=&#8221;4.16&#8243; background_size=&#8221;initial&#8221; background_position=&#8221;top_left&#8221; background_repeat=&#8221;repeat&#8221; global_colors_info=&#8221;{}&#8221;][et_pb_column type=&#8221;4_4&#8243; _builder_version=&#8221;4.16&#8243; custom_padding=&#8221;|||&#8221; global_colors_info=&#8221;{}&#8221; custom_padding__hover=&#8221;|||&#8221;][et_pb_text _builder_version=&#8221;4.24.2&#8243; _module_preset=&#8221;default&#8221; hover_enabled=&#8221;0&#8243; sticky_enabled=&#8221;0&#8243;]<\/p>\n<p>Estimadas familias,<\/p>\n<p>Comienza el plazo de solicitud del <strong>Programa de Refuerzo Estival<\/strong>. Aunque nuestro no lo ha solicitado, los ni\u00f1os\/as pueden asistir al CEIP Emilio Zurano Mu\u00f1oz (Pulp\u00ed). Como sab\u00e9is, se trata de un <strong>programa gratuito para las familias donde los ni\u00f1os\/as de 1\u00ba a 6\u00ba de Educaci\u00f3n Primaria pueden asistir a distintos talleres<\/strong> (refuerzo ling\u00fc\u00edstico, razonamiento matem\u00e1tico, ingl\u00e9s y actividad f\u00edsico-deportiva y\/o h\u00e1bitos saludables) <strong>en horario de lunes a viernes de 9:00 a 14:00 horas durante el mes de julio<\/strong> (completo o una quincena).<\/p>\n<p>El&nbsp;<strong>plaza de solicitud&nbsp;<\/strong>es del&nbsp;<strong>13 al 22 de mayo.&nbsp;<\/strong>La solicitud se puede rellenar en la&nbsp;<strong>Secretar\u00eda Virtual de la Junta de Andaluc\u00eda&nbsp;<\/strong>o&nbsp;<strong>recogiendo y entregando un impreso en el centro<\/strong>. Otras fechas destacadas del procedimiento:<\/p>\n<ul>\n<li>3 de junio: Consulta provisional de solicitudes de alumnado admitidas.<\/li>\n<li>Del 5 al 10 de junio: Periodo de alegaciones y renuncias del profesorado y del alumnado.<\/li>\n<li>18 de junio: Las familias pueden consultar los centros participantes en el programa. S\u00f3lo en el caso de que el centro del alumno\/a no desarrolle el programa de refuerzo estival, se podr\u00e1 solicitar la participaci\u00f3n en otros centros cercanos.<\/li>\n<li>25 de junio: Consulta alumnado admitido<\/li>\n<\/ul>\n<p><strong>Enlace para la solicitud de la Secretar\u00eda Virtual:<\/strong><\/p>\n<p><a href=\"https:\/\/www.juntadeandalucia.es\/educacion\/secretariavirtual\/accesoTramite\/472\/\">https:\/\/www.juntadeandalucia.es\/educacion\/secretariavirtual\/accesoTramite\/472\/<\/a><\/p>\n<p>Para m\u00e1s informaci\u00f3n acerca del&nbsp;<strong>Programa de Refuerzo Estival:<\/strong><\/p>\n<p><a href=\"https:\/\/portales.ced.junta-andalucia.es\/educacion\/portales\/web\/planes-y-programas\/programas-desarrollo-educativo\/programa-de-refuerzo-educativo-en-periodo-estival\/presentacion\">https:\/\/portales.ced.junta-andalucia.es\/educacion\/portales\/web\/planes-y-programas\/programas-desarrollo-educativo\/programa-de-refuerzo-educativo-en-periodo-estival\/presentacion<\/a><\/p>\n<p>Saludos.<\/p>\n<p>[\/et_pb_text][\/et_pb_column][\/et_pb_row][\/et_pb_section]<\/p>\n","protected":false},"excerpt":{"rendered":"<p>Estimadas familias, Comienza el plazo de solicitud del Programa de Refuerzo Estival. Aunque nuestro no lo ha solicitado, los ni\u00f1os\/as pueden asistir al CEIP Emilio Zurano Mu\u00f1oz (Pulp\u00ed). Como sab\u00e9is, se trata de un programa gratuito para las familias donde los ni\u00f1os\/as de 1\u00ba a 6\u00ba de Educaci\u00f3n Primaria pueden asistir a distintos talleres (refuerzo [&hellip;]<\/p>\n","protected":false},"author":12876,"featured_media":0,"comment_status":"closed","ping_status":"open","sticky":false,"template":"","format":"standard","meta":{"_et_pb_use_builder":"on","_et_pb_old_content":"","_et_gb_content_width":"","ngg_post_thumbnail":0,"footnotes":""},"categories":[3,1],"tags":[],"aioseo_notices":[],"_links":{"self":[{"href":"https:\/\/blogsaverroes.juntadeandalucia.es\/cprsanmiguel\/wp-json\/wp\/v2\/posts\/2435"}],"collection":[{"href":"https:\/\/blogsaverroes.juntadeandalucia.es\/cprsanmiguel\/wp-json\/wp\/v2\/posts"}],"about":[{"href":"https:\/\/blogsaverroes.juntadeandalucia.es\/cprsanmiguel\/wp-json\/wp\/v2\/types\/post"}],"author":[{"embeddable":true,"href":"https:\/\/blogsaverroes.juntadeandalucia.es\/cprsanmiguel\/wp-json\/wp\/v2\/users\/12876"}],"replies":[{"embeddable":true,"href":"https:\/\/blogsaverroes.juntadeandalucia.es\/cprsanmiguel\/wp-json\/wp\/v2\/comments?post=2435"}],"version-history":[{"count":4,"href":"https:\/\/blogsaverroes.juntadeandalucia.es\/cprsanmiguel\/wp-json\/wp\/v2\/posts\/2435\/revisions"}],"predecessor-version":[{"id":2440,"href":"https:\/\/blogsaverroes.juntadeandalucia.es\/cprsanmiguel\/wp-json\/wp\/v2\/posts\/2435\/revisions\/2440"}],"wp:attachment":[{"href":"https:\/\/blogsaverroes.juntadeandalucia.es\/cprsanmiguel\/wp-json\/wp\/v2\/media?parent=2435"}],"wp:term":[{"taxonomy":"category","embeddable":true,"href":"https:\/\/blogsaverroes.juntadeandalucia.es\/cprsanmiguel\/wp-json\/wp\/v2\/categories?post=2435"},{"taxonomy":"post_tag","embeddable":true,"href":"https:\/\/blogsaverroes.juntadeandalucia.es\/cprsanmiguel\/wp-json\/wp\/v2\/tags?post=2435"}],"curies":[{"name":"wp","href":"https:\/\/api.w.org\/{rel}","templated":true}]}}