{"id":2667,"date":"2025-12-24T10:12:10","date_gmt":"2025-12-24T09:12:10","guid":{"rendered":"https:\/\/blogsaverroes.juntadeandalucia.es\/cprsanmiguel\/?p=2667"},"modified":"2025-12-24T10:51:13","modified_gmt":"2025-12-24T09:51:13","slug":"feria-de-la-salud","status":"publish","type":"post","link":"https:\/\/blogsaverroes.juntadeandalucia.es\/cprsanmiguel\/feria-de-la-salud\/","title":{"rendered":"FERIA DE LA SALUD"},"content":{"rendered":"<p>[et_pb_section fb_built=&#8221;1&#8243; admin_label=&#8221;section&#8221; _builder_version=&#8221;4.16&#8243; global_colors_info=&#8221;{}&#8221;][et_pb_row admin_label=&#8221;row&#8221; _builder_version=&#8221;4.16&#8243; background_size=&#8221;initial&#8221; background_position=&#8221;top_left&#8221; background_repeat=&#8221;repeat&#8221; global_colors_info=&#8221;{}&#8221;][et_pb_column type=&#8221;4_4&#8243; _builder_version=&#8221;4.16&#8243; custom_padding=&#8221;|||&#8221; global_colors_info=&#8221;{}&#8221; custom_padding__hover=&#8221;|||&#8221;][et_pb_text _builder_version=&#8221;4.24.2&#8243; _module_preset=&#8221;default&#8221; hover_enabled=&#8221;0&#8243; global_colors_info=&#8221;{}&#8221; sticky_enabled=&#8221;0&#8243;]<\/p>\n<p><span style=\"font-weight: 400\">El cuidado del cuerpo es un aspecto fundamental para el bienestar integral de las personas. Adem\u00e1s, la alimentaci\u00f3n constituye uno de los factores m\u00e1s importantes para nuestro desarrollo f\u00edsico, mental y emocional.<\/span><\/p>\n<p>Bajo estas premisas nuestro alumnado ha estudiado a lo largo de este trimestre la importancia de conocernos y c\u00f3mo cuidarnos para comprometernos y ser responsables con nuestro bienestar. Con esto llegamos al producto final del proyecto: la feria de la salud. El pasado 18 de diciembre los ciclos organizaron talleres para compartir con el resto de compis del cole: visionado de v\u00eddeos de una campa\u00f1a de concienciaci\u00f3n, taller de brochetas saludables, lectura de recetas saludables, concurso de &#8220;M\u00e1ster Cole&#8221;, taller de relajaci\u00f3n guiada&#8230;\u00bfQuieres ver algunas im\u00e1genes de lo que bien que lo pasamos?&nbsp;<\/p>\n<p style=\"text-align: center\"><a href=\"https:\/\/drive.google.com\/file\/d\/1YYll6oWYI5SHQ8ntvdD-shuTVXMRnvGU\/view?usp=sharing\">V\u00cdDEO FERIA DE LA SALUD &#8211; CPR SAN MIGUEL<\/a><\/p>\n<p>[\/et_pb_text][\/et_pb_column][\/et_pb_row][\/et_pb_section]<\/p>\n","protected":false},"excerpt":{"rendered":"<p>El cuidado del cuerpo es un aspecto fundamental para el bienestar integral de las personas. Adem\u00e1s, la alimentaci\u00f3n constituye uno de los factores m\u00e1s importantes para nuestro desarrollo f\u00edsico, mental y emocional. Bajo estas premisas nuestro alumnado ha estudiado a lo largo de este trimestre la importancia de conocernos y c\u00f3mo cuidarnos para comprometernos y [&hellip;]<\/p>\n","protected":false},"author":12876,"featured_media":0,"comment_status":"closed","ping_status":"open","sticky":false,"template":"","format":"standard","meta":{"_et_pb_use_builder":"on","_et_pb_old_content":"","_et_gb_content_width":"","ngg_post_thumbnail":0,"footnotes":""},"categories":[3],"tags":[],"aioseo_notices":[],"_links":{"self":[{"href":"https:\/\/blogsaverroes.juntadeandalucia.es\/cprsanmiguel\/wp-json\/wp\/v2\/posts\/2667"}],"collection":[{"href":"https:\/\/blogsaverroes.juntadeandalucia.es\/cprsanmiguel\/wp-json\/wp\/v2\/posts"}],"about":[{"href":"https:\/\/blogsaverroes.juntadeandalucia.es\/cprsanmiguel\/wp-json\/wp\/v2\/types\/post"}],"author":[{"embeddable":true,"href":"https:\/\/blogsaverroes.juntadeandalucia.es\/cprsanmiguel\/wp-json\/wp\/v2\/users\/12876"}],"replies":[{"embeddable":true,"href":"https:\/\/blogsaverroes.juntadeandalucia.es\/cprsanmiguel\/wp-json\/wp\/v2\/comments?post=2667"}],"version-history":[{"count":3,"href":"https:\/\/blogsaverroes.juntadeandalucia.es\/cprsanmiguel\/wp-json\/wp\/v2\/posts\/2667\/revisions"}],"predecessor-version":[{"id":2674,"href":"https:\/\/blogsaverroes.juntadeandalucia.es\/cprsanmiguel\/wp-json\/wp\/v2\/posts\/2667\/revisions\/2674"}],"wp:attachment":[{"href":"https:\/\/blogsaverroes.juntadeandalucia.es\/cprsanmiguel\/wp-json\/wp\/v2\/media?parent=2667"}],"wp:term":[{"taxonomy":"category","embeddable":true,"href":"https:\/\/blogsaverroes.juntadeandalucia.es\/cprsanmiguel\/wp-json\/wp\/v2\/categories?post=2667"},{"taxonomy":"post_tag","embeddable":true,"href":"https:\/\/blogsaverroes.juntadeandalucia.es\/cprsanmiguel\/wp-json\/wp\/v2\/tags?post=2667"}],"curies":[{"name":"wp","href":"https:\/\/api.w.org\/{rel}","templated":true}]}}