{"id":3175,"date":"2020-06-18T21:52:57","date_gmt":"2020-06-18T19:52:57","guid":{"rendered":"http:\/\/blogsaverroes.juntadeandalucia.es\/cprtaxara\/?p=3175"},"modified":"2020-08-29T19:37:19","modified_gmt":"2020-08-29T17:37:19","slug":"admision","status":"publish","type":"post","link":"https:\/\/blogsaverroes.juntadeandalucia.es\/cprtaxara\/2020\/06\/18\/admision\/","title":{"rendered":"Reabierto plazo de inscripci\u00f3n para el nuevo curso 2020-21"},"content":{"rendered":"<div style=\"width: 1920px;\" class=\"wp-video\"><!--[if lt IE 9]><script>document.createElement('video');<\/script><![endif]-->\n<video class=\"wp-video-shortcode\" id=\"video-3175-1\" width=\"1920\" height=\"1080\" preload=\"metadata\" controls=\"controls\"><source type=\"video\/mp4\" src=\"https:\/\/blogsaverroes.juntadeandalucia.es\/cprtaxara\/files\/2020\/05\/escolarizacion.mp4?_=1\" \/><a href=\"https:\/\/blogsaverroes.juntadeandalucia.es\/cprtaxara\/files\/2020\/05\/escolarizacion.mp4\">https:\/\/blogsaverroes.juntadeandalucia.es\/cprtaxara\/files\/2020\/05\/escolarizacion.mp4<\/a><\/video><\/div>\n<h1>&nbsp;<\/h1>\n<h1 style=\"text-align: center\"><span style=\"font-family: 'book antiqua', palatino, serif;font-size: 36pt\"><span style=\"color: #800080;background-color: #ccffff\"><em><strong>PERIODO DE ADMISI\u00d3N<\/strong><\/em><\/span><\/span><\/h1>\n<p>&nbsp;<\/p>\n<p>&nbsp;<\/p>\n<p><span style=\"font-family: 'book antiqua', palatino, serif;font-size: 24pt\">Se informa que se reanuda a partir del pr\u00f3ximo <strong>martes 19 de mayo<\/strong> hasta el <strong>1 de junio<\/strong> el per\u00edodo de solicitud de admisiones para el alumnado de nueva incorporaci\u00f3n tal y como se establecen en las <strong>Instrucciones de 13 de mayo<\/strong>.<\/span><\/p>\n<p><span style=\"font-family: 'book antiqua', palatino, serif;font-size: 24pt\">Se recuerda y recomienda la presentaci\u00f3n telem\u00e1tica a trav\u00e9s de la direcci\u00f3n:<\/span><br \/>\n<a href=\"https:\/\/www.juntadeandalucia.es\/educacion\/secretariavirtual\/accesoTramite\/439\/\"><span style=\"font-family: 'book antiqua', palatino, serif;font-size: 24pt\">https:\/\/www.juntadeandalucia.es\/educacion\/secretariavirtual\/accesoTramite\/439\/<\/span><\/a><\/p>\n<p><span style=\"font-family: 'book antiqua', palatino, serif;font-size: 24pt\">Dado el caso de no poder utilizar esta v\u00eda se solicitar\u00e1 <\/span><\/p>\n<p style=\"text-align: center\"><span style=\"font-family: 'book antiqua', palatino, serif;font-size: 24pt\"><strong>CITA PREVIA OBLIGATORIA<\/strong> al tel\u00e9fono <strong>958338535<\/strong>. <\/span><\/p>\n<p style=\"text-align: left\"><span style=\"font-family: 'book antiqua', palatino, serif;font-size: 24pt\">Asimismo nos pondremos en contacto con aquellas familias cuyo proceso qued\u00f3 interrumpido.<\/span><\/p>\n<p><span style=\"font-family: 'book antiqua', palatino, serif;font-size: 24pt\">El<strong> horario de apertura<\/strong> del centro ser\u00e1 de <strong>9:30 a 13:30<\/strong> exclusivamente para estas cuestiones administrativas.<\/span><\/p>\n<p>&nbsp;<\/p>\n<p><span style=\"font-family: 'book antiqua', palatino, serif;font-size: 24pt\">Los <strong>per\u00edodos de matriculaci\u00f3n<\/strong> del alumnado ya inscrito en nuestro centro <strong>y solicitud de comedor<\/strong> se establecer\u00e1n <strong>m\u00e1s adelante<\/strong>, especific\u00e1ndose fechas de recogida y entrega de documentaci\u00f3n.<\/span><\/p>\n<p>&nbsp;<\/p>\n<p style=\"text-align: center\"><span style=\"font-family: 'book antiqua', palatino, serif;font-size: 24pt\">Un cordial saludo<\/span><\/p>\n<p style=\"text-align: center\"><span style=\"font-family: 'book antiqua', palatino, serif;font-size: 24pt\">EL EQUIPO DIRECTIVO<\/span><\/p>\n<p><a href=\"https:\/\/blogsaverroes.juntadeandalucia.es\/cprtaxara\/files\/2020\/05\/normas.jpg\"><img loading=\"lazy\" decoding=\"async\" class=\"aligncenter size-full wp-image-3902\" src=\"https:\/\/blogsaverroes.juntadeandalucia.es\/cprtaxara\/files\/2020\/05\/normas.jpg\" alt=\"\" width=\"1131\" height=\"1600\" srcset=\"https:\/\/blogsaverroes.juntadeandalucia.es\/cprtaxara\/files\/2020\/05\/normas.jpg 1131w, https:\/\/blogsaverroes.juntadeandalucia.es\/cprtaxara\/files\/2020\/05\/normas-212x300.jpg 212w, https:\/\/blogsaverroes.juntadeandalucia.es\/cprtaxara\/files\/2020\/05\/normas-768x1086.jpg 768w, https:\/\/blogsaverroes.juntadeandalucia.es\/cprtaxara\/files\/2020\/05\/normas-724x1024.jpg 724w, https:\/\/blogsaverroes.juntadeandalucia.es\/cprtaxara\/files\/2020\/05\/normas-17x24.jpg 17w, https:\/\/blogsaverroes.juntadeandalucia.es\/cprtaxara\/files\/2020\/05\/normas-25x36.jpg 25w, https:\/\/blogsaverroes.juntadeandalucia.es\/cprtaxara\/files\/2020\/05\/normas-34x48.jpg 34w\" sizes=\"(max-width: 1131px) 100vw, 1131px\" \/><\/a><\/p>\n","protected":false},"excerpt":{"rendered":"<p>&nbsp; PERIODO DE ADMISI\u00d3N &nbsp; &nbsp; Se informa que se reanuda a partir del pr\u00f3ximo martes 19 de mayo hasta el 1 de junio el per\u00edodo de solicitud de admisiones para el alumnado de&#46;&#46;&#46;<\/p>\n","protected":false},"author":2902,"featured_media":3911,"comment_status":"open","ping_status":"open","sticky":false,"template":"","format":"standard","meta":{"ngg_post_thumbnail":0,"footnotes":""},"categories":[526],"tags":[8689,316453],"aioseo_notices":[],"_links":{"self":[{"href":"https:\/\/blogsaverroes.juntadeandalucia.es\/cprtaxara\/wp-json\/wp\/v2\/posts\/3175"}],"collection":[{"href":"https:\/\/blogsaverroes.juntadeandalucia.es\/cprtaxara\/wp-json\/wp\/v2\/posts"}],"about":[{"href":"https:\/\/blogsaverroes.juntadeandalucia.es\/cprtaxara\/wp-json\/wp\/v2\/types\/post"}],"author":[{"embeddable":true,"href":"https:\/\/blogsaverroes.juntadeandalucia.es\/cprtaxara\/wp-json\/wp\/v2\/users\/2902"}],"replies":[{"embeddable":true,"href":"https:\/\/blogsaverroes.juntadeandalucia.es\/cprtaxara\/wp-json\/wp\/v2\/comments?post=3175"}],"version-history":[{"count":5,"href":"https:\/\/blogsaverroes.juntadeandalucia.es\/cprtaxara\/wp-json\/wp\/v2\/posts\/3175\/revisions"}],"predecessor-version":[{"id":3912,"href":"https:\/\/blogsaverroes.juntadeandalucia.es\/cprtaxara\/wp-json\/wp\/v2\/posts\/3175\/revisions\/3912"}],"wp:featuredmedia":[{"embeddable":true,"href":"https:\/\/blogsaverroes.juntadeandalucia.es\/cprtaxara\/wp-json\/wp\/v2\/media\/3911"}],"wp:attachment":[{"href":"https:\/\/blogsaverroes.juntadeandalucia.es\/cprtaxara\/wp-json\/wp\/v2\/media?parent=3175"}],"wp:term":[{"taxonomy":"category","embeddable":true,"href":"https:\/\/blogsaverroes.juntadeandalucia.es\/cprtaxara\/wp-json\/wp\/v2\/categories?post=3175"},{"taxonomy":"post_tag","embeddable":true,"href":"https:\/\/blogsaverroes.juntadeandalucia.es\/cprtaxara\/wp-json\/wp\/v2\/tags?post=3175"}],"curies":[{"name":"wp","href":"https:\/\/api.w.org\/{rel}","templated":true}]}}