{"id":15429,"date":"2020-06-22T17:50:07","date_gmt":"2020-06-22T17:50:07","guid":{"rendered":"https:\/\/blogsaverroes.juntadeandalucia.es\/cprtorrejaral\/?p=15429"},"modified":"2020-06-22T17:50:07","modified_gmt":"2020-06-22T17:50:07","slug":"peter-pan-6ob","status":"publish","type":"post","link":"https:\/\/blogsaverroes.juntadeandalucia.es\/cprtorrejaral\/2020\/06\/22\/peter-pan-6ob\/","title":{"rendered":"Peter Pan (6\u00baB)"},"content":{"rendered":"<p><span style=\"color: #0000ff\"><em><strong>Asimismo los alumnos y alumnas&nbsp; de&nbsp; 6\u00baB tambi\u00e9n&nbsp; participaban en el mismo&nbsp; proyecto educativo \u00abAbre el tel\u00f3n a tus sue\u00f1os\u00bb cuyo&nbsp; objetivo, como ya se ha comentado ,&nbsp; es acercar el teatro escolar al hospital para mejorar y alegrar la vida hospitalaria del alumnado ingresado.<\/strong><\/em><\/span><br \/>\n<span style=\"color: #0000ff\"><em><strong>En este caso estaban&nbsp; preparando el musical&nbsp; \u00abPeter Pan\u00bb.<\/strong><\/em><\/span><br \/>\n<span style=\"color: #0000ff\"><em><strong>La fecha prevista para la puesta en escena&nbsp; ante&nbsp; los ni\u00f1os y ni\u00f1as hospitalizados era el 26 de marzo. Pero se<\/strong><\/em><\/span><span style=\"color: #0000ff\"><em><strong>&nbsp; anul\u00f3&nbsp; por el COVID 19 y el consiguiente cierre de los Centros y el estado de alarma.<\/strong><\/em><\/span><\/p>\n<p><span style=\"color: #0000ff\"><em><strong>Dedicaron&nbsp; a&nbsp; los ni\u00f1os y ni\u00f1as hospitalizados el \u00faltimo de los ensayos que pudieron realizar en el colegio antes del cierre del mismo.<\/strong><\/em><\/span><\/p>\n<p>Aqu\u00ed puede verse el<span style=\"text-decoration: underline\"> v\u00eddeo<\/span>:<\/p>\n<p><iframe loading=\"lazy\" title=\"Peter Pan (6\u00baB)\" width=\"500\" height=\"281\" src=\"https:\/\/www.youtube.com\/embed\/PIvUPlc2Q8U?feature=oembed&#038;wmode=opaque\" frameborder=\"0\" allow=\"accelerometer; autoplay; clipboard-write; encrypted-media; gyroscope; picture-in-picture\" allowfullscreen><\/iframe><\/p>\n","protected":false},"excerpt":{"rendered":"<p>Asimismo los alumnos y alumnas&nbsp; de&nbsp; 6\u00baB tambi\u00e9n&nbsp; participaban en el mismo&nbsp; proyecto educativo \u00abAbre el tel\u00f3n a tus sue\u00f1os\u00bb cuyo&nbsp; objetivo, como ya se ha comentado ,&nbsp; es acercar el teatro escolar al&#46;&#46;&#46;<\/p>\n","protected":false},"author":5769,"featured_media":15430,"comment_status":"open","ping_status":"open","sticky":false,"template":"","format":"standard","meta":{"ngg_post_thumbnail":0,"footnotes":""},"categories":[5991,6953,307409,25496,3981,3253,425],"tags":[],"aioseo_notices":[],"_links":{"self":[{"href":"https:\/\/blogsaverroes.juntadeandalucia.es\/cprtorrejaral\/wp-json\/wp\/v2\/posts\/15429"}],"collection":[{"href":"https:\/\/blogsaverroes.juntadeandalucia.es\/cprtorrejaral\/wp-json\/wp\/v2\/posts"}],"about":[{"href":"https:\/\/blogsaverroes.juntadeandalucia.es\/cprtorrejaral\/wp-json\/wp\/v2\/types\/post"}],"author":[{"embeddable":true,"href":"https:\/\/blogsaverroes.juntadeandalucia.es\/cprtorrejaral\/wp-json\/wp\/v2\/users\/5769"}],"replies":[{"embeddable":true,"href":"https:\/\/blogsaverroes.juntadeandalucia.es\/cprtorrejaral\/wp-json\/wp\/v2\/comments?post=15429"}],"version-history":[{"count":2,"href":"https:\/\/blogsaverroes.juntadeandalucia.es\/cprtorrejaral\/wp-json\/wp\/v2\/posts\/15429\/revisions"}],"predecessor-version":[{"id":15433,"href":"https:\/\/blogsaverroes.juntadeandalucia.es\/cprtorrejaral\/wp-json\/wp\/v2\/posts\/15429\/revisions\/15433"}],"wp:featuredmedia":[{"embeddable":true,"href":"https:\/\/blogsaverroes.juntadeandalucia.es\/cprtorrejaral\/wp-json\/wp\/v2\/media\/15430"}],"wp:attachment":[{"href":"https:\/\/blogsaverroes.juntadeandalucia.es\/cprtorrejaral\/wp-json\/wp\/v2\/media?parent=15429"}],"wp:term":[{"taxonomy":"category","embeddable":true,"href":"https:\/\/blogsaverroes.juntadeandalucia.es\/cprtorrejaral\/wp-json\/wp\/v2\/categories?post=15429"},{"taxonomy":"post_tag","embeddable":true,"href":"https:\/\/blogsaverroes.juntadeandalucia.es\/cprtorrejaral\/wp-json\/wp\/v2\/tags?post=15429"}],"curies":[{"name":"wp","href":"https:\/\/api.w.org\/{rel}","templated":true}]}}