{"id":15484,"date":"2020-06-28T17:05:56","date_gmt":"2020-06-28T17:05:56","guid":{"rendered":"https:\/\/blogsaverroes.juntadeandalucia.es\/cprtorrejaral\/?p=15484"},"modified":"2020-06-28T17:12:16","modified_gmt":"2020-06-28T17:12:16","slug":"descarga-de-documentos-de-evaluacion-y-cheques-libro","status":"publish","type":"post","link":"https:\/\/blogsaverroes.juntadeandalucia.es\/cprtorrejaral\/2020\/06\/28\/descarga-de-documentos-de-evaluacion-y-cheques-libro\/","title":{"rendered":"DESCARGA DE DOCUMENTOS DE EVALUACI\u00d3N Y CHEQUES LIBRO"},"content":{"rendered":"<p>Estimadas Familias:<\/p>\n<div>Les recordamos que desde el pasado Viernes <strong>&nbsp;26 de junio<\/strong> se encuentran&nbsp; publicados los Boletines&nbsp; de calificaciones&nbsp; finales&nbsp; del curso 2019\/2020.&nbsp;<\/div>\n<div>Las&nbsp;<strong>calificaciones<\/strong> de notas se pueden ver en <strong>iPasen<\/strong><strong>.&nbsp;<\/strong>Para acceder a ellas basta con pinchar en&nbsp;<strong>Alumnado\/Calificaciones<\/strong> o bien descargar&nbsp; el bolet\u00edn en el <strong>Punto de Recogida<\/strong>.<\/div>\n<div>&nbsp;<\/div>\n<div><b>En el Punto de Recogida se pueden descargar los siguientes documentos<\/b>:<\/div>\n<div>\u2013 Boletines de calificaciones de todos los cursos.<\/div>\n<div>\u2013 6\u00ba Primaria: Informe individualizado final de Etapa e Historial Acad\u00e9mico del alumno\/a en el Centro<\/div>\n<div>&nbsp;<\/div>\n<div><span style=\"color: #ff0000\"><span style=\"text-decoration: underline\"><strong>MA\u00d1ANA LUNES 29 DE JUNIO<\/strong> <\/span>se habilitar\u00e1 tambi\u00e9n la recogida de los &nbsp;<strong><span style=\"text-decoration: underline\">cheque libros (exclusivamente para el alumnado que pasa a&nbsp;<\/span> <span style=\"text-decoration: underline\">&nbsp;1\u00ba y 2\u00ba de Primaria)<\/span><\/strong>. Son nominativos y es importante que no los pierdan pues&nbsp; los tendr\u00e1n que presentar en el establecimiento que compren los libros de texto. LLEVAN UN C\u00d3DIGO QR que las papeler\u00edas leen y les hacen la reserva de los libros.<\/span><\/div>\n<div>&nbsp;<\/div>\n<div><strong>Formas de Acceder al PUNTO de RECOGIDA<\/strong>:<\/div>\n<div>&nbsp;<\/div>\n<div>1- Acceso directo a trav\u00e9s de la web:&nbsp;<a href=\"https:\/\/seneca.juntadeandalucia.es\/seneca\/puntoderecogida\/\" target=\"_blank\" rel=\"noopener noreferrer\">https:\/\/seneca.juntadeandalucia.es\/seneca\/puntoderecogida\/<\/a><\/div>\n<div><strong>Necesitar\u00e1n fecha de nacimiento y clave iANDe<\/strong><\/div>\n<div>&nbsp;<\/div>\n<div>2- Acceso al PUNTO de Recogida desde la aplicaci\u00f3n iPasen<\/div>\n<div>Una vez dentro de iPasen, seleccione alumno\/a y dentro de calificaciones, en Calificaci\u00f3n Ordinaria, ver\u00e1 un enlace en la parte superior :<\/div>\n<div>PUNTO DE RECOGIDA<\/div>\n<div>&nbsp;<\/div>\n<div>NOTA: el alumnado de Infantil 3 y 4 a\u00f1os acceder\u00e1 al Punto de Recogida con la opci\u00f3n de acceso anterior (1) de enlace directo, y con fecha de nacimiento y c\u00f3digo iANDe,&nbsp; pues <strong>no tienen calificaci\u00f3n Ordinaria<\/strong><\/div>\n<div>&nbsp;<\/div>\n<div>Se acompa\u00f1a un v\u00eddeo tutorial sobre el funcionamiento funcionamiento&nbsp; del punto de recogida v\u00eda iPasen:<\/div>\n<div>&nbsp;<\/div>\n<div>&nbsp;<\/div>\n<div>&nbsp;<\/div>\n<div><a href=\"https:\/\/youtu.be\/ewK-h2s6Snc\" target=\"_blank\" rel=\"noopener noreferrer\">TUTORIAL PUNTO DE RECOGIDA<\/a><\/div>\n<div>&nbsp;<\/div>\n<div>&nbsp;<\/div>\n<div>&nbsp;<\/div>\n<div>&nbsp;<\/div>\n","protected":false},"excerpt":{"rendered":"<p>Estimadas Familias: Les recordamos que desde el pasado Viernes &nbsp;26 de junio se encuentran&nbsp; publicados los Boletines&nbsp; de calificaciones&nbsp; finales&nbsp; del curso 2019\/2020.&nbsp; Las&nbsp;calificaciones de notas se pueden ver en iPasen.&nbsp;Para acceder a ellas&#46;&#46;&#46;<\/p>\n","protected":false},"author":5769,"featured_media":15486,"comment_status":"open","ping_status":"open","sticky":false,"template":"","format":"standard","meta":{"ngg_post_thumbnail":0,"footnotes":""},"categories":[3202,25490,6953,28,425],"tags":[],"aioseo_notices":[],"_links":{"self":[{"href":"https:\/\/blogsaverroes.juntadeandalucia.es\/cprtorrejaral\/wp-json\/wp\/v2\/posts\/15484"}],"collection":[{"href":"https:\/\/blogsaverroes.juntadeandalucia.es\/cprtorrejaral\/wp-json\/wp\/v2\/posts"}],"about":[{"href":"https:\/\/blogsaverroes.juntadeandalucia.es\/cprtorrejaral\/wp-json\/wp\/v2\/types\/post"}],"author":[{"embeddable":true,"href":"https:\/\/blogsaverroes.juntadeandalucia.es\/cprtorrejaral\/wp-json\/wp\/v2\/users\/5769"}],"replies":[{"embeddable":true,"href":"https:\/\/blogsaverroes.juntadeandalucia.es\/cprtorrejaral\/wp-json\/wp\/v2\/comments?post=15484"}],"version-history":[{"count":6,"href":"https:\/\/blogsaverroes.juntadeandalucia.es\/cprtorrejaral\/wp-json\/wp\/v2\/posts\/15484\/revisions"}],"predecessor-version":[{"id":15491,"href":"https:\/\/blogsaverroes.juntadeandalucia.es\/cprtorrejaral\/wp-json\/wp\/v2\/posts\/15484\/revisions\/15491"}],"wp:featuredmedia":[{"embeddable":true,"href":"https:\/\/blogsaverroes.juntadeandalucia.es\/cprtorrejaral\/wp-json\/wp\/v2\/media\/15486"}],"wp:attachment":[{"href":"https:\/\/blogsaverroes.juntadeandalucia.es\/cprtorrejaral\/wp-json\/wp\/v2\/media?parent=15484"}],"wp:term":[{"taxonomy":"category","embeddable":true,"href":"https:\/\/blogsaverroes.juntadeandalucia.es\/cprtorrejaral\/wp-json\/wp\/v2\/categories?post=15484"},{"taxonomy":"post_tag","embeddable":true,"href":"https:\/\/blogsaverroes.juntadeandalucia.es\/cprtorrejaral\/wp-json\/wp\/v2\/tags?post=15484"}],"curies":[{"name":"wp","href":"https:\/\/api.w.org\/{rel}","templated":true}]}}