{"id":16892,"date":"2021-07-02T18:59:56","date_gmt":"2021-07-02T18:59:56","guid":{"rendered":"https:\/\/blogsaverroes.juntadeandalucia.es\/cprtorrejaral\/?p=16892"},"modified":"2021-07-02T19:01:04","modified_gmt":"2021-07-02T19:01:04","slug":"orla-de-infantil","status":"publish","type":"post","link":"https:\/\/blogsaverroes.juntadeandalucia.es\/cprtorrejaral\/2021\/07\/02\/orla-de-infantil\/","title":{"rendered":"ORLA DE INFANTIL"},"content":{"rendered":"<p><em><span style=\"color: #3366ff\"><strong>Para cerrar las publicaciones de nuestra web por este curso, os dejamos a continuaci\u00f3n la Orla del&nbsp; alumnado de 5 a\u00f1os del Centro que termina en Infantil y est\u00e1 a punto de empezar su etapa en Primaria.<\/strong><\/span><\/em><\/p>\n<p><em><span style=\"color: #3366ff\"><strong>\u00a1\u00a1\u00a1 FELIZ VERANO !!!<\/strong><\/span><\/em><\/p>\n<p><a href=\"https:\/\/blogsaverroes.juntadeandalucia.es\/cprtorrejaral\/files\/2021\/07\/Orla-Inf.-2021_page-0001.jpg\"><img loading=\"lazy\" decoding=\"async\" class=\"alignnone size-large wp-image-16894\" src=\"https:\/\/blogsaverroes.juntadeandalucia.es\/cprtorrejaral\/files\/2021\/07\/Orla-Inf.-2021_page-0001-1024x724.jpg\" alt=\"\" width=\"1024\" height=\"724\" srcset=\"https:\/\/blogsaverroes.juntadeandalucia.es\/cprtorrejaral\/files\/2021\/07\/Orla-Inf.-2021_page-0001-1024x724.jpg 1024w, https:\/\/blogsaverroes.juntadeandalucia.es\/cprtorrejaral\/files\/2021\/07\/Orla-Inf.-2021_page-0001-300x212.jpg 300w, https:\/\/blogsaverroes.juntadeandalucia.es\/cprtorrejaral\/files\/2021\/07\/Orla-Inf.-2021_page-0001-768x543.jpg 768w, https:\/\/blogsaverroes.juntadeandalucia.es\/cprtorrejaral\/files\/2021\/07\/Orla-Inf.-2021_page-0001-1536x1086.jpg 1536w, https:\/\/blogsaverroes.juntadeandalucia.es\/cprtorrejaral\/files\/2021\/07\/Orla-Inf.-2021_page-0001-2048x1448.jpg 2048w, https:\/\/blogsaverroes.juntadeandalucia.es\/cprtorrejaral\/files\/2021\/07\/Orla-Inf.-2021_page-0001.jpg 1600w\" sizes=\"(max-width: 1024px) 100vw, 1024px\" \/><\/a><\/p>\n","protected":false},"excerpt":{"rendered":"<p>Para cerrar las publicaciones de nuestra web por este curso, os dejamos a continuaci\u00f3n la Orla del&nbsp; alumnado de 5 a\u00f1os del Centro que termina en Infantil y est\u00e1 a punto de empezar su&#46;&#46;&#46;<\/p>\n","protected":false},"author":5769,"featured_media":16894,"comment_status":"open","ping_status":"open","sticky":false,"template":"","format":"standard","meta":{"ngg_post_thumbnail":0,"footnotes":""},"categories":[6953,25498,3981,3253],"tags":[],"aioseo_notices":[],"_links":{"self":[{"href":"https:\/\/blogsaverroes.juntadeandalucia.es\/cprtorrejaral\/wp-json\/wp\/v2\/posts\/16892"}],"collection":[{"href":"https:\/\/blogsaverroes.juntadeandalucia.es\/cprtorrejaral\/wp-json\/wp\/v2\/posts"}],"about":[{"href":"https:\/\/blogsaverroes.juntadeandalucia.es\/cprtorrejaral\/wp-json\/wp\/v2\/types\/post"}],"author":[{"embeddable":true,"href":"https:\/\/blogsaverroes.juntadeandalucia.es\/cprtorrejaral\/wp-json\/wp\/v2\/users\/5769"}],"replies":[{"embeddable":true,"href":"https:\/\/blogsaverroes.juntadeandalucia.es\/cprtorrejaral\/wp-json\/wp\/v2\/comments?post=16892"}],"version-history":[{"count":3,"href":"https:\/\/blogsaverroes.juntadeandalucia.es\/cprtorrejaral\/wp-json\/wp\/v2\/posts\/16892\/revisions"}],"predecessor-version":[{"id":16897,"href":"https:\/\/blogsaverroes.juntadeandalucia.es\/cprtorrejaral\/wp-json\/wp\/v2\/posts\/16892\/revisions\/16897"}],"wp:featuredmedia":[{"embeddable":true,"href":"https:\/\/blogsaverroes.juntadeandalucia.es\/cprtorrejaral\/wp-json\/wp\/v2\/media\/16894"}],"wp:attachment":[{"href":"https:\/\/blogsaverroes.juntadeandalucia.es\/cprtorrejaral\/wp-json\/wp\/v2\/media?parent=16892"}],"wp:term":[{"taxonomy":"category","embeddable":true,"href":"https:\/\/blogsaverroes.juntadeandalucia.es\/cprtorrejaral\/wp-json\/wp\/v2\/categories?post=16892"},{"taxonomy":"post_tag","embeddable":true,"href":"https:\/\/blogsaverroes.juntadeandalucia.es\/cprtorrejaral\/wp-json\/wp\/v2\/tags?post=16892"}],"curies":[{"name":"wp","href":"https:\/\/api.w.org\/{rel}","templated":true}]}}