{"id":16917,"date":"2021-11-08T12:06:58","date_gmt":"2021-11-08T12:06:58","guid":{"rendered":"https:\/\/blogsaverroes.juntadeandalucia.es\/cprtorrejaral\/?p=16917"},"modified":"2021-11-08T12:06:58","modified_gmt":"2021-11-08T12:06:58","slug":"halloween-2021","status":"publish","type":"post","link":"https:\/\/blogsaverroes.juntadeandalucia.es\/cprtorrejaral\/2021\/11\/08\/halloween-2021\/","title":{"rendered":"Halloween 2021"},"content":{"rendered":"<div><b>El&nbsp; pasado Viernes 29 de Octubre y algunos de los d\u00edas previos,&nbsp; realizamos en el colegio las actividades con motivo de &nbsp;Halloween. Tales actividades se han llevado a cabo respetando los grupos de convivencia y todas las normas derivadas del protocolo COVID vigente.<\/b><br \/>\n<b><br \/>\n<\/b><b>&nbsp;<\/b><em>Halloween (contracci\u00f3n de All Hallows\u2019 Eve, \u2018V\u00edspera de Todos los Santos\u2019), tambi\u00e9n conocido como Noche de Brujas o Noche de Difuntos, es una fiesta de origen celta que se celebra internacionalmente en la noche del 31 de octubre, sobre todo en pa\u00edses anglosajones como Canad\u00e1, Estados Unidos, Irlanda o Reino Unido y, en menor medida, Latinoam\u00e9rica, y en gran parte de Espa\u00f1a.&nbsp;<\/em><br \/>\n<b><br \/>\n<\/b><\/div>\n<div><b>En el colegio se han&nbsp; realizado&nbsp; diversas actividades durante la semana<\/b><b>:&nbsp; ambientaci\u00f3n de&nbsp; aulas y pasillos, decoraci\u00f3n de las puertas de las clases,&nbsp; relatos terror\u00edficos , escenificaci\u00f3n de&nbsp; los mismos, disfraces que daban mucho miedo, trabajo sobre las emociones (miedo, tristeza,\u2026), vocabulario sobre el tema en espa\u00f1ol, ingl\u00e9s y franc\u00e9s, fotos de clase, historias de miedo, algunas pel\u00edculas alusivas al tema \u2026 <\/b><\/div>\n<div><b>Finalmente el mismo Viernes 29 pr\u00e1cticamente la totalidad del alumnado y personal del Centro, acudi\u00f3 al mismo disfrazados con un aspecto que daba muuucho miedo.&nbsp; Los distintos grupos asistieron&nbsp; en la Biblioteca a unos cuentos terror\u00edficos adaptados a las distintas edades y que hab\u00edan sido preparados por la \u00abse\u00f1o\u00bb Carmen de Ingl\u00e9s.<\/b><\/div>\n<div><b> Fue una jornada muy , muy divertida en la que todos y todas se lo pasaron genial.<\/b><\/div>\n<div>&nbsp;<\/div>\n<div><b><\/b><b>&nbsp;Aqu\u00ed puede verse una recopilaci\u00f3n de&nbsp; <u>fotos <\/u>de las actividades:<\/b><\/div>\n<div>&nbsp;<\/div>\n<div>Presentaci\u00f3n:<\/div>\n<div>\n\n\t\t<style>\n\t\t\t#gallery-1 {\n\t\t\t\tmargin: auto;\n\t\t\t}\n\t\t\t#gallery-1 .gallery-item {\n\t\t\t\tfloat: left;\n\t\t\t\tmargin-top: 10px;\n\t\t\t\ttext-align: center;\n\t\t\t\twidth: 33%;\n\t\t\t}\n\t\t\t#gallery-1 img {\n\t\t\t\tborder: 2px solid #cfcfcf;\n\t\t\t}\n\t\t\t#gallery-1 .gallery-caption {\n\t\t\t\tmargin-left: 0;\n\t\t\t}\n\t\t\t\/* see gallery_shortcode() in wp-includes\/media.php *\/\n\t\t<\/style>\n\t\t<div id='gallery-1' class='gallery galleryid-16917 gallery-columns-3 gallery-size-thumbnail'><dl class='gallery-item'>\n\t\t\t<dt class='gallery-icon landscape'>\n\t\t\t\t<a href='https:\/\/blogsaverroes.juntadeandalucia.es\/cprtorrejaral\/2021\/11\/08\/halloween-2021\/btr-39\/'><img loading=\"lazy\" decoding=\"async\" width=\"150\" height=\"150\" src=\"https:\/\/blogsaverroes.juntadeandalucia.es\/cprtorrejaral\/files\/2021\/11\/IMG_20211029_093312-150x150.jpg\" class=\"attachment-thumbnail size-thumbnail\" alt=\"\" aria-describedby=\"gallery-1-16921\" srcset=\"https:\/\/blogsaverroes.juntadeandalucia.es\/cprtorrejaral\/files\/2021\/11\/IMG_20211029_093312-150x150.jpg 150w, https:\/\/blogsaverroes.juntadeandalucia.es\/cprtorrejaral\/files\/2021\/11\/IMG_20211029_093312-80x80.jpg 80w, https:\/\/blogsaverroes.juntadeandalucia.es\/cprtorrejaral\/files\/2021\/11\/IMG_20211029_093312-320x320.jpg 320w\" sizes=\"(max-width: 150px) 100vw, 150px\" \/><\/a>\n\t\t\t<\/dt>\n\t\t\t\t<dd class='wp-caption-text gallery-caption' id='gallery-1-16921'>\n\t\t\t\tbtr\n\t\t\t\t<\/dd><\/dl><dl class='gallery-item'>\n\t\t\t<dt class='gallery-icon landscape'>\n\t\t\t\t<a href='https:\/\/blogsaverroes.juntadeandalucia.es\/cprtorrejaral\/2021\/11\/08\/halloween-2021\/btr-40\/'><img loading=\"lazy\" decoding=\"async\" width=\"150\" height=\"150\" src=\"https:\/\/blogsaverroes.juntadeandalucia.es\/cprtorrejaral\/files\/2021\/11\/IMG_20211029_093317-150x150.jpg\" class=\"attachment-thumbnail size-thumbnail\" alt=\"\" aria-describedby=\"gallery-1-16922\" srcset=\"https:\/\/blogsaverroes.juntadeandalucia.es\/cprtorrejaral\/files\/2021\/11\/IMG_20211029_093317-150x150.jpg 150w, https:\/\/blogsaverroes.juntadeandalucia.es\/cprtorrejaral\/files\/2021\/11\/IMG_20211029_093317-80x80.jpg 80w, https:\/\/blogsaverroes.juntadeandalucia.es\/cprtorrejaral\/files\/2021\/11\/IMG_20211029_093317-320x320.jpg 320w\" sizes=\"(max-width: 150px) 100vw, 150px\" \/><\/a>\n\t\t\t<\/dt>\n\t\t\t\t<dd class='wp-caption-text gallery-caption' id='gallery-1-16922'>\n\t\t\t\tbtr\n\t\t\t\t<\/dd><\/dl><dl class='gallery-item'>\n\t\t\t<dt class='gallery-icon landscape'>\n\t\t\t\t<a href='https:\/\/blogsaverroes.juntadeandalucia.es\/cprtorrejaral\/2021\/11\/08\/halloween-2021\/btr-41\/'><img loading=\"lazy\" decoding=\"async\" width=\"150\" height=\"150\" src=\"https:\/\/blogsaverroes.juntadeandalucia.es\/cprtorrejaral\/files\/2021\/11\/IMG_20211029_093318-150x150.jpg\" class=\"attachment-thumbnail size-thumbnail\" alt=\"\" aria-describedby=\"gallery-1-16923\" srcset=\"https:\/\/blogsaverroes.juntadeandalucia.es\/cprtorrejaral\/files\/2021\/11\/IMG_20211029_093318-150x150.jpg 150w, https:\/\/blogsaverroes.juntadeandalucia.es\/cprtorrejaral\/files\/2021\/11\/IMG_20211029_093318-80x80.jpg 80w, https:\/\/blogsaverroes.juntadeandalucia.es\/cprtorrejaral\/files\/2021\/11\/IMG_20211029_093318-320x320.jpg 320w\" sizes=\"(max-width: 150px) 100vw, 150px\" \/><\/a>\n\t\t\t<\/dt>\n\t\t\t\t<dd class='wp-caption-text gallery-caption' id='gallery-1-16923'>\n\t\t\t\tbtr\n\t\t\t\t<\/dd><\/dl><br style=\"clear: both\" \/><dl class='gallery-item'>\n\t\t\t<dt class='gallery-icon landscape'>\n\t\t\t\t<a href='https:\/\/blogsaverroes.juntadeandalucia.es\/cprtorrejaral\/2021\/11\/08\/halloween-2021\/btr-42\/'><img loading=\"lazy\" decoding=\"async\" width=\"150\" height=\"150\" src=\"https:\/\/blogsaverroes.juntadeandalucia.es\/cprtorrejaral\/files\/2021\/11\/IMG_20211029_093319-150x150.jpg\" class=\"attachment-thumbnail size-thumbnail\" alt=\"\" aria-describedby=\"gallery-1-16924\" srcset=\"https:\/\/blogsaverroes.juntadeandalucia.es\/cprtorrejaral\/files\/2021\/11\/IMG_20211029_093319-150x150.jpg 150w, https:\/\/blogsaverroes.juntadeandalucia.es\/cprtorrejaral\/files\/2021\/11\/IMG_20211029_093319-80x80.jpg 80w, https:\/\/blogsaverroes.juntadeandalucia.es\/cprtorrejaral\/files\/2021\/11\/IMG_20211029_093319-320x320.jpg 320w\" sizes=\"(max-width: 150px) 100vw, 150px\" \/><\/a>\n\t\t\t<\/dt>\n\t\t\t\t<dd class='wp-caption-text gallery-caption' id='gallery-1-16924'>\n\t\t\t\tbtr\n\t\t\t\t<\/dd><\/dl><dl class='gallery-item'>\n\t\t\t<dt class='gallery-icon landscape'>\n\t\t\t\t<a href='https:\/\/blogsaverroes.juntadeandalucia.es\/cprtorrejaral\/2021\/11\/08\/halloween-2021\/btr-43\/'><img loading=\"lazy\" decoding=\"async\" width=\"150\" height=\"150\" src=\"https:\/\/blogsaverroes.juntadeandalucia.es\/cprtorrejaral\/files\/2021\/11\/IMG_20211029_093321-150x150.jpg\" class=\"attachment-thumbnail size-thumbnail\" alt=\"\" aria-describedby=\"gallery-1-16925\" srcset=\"https:\/\/blogsaverroes.juntadeandalucia.es\/cprtorrejaral\/files\/2021\/11\/IMG_20211029_093321-150x150.jpg 150w, https:\/\/blogsaverroes.juntadeandalucia.es\/cprtorrejaral\/files\/2021\/11\/IMG_20211029_093321-80x80.jpg 80w, https:\/\/blogsaverroes.juntadeandalucia.es\/cprtorrejaral\/files\/2021\/11\/IMG_20211029_093321-320x320.jpg 320w\" sizes=\"(max-width: 150px) 100vw, 150px\" \/><\/a>\n\t\t\t<\/dt>\n\t\t\t\t<dd class='wp-caption-text gallery-caption' id='gallery-1-16925'>\n\t\t\t\tbtr\n\t\t\t\t<\/dd><\/dl><dl class='gallery-item'>\n\t\t\t<dt class='gallery-icon landscape'>\n\t\t\t\t<a href='https:\/\/blogsaverroes.juntadeandalucia.es\/cprtorrejaral\/2021\/11\/08\/halloween-2021\/btr-44\/'><img loading=\"lazy\" decoding=\"async\" width=\"150\" height=\"150\" src=\"https:\/\/blogsaverroes.juntadeandalucia.es\/cprtorrejaral\/files\/2021\/11\/IMG_20211029_093323-150x150.jpg\" class=\"attachment-thumbnail size-thumbnail\" alt=\"\" aria-describedby=\"gallery-1-16926\" srcset=\"https:\/\/blogsaverroes.juntadeandalucia.es\/cprtorrejaral\/files\/2021\/11\/IMG_20211029_093323-150x150.jpg 150w, https:\/\/blogsaverroes.juntadeandalucia.es\/cprtorrejaral\/files\/2021\/11\/IMG_20211029_093323-80x80.jpg 80w, https:\/\/blogsaverroes.juntadeandalucia.es\/cprtorrejaral\/files\/2021\/11\/IMG_20211029_093323-320x320.jpg 320w\" sizes=\"(max-width: 150px) 100vw, 150px\" \/><\/a>\n\t\t\t<\/dt>\n\t\t\t\t<dd class='wp-caption-text gallery-caption' id='gallery-1-16926'>\n\t\t\t\tbtr\n\t\t\t\t<\/dd><\/dl><br style=\"clear: both\" \/><dl class='gallery-item'>\n\t\t\t<dt class='gallery-icon landscape'>\n\t\t\t\t<a href='https:\/\/blogsaverroes.juntadeandalucia.es\/cprtorrejaral\/2021\/11\/08\/halloween-2021\/btr-45\/'><img loading=\"lazy\" decoding=\"async\" width=\"150\" height=\"150\" src=\"https:\/\/blogsaverroes.juntadeandalucia.es\/cprtorrejaral\/files\/2021\/11\/IMG_20211029_093324-150x150.jpg\" class=\"attachment-thumbnail size-thumbnail\" alt=\"\" aria-describedby=\"gallery-1-16927\" srcset=\"https:\/\/blogsaverroes.juntadeandalucia.es\/cprtorrejaral\/files\/2021\/11\/IMG_20211029_093324-150x150.jpg 150w, https:\/\/blogsaverroes.juntadeandalucia.es\/cprtorrejaral\/files\/2021\/11\/IMG_20211029_093324-80x80.jpg 80w, https:\/\/blogsaverroes.juntadeandalucia.es\/cprtorrejaral\/files\/2021\/11\/IMG_20211029_093324-320x320.jpg 320w\" sizes=\"(max-width: 150px) 100vw, 150px\" \/><\/a>\n\t\t\t<\/dt>\n\t\t\t\t<dd class='wp-caption-text gallery-caption' id='gallery-1-16927'>\n\t\t\t\tbtr\n\t\t\t\t<\/dd><\/dl><dl class='gallery-item'>\n\t\t\t<dt class='gallery-icon landscape'>\n\t\t\t\t<a href='https:\/\/blogsaverroes.juntadeandalucia.es\/cprtorrejaral\/2021\/11\/08\/halloween-2021\/btr-46\/'><img loading=\"lazy\" decoding=\"async\" width=\"150\" height=\"150\" src=\"https:\/\/blogsaverroes.juntadeandalucia.es\/cprtorrejaral\/files\/2021\/11\/IMG_20211029_093331-150x150.jpg\" class=\"attachment-thumbnail size-thumbnail\" alt=\"\" aria-describedby=\"gallery-1-16928\" srcset=\"https:\/\/blogsaverroes.juntadeandalucia.es\/cprtorrejaral\/files\/2021\/11\/IMG_20211029_093331-150x150.jpg 150w, https:\/\/blogsaverroes.juntadeandalucia.es\/cprtorrejaral\/files\/2021\/11\/IMG_20211029_093331-80x80.jpg 80w, https:\/\/blogsaverroes.juntadeandalucia.es\/cprtorrejaral\/files\/2021\/11\/IMG_20211029_093331-320x320.jpg 320w\" sizes=\"(max-width: 150px) 100vw, 150px\" \/><\/a>\n\t\t\t<\/dt>\n\t\t\t\t<dd class='wp-caption-text gallery-caption' id='gallery-1-16928'>\n\t\t\t\tbtr\n\t\t\t\t<\/dd><\/dl><dl class='gallery-item'>\n\t\t\t<dt class='gallery-icon landscape'>\n\t\t\t\t<a href='https:\/\/blogsaverroes.juntadeandalucia.es\/cprtorrejaral\/2021\/11\/08\/halloween-2021\/btr-47\/'><img loading=\"lazy\" decoding=\"async\" width=\"150\" height=\"150\" src=\"https:\/\/blogsaverroes.juntadeandalucia.es\/cprtorrejaral\/files\/2021\/11\/IMG_20211029_093332-150x150.jpg\" class=\"attachment-thumbnail size-thumbnail\" alt=\"\" aria-describedby=\"gallery-1-16929\" srcset=\"https:\/\/blogsaverroes.juntadeandalucia.es\/cprtorrejaral\/files\/2021\/11\/IMG_20211029_093332-150x150.jpg 150w, https:\/\/blogsaverroes.juntadeandalucia.es\/cprtorrejaral\/files\/2021\/11\/IMG_20211029_093332-80x80.jpg 80w, https:\/\/blogsaverroes.juntadeandalucia.es\/cprtorrejaral\/files\/2021\/11\/IMG_20211029_093332-320x320.jpg 320w\" sizes=\"(max-width: 150px) 100vw, 150px\" \/><\/a>\n\t\t\t<\/dt>\n\t\t\t\t<dd class='wp-caption-text gallery-caption' id='gallery-1-16929'>\n\t\t\t\tbtr\n\t\t\t\t<\/dd><\/dl><br style=\"clear: both\" \/><dl class='gallery-item'>\n\t\t\t<dt class='gallery-icon landscape'>\n\t\t\t\t<a href='https:\/\/blogsaverroes.juntadeandalucia.es\/cprtorrejaral\/2021\/11\/08\/halloween-2021\/btr-48\/'><img loading=\"lazy\" decoding=\"async\" width=\"150\" height=\"150\" src=\"https:\/\/blogsaverroes.juntadeandalucia.es\/cprtorrejaral\/files\/2021\/11\/IMG_20211029_093334-150x150.jpg\" class=\"attachment-thumbnail size-thumbnail\" alt=\"\" aria-describedby=\"gallery-1-16930\" srcset=\"https:\/\/blogsaverroes.juntadeandalucia.es\/cprtorrejaral\/files\/2021\/11\/IMG_20211029_093334-150x150.jpg 150w, https:\/\/blogsaverroes.juntadeandalucia.es\/cprtorrejaral\/files\/2021\/11\/IMG_20211029_093334-80x80.jpg 80w, https:\/\/blogsaverroes.juntadeandalucia.es\/cprtorrejaral\/files\/2021\/11\/IMG_20211029_093334-320x320.jpg 320w\" sizes=\"(max-width: 150px) 100vw, 150px\" \/><\/a>\n\t\t\t<\/dt>\n\t\t\t\t<dd class='wp-caption-text gallery-caption' id='gallery-1-16930'>\n\t\t\t\tbtr\n\t\t\t\t<\/dd><\/dl><dl class='gallery-item'>\n\t\t\t<dt class='gallery-icon landscape'>\n\t\t\t\t<a href='https:\/\/blogsaverroes.juntadeandalucia.es\/cprtorrejaral\/2021\/11\/08\/halloween-2021\/btr-49\/'><img loading=\"lazy\" decoding=\"async\" width=\"150\" height=\"150\" src=\"https:\/\/blogsaverroes.juntadeandalucia.es\/cprtorrejaral\/files\/2021\/11\/IMG_20211029_093336-150x150.jpg\" class=\"attachment-thumbnail size-thumbnail\" alt=\"\" aria-describedby=\"gallery-1-16931\" srcset=\"https:\/\/blogsaverroes.juntadeandalucia.es\/cprtorrejaral\/files\/2021\/11\/IMG_20211029_093336-150x150.jpg 150w, https:\/\/blogsaverroes.juntadeandalucia.es\/cprtorrejaral\/files\/2021\/11\/IMG_20211029_093336-80x80.jpg 80w, https:\/\/blogsaverroes.juntadeandalucia.es\/cprtorrejaral\/files\/2021\/11\/IMG_20211029_093336-320x320.jpg 320w\" sizes=\"(max-width: 150px) 100vw, 150px\" \/><\/a>\n\t\t\t<\/dt>\n\t\t\t\t<dd class='wp-caption-text gallery-caption' id='gallery-1-16931'>\n\t\t\t\tbtr\n\t\t\t\t<\/dd><\/dl><dl class='gallery-item'>\n\t\t\t<dt class='gallery-icon landscape'>\n\t\t\t\t<a href='https:\/\/blogsaverroes.juntadeandalucia.es\/cprtorrejaral\/2021\/11\/08\/halloween-2021\/img-20211029-wa0017\/'><img loading=\"lazy\" decoding=\"async\" width=\"150\" height=\"150\" src=\"https:\/\/blogsaverroes.juntadeandalucia.es\/cprtorrejaral\/files\/2021\/11\/IMG-20211029-WA0017-150x150.jpg\" class=\"attachment-thumbnail size-thumbnail\" alt=\"\" srcset=\"https:\/\/blogsaverroes.juntadeandalucia.es\/cprtorrejaral\/files\/2021\/11\/IMG-20211029-WA0017-150x150.jpg 150w, https:\/\/blogsaverroes.juntadeandalucia.es\/cprtorrejaral\/files\/2021\/11\/IMG-20211029-WA0017-80x80.jpg 80w, https:\/\/blogsaverroes.juntadeandalucia.es\/cprtorrejaral\/files\/2021\/11\/IMG-20211029-WA0017-320x320.jpg 320w\" sizes=\"(max-width: 150px) 100vw, 150px\" \/><\/a>\n\t\t\t<\/dt><\/dl><br style=\"clear: both\" \/><dl class='gallery-item'>\n\t\t\t<dt class='gallery-icon landscape'>\n\t\t\t\t<a href='https:\/\/blogsaverroes.juntadeandalucia.es\/cprtorrejaral\/2021\/11\/08\/halloween-2021\/img-20211029-wa0018\/'><img loading=\"lazy\" decoding=\"async\" width=\"150\" height=\"150\" src=\"https:\/\/blogsaverroes.juntadeandalucia.es\/cprtorrejaral\/files\/2021\/11\/IMG-20211029-WA0018-150x150.jpg\" class=\"attachment-thumbnail size-thumbnail\" alt=\"\" srcset=\"https:\/\/blogsaverroes.juntadeandalucia.es\/cprtorrejaral\/files\/2021\/11\/IMG-20211029-WA0018-150x150.jpg 150w, https:\/\/blogsaverroes.juntadeandalucia.es\/cprtorrejaral\/files\/2021\/11\/IMG-20211029-WA0018-80x80.jpg 80w, https:\/\/blogsaverroes.juntadeandalucia.es\/cprtorrejaral\/files\/2021\/11\/IMG-20211029-WA0018-320x320.jpg 320w\" sizes=\"(max-width: 150px) 100vw, 150px\" \/><\/a>\n\t\t\t<\/dt><\/dl><dl class='gallery-item'>\n\t\t\t<dt class='gallery-icon landscape'>\n\t\t\t\t<a href='https:\/\/blogsaverroes.juntadeandalucia.es\/cprtorrejaral\/2021\/11\/08\/halloween-2021\/img-20211029-wa0019\/'><img loading=\"lazy\" decoding=\"async\" width=\"150\" height=\"150\" src=\"https:\/\/blogsaverroes.juntadeandalucia.es\/cprtorrejaral\/files\/2021\/11\/IMG-20211029-WA0019-150x150.jpg\" class=\"attachment-thumbnail size-thumbnail\" alt=\"\" srcset=\"https:\/\/blogsaverroes.juntadeandalucia.es\/cprtorrejaral\/files\/2021\/11\/IMG-20211029-WA0019-150x150.jpg 150w, https:\/\/blogsaverroes.juntadeandalucia.es\/cprtorrejaral\/files\/2021\/11\/IMG-20211029-WA0019-80x80.jpg 80w, https:\/\/blogsaverroes.juntadeandalucia.es\/cprtorrejaral\/files\/2021\/11\/IMG-20211029-WA0019-320x320.jpg 320w\" sizes=\"(max-width: 150px) 100vw, 150px\" \/><\/a>\n\t\t\t<\/dt><\/dl><dl class='gallery-item'>\n\t\t\t<dt class='gallery-icon landscape'>\n\t\t\t\t<a href='https:\/\/blogsaverroes.juntadeandalucia.es\/cprtorrejaral\/2021\/11\/08\/halloween-2021\/img-20211029-wa0020\/'><img loading=\"lazy\" decoding=\"async\" width=\"150\" height=\"150\" src=\"https:\/\/blogsaverroes.juntadeandalucia.es\/cprtorrejaral\/files\/2021\/11\/IMG-20211029-WA0020-150x150.jpg\" class=\"attachment-thumbnail size-thumbnail\" alt=\"\" srcset=\"https:\/\/blogsaverroes.juntadeandalucia.es\/cprtorrejaral\/files\/2021\/11\/IMG-20211029-WA0020-150x150.jpg 150w, https:\/\/blogsaverroes.juntadeandalucia.es\/cprtorrejaral\/files\/2021\/11\/IMG-20211029-WA0020-80x80.jpg 80w, https:\/\/blogsaverroes.juntadeandalucia.es\/cprtorrejaral\/files\/2021\/11\/IMG-20211029-WA0020-320x320.jpg 320w\" sizes=\"(max-width: 150px) 100vw, 150px\" \/><\/a>\n\t\t\t<\/dt><\/dl><br style=\"clear: both\" \/><dl class='gallery-item'>\n\t\t\t<dt class='gallery-icon landscape'>\n\t\t\t\t<a href='https:\/\/blogsaverroes.juntadeandalucia.es\/cprtorrejaral\/2021\/11\/08\/halloween-2021\/img-20211029-wa0021\/'><img loading=\"lazy\" decoding=\"async\" width=\"150\" height=\"150\" src=\"https:\/\/blogsaverroes.juntadeandalucia.es\/cprtorrejaral\/files\/2021\/11\/IMG-20211029-WA0021-150x150.jpg\" class=\"attachment-thumbnail size-thumbnail\" alt=\"\" srcset=\"https:\/\/blogsaverroes.juntadeandalucia.es\/cprtorrejaral\/files\/2021\/11\/IMG-20211029-WA0021-150x150.jpg 150w, https:\/\/blogsaverroes.juntadeandalucia.es\/cprtorrejaral\/files\/2021\/11\/IMG-20211029-WA0021-80x80.jpg 80w, https:\/\/blogsaverroes.juntadeandalucia.es\/cprtorrejaral\/files\/2021\/11\/IMG-20211029-WA0021-320x320.jpg 320w\" sizes=\"(max-width: 150px) 100vw, 150px\" \/><\/a>\n\t\t\t<\/dt><\/dl><dl class='gallery-item'>\n\t\t\t<dt class='gallery-icon landscape'>\n\t\t\t\t<a href='https:\/\/blogsaverroes.juntadeandalucia.es\/cprtorrejaral\/2021\/11\/08\/halloween-2021\/img-20211029-wa0022\/'><img loading=\"lazy\" decoding=\"async\" width=\"150\" height=\"150\" src=\"https:\/\/blogsaverroes.juntadeandalucia.es\/cprtorrejaral\/files\/2021\/11\/IMG-20211029-WA0022-150x150.jpg\" class=\"attachment-thumbnail size-thumbnail\" alt=\"\" srcset=\"https:\/\/blogsaverroes.juntadeandalucia.es\/cprtorrejaral\/files\/2021\/11\/IMG-20211029-WA0022-150x150.jpg 150w, https:\/\/blogsaverroes.juntadeandalucia.es\/cprtorrejaral\/files\/2021\/11\/IMG-20211029-WA0022-80x80.jpg 80w, https:\/\/blogsaverroes.juntadeandalucia.es\/cprtorrejaral\/files\/2021\/11\/IMG-20211029-WA0022-320x320.jpg 320w\" sizes=\"(max-width: 150px) 100vw, 150px\" \/><\/a>\n\t\t\t<\/dt><\/dl><dl class='gallery-item'>\n\t\t\t<dt class='gallery-icon portrait'>\n\t\t\t\t<a href='https:\/\/blogsaverroes.juntadeandalucia.es\/cprtorrejaral\/2021\/11\/08\/halloween-2021\/img-20211029-wa0023\/'><img loading=\"lazy\" decoding=\"async\" width=\"150\" height=\"150\" src=\"https:\/\/blogsaverroes.juntadeandalucia.es\/cprtorrejaral\/files\/2021\/11\/IMG-20211029-WA0023-150x150.jpg\" class=\"attachment-thumbnail size-thumbnail\" alt=\"\" srcset=\"https:\/\/blogsaverroes.juntadeandalucia.es\/cprtorrejaral\/files\/2021\/11\/IMG-20211029-WA0023-150x150.jpg 150w, https:\/\/blogsaverroes.juntadeandalucia.es\/cprtorrejaral\/files\/2021\/11\/IMG-20211029-WA0023-80x80.jpg 80w, https:\/\/blogsaverroes.juntadeandalucia.es\/cprtorrejaral\/files\/2021\/11\/IMG-20211029-WA0023-320x320.jpg 320w\" sizes=\"(max-width: 150px) 100vw, 150px\" \/><\/a>\n\t\t\t<\/dt><\/dl><br style=\"clear: both\" \/><dl class='gallery-item'>\n\t\t\t<dt class='gallery-icon landscape'>\n\t\t\t\t<a href='https:\/\/blogsaverroes.juntadeandalucia.es\/cprtorrejaral\/2021\/11\/08\/halloween-2021\/img-20211029-wa0024\/'><img loading=\"lazy\" decoding=\"async\" width=\"150\" height=\"150\" src=\"https:\/\/blogsaverroes.juntadeandalucia.es\/cprtorrejaral\/files\/2021\/11\/IMG-20211029-WA0024-150x150.jpg\" class=\"attachment-thumbnail size-thumbnail\" alt=\"\" srcset=\"https:\/\/blogsaverroes.juntadeandalucia.es\/cprtorrejaral\/files\/2021\/11\/IMG-20211029-WA0024-150x150.jpg 150w, https:\/\/blogsaverroes.juntadeandalucia.es\/cprtorrejaral\/files\/2021\/11\/IMG-20211029-WA0024-300x300.jpg 300w, https:\/\/blogsaverroes.juntadeandalucia.es\/cprtorrejaral\/files\/2021\/11\/IMG-20211029-WA0024-768x767.jpg 768w, https:\/\/blogsaverroes.juntadeandalucia.es\/cprtorrejaral\/files\/2021\/11\/IMG-20211029-WA0024-80x80.jpg 80w, https:\/\/blogsaverroes.juntadeandalucia.es\/cprtorrejaral\/files\/2021\/11\/IMG-20211029-WA0024-320x320.jpg 320w, https:\/\/blogsaverroes.juntadeandalucia.es\/cprtorrejaral\/files\/2021\/11\/IMG-20211029-WA0024.jpg 828w\" sizes=\"(max-width: 150px) 100vw, 150px\" \/><\/a>\n\t\t\t<\/dt><\/dl><dl class='gallery-item'>\n\t\t\t<dt class='gallery-icon landscape'>\n\t\t\t\t<a href='https:\/\/blogsaverroes.juntadeandalucia.es\/cprtorrejaral\/2021\/11\/08\/halloween-2021\/img-20211029-wa0025\/'><img loading=\"lazy\" decoding=\"async\" width=\"150\" height=\"150\" src=\"https:\/\/blogsaverroes.juntadeandalucia.es\/cprtorrejaral\/files\/2021\/11\/IMG-20211029-WA0025-150x150.jpg\" class=\"attachment-thumbnail size-thumbnail\" alt=\"\" srcset=\"https:\/\/blogsaverroes.juntadeandalucia.es\/cprtorrejaral\/files\/2021\/11\/IMG-20211029-WA0025-150x150.jpg 150w, https:\/\/blogsaverroes.juntadeandalucia.es\/cprtorrejaral\/files\/2021\/11\/IMG-20211029-WA0025-80x80.jpg 80w, https:\/\/blogsaverroes.juntadeandalucia.es\/cprtorrejaral\/files\/2021\/11\/IMG-20211029-WA0025-320x320.jpg 320w\" sizes=\"(max-width: 150px) 100vw, 150px\" \/><\/a>\n\t\t\t<\/dt><\/dl><dl class='gallery-item'>\n\t\t\t<dt class='gallery-icon landscape'>\n\t\t\t\t<a href='https:\/\/blogsaverroes.juntadeandalucia.es\/cprtorrejaral\/2021\/11\/08\/halloween-2021\/img-20211029-wa0026\/'><img loading=\"lazy\" decoding=\"async\" width=\"150\" height=\"150\" src=\"https:\/\/blogsaverroes.juntadeandalucia.es\/cprtorrejaral\/files\/2021\/11\/IMG-20211029-WA0026-150x150.jpg\" class=\"attachment-thumbnail size-thumbnail\" alt=\"\" srcset=\"https:\/\/blogsaverroes.juntadeandalucia.es\/cprtorrejaral\/files\/2021\/11\/IMG-20211029-WA0026-150x150.jpg 150w, https:\/\/blogsaverroes.juntadeandalucia.es\/cprtorrejaral\/files\/2021\/11\/IMG-20211029-WA0026-80x80.jpg 80w, https:\/\/blogsaverroes.juntadeandalucia.es\/cprtorrejaral\/files\/2021\/11\/IMG-20211029-WA0026-320x320.jpg 320w\" sizes=\"(max-width: 150px) 100vw, 150px\" \/><\/a>\n\t\t\t<\/dt><\/dl><br style=\"clear: both\" \/><dl class='gallery-item'>\n\t\t\t<dt class='gallery-icon landscape'>\n\t\t\t\t<a href='https:\/\/blogsaverroes.juntadeandalucia.es\/cprtorrejaral\/2021\/11\/08\/halloween-2021\/img-20211029-wa0027\/'><img loading=\"lazy\" decoding=\"async\" width=\"150\" height=\"150\" src=\"https:\/\/blogsaverroes.juntadeandalucia.es\/cprtorrejaral\/files\/2021\/11\/IMG-20211029-WA0027-150x150.jpg\" class=\"attachment-thumbnail size-thumbnail\" alt=\"\" srcset=\"https:\/\/blogsaverroes.juntadeandalucia.es\/cprtorrejaral\/files\/2021\/11\/IMG-20211029-WA0027-150x150.jpg 150w, https:\/\/blogsaverroes.juntadeandalucia.es\/cprtorrejaral\/files\/2021\/11\/IMG-20211029-WA0027-80x80.jpg 80w, https:\/\/blogsaverroes.juntadeandalucia.es\/cprtorrejaral\/files\/2021\/11\/IMG-20211029-WA0027-320x320.jpg 320w\" sizes=\"(max-width: 150px) 100vw, 150px\" \/><\/a>\n\t\t\t<\/dt><\/dl><dl class='gallery-item'>\n\t\t\t<dt class='gallery-icon landscape'>\n\t\t\t\t<a href='https:\/\/blogsaverroes.juntadeandalucia.es\/cprtorrejaral\/2021\/11\/08\/halloween-2021\/img-20211029-wa0028\/'><img loading=\"lazy\" decoding=\"async\" width=\"150\" height=\"150\" src=\"https:\/\/blogsaverroes.juntadeandalucia.es\/cprtorrejaral\/files\/2021\/11\/IMG-20211029-WA0028-150x150.jpg\" class=\"attachment-thumbnail size-thumbnail\" alt=\"\" srcset=\"https:\/\/blogsaverroes.juntadeandalucia.es\/cprtorrejaral\/files\/2021\/11\/IMG-20211029-WA0028-150x150.jpg 150w, https:\/\/blogsaverroes.juntadeandalucia.es\/cprtorrejaral\/files\/2021\/11\/IMG-20211029-WA0028-80x80.jpg 80w, https:\/\/blogsaverroes.juntadeandalucia.es\/cprtorrejaral\/files\/2021\/11\/IMG-20211029-WA0028-320x320.jpg 320w\" sizes=\"(max-width: 150px) 100vw, 150px\" \/><\/a>\n\t\t\t<\/dt><\/dl><dl class='gallery-item'>\n\t\t\t<dt class='gallery-icon landscape'>\n\t\t\t\t<a href='https:\/\/blogsaverroes.juntadeandalucia.es\/cprtorrejaral\/2021\/11\/08\/halloween-2021\/img-20211029-wa0029\/'><img loading=\"lazy\" decoding=\"async\" width=\"150\" height=\"150\" src=\"https:\/\/blogsaverroes.juntadeandalucia.es\/cprtorrejaral\/files\/2021\/11\/IMG-20211029-WA0029-150x150.jpg\" class=\"attachment-thumbnail size-thumbnail\" alt=\"\" srcset=\"https:\/\/blogsaverroes.juntadeandalucia.es\/cprtorrejaral\/files\/2021\/11\/IMG-20211029-WA0029-150x150.jpg 150w, https:\/\/blogsaverroes.juntadeandalucia.es\/cprtorrejaral\/files\/2021\/11\/IMG-20211029-WA0029-80x80.jpg 80w, https:\/\/blogsaverroes.juntadeandalucia.es\/cprtorrejaral\/files\/2021\/11\/IMG-20211029-WA0029-320x320.jpg 320w\" sizes=\"(max-width: 150px) 100vw, 150px\" \/><\/a>\n\t\t\t<\/dt><\/dl><br style=\"clear: both\" \/><dl class='gallery-item'>\n\t\t\t<dt class='gallery-icon landscape'>\n\t\t\t\t<a href='https:\/\/blogsaverroes.juntadeandalucia.es\/cprtorrejaral\/2021\/11\/08\/halloween-2021\/img-20211029-wa0030\/'><img loading=\"lazy\" decoding=\"async\" width=\"150\" height=\"150\" src=\"https:\/\/blogsaverroes.juntadeandalucia.es\/cprtorrejaral\/files\/2021\/11\/IMG-20211029-WA0030-150x150.jpg\" class=\"attachment-thumbnail size-thumbnail\" alt=\"\" srcset=\"https:\/\/blogsaverroes.juntadeandalucia.es\/cprtorrejaral\/files\/2021\/11\/IMG-20211029-WA0030-150x150.jpg 150w, https:\/\/blogsaverroes.juntadeandalucia.es\/cprtorrejaral\/files\/2021\/11\/IMG-20211029-WA0030-80x80.jpg 80w, https:\/\/blogsaverroes.juntadeandalucia.es\/cprtorrejaral\/files\/2021\/11\/IMG-20211029-WA0030-320x320.jpg 320w\" sizes=\"(max-width: 150px) 100vw, 150px\" \/><\/a>\n\t\t\t<\/dt><\/dl><dl class='gallery-item'>\n\t\t\t<dt class='gallery-icon landscape'>\n\t\t\t\t<a href='https:\/\/blogsaverroes.juntadeandalucia.es\/cprtorrejaral\/2021\/11\/08\/halloween-2021\/img-20211029-wa0031\/'><img loading=\"lazy\" decoding=\"async\" width=\"150\" height=\"150\" src=\"https:\/\/blogsaverroes.juntadeandalucia.es\/cprtorrejaral\/files\/2021\/11\/IMG-20211029-WA0031-150x150.jpg\" class=\"attachment-thumbnail size-thumbnail\" alt=\"\" srcset=\"https:\/\/blogsaverroes.juntadeandalucia.es\/cprtorrejaral\/files\/2021\/11\/IMG-20211029-WA0031-150x150.jpg 150w, https:\/\/blogsaverroes.juntadeandalucia.es\/cprtorrejaral\/files\/2021\/11\/IMG-20211029-WA0031-80x80.jpg 80w, https:\/\/blogsaverroes.juntadeandalucia.es\/cprtorrejaral\/files\/2021\/11\/IMG-20211029-WA0031-320x320.jpg 320w\" sizes=\"(max-width: 150px) 100vw, 150px\" \/><\/a>\n\t\t\t<\/dt><\/dl><dl class='gallery-item'>\n\t\t\t<dt class='gallery-icon landscape'>\n\t\t\t\t<a href='https:\/\/blogsaverroes.juntadeandalucia.es\/cprtorrejaral\/2021\/11\/08\/halloween-2021\/img-20211029-wa0032\/'><img loading=\"lazy\" decoding=\"async\" width=\"150\" height=\"150\" src=\"https:\/\/blogsaverroes.juntadeandalucia.es\/cprtorrejaral\/files\/2021\/11\/IMG-20211029-WA0032-150x150.jpg\" class=\"attachment-thumbnail size-thumbnail\" alt=\"\" srcset=\"https:\/\/blogsaverroes.juntadeandalucia.es\/cprtorrejaral\/files\/2021\/11\/IMG-20211029-WA0032-150x150.jpg 150w, https:\/\/blogsaverroes.juntadeandalucia.es\/cprtorrejaral\/files\/2021\/11\/IMG-20211029-WA0032-80x80.jpg 80w, https:\/\/blogsaverroes.juntadeandalucia.es\/cprtorrejaral\/files\/2021\/11\/IMG-20211029-WA0032-320x320.jpg 320w\" sizes=\"(max-width: 150px) 100vw, 150px\" \/><\/a>\n\t\t\t<\/dt><\/dl><br style=\"clear: both\" \/><dl class='gallery-item'>\n\t\t\t<dt class='gallery-icon portrait'>\n\t\t\t\t<a href='https:\/\/blogsaverroes.juntadeandalucia.es\/cprtorrejaral\/2021\/11\/08\/halloween-2021\/img-20211029-wa0033\/'><img loading=\"lazy\" decoding=\"async\" width=\"150\" height=\"150\" src=\"https:\/\/blogsaverroes.juntadeandalucia.es\/cprtorrejaral\/files\/2021\/11\/IMG-20211029-WA0033-150x150.jpg\" class=\"attachment-thumbnail size-thumbnail\" alt=\"\" srcset=\"https:\/\/blogsaverroes.juntadeandalucia.es\/cprtorrejaral\/files\/2021\/11\/IMG-20211029-WA0033-150x150.jpg 150w, https:\/\/blogsaverroes.juntadeandalucia.es\/cprtorrejaral\/files\/2021\/11\/IMG-20211029-WA0033-80x80.jpg 80w, https:\/\/blogsaverroes.juntadeandalucia.es\/cprtorrejaral\/files\/2021\/11\/IMG-20211029-WA0033-320x320.jpg 320w\" sizes=\"(max-width: 150px) 100vw, 150px\" \/><\/a>\n\t\t\t<\/dt><\/dl><dl class='gallery-item'>\n\t\t\t<dt class='gallery-icon landscape'>\n\t\t\t\t<a href='https:\/\/blogsaverroes.juntadeandalucia.es\/cprtorrejaral\/2021\/11\/08\/halloween-2021\/img-20211029-wa0034\/'><img loading=\"lazy\" decoding=\"async\" width=\"150\" height=\"150\" src=\"https:\/\/blogsaverroes.juntadeandalucia.es\/cprtorrejaral\/files\/2021\/11\/IMG-20211029-WA0034-150x150.jpg\" class=\"attachment-thumbnail size-thumbnail\" alt=\"\" srcset=\"https:\/\/blogsaverroes.juntadeandalucia.es\/cprtorrejaral\/files\/2021\/11\/IMG-20211029-WA0034-150x150.jpg 150w, https:\/\/blogsaverroes.juntadeandalucia.es\/cprtorrejaral\/files\/2021\/11\/IMG-20211029-WA0034-80x80.jpg 80w, https:\/\/blogsaverroes.juntadeandalucia.es\/cprtorrejaral\/files\/2021\/11\/IMG-20211029-WA0034-320x320.jpg 320w\" sizes=\"(max-width: 150px) 100vw, 150px\" \/><\/a>\n\t\t\t<\/dt><\/dl><dl class='gallery-item'>\n\t\t\t<dt class='gallery-icon portrait'>\n\t\t\t\t<a href='https:\/\/blogsaverroes.juntadeandalucia.es\/cprtorrejaral\/2021\/11\/08\/halloween-2021\/img-20211029-wa0036\/'><img loading=\"lazy\" decoding=\"async\" width=\"150\" height=\"150\" src=\"https:\/\/blogsaverroes.juntadeandalucia.es\/cprtorrejaral\/files\/2021\/11\/IMG-20211029-WA0036-150x150.jpg\" class=\"attachment-thumbnail size-thumbnail\" alt=\"\" srcset=\"https:\/\/blogsaverroes.juntadeandalucia.es\/cprtorrejaral\/files\/2021\/11\/IMG-20211029-WA0036-150x150.jpg 150w, https:\/\/blogsaverroes.juntadeandalucia.es\/cprtorrejaral\/files\/2021\/11\/IMG-20211029-WA0036-80x80.jpg 80w, https:\/\/blogsaverroes.juntadeandalucia.es\/cprtorrejaral\/files\/2021\/11\/IMG-20211029-WA0036-320x320.jpg 320w\" sizes=\"(max-width: 150px) 100vw, 150px\" \/><\/a>\n\t\t\t<\/dt><\/dl><br style=\"clear: both\" \/><dl class='gallery-item'>\n\t\t\t<dt class='gallery-icon portrait'>\n\t\t\t\t<a href='https:\/\/blogsaverroes.juntadeandalucia.es\/cprtorrejaral\/2021\/11\/08\/halloween-2021\/img-20211029-wa0039\/'><img loading=\"lazy\" decoding=\"async\" width=\"150\" height=\"150\" src=\"https:\/\/blogsaverroes.juntadeandalucia.es\/cprtorrejaral\/files\/2021\/11\/IMG-20211029-WA0039-150x150.jpg\" class=\"attachment-thumbnail size-thumbnail\" alt=\"\" srcset=\"https:\/\/blogsaverroes.juntadeandalucia.es\/cprtorrejaral\/files\/2021\/11\/IMG-20211029-WA0039-150x150.jpg 150w, https:\/\/blogsaverroes.juntadeandalucia.es\/cprtorrejaral\/files\/2021\/11\/IMG-20211029-WA0039-80x80.jpg 80w, https:\/\/blogsaverroes.juntadeandalucia.es\/cprtorrejaral\/files\/2021\/11\/IMG-20211029-WA0039-320x320.jpg 320w\" sizes=\"(max-width: 150px) 100vw, 150px\" \/><\/a>\n\t\t\t<\/dt><\/dl><dl class='gallery-item'>\n\t\t\t<dt class='gallery-icon portrait'>\n\t\t\t\t<a href='https:\/\/blogsaverroes.juntadeandalucia.es\/cprtorrejaral\/2021\/11\/08\/halloween-2021\/img-20211030-wa0000\/'><img loading=\"lazy\" decoding=\"async\" width=\"150\" height=\"150\" src=\"https:\/\/blogsaverroes.juntadeandalucia.es\/cprtorrejaral\/files\/2021\/11\/IMG-20211030-WA0000-150x150.jpg\" class=\"attachment-thumbnail size-thumbnail\" alt=\"\" srcset=\"https:\/\/blogsaverroes.juntadeandalucia.es\/cprtorrejaral\/files\/2021\/11\/IMG-20211030-WA0000-150x150.jpg 150w, https:\/\/blogsaverroes.juntadeandalucia.es\/cprtorrejaral\/files\/2021\/11\/IMG-20211030-WA0000-80x80.jpg 80w, https:\/\/blogsaverroes.juntadeandalucia.es\/cprtorrejaral\/files\/2021\/11\/IMG-20211030-WA0000-320x320.jpg 320w\" sizes=\"(max-width: 150px) 100vw, 150px\" \/><\/a>\n\t\t\t<\/dt><\/dl><dl class='gallery-item'>\n\t\t\t<dt class='gallery-icon landscape'>\n\t\t\t\t<a href='https:\/\/blogsaverroes.juntadeandalucia.es\/cprtorrejaral\/2021\/11\/08\/halloween-2021\/img-20211030-wa0001\/'><img loading=\"lazy\" decoding=\"async\" width=\"150\" height=\"150\" src=\"https:\/\/blogsaverroes.juntadeandalucia.es\/cprtorrejaral\/files\/2021\/11\/IMG-20211030-WA0001-150x150.jpg\" class=\"attachment-thumbnail size-thumbnail\" alt=\"\" srcset=\"https:\/\/blogsaverroes.juntadeandalucia.es\/cprtorrejaral\/files\/2021\/11\/IMG-20211030-WA0001-150x150.jpg 150w, https:\/\/blogsaverroes.juntadeandalucia.es\/cprtorrejaral\/files\/2021\/11\/IMG-20211030-WA0001-80x80.jpg 80w, https:\/\/blogsaverroes.juntadeandalucia.es\/cprtorrejaral\/files\/2021\/11\/IMG-20211030-WA0001-320x320.jpg 320w\" sizes=\"(max-width: 150px) 100vw, 150px\" \/><\/a>\n\t\t\t<\/dt><\/dl><br style=\"clear: both\" \/><dl class='gallery-item'>\n\t\t\t<dt class='gallery-icon landscape'>\n\t\t\t\t<a href='https:\/\/blogsaverroes.juntadeandalucia.es\/cprtorrejaral\/2021\/11\/08\/halloween-2021\/img-20211030-wa0002\/'><img loading=\"lazy\" decoding=\"async\" width=\"150\" height=\"150\" src=\"https:\/\/blogsaverroes.juntadeandalucia.es\/cprtorrejaral\/files\/2021\/11\/IMG-20211030-WA0002-150x150.jpg\" class=\"attachment-thumbnail size-thumbnail\" alt=\"\" srcset=\"https:\/\/blogsaverroes.juntadeandalucia.es\/cprtorrejaral\/files\/2021\/11\/IMG-20211030-WA0002-150x150.jpg 150w, https:\/\/blogsaverroes.juntadeandalucia.es\/cprtorrejaral\/files\/2021\/11\/IMG-20211030-WA0002-80x80.jpg 80w, https:\/\/blogsaverroes.juntadeandalucia.es\/cprtorrejaral\/files\/2021\/11\/IMG-20211030-WA0002-320x320.jpg 320w\" sizes=\"(max-width: 150px) 100vw, 150px\" \/><\/a>\n\t\t\t<\/dt><\/dl><dl class='gallery-item'>\n\t\t\t<dt class='gallery-icon portrait'>\n\t\t\t\t<a href='https:\/\/blogsaverroes.juntadeandalucia.es\/cprtorrejaral\/2021\/11\/08\/halloween-2021\/img-20211030-wa0004\/'><img loading=\"lazy\" decoding=\"async\" width=\"150\" height=\"150\" src=\"https:\/\/blogsaverroes.juntadeandalucia.es\/cprtorrejaral\/files\/2021\/11\/IMG-20211030-WA0004-150x150.jpg\" class=\"attachment-thumbnail size-thumbnail\" alt=\"\" srcset=\"https:\/\/blogsaverroes.juntadeandalucia.es\/cprtorrejaral\/files\/2021\/11\/IMG-20211030-WA0004-150x150.jpg 150w, https:\/\/blogsaverroes.juntadeandalucia.es\/cprtorrejaral\/files\/2021\/11\/IMG-20211030-WA0004-80x80.jpg 80w, https:\/\/blogsaverroes.juntadeandalucia.es\/cprtorrejaral\/files\/2021\/11\/IMG-20211030-WA0004-320x320.jpg 320w\" sizes=\"(max-width: 150px) 100vw, 150px\" \/><\/a>\n\t\t\t<\/dt><\/dl><dl class='gallery-item'>\n\t\t\t<dt class='gallery-icon landscape'>\n\t\t\t\t<a href='https:\/\/blogsaverroes.juntadeandalucia.es\/cprtorrejaral\/2021\/11\/08\/halloween-2021\/img-20211030-wa0005\/'><img loading=\"lazy\" decoding=\"async\" width=\"150\" height=\"150\" src=\"https:\/\/blogsaverroes.juntadeandalucia.es\/cprtorrejaral\/files\/2021\/11\/IMG-20211030-WA0005-150x150.jpg\" class=\"attachment-thumbnail size-thumbnail\" alt=\"\" srcset=\"https:\/\/blogsaverroes.juntadeandalucia.es\/cprtorrejaral\/files\/2021\/11\/IMG-20211030-WA0005-150x150.jpg 150w, https:\/\/blogsaverroes.juntadeandalucia.es\/cprtorrejaral\/files\/2021\/11\/IMG-20211030-WA0005-80x80.jpg 80w, https:\/\/blogsaverroes.juntadeandalucia.es\/cprtorrejaral\/files\/2021\/11\/IMG-20211030-WA0005-320x320.jpg 320w\" sizes=\"(max-width: 150px) 100vw, 150px\" \/><\/a>\n\t\t\t<\/dt><\/dl><br style=\"clear: both\" \/><dl class='gallery-item'>\n\t\t\t<dt class='gallery-icon landscape'>\n\t\t\t\t<a href='https:\/\/blogsaverroes.juntadeandalucia.es\/cprtorrejaral\/2021\/11\/08\/halloween-2021\/img-20211030-wa0006\/'><img loading=\"lazy\" decoding=\"async\" width=\"150\" height=\"150\" src=\"https:\/\/blogsaverroes.juntadeandalucia.es\/cprtorrejaral\/files\/2021\/11\/IMG-20211030-WA0006-150x150.jpg\" class=\"attachment-thumbnail size-thumbnail\" alt=\"\" srcset=\"https:\/\/blogsaverroes.juntadeandalucia.es\/cprtorrejaral\/files\/2021\/11\/IMG-20211030-WA0006-150x150.jpg 150w, https:\/\/blogsaverroes.juntadeandalucia.es\/cprtorrejaral\/files\/2021\/11\/IMG-20211030-WA0006-80x80.jpg 80w, https:\/\/blogsaverroes.juntadeandalucia.es\/cprtorrejaral\/files\/2021\/11\/IMG-20211030-WA0006-320x320.jpg 320w\" sizes=\"(max-width: 150px) 100vw, 150px\" \/><\/a>\n\t\t\t<\/dt><\/dl><dl class='gallery-item'>\n\t\t\t<dt class='gallery-icon landscape'>\n\t\t\t\t<a href='https:\/\/blogsaverroes.juntadeandalucia.es\/cprtorrejaral\/2021\/11\/08\/halloween-2021\/img-20211030-wa0007\/'><img loading=\"lazy\" decoding=\"async\" width=\"150\" height=\"150\" src=\"https:\/\/blogsaverroes.juntadeandalucia.es\/cprtorrejaral\/files\/2021\/11\/IMG-20211030-WA0007-150x150.jpg\" class=\"attachment-thumbnail size-thumbnail\" alt=\"\" srcset=\"https:\/\/blogsaverroes.juntadeandalucia.es\/cprtorrejaral\/files\/2021\/11\/IMG-20211030-WA0007-150x150.jpg 150w, https:\/\/blogsaverroes.juntadeandalucia.es\/cprtorrejaral\/files\/2021\/11\/IMG-20211030-WA0007-80x80.jpg 80w, https:\/\/blogsaverroes.juntadeandalucia.es\/cprtorrejaral\/files\/2021\/11\/IMG-20211030-WA0007-320x320.jpg 320w\" sizes=\"(max-width: 150px) 100vw, 150px\" \/><\/a>\n\t\t\t<\/dt><\/dl><dl class='gallery-item'>\n\t\t\t<dt class='gallery-icon landscape'>\n\t\t\t\t<a href='https:\/\/blogsaverroes.juntadeandalucia.es\/cprtorrejaral\/2021\/11\/08\/halloween-2021\/img-20211030-wa0008\/'><img loading=\"lazy\" decoding=\"async\" width=\"150\" height=\"150\" src=\"https:\/\/blogsaverroes.juntadeandalucia.es\/cprtorrejaral\/files\/2021\/11\/IMG-20211030-WA0008-150x150.jpg\" class=\"attachment-thumbnail size-thumbnail\" alt=\"\" srcset=\"https:\/\/blogsaverroes.juntadeandalucia.es\/cprtorrejaral\/files\/2021\/11\/IMG-20211030-WA0008-150x150.jpg 150w, https:\/\/blogsaverroes.juntadeandalucia.es\/cprtorrejaral\/files\/2021\/11\/IMG-20211030-WA0008-80x80.jpg 80w, https:\/\/blogsaverroes.juntadeandalucia.es\/cprtorrejaral\/files\/2021\/11\/IMG-20211030-WA0008-320x320.jpg 320w\" sizes=\"(max-width: 150px) 100vw, 150px\" \/><\/a>\n\t\t\t<\/dt><\/dl><br style=\"clear: both\" \/><dl class='gallery-item'>\n\t\t\t<dt class='gallery-icon portrait'>\n\t\t\t\t<a href='https:\/\/blogsaverroes.juntadeandalucia.es\/cprtorrejaral\/2021\/11\/08\/halloween-2021\/img-20211030-wa0009\/'><img loading=\"lazy\" decoding=\"async\" width=\"150\" height=\"150\" src=\"https:\/\/blogsaverroes.juntadeandalucia.es\/cprtorrejaral\/files\/2021\/11\/IMG-20211030-WA0009-150x150.jpg\" class=\"attachment-thumbnail size-thumbnail\" alt=\"\" srcset=\"https:\/\/blogsaverroes.juntadeandalucia.es\/cprtorrejaral\/files\/2021\/11\/IMG-20211030-WA0009-150x150.jpg 150w, https:\/\/blogsaverroes.juntadeandalucia.es\/cprtorrejaral\/files\/2021\/11\/IMG-20211030-WA0009-80x80.jpg 80w, https:\/\/blogsaverroes.juntadeandalucia.es\/cprtorrejaral\/files\/2021\/11\/IMG-20211030-WA0009-320x320.jpg 320w\" sizes=\"(max-width: 150px) 100vw, 150px\" \/><\/a>\n\t\t\t<\/dt><\/dl><dl class='gallery-item'>\n\t\t\t<dt class='gallery-icon landscape'>\n\t\t\t\t<a href='https:\/\/blogsaverroes.juntadeandalucia.es\/cprtorrejaral\/2021\/11\/08\/halloween-2021\/img-20211030-wa0010\/'><img loading=\"lazy\" decoding=\"async\" width=\"150\" height=\"150\" src=\"https:\/\/blogsaverroes.juntadeandalucia.es\/cprtorrejaral\/files\/2021\/11\/IMG-20211030-WA0010-150x150.jpg\" class=\"attachment-thumbnail size-thumbnail\" alt=\"\" srcset=\"https:\/\/blogsaverroes.juntadeandalucia.es\/cprtorrejaral\/files\/2021\/11\/IMG-20211030-WA0010-150x150.jpg 150w, https:\/\/blogsaverroes.juntadeandalucia.es\/cprtorrejaral\/files\/2021\/11\/IMG-20211030-WA0010-80x80.jpg 80w, https:\/\/blogsaverroes.juntadeandalucia.es\/cprtorrejaral\/files\/2021\/11\/IMG-20211030-WA0010-320x320.jpg 320w\" sizes=\"(max-width: 150px) 100vw, 150px\" \/><\/a>\n\t\t\t<\/dt><\/dl><dl class='gallery-item'>\n\t\t\t<dt class='gallery-icon landscape'>\n\t\t\t\t<a href='https:\/\/blogsaverroes.juntadeandalucia.es\/cprtorrejaral\/2021\/11\/08\/halloween-2021\/img-20211030-wa0011\/'><img loading=\"lazy\" decoding=\"async\" width=\"150\" height=\"150\" src=\"https:\/\/blogsaverroes.juntadeandalucia.es\/cprtorrejaral\/files\/2021\/11\/IMG-20211030-WA0011-150x150.jpg\" class=\"attachment-thumbnail size-thumbnail\" alt=\"\" srcset=\"https:\/\/blogsaverroes.juntadeandalucia.es\/cprtorrejaral\/files\/2021\/11\/IMG-20211030-WA0011-150x150.jpg 150w, https:\/\/blogsaverroes.juntadeandalucia.es\/cprtorrejaral\/files\/2021\/11\/IMG-20211030-WA0011-80x80.jpg 80w, https:\/\/blogsaverroes.juntadeandalucia.es\/cprtorrejaral\/files\/2021\/11\/IMG-20211030-WA0011-320x320.jpg 320w\" sizes=\"(max-width: 150px) 100vw, 150px\" \/><\/a>\n\t\t\t<\/dt><\/dl><br style=\"clear: both\" \/><dl class='gallery-item'>\n\t\t\t<dt class='gallery-icon landscape'>\n\t\t\t\t<a href='https:\/\/blogsaverroes.juntadeandalucia.es\/cprtorrejaral\/2021\/11\/08\/halloween-2021\/img-20211030-wa0012\/'><img loading=\"lazy\" decoding=\"async\" width=\"150\" height=\"150\" src=\"https:\/\/blogsaverroes.juntadeandalucia.es\/cprtorrejaral\/files\/2021\/11\/IMG-20211030-WA0012-150x150.jpg\" class=\"attachment-thumbnail size-thumbnail\" alt=\"\" srcset=\"https:\/\/blogsaverroes.juntadeandalucia.es\/cprtorrejaral\/files\/2021\/11\/IMG-20211030-WA0012-150x150.jpg 150w, https:\/\/blogsaverroes.juntadeandalucia.es\/cprtorrejaral\/files\/2021\/11\/IMG-20211030-WA0012-80x80.jpg 80w, https:\/\/blogsaverroes.juntadeandalucia.es\/cprtorrejaral\/files\/2021\/11\/IMG-20211030-WA0012-320x320.jpg 320w\" sizes=\"(max-width: 150px) 100vw, 150px\" \/><\/a>\n\t\t\t<\/dt><\/dl><dl class='gallery-item'>\n\t\t\t<dt class='gallery-icon landscape'>\n\t\t\t\t<a href='https:\/\/blogsaverroes.juntadeandalucia.es\/cprtorrejaral\/2021\/11\/08\/halloween-2021\/img-20211030-wa0013\/'><img loading=\"lazy\" decoding=\"async\" width=\"150\" height=\"150\" src=\"https:\/\/blogsaverroes.juntadeandalucia.es\/cprtorrejaral\/files\/2021\/11\/IMG-20211030-WA0013-150x150.jpg\" class=\"attachment-thumbnail size-thumbnail\" alt=\"\" srcset=\"https:\/\/blogsaverroes.juntadeandalucia.es\/cprtorrejaral\/files\/2021\/11\/IMG-20211030-WA0013-150x150.jpg 150w, https:\/\/blogsaverroes.juntadeandalucia.es\/cprtorrejaral\/files\/2021\/11\/IMG-20211030-WA0013-80x80.jpg 80w, https:\/\/blogsaverroes.juntadeandalucia.es\/cprtorrejaral\/files\/2021\/11\/IMG-20211030-WA0013-320x320.jpg 320w\" sizes=\"(max-width: 150px) 100vw, 150px\" \/><\/a>\n\t\t\t<\/dt><\/dl><dl class='gallery-item'>\n\t\t\t<dt class='gallery-icon landscape'>\n\t\t\t\t<a href='https:\/\/blogsaverroes.juntadeandalucia.es\/cprtorrejaral\/2021\/11\/08\/halloween-2021\/img-20211030-wa0014\/'><img loading=\"lazy\" decoding=\"async\" width=\"150\" height=\"150\" src=\"https:\/\/blogsaverroes.juntadeandalucia.es\/cprtorrejaral\/files\/2021\/11\/IMG-20211030-WA0014-150x150.jpg\" class=\"attachment-thumbnail size-thumbnail\" alt=\"\" srcset=\"https:\/\/blogsaverroes.juntadeandalucia.es\/cprtorrejaral\/files\/2021\/11\/IMG-20211030-WA0014-150x150.jpg 150w, https:\/\/blogsaverroes.juntadeandalucia.es\/cprtorrejaral\/files\/2021\/11\/IMG-20211030-WA0014-80x80.jpg 80w, https:\/\/blogsaverroes.juntadeandalucia.es\/cprtorrejaral\/files\/2021\/11\/IMG-20211030-WA0014-320x320.jpg 320w\" sizes=\"(max-width: 150px) 100vw, 150px\" \/><\/a>\n\t\t\t<\/dt><\/dl><br style=\"clear: both\" \/><dl class='gallery-item'>\n\t\t\t<dt class='gallery-icon landscape'>\n\t\t\t\t<a href='https:\/\/blogsaverroes.juntadeandalucia.es\/cprtorrejaral\/2021\/11\/08\/halloween-2021\/img-20211030-wa0015\/'><img loading=\"lazy\" decoding=\"async\" width=\"150\" height=\"150\" src=\"https:\/\/blogsaverroes.juntadeandalucia.es\/cprtorrejaral\/files\/2021\/11\/IMG-20211030-WA0015-150x150.jpg\" class=\"attachment-thumbnail size-thumbnail\" alt=\"\" srcset=\"https:\/\/blogsaverroes.juntadeandalucia.es\/cprtorrejaral\/files\/2021\/11\/IMG-20211030-WA0015-150x150.jpg 150w, https:\/\/blogsaverroes.juntadeandalucia.es\/cprtorrejaral\/files\/2021\/11\/IMG-20211030-WA0015-80x80.jpg 80w, https:\/\/blogsaverroes.juntadeandalucia.es\/cprtorrejaral\/files\/2021\/11\/IMG-20211030-WA0015-320x320.jpg 320w\" sizes=\"(max-width: 150px) 100vw, 150px\" \/><\/a>\n\t\t\t<\/dt><\/dl><dl class='gallery-item'>\n\t\t\t<dt class='gallery-icon landscape'>\n\t\t\t\t<a href='https:\/\/blogsaverroes.juntadeandalucia.es\/cprtorrejaral\/2021\/11\/08\/halloween-2021\/img-20211030-wa0016\/'><img loading=\"lazy\" decoding=\"async\" width=\"150\" height=\"150\" src=\"https:\/\/blogsaverroes.juntadeandalucia.es\/cprtorrejaral\/files\/2021\/11\/IMG-20211030-WA0016-150x150.jpg\" class=\"attachment-thumbnail size-thumbnail\" alt=\"\" srcset=\"https:\/\/blogsaverroes.juntadeandalucia.es\/cprtorrejaral\/files\/2021\/11\/IMG-20211030-WA0016-150x150.jpg 150w, https:\/\/blogsaverroes.juntadeandalucia.es\/cprtorrejaral\/files\/2021\/11\/IMG-20211030-WA0016-80x80.jpg 80w, https:\/\/blogsaverroes.juntadeandalucia.es\/cprtorrejaral\/files\/2021\/11\/IMG-20211030-WA0016-320x320.jpg 320w\" sizes=\"(max-width: 150px) 100vw, 150px\" \/><\/a>\n\t\t\t<\/dt><\/dl><dl class='gallery-item'>\n\t\t\t<dt class='gallery-icon landscape'>\n\t\t\t\t<a href='https:\/\/blogsaverroes.juntadeandalucia.es\/cprtorrejaral\/2021\/11\/08\/halloween-2021\/img-20211030-wa0017\/'><img loading=\"lazy\" decoding=\"async\" width=\"150\" height=\"150\" src=\"https:\/\/blogsaverroes.juntadeandalucia.es\/cprtorrejaral\/files\/2021\/11\/IMG-20211030-WA0017-150x150.jpg\" class=\"attachment-thumbnail size-thumbnail\" alt=\"\" srcset=\"https:\/\/blogsaverroes.juntadeandalucia.es\/cprtorrejaral\/files\/2021\/11\/IMG-20211030-WA0017-150x150.jpg 150w, https:\/\/blogsaverroes.juntadeandalucia.es\/cprtorrejaral\/files\/2021\/11\/IMG-20211030-WA0017-80x80.jpg 80w, https:\/\/blogsaverroes.juntadeandalucia.es\/cprtorrejaral\/files\/2021\/11\/IMG-20211030-WA0017-320x320.jpg 320w\" sizes=\"(max-width: 150px) 100vw, 150px\" \/><\/a>\n\t\t\t<\/dt><\/dl><br style=\"clear: both\" \/><dl class='gallery-item'>\n\t\t\t<dt class='gallery-icon landscape'>\n\t\t\t\t<a href='https:\/\/blogsaverroes.juntadeandalucia.es\/cprtorrejaral\/2021\/11\/08\/halloween-2021\/img-20211030-wa0018\/'><img loading=\"lazy\" decoding=\"async\" width=\"150\" height=\"150\" src=\"https:\/\/blogsaverroes.juntadeandalucia.es\/cprtorrejaral\/files\/2021\/11\/IMG-20211030-WA0018-150x150.jpg\" class=\"attachment-thumbnail size-thumbnail\" alt=\"\" srcset=\"https:\/\/blogsaverroes.juntadeandalucia.es\/cprtorrejaral\/files\/2021\/11\/IMG-20211030-WA0018-150x150.jpg 150w, https:\/\/blogsaverroes.juntadeandalucia.es\/cprtorrejaral\/files\/2021\/11\/IMG-20211030-WA0018-80x80.jpg 80w, https:\/\/blogsaverroes.juntadeandalucia.es\/cprtorrejaral\/files\/2021\/11\/IMG-20211030-WA0018-320x320.jpg 320w\" sizes=\"(max-width: 150px) 100vw, 150px\" \/><\/a>\n\t\t\t<\/dt><\/dl><dl class='gallery-item'>\n\t\t\t<dt class='gallery-icon landscape'>\n\t\t\t\t<a href='https:\/\/blogsaverroes.juntadeandalucia.es\/cprtorrejaral\/2021\/11\/08\/halloween-2021\/img-20211030-wa0019\/'><img loading=\"lazy\" decoding=\"async\" width=\"150\" height=\"150\" src=\"https:\/\/blogsaverroes.juntadeandalucia.es\/cprtorrejaral\/files\/2021\/11\/IMG-20211030-WA0019-150x150.jpg\" class=\"attachment-thumbnail size-thumbnail\" alt=\"\" srcset=\"https:\/\/blogsaverroes.juntadeandalucia.es\/cprtorrejaral\/files\/2021\/11\/IMG-20211030-WA0019-150x150.jpg 150w, https:\/\/blogsaverroes.juntadeandalucia.es\/cprtorrejaral\/files\/2021\/11\/IMG-20211030-WA0019-80x80.jpg 80w, https:\/\/blogsaverroes.juntadeandalucia.es\/cprtorrejaral\/files\/2021\/11\/IMG-20211030-WA0019-320x320.jpg 320w\" sizes=\"(max-width: 150px) 100vw, 150px\" \/><\/a>\n\t\t\t<\/dt><\/dl><dl class='gallery-item'>\n\t\t\t<dt class='gallery-icon landscape'>\n\t\t\t\t<a href='https:\/\/blogsaverroes.juntadeandalucia.es\/cprtorrejaral\/2021\/11\/08\/halloween-2021\/img-20211030-wa0020\/'><img loading=\"lazy\" decoding=\"async\" width=\"150\" height=\"150\" src=\"https:\/\/blogsaverroes.juntadeandalucia.es\/cprtorrejaral\/files\/2021\/11\/IMG-20211030-WA0020-150x150.jpg\" class=\"attachment-thumbnail size-thumbnail\" alt=\"\" srcset=\"https:\/\/blogsaverroes.juntadeandalucia.es\/cprtorrejaral\/files\/2021\/11\/IMG-20211030-WA0020-150x150.jpg 150w, https:\/\/blogsaverroes.juntadeandalucia.es\/cprtorrejaral\/files\/2021\/11\/IMG-20211030-WA0020-80x80.jpg 80w, https:\/\/blogsaverroes.juntadeandalucia.es\/cprtorrejaral\/files\/2021\/11\/IMG-20211030-WA0020-320x320.jpg 320w\" sizes=\"(max-width: 150px) 100vw, 150px\" \/><\/a>\n\t\t\t<\/dt><\/dl><br style=\"clear: both\" \/><dl class='gallery-item'>\n\t\t\t<dt class='gallery-icon landscape'>\n\t\t\t\t<a href='https:\/\/blogsaverroes.juntadeandalucia.es\/cprtorrejaral\/2021\/11\/08\/halloween-2021\/img-20211030-wa0021\/'><img loading=\"lazy\" decoding=\"async\" width=\"150\" height=\"150\" src=\"https:\/\/blogsaverroes.juntadeandalucia.es\/cprtorrejaral\/files\/2021\/11\/IMG-20211030-WA0021-150x150.jpg\" class=\"attachment-thumbnail size-thumbnail\" alt=\"\" srcset=\"https:\/\/blogsaverroes.juntadeandalucia.es\/cprtorrejaral\/files\/2021\/11\/IMG-20211030-WA0021-150x150.jpg 150w, https:\/\/blogsaverroes.juntadeandalucia.es\/cprtorrejaral\/files\/2021\/11\/IMG-20211030-WA0021-80x80.jpg 80w, https:\/\/blogsaverroes.juntadeandalucia.es\/cprtorrejaral\/files\/2021\/11\/IMG-20211030-WA0021-320x320.jpg 320w\" sizes=\"(max-width: 150px) 100vw, 150px\" \/><\/a>\n\t\t\t<\/dt><\/dl><dl class='gallery-item'>\n\t\t\t<dt class='gallery-icon landscape'>\n\t\t\t\t<a href='https:\/\/blogsaverroes.juntadeandalucia.es\/cprtorrejaral\/2021\/11\/08\/halloween-2021\/img-20211030-wa0022\/'><img loading=\"lazy\" decoding=\"async\" width=\"150\" height=\"150\" src=\"https:\/\/blogsaverroes.juntadeandalucia.es\/cprtorrejaral\/files\/2021\/11\/IMG-20211030-WA0022-150x150.jpg\" class=\"attachment-thumbnail size-thumbnail\" alt=\"\" srcset=\"https:\/\/blogsaverroes.juntadeandalucia.es\/cprtorrejaral\/files\/2021\/11\/IMG-20211030-WA0022-150x150.jpg 150w, https:\/\/blogsaverroes.juntadeandalucia.es\/cprtorrejaral\/files\/2021\/11\/IMG-20211030-WA0022-80x80.jpg 80w, https:\/\/blogsaverroes.juntadeandalucia.es\/cprtorrejaral\/files\/2021\/11\/IMG-20211030-WA0022-320x320.jpg 320w\" sizes=\"(max-width: 150px) 100vw, 150px\" \/><\/a>\n\t\t\t<\/dt><\/dl><dl class='gallery-item'>\n\t\t\t<dt class='gallery-icon landscape'>\n\t\t\t\t<a href='https:\/\/blogsaverroes.juntadeandalucia.es\/cprtorrejaral\/2021\/11\/08\/halloween-2021\/img-20211030-wa0023\/'><img loading=\"lazy\" decoding=\"async\" width=\"150\" height=\"150\" src=\"https:\/\/blogsaverroes.juntadeandalucia.es\/cprtorrejaral\/files\/2021\/11\/IMG-20211030-WA0023-150x150.jpg\" class=\"attachment-thumbnail size-thumbnail\" alt=\"\" srcset=\"https:\/\/blogsaverroes.juntadeandalucia.es\/cprtorrejaral\/files\/2021\/11\/IMG-20211030-WA0023-150x150.jpg 150w, https:\/\/blogsaverroes.juntadeandalucia.es\/cprtorrejaral\/files\/2021\/11\/IMG-20211030-WA0023-80x80.jpg 80w, https:\/\/blogsaverroes.juntadeandalucia.es\/cprtorrejaral\/files\/2021\/11\/IMG-20211030-WA0023-320x320.jpg 320w\" sizes=\"(max-width: 150px) 100vw, 150px\" \/><\/a>\n\t\t\t<\/dt><\/dl><br style=\"clear: both\" \/><dl class='gallery-item'>\n\t\t\t<dt class='gallery-icon landscape'>\n\t\t\t\t<a href='https:\/\/blogsaverroes.juntadeandalucia.es\/cprtorrejaral\/2021\/11\/08\/halloween-2021\/img-20211030-wa0024\/'><img loading=\"lazy\" decoding=\"async\" width=\"150\" height=\"150\" src=\"https:\/\/blogsaverroes.juntadeandalucia.es\/cprtorrejaral\/files\/2021\/11\/IMG-20211030-WA0024-150x150.jpg\" class=\"attachment-thumbnail size-thumbnail\" alt=\"\" srcset=\"https:\/\/blogsaverroes.juntadeandalucia.es\/cprtorrejaral\/files\/2021\/11\/IMG-20211030-WA0024-150x150.jpg 150w, https:\/\/blogsaverroes.juntadeandalucia.es\/cprtorrejaral\/files\/2021\/11\/IMG-20211030-WA0024-80x80.jpg 80w, https:\/\/blogsaverroes.juntadeandalucia.es\/cprtorrejaral\/files\/2021\/11\/IMG-20211030-WA0024-320x320.jpg 320w\" sizes=\"(max-width: 150px) 100vw, 150px\" \/><\/a>\n\t\t\t<\/dt><\/dl><dl class='gallery-item'>\n\t\t\t<dt class='gallery-icon landscape'>\n\t\t\t\t<a href='https:\/\/blogsaverroes.juntadeandalucia.es\/cprtorrejaral\/2021\/11\/08\/halloween-2021\/img-20211030-wa0025\/'><img loading=\"lazy\" decoding=\"async\" width=\"150\" height=\"150\" src=\"https:\/\/blogsaverroes.juntadeandalucia.es\/cprtorrejaral\/files\/2021\/11\/IMG-20211030-WA0025-150x150.jpg\" class=\"attachment-thumbnail size-thumbnail\" alt=\"\" srcset=\"https:\/\/blogsaverroes.juntadeandalucia.es\/cprtorrejaral\/files\/2021\/11\/IMG-20211030-WA0025-150x150.jpg 150w, https:\/\/blogsaverroes.juntadeandalucia.es\/cprtorrejaral\/files\/2021\/11\/IMG-20211030-WA0025-80x80.jpg 80w, https:\/\/blogsaverroes.juntadeandalucia.es\/cprtorrejaral\/files\/2021\/11\/IMG-20211030-WA0025-320x320.jpg 320w\" sizes=\"(max-width: 150px) 100vw, 150px\" \/><\/a>\n\t\t\t<\/dt><\/dl><dl class='gallery-item'>\n\t\t\t<dt class='gallery-icon landscape'>\n\t\t\t\t<a href='https:\/\/blogsaverroes.juntadeandalucia.es\/cprtorrejaral\/2021\/11\/08\/halloween-2021\/img-20211030-wa0026\/'><img loading=\"lazy\" decoding=\"async\" width=\"150\" height=\"150\" src=\"https:\/\/blogsaverroes.juntadeandalucia.es\/cprtorrejaral\/files\/2021\/11\/IMG-20211030-WA0026-150x150.jpg\" class=\"attachment-thumbnail size-thumbnail\" alt=\"\" srcset=\"https:\/\/blogsaverroes.juntadeandalucia.es\/cprtorrejaral\/files\/2021\/11\/IMG-20211030-WA0026-150x150.jpg 150w, https:\/\/blogsaverroes.juntadeandalucia.es\/cprtorrejaral\/files\/2021\/11\/IMG-20211030-WA0026-80x80.jpg 80w, https:\/\/blogsaverroes.juntadeandalucia.es\/cprtorrejaral\/files\/2021\/11\/IMG-20211030-WA0026-320x320.jpg 320w\" sizes=\"(max-width: 150px) 100vw, 150px\" \/><\/a>\n\t\t\t<\/dt><\/dl><br style=\"clear: both\" \/><dl class='gallery-item'>\n\t\t\t<dt class='gallery-icon portrait'>\n\t\t\t\t<a href='https:\/\/blogsaverroes.juntadeandalucia.es\/cprtorrejaral\/2021\/11\/08\/halloween-2021\/img-20211030-wa0027\/'><img loading=\"lazy\" decoding=\"async\" width=\"150\" height=\"150\" src=\"https:\/\/blogsaverroes.juntadeandalucia.es\/cprtorrejaral\/files\/2021\/11\/IMG-20211030-WA0027-150x150.jpg\" class=\"attachment-thumbnail size-thumbnail\" alt=\"\" srcset=\"https:\/\/blogsaverroes.juntadeandalucia.es\/cprtorrejaral\/files\/2021\/11\/IMG-20211030-WA0027-150x150.jpg 150w, https:\/\/blogsaverroes.juntadeandalucia.es\/cprtorrejaral\/files\/2021\/11\/IMG-20211030-WA0027-80x80.jpg 80w, https:\/\/blogsaverroes.juntadeandalucia.es\/cprtorrejaral\/files\/2021\/11\/IMG-20211030-WA0027-320x320.jpg 320w\" sizes=\"(max-width: 150px) 100vw, 150px\" \/><\/a>\n\t\t\t<\/dt><\/dl><dl class='gallery-item'>\n\t\t\t<dt class='gallery-icon landscape'>\n\t\t\t\t<a href='https:\/\/blogsaverroes.juntadeandalucia.es\/cprtorrejaral\/2021\/11\/08\/halloween-2021\/img-20211030-wa0028\/'><img loading=\"lazy\" decoding=\"async\" width=\"150\" height=\"150\" src=\"https:\/\/blogsaverroes.juntadeandalucia.es\/cprtorrejaral\/files\/2021\/11\/IMG-20211030-WA0028-150x150.jpg\" class=\"attachment-thumbnail size-thumbnail\" alt=\"\" srcset=\"https:\/\/blogsaverroes.juntadeandalucia.es\/cprtorrejaral\/files\/2021\/11\/IMG-20211030-WA0028-150x150.jpg 150w, https:\/\/blogsaverroes.juntadeandalucia.es\/cprtorrejaral\/files\/2021\/11\/IMG-20211030-WA0028-80x80.jpg 80w, https:\/\/blogsaverroes.juntadeandalucia.es\/cprtorrejaral\/files\/2021\/11\/IMG-20211030-WA0028-320x320.jpg 320w\" sizes=\"(max-width: 150px) 100vw, 150px\" \/><\/a>\n\t\t\t<\/dt><\/dl><dl class='gallery-item'>\n\t\t\t<dt class='gallery-icon portrait'>\n\t\t\t\t<a href='https:\/\/blogsaverroes.juntadeandalucia.es\/cprtorrejaral\/2021\/11\/08\/halloween-2021\/img-20211030-wa0029\/'><img loading=\"lazy\" decoding=\"async\" width=\"150\" height=\"150\" src=\"https:\/\/blogsaverroes.juntadeandalucia.es\/cprtorrejaral\/files\/2021\/11\/IMG-20211030-WA0029-150x150.jpg\" class=\"attachment-thumbnail size-thumbnail\" alt=\"\" srcset=\"https:\/\/blogsaverroes.juntadeandalucia.es\/cprtorrejaral\/files\/2021\/11\/IMG-20211030-WA0029-150x150.jpg 150w, https:\/\/blogsaverroes.juntadeandalucia.es\/cprtorrejaral\/files\/2021\/11\/IMG-20211030-WA0029-80x80.jpg 80w, https:\/\/blogsaverroes.juntadeandalucia.es\/cprtorrejaral\/files\/2021\/11\/IMG-20211030-WA0029-320x320.jpg 320w\" sizes=\"(max-width: 150px) 100vw, 150px\" \/><\/a>\n\t\t\t<\/dt><\/dl><br style=\"clear: both\" \/><dl class='gallery-item'>\n\t\t\t<dt class='gallery-icon landscape'>\n\t\t\t\t<a href='https:\/\/blogsaverroes.juntadeandalucia.es\/cprtorrejaral\/2021\/11\/08\/halloween-2021\/img-20211030-wa0030\/'><img loading=\"lazy\" decoding=\"async\" width=\"150\" height=\"150\" src=\"https:\/\/blogsaverroes.juntadeandalucia.es\/cprtorrejaral\/files\/2021\/11\/IMG-20211030-WA0030-150x150.jpg\" class=\"attachment-thumbnail size-thumbnail\" alt=\"\" srcset=\"https:\/\/blogsaverroes.juntadeandalucia.es\/cprtorrejaral\/files\/2021\/11\/IMG-20211030-WA0030-150x150.jpg 150w, https:\/\/blogsaverroes.juntadeandalucia.es\/cprtorrejaral\/files\/2021\/11\/IMG-20211030-WA0030-80x80.jpg 80w, https:\/\/blogsaverroes.juntadeandalucia.es\/cprtorrejaral\/files\/2021\/11\/IMG-20211030-WA0030-320x320.jpg 320w\" sizes=\"(max-width: 150px) 100vw, 150px\" \/><\/a>\n\t\t\t<\/dt><\/dl><dl class='gallery-item'>\n\t\t\t<dt class='gallery-icon portrait'>\n\t\t\t\t<a href='https:\/\/blogsaverroes.juntadeandalucia.es\/cprtorrejaral\/2021\/11\/08\/halloween-2021\/img-20211030-wa0031\/'><img loading=\"lazy\" decoding=\"async\" width=\"150\" height=\"150\" src=\"https:\/\/blogsaverroes.juntadeandalucia.es\/cprtorrejaral\/files\/2021\/11\/IMG-20211030-WA0031-150x150.jpg\" class=\"attachment-thumbnail size-thumbnail\" alt=\"\" srcset=\"https:\/\/blogsaverroes.juntadeandalucia.es\/cprtorrejaral\/files\/2021\/11\/IMG-20211030-WA0031-150x150.jpg 150w, https:\/\/blogsaverroes.juntadeandalucia.es\/cprtorrejaral\/files\/2021\/11\/IMG-20211030-WA0031-80x80.jpg 80w, https:\/\/blogsaverroes.juntadeandalucia.es\/cprtorrejaral\/files\/2021\/11\/IMG-20211030-WA0031-320x320.jpg 320w\" sizes=\"(max-width: 150px) 100vw, 150px\" \/><\/a>\n\t\t\t<\/dt><\/dl><dl class='gallery-item'>\n\t\t\t<dt class='gallery-icon portrait'>\n\t\t\t\t<a href='https:\/\/blogsaverroes.juntadeandalucia.es\/cprtorrejaral\/2021\/11\/08\/halloween-2021\/img-20211030-wa0032\/'><img loading=\"lazy\" decoding=\"async\" width=\"150\" height=\"150\" src=\"https:\/\/blogsaverroes.juntadeandalucia.es\/cprtorrejaral\/files\/2021\/11\/IMG-20211030-WA0032-150x150.jpg\" class=\"attachment-thumbnail size-thumbnail\" alt=\"\" srcset=\"https:\/\/blogsaverroes.juntadeandalucia.es\/cprtorrejaral\/files\/2021\/11\/IMG-20211030-WA0032-150x150.jpg 150w, https:\/\/blogsaverroes.juntadeandalucia.es\/cprtorrejaral\/files\/2021\/11\/IMG-20211030-WA0032-80x80.jpg 80w, https:\/\/blogsaverroes.juntadeandalucia.es\/cprtorrejaral\/files\/2021\/11\/IMG-20211030-WA0032-320x320.jpg 320w\" sizes=\"(max-width: 150px) 100vw, 150px\" \/><\/a>\n\t\t\t<\/dt><\/dl><br style=\"clear: both\" \/><dl class='gallery-item'>\n\t\t\t<dt class='gallery-icon portrait'>\n\t\t\t\t<a href='https:\/\/blogsaverroes.juntadeandalucia.es\/cprtorrejaral\/2021\/11\/08\/halloween-2021\/img-20211030-wa0033\/'><img loading=\"lazy\" decoding=\"async\" width=\"150\" height=\"150\" src=\"https:\/\/blogsaverroes.juntadeandalucia.es\/cprtorrejaral\/files\/2021\/11\/IMG-20211030-WA0033-150x150.jpg\" class=\"attachment-thumbnail size-thumbnail\" alt=\"\" srcset=\"https:\/\/blogsaverroes.juntadeandalucia.es\/cprtorrejaral\/files\/2021\/11\/IMG-20211030-WA0033-150x150.jpg 150w, https:\/\/blogsaverroes.juntadeandalucia.es\/cprtorrejaral\/files\/2021\/11\/IMG-20211030-WA0033-80x80.jpg 80w, https:\/\/blogsaverroes.juntadeandalucia.es\/cprtorrejaral\/files\/2021\/11\/IMG-20211030-WA0033-320x320.jpg 320w\" sizes=\"(max-width: 150px) 100vw, 150px\" \/><\/a>\n\t\t\t<\/dt><\/dl><dl class='gallery-item'>\n\t\t\t<dt class='gallery-icon portrait'>\n\t\t\t\t<a href='https:\/\/blogsaverroes.juntadeandalucia.es\/cprtorrejaral\/2021\/11\/08\/halloween-2021\/img-20211030-wa0034\/'><img loading=\"lazy\" decoding=\"async\" width=\"150\" height=\"150\" src=\"https:\/\/blogsaverroes.juntadeandalucia.es\/cprtorrejaral\/files\/2021\/11\/IMG-20211030-WA0034-150x150.jpg\" class=\"attachment-thumbnail size-thumbnail\" alt=\"\" srcset=\"https:\/\/blogsaverroes.juntadeandalucia.es\/cprtorrejaral\/files\/2021\/11\/IMG-20211030-WA0034-150x150.jpg 150w, https:\/\/blogsaverroes.juntadeandalucia.es\/cprtorrejaral\/files\/2021\/11\/IMG-20211030-WA0034-80x80.jpg 80w, https:\/\/blogsaverroes.juntadeandalucia.es\/cprtorrejaral\/files\/2021\/11\/IMG-20211030-WA0034-320x320.jpg 320w\" sizes=\"(max-width: 150px) 100vw, 150px\" \/><\/a>\n\t\t\t<\/dt><\/dl><dl class='gallery-item'>\n\t\t\t<dt class='gallery-icon portrait'>\n\t\t\t\t<a href='https:\/\/blogsaverroes.juntadeandalucia.es\/cprtorrejaral\/2021\/11\/08\/halloween-2021\/img-20211030-wa0035\/'><img loading=\"lazy\" decoding=\"async\" width=\"150\" height=\"150\" src=\"https:\/\/blogsaverroes.juntadeandalucia.es\/cprtorrejaral\/files\/2021\/11\/IMG-20211030-WA0035-150x150.jpg\" class=\"attachment-thumbnail size-thumbnail\" alt=\"\" srcset=\"https:\/\/blogsaverroes.juntadeandalucia.es\/cprtorrejaral\/files\/2021\/11\/IMG-20211030-WA0035-150x150.jpg 150w, https:\/\/blogsaverroes.juntadeandalucia.es\/cprtorrejaral\/files\/2021\/11\/IMG-20211030-WA0035-80x80.jpg 80w, https:\/\/blogsaverroes.juntadeandalucia.es\/cprtorrejaral\/files\/2021\/11\/IMG-20211030-WA0035-320x320.jpg 320w\" sizes=\"(max-width: 150px) 100vw, 150px\" \/><\/a>\n\t\t\t<\/dt><\/dl><br style=\"clear: both\" \/><dl class='gallery-item'>\n\t\t\t<dt class='gallery-icon landscape'>\n\t\t\t\t<a href='https:\/\/blogsaverroes.juntadeandalucia.es\/cprtorrejaral\/2021\/11\/08\/halloween-2021\/img-20211030-wa0036\/'><img loading=\"lazy\" decoding=\"async\" width=\"150\" height=\"150\" src=\"https:\/\/blogsaverroes.juntadeandalucia.es\/cprtorrejaral\/files\/2021\/11\/IMG-20211030-WA0036-150x150.jpg\" class=\"attachment-thumbnail size-thumbnail\" alt=\"\" srcset=\"https:\/\/blogsaverroes.juntadeandalucia.es\/cprtorrejaral\/files\/2021\/11\/IMG-20211030-WA0036-150x150.jpg 150w, https:\/\/blogsaverroes.juntadeandalucia.es\/cprtorrejaral\/files\/2021\/11\/IMG-20211030-WA0036-80x80.jpg 80w, https:\/\/blogsaverroes.juntadeandalucia.es\/cprtorrejaral\/files\/2021\/11\/IMG-20211030-WA0036-320x320.jpg 320w\" sizes=\"(max-width: 150px) 100vw, 150px\" \/><\/a>\n\t\t\t<\/dt><\/dl><dl class='gallery-item'>\n\t\t\t<dt class='gallery-icon portrait'>\n\t\t\t\t<a href='https:\/\/blogsaverroes.juntadeandalucia.es\/cprtorrejaral\/2021\/11\/08\/halloween-2021\/img-20211030-wa0037\/'><img loading=\"lazy\" decoding=\"async\" width=\"150\" height=\"150\" src=\"https:\/\/blogsaverroes.juntadeandalucia.es\/cprtorrejaral\/files\/2021\/11\/IMG-20211030-WA0037-150x150.jpg\" class=\"attachment-thumbnail size-thumbnail\" alt=\"\" srcset=\"https:\/\/blogsaverroes.juntadeandalucia.es\/cprtorrejaral\/files\/2021\/11\/IMG-20211030-WA0037-150x150.jpg 150w, https:\/\/blogsaverroes.juntadeandalucia.es\/cprtorrejaral\/files\/2021\/11\/IMG-20211030-WA0037-80x80.jpg 80w, https:\/\/blogsaverroes.juntadeandalucia.es\/cprtorrejaral\/files\/2021\/11\/IMG-20211030-WA0037-320x320.jpg 320w\" sizes=\"(max-width: 150px) 100vw, 150px\" \/><\/a>\n\t\t\t<\/dt><\/dl><dl class='gallery-item'>\n\t\t\t<dt class='gallery-icon portrait'>\n\t\t\t\t<a href='https:\/\/blogsaverroes.juntadeandalucia.es\/cprtorrejaral\/2021\/11\/08\/halloween-2021\/img-20211030-wa0038\/'><img loading=\"lazy\" decoding=\"async\" width=\"150\" height=\"150\" src=\"https:\/\/blogsaverroes.juntadeandalucia.es\/cprtorrejaral\/files\/2021\/11\/IMG-20211030-WA0038-150x150.jpg\" class=\"attachment-thumbnail size-thumbnail\" alt=\"\" srcset=\"https:\/\/blogsaverroes.juntadeandalucia.es\/cprtorrejaral\/files\/2021\/11\/IMG-20211030-WA0038-150x150.jpg 150w, https:\/\/blogsaverroes.juntadeandalucia.es\/cprtorrejaral\/files\/2021\/11\/IMG-20211030-WA0038-80x80.jpg 80w, https:\/\/blogsaverroes.juntadeandalucia.es\/cprtorrejaral\/files\/2021\/11\/IMG-20211030-WA0038-320x320.jpg 320w\" sizes=\"(max-width: 150px) 100vw, 150px\" \/><\/a>\n\t\t\t<\/dt><\/dl><br style=\"clear: both\" \/><dl class='gallery-item'>\n\t\t\t<dt class='gallery-icon landscape'>\n\t\t\t\t<a href='https:\/\/blogsaverroes.juntadeandalucia.es\/cprtorrejaral\/2021\/11\/08\/halloween-2021\/img-20211030-wa0039\/'><img loading=\"lazy\" decoding=\"async\" width=\"150\" height=\"150\" src=\"https:\/\/blogsaverroes.juntadeandalucia.es\/cprtorrejaral\/files\/2021\/11\/IMG-20211030-WA0039-150x150.jpg\" class=\"attachment-thumbnail size-thumbnail\" alt=\"\" srcset=\"https:\/\/blogsaverroes.juntadeandalucia.es\/cprtorrejaral\/files\/2021\/11\/IMG-20211030-WA0039-150x150.jpg 150w, https:\/\/blogsaverroes.juntadeandalucia.es\/cprtorrejaral\/files\/2021\/11\/IMG-20211030-WA0039-80x80.jpg 80w, https:\/\/blogsaverroes.juntadeandalucia.es\/cprtorrejaral\/files\/2021\/11\/IMG-20211030-WA0039-320x320.jpg 320w\" sizes=\"(max-width: 150px) 100vw, 150px\" \/><\/a>\n\t\t\t<\/dt><\/dl><dl class='gallery-item'>\n\t\t\t<dt class='gallery-icon landscape'>\n\t\t\t\t<a href='https:\/\/blogsaverroes.juntadeandalucia.es\/cprtorrejaral\/2021\/11\/08\/halloween-2021\/img-20211030-wa0040\/'><img loading=\"lazy\" decoding=\"async\" width=\"150\" height=\"150\" src=\"https:\/\/blogsaverroes.juntadeandalucia.es\/cprtorrejaral\/files\/2021\/11\/IMG-20211030-WA0040-150x150.jpg\" class=\"attachment-thumbnail size-thumbnail\" alt=\"\" srcset=\"https:\/\/blogsaverroes.juntadeandalucia.es\/cprtorrejaral\/files\/2021\/11\/IMG-20211030-WA0040-150x150.jpg 150w, https:\/\/blogsaverroes.juntadeandalucia.es\/cprtorrejaral\/files\/2021\/11\/IMG-20211030-WA0040-80x80.jpg 80w, https:\/\/blogsaverroes.juntadeandalucia.es\/cprtorrejaral\/files\/2021\/11\/IMG-20211030-WA0040-320x320.jpg 320w\" sizes=\"(max-width: 150px) 100vw, 150px\" \/><\/a>\n\t\t\t<\/dt><\/dl><dl class='gallery-item'>\n\t\t\t<dt class='gallery-icon landscape'>\n\t\t\t\t<a href='https:\/\/blogsaverroes.juntadeandalucia.es\/cprtorrejaral\/2021\/11\/08\/halloween-2021\/img-20211030-wa0041\/'><img loading=\"lazy\" decoding=\"async\" width=\"150\" height=\"150\" src=\"https:\/\/blogsaverroes.juntadeandalucia.es\/cprtorrejaral\/files\/2021\/11\/IMG-20211030-WA0041-150x150.jpg\" class=\"attachment-thumbnail size-thumbnail\" alt=\"\" srcset=\"https:\/\/blogsaverroes.juntadeandalucia.es\/cprtorrejaral\/files\/2021\/11\/IMG-20211030-WA0041-150x150.jpg 150w, https:\/\/blogsaverroes.juntadeandalucia.es\/cprtorrejaral\/files\/2021\/11\/IMG-20211030-WA0041-80x80.jpg 80w, https:\/\/blogsaverroes.juntadeandalucia.es\/cprtorrejaral\/files\/2021\/11\/IMG-20211030-WA0041-320x320.jpg 320w\" sizes=\"(max-width: 150px) 100vw, 150px\" \/><\/a>\n\t\t\t<\/dt><\/dl><br style=\"clear: both\" \/><dl class='gallery-item'>\n\t\t\t<dt class='gallery-icon landscape'>\n\t\t\t\t<a href='https:\/\/blogsaverroes.juntadeandalucia.es\/cprtorrejaral\/2021\/11\/08\/halloween-2021\/img-20211030-wa0042\/'><img loading=\"lazy\" decoding=\"async\" width=\"150\" height=\"150\" src=\"https:\/\/blogsaverroes.juntadeandalucia.es\/cprtorrejaral\/files\/2021\/11\/IMG-20211030-WA0042-150x150.jpg\" class=\"attachment-thumbnail size-thumbnail\" alt=\"\" srcset=\"https:\/\/blogsaverroes.juntadeandalucia.es\/cprtorrejaral\/files\/2021\/11\/IMG-20211030-WA0042-150x150.jpg 150w, https:\/\/blogsaverroes.juntadeandalucia.es\/cprtorrejaral\/files\/2021\/11\/IMG-20211030-WA0042-80x80.jpg 80w, https:\/\/blogsaverroes.juntadeandalucia.es\/cprtorrejaral\/files\/2021\/11\/IMG-20211030-WA0042-320x320.jpg 320w\" sizes=\"(max-width: 150px) 100vw, 150px\" \/><\/a>\n\t\t\t<\/dt><\/dl><dl class='gallery-item'>\n\t\t\t<dt class='gallery-icon landscape'>\n\t\t\t\t<a href='https:\/\/blogsaverroes.juntadeandalucia.es\/cprtorrejaral\/2021\/11\/08\/halloween-2021\/img-20211031-wa0000\/'><img loading=\"lazy\" decoding=\"async\" width=\"150\" height=\"150\" src=\"https:\/\/blogsaverroes.juntadeandalucia.es\/cprtorrejaral\/files\/2021\/11\/IMG-20211031-WA0000-150x150.jpg\" class=\"attachment-thumbnail size-thumbnail\" alt=\"\" srcset=\"https:\/\/blogsaverroes.juntadeandalucia.es\/cprtorrejaral\/files\/2021\/11\/IMG-20211031-WA0000-150x150.jpg 150w, https:\/\/blogsaverroes.juntadeandalucia.es\/cprtorrejaral\/files\/2021\/11\/IMG-20211031-WA0000-80x80.jpg 80w, https:\/\/blogsaverroes.juntadeandalucia.es\/cprtorrejaral\/files\/2021\/11\/IMG-20211031-WA0000-320x320.jpg 320w\" sizes=\"(max-width: 150px) 100vw, 150px\" \/><\/a>\n\t\t\t<\/dt><\/dl><dl class='gallery-item'>\n\t\t\t<dt class='gallery-icon landscape'>\n\t\t\t\t<a href='https:\/\/blogsaverroes.juntadeandalucia.es\/cprtorrejaral\/2021\/11\/08\/halloween-2021\/img-20211031-wa0001-2\/'><img loading=\"lazy\" decoding=\"async\" width=\"150\" height=\"150\" src=\"https:\/\/blogsaverroes.juntadeandalucia.es\/cprtorrejaral\/files\/2021\/11\/IMG-20211031-WA0001-1-150x150.jpg\" class=\"attachment-thumbnail size-thumbnail\" alt=\"\" srcset=\"https:\/\/blogsaverroes.juntadeandalucia.es\/cprtorrejaral\/files\/2021\/11\/IMG-20211031-WA0001-1-150x150.jpg 150w, https:\/\/blogsaverroes.juntadeandalucia.es\/cprtorrejaral\/files\/2021\/11\/IMG-20211031-WA0001-1-80x80.jpg 80w, https:\/\/blogsaverroes.juntadeandalucia.es\/cprtorrejaral\/files\/2021\/11\/IMG-20211031-WA0001-1-320x320.jpg 320w\" sizes=\"(max-width: 150px) 100vw, 150px\" \/><\/a>\n\t\t\t<\/dt><\/dl><br style=\"clear: both\" \/><dl class='gallery-item'>\n\t\t\t<dt class='gallery-icon landscape'>\n\t\t\t\t<a href='https:\/\/blogsaverroes.juntadeandalucia.es\/cprtorrejaral\/2021\/11\/08\/halloween-2021\/img-20211031-wa0002\/'><img loading=\"lazy\" decoding=\"async\" width=\"150\" height=\"150\" src=\"https:\/\/blogsaverroes.juntadeandalucia.es\/cprtorrejaral\/files\/2021\/11\/IMG-20211031-WA0002-150x150.jpg\" class=\"attachment-thumbnail size-thumbnail\" alt=\"\" srcset=\"https:\/\/blogsaverroes.juntadeandalucia.es\/cprtorrejaral\/files\/2021\/11\/IMG-20211031-WA0002-150x150.jpg 150w, https:\/\/blogsaverroes.juntadeandalucia.es\/cprtorrejaral\/files\/2021\/11\/IMG-20211031-WA0002-80x80.jpg 80w, https:\/\/blogsaverroes.juntadeandalucia.es\/cprtorrejaral\/files\/2021\/11\/IMG-20211031-WA0002-320x320.jpg 320w\" sizes=\"(max-width: 150px) 100vw, 150px\" \/><\/a>\n\t\t\t<\/dt><\/dl><dl class='gallery-item'>\n\t\t\t<dt class='gallery-icon landscape'>\n\t\t\t\t<a href='https:\/\/blogsaverroes.juntadeandalucia.es\/cprtorrejaral\/2021\/11\/08\/halloween-2021\/img-20211031-wa0003\/'><img loading=\"lazy\" decoding=\"async\" width=\"150\" height=\"150\" src=\"https:\/\/blogsaverroes.juntadeandalucia.es\/cprtorrejaral\/files\/2021\/11\/IMG-20211031-WA0003-150x150.jpg\" class=\"attachment-thumbnail size-thumbnail\" alt=\"\" srcset=\"https:\/\/blogsaverroes.juntadeandalucia.es\/cprtorrejaral\/files\/2021\/11\/IMG-20211031-WA0003-150x150.jpg 150w, https:\/\/blogsaverroes.juntadeandalucia.es\/cprtorrejaral\/files\/2021\/11\/IMG-20211031-WA0003-80x80.jpg 80w, https:\/\/blogsaverroes.juntadeandalucia.es\/cprtorrejaral\/files\/2021\/11\/IMG-20211031-WA0003-320x320.jpg 320w\" sizes=\"(max-width: 150px) 100vw, 150px\" \/><\/a>\n\t\t\t<\/dt><\/dl><dl class='gallery-item'>\n\t\t\t<dt class='gallery-icon landscape'>\n\t\t\t\t<a href='https:\/\/blogsaverroes.juntadeandalucia.es\/cprtorrejaral\/2021\/11\/08\/halloween-2021\/img-20211031-wa0004\/'><img loading=\"lazy\" decoding=\"async\" width=\"150\" height=\"150\" src=\"https:\/\/blogsaverroes.juntadeandalucia.es\/cprtorrejaral\/files\/2021\/11\/IMG-20211031-WA0004-150x150.jpg\" class=\"attachment-thumbnail size-thumbnail\" alt=\"\" srcset=\"https:\/\/blogsaverroes.juntadeandalucia.es\/cprtorrejaral\/files\/2021\/11\/IMG-20211031-WA0004-150x150.jpg 150w, https:\/\/blogsaverroes.juntadeandalucia.es\/cprtorrejaral\/files\/2021\/11\/IMG-20211031-WA0004-80x80.jpg 80w, https:\/\/blogsaverroes.juntadeandalucia.es\/cprtorrejaral\/files\/2021\/11\/IMG-20211031-WA0004-320x320.jpg 320w\" sizes=\"(max-width: 150px) 100vw, 150px\" \/><\/a>\n\t\t\t<\/dt><\/dl><br style=\"clear: both\" \/><dl class='gallery-item'>\n\t\t\t<dt class='gallery-icon portrait'>\n\t\t\t\t<a href='https:\/\/blogsaverroes.juntadeandalucia.es\/cprtorrejaral\/2021\/11\/08\/halloween-2021\/img-20211031-wa0005\/'><img loading=\"lazy\" decoding=\"async\" width=\"150\" height=\"150\" src=\"https:\/\/blogsaverroes.juntadeandalucia.es\/cprtorrejaral\/files\/2021\/11\/IMG-20211031-WA0005-150x150.jpg\" class=\"attachment-thumbnail size-thumbnail\" alt=\"\" srcset=\"https:\/\/blogsaverroes.juntadeandalucia.es\/cprtorrejaral\/files\/2021\/11\/IMG-20211031-WA0005-150x150.jpg 150w, https:\/\/blogsaverroes.juntadeandalucia.es\/cprtorrejaral\/files\/2021\/11\/IMG-20211031-WA0005-80x80.jpg 80w, https:\/\/blogsaverroes.juntadeandalucia.es\/cprtorrejaral\/files\/2021\/11\/IMG-20211031-WA0005-320x320.jpg 320w\" sizes=\"(max-width: 150px) 100vw, 150px\" \/><\/a>\n\t\t\t<\/dt><\/dl><dl class='gallery-item'>\n\t\t\t<dt class='gallery-icon landscape'>\n\t\t\t\t<a href='https:\/\/blogsaverroes.juntadeandalucia.es\/cprtorrejaral\/2021\/11\/08\/halloween-2021\/img-20211102-wa0000\/'><img loading=\"lazy\" decoding=\"async\" width=\"150\" height=\"150\" src=\"https:\/\/blogsaverroes.juntadeandalucia.es\/cprtorrejaral\/files\/2021\/11\/IMG-20211102-WA0000-150x150.jpg\" class=\"attachment-thumbnail size-thumbnail\" alt=\"\" srcset=\"https:\/\/blogsaverroes.juntadeandalucia.es\/cprtorrejaral\/files\/2021\/11\/IMG-20211102-WA0000-150x150.jpg 150w, https:\/\/blogsaverroes.juntadeandalucia.es\/cprtorrejaral\/files\/2021\/11\/IMG-20211102-WA0000-80x80.jpg 80w, https:\/\/blogsaverroes.juntadeandalucia.es\/cprtorrejaral\/files\/2021\/11\/IMG-20211102-WA0000-320x320.jpg 320w\" sizes=\"(max-width: 150px) 100vw, 150px\" \/><\/a>\n\t\t\t<\/dt><\/dl><dl class='gallery-item'>\n\t\t\t<dt class='gallery-icon landscape'>\n\t\t\t\t<a href='https:\/\/blogsaverroes.juntadeandalucia.es\/cprtorrejaral\/2021\/11\/08\/halloween-2021\/img-20211102-wa0001\/'><img loading=\"lazy\" decoding=\"async\" width=\"150\" height=\"150\" src=\"https:\/\/blogsaverroes.juntadeandalucia.es\/cprtorrejaral\/files\/2021\/11\/IMG-20211102-WA0001-150x150.jpg\" class=\"attachment-thumbnail size-thumbnail\" alt=\"\" srcset=\"https:\/\/blogsaverroes.juntadeandalucia.es\/cprtorrejaral\/files\/2021\/11\/IMG-20211102-WA0001-150x150.jpg 150w, https:\/\/blogsaverroes.juntadeandalucia.es\/cprtorrejaral\/files\/2021\/11\/IMG-20211102-WA0001-80x80.jpg 80w, https:\/\/blogsaverroes.juntadeandalucia.es\/cprtorrejaral\/files\/2021\/11\/IMG-20211102-WA0001-320x320.jpg 320w\" sizes=\"(max-width: 150px) 100vw, 150px\" \/><\/a>\n\t\t\t<\/dt><\/dl><br style=\"clear: both\" \/><dl class='gallery-item'>\n\t\t\t<dt class='gallery-icon landscape'>\n\t\t\t\t<a href='https:\/\/blogsaverroes.juntadeandalucia.es\/cprtorrejaral\/2021\/11\/08\/halloween-2021\/img-20211102-wa0002\/'><img loading=\"lazy\" decoding=\"async\" width=\"150\" height=\"150\" src=\"https:\/\/blogsaverroes.juntadeandalucia.es\/cprtorrejaral\/files\/2021\/11\/IMG-20211102-WA0002-150x150.jpg\" class=\"attachment-thumbnail size-thumbnail\" alt=\"\" srcset=\"https:\/\/blogsaverroes.juntadeandalucia.es\/cprtorrejaral\/files\/2021\/11\/IMG-20211102-WA0002-150x150.jpg 150w, https:\/\/blogsaverroes.juntadeandalucia.es\/cprtorrejaral\/files\/2021\/11\/IMG-20211102-WA0002-80x80.jpg 80w, https:\/\/blogsaverroes.juntadeandalucia.es\/cprtorrejaral\/files\/2021\/11\/IMG-20211102-WA0002-320x320.jpg 320w\" sizes=\"(max-width: 150px) 100vw, 150px\" \/><\/a>\n\t\t\t<\/dt><\/dl><dl class='gallery-item'>\n\t\t\t<dt class='gallery-icon landscape'>\n\t\t\t\t<a href='https:\/\/blogsaverroes.juntadeandalucia.es\/cprtorrejaral\/2021\/11\/08\/halloween-2021\/img-20211102-wa0003\/'><img loading=\"lazy\" decoding=\"async\" width=\"150\" height=\"150\" src=\"https:\/\/blogsaverroes.juntadeandalucia.es\/cprtorrejaral\/files\/2021\/11\/IMG-20211102-WA0003-150x150.jpg\" class=\"attachment-thumbnail size-thumbnail\" alt=\"\" srcset=\"https:\/\/blogsaverroes.juntadeandalucia.es\/cprtorrejaral\/files\/2021\/11\/IMG-20211102-WA0003-150x150.jpg 150w, https:\/\/blogsaverroes.juntadeandalucia.es\/cprtorrejaral\/files\/2021\/11\/IMG-20211102-WA0003-80x80.jpg 80w, https:\/\/blogsaverroes.juntadeandalucia.es\/cprtorrejaral\/files\/2021\/11\/IMG-20211102-WA0003-320x320.jpg 320w\" sizes=\"(max-width: 150px) 100vw, 150px\" \/><\/a>\n\t\t\t<\/dt><\/dl><dl class='gallery-item'>\n\t\t\t<dt class='gallery-icon landscape'>\n\t\t\t\t<a href='https:\/\/blogsaverroes.juntadeandalucia.es\/cprtorrejaral\/2021\/11\/08\/halloween-2021\/img-20211102-wa0004\/'><img loading=\"lazy\" decoding=\"async\" width=\"150\" height=\"150\" src=\"https:\/\/blogsaverroes.juntadeandalucia.es\/cprtorrejaral\/files\/2021\/11\/IMG-20211102-WA0004-150x150.jpg\" class=\"attachment-thumbnail size-thumbnail\" alt=\"\" srcset=\"https:\/\/blogsaverroes.juntadeandalucia.es\/cprtorrejaral\/files\/2021\/11\/IMG-20211102-WA0004-150x150.jpg 150w, https:\/\/blogsaverroes.juntadeandalucia.es\/cprtorrejaral\/files\/2021\/11\/IMG-20211102-WA0004-80x80.jpg 80w, https:\/\/blogsaverroes.juntadeandalucia.es\/cprtorrejaral\/files\/2021\/11\/IMG-20211102-WA0004-320x320.jpg 320w\" sizes=\"(max-width: 150px) 100vw, 150px\" \/><\/a>\n\t\t\t<\/dt><\/dl><br style=\"clear: both\" \/><dl class='gallery-item'>\n\t\t\t<dt class='gallery-icon landscape'>\n\t\t\t\t<a href='https:\/\/blogsaverroes.juntadeandalucia.es\/cprtorrejaral\/2021\/11\/08\/halloween-2021\/img-20211102-wa0005\/'><img loading=\"lazy\" decoding=\"async\" width=\"150\" height=\"150\" src=\"https:\/\/blogsaverroes.juntadeandalucia.es\/cprtorrejaral\/files\/2021\/11\/IMG-20211102-WA0005-150x150.jpg\" class=\"attachment-thumbnail size-thumbnail\" alt=\"\" srcset=\"https:\/\/blogsaverroes.juntadeandalucia.es\/cprtorrejaral\/files\/2021\/11\/IMG-20211102-WA0005-150x150.jpg 150w, https:\/\/blogsaverroes.juntadeandalucia.es\/cprtorrejaral\/files\/2021\/11\/IMG-20211102-WA0005-80x80.jpg 80w, https:\/\/blogsaverroes.juntadeandalucia.es\/cprtorrejaral\/files\/2021\/11\/IMG-20211102-WA0005-320x320.jpg 320w\" sizes=\"(max-width: 150px) 100vw, 150px\" \/><\/a>\n\t\t\t<\/dt><\/dl><dl class='gallery-item'>\n\t\t\t<dt class='gallery-icon landscape'>\n\t\t\t\t<a href='https:\/\/blogsaverroes.juntadeandalucia.es\/cprtorrejaral\/2021\/11\/08\/halloween-2021\/img-20211102-wa0006\/'><img loading=\"lazy\" decoding=\"async\" width=\"150\" height=\"150\" src=\"https:\/\/blogsaverroes.juntadeandalucia.es\/cprtorrejaral\/files\/2021\/11\/IMG-20211102-WA0006-150x150.jpg\" class=\"attachment-thumbnail size-thumbnail\" alt=\"\" srcset=\"https:\/\/blogsaverroes.juntadeandalucia.es\/cprtorrejaral\/files\/2021\/11\/IMG-20211102-WA0006-150x150.jpg 150w, https:\/\/blogsaverroes.juntadeandalucia.es\/cprtorrejaral\/files\/2021\/11\/IMG-20211102-WA0006-80x80.jpg 80w, https:\/\/blogsaverroes.juntadeandalucia.es\/cprtorrejaral\/files\/2021\/11\/IMG-20211102-WA0006-320x320.jpg 320w\" sizes=\"(max-width: 150px) 100vw, 150px\" \/><\/a>\n\t\t\t<\/dt><\/dl><dl class='gallery-item'>\n\t\t\t<dt class='gallery-icon landscape'>\n\t\t\t\t<a href='https:\/\/blogsaverroes.juntadeandalucia.es\/cprtorrejaral\/2021\/11\/08\/halloween-2021\/img-20211102-wa0007\/'><img loading=\"lazy\" decoding=\"async\" width=\"150\" height=\"150\" src=\"https:\/\/blogsaverroes.juntadeandalucia.es\/cprtorrejaral\/files\/2021\/11\/IMG-20211102-WA0007-150x150.jpg\" class=\"attachment-thumbnail size-thumbnail\" alt=\"\" srcset=\"https:\/\/blogsaverroes.juntadeandalucia.es\/cprtorrejaral\/files\/2021\/11\/IMG-20211102-WA0007-150x150.jpg 150w, https:\/\/blogsaverroes.juntadeandalucia.es\/cprtorrejaral\/files\/2021\/11\/IMG-20211102-WA0007-80x80.jpg 80w, https:\/\/blogsaverroes.juntadeandalucia.es\/cprtorrejaral\/files\/2021\/11\/IMG-20211102-WA0007-320x320.jpg 320w\" sizes=\"(max-width: 150px) 100vw, 150px\" \/><\/a>\n\t\t\t<\/dt><\/dl><br style=\"clear: both\" \/><dl class='gallery-item'>\n\t\t\t<dt class='gallery-icon landscape'>\n\t\t\t\t<a href='https:\/\/blogsaverroes.juntadeandalucia.es\/cprtorrejaral\/2021\/11\/08\/halloween-2021\/img-20211102-wa0008\/'><img loading=\"lazy\" decoding=\"async\" width=\"150\" height=\"150\" src=\"https:\/\/blogsaverroes.juntadeandalucia.es\/cprtorrejaral\/files\/2021\/11\/IMG-20211102-WA0008-150x150.jpg\" class=\"attachment-thumbnail size-thumbnail\" alt=\"\" srcset=\"https:\/\/blogsaverroes.juntadeandalucia.es\/cprtorrejaral\/files\/2021\/11\/IMG-20211102-WA0008-150x150.jpg 150w, https:\/\/blogsaverroes.juntadeandalucia.es\/cprtorrejaral\/files\/2021\/11\/IMG-20211102-WA0008-80x80.jpg 80w, https:\/\/blogsaverroes.juntadeandalucia.es\/cprtorrejaral\/files\/2021\/11\/IMG-20211102-WA0008-320x320.jpg 320w\" sizes=\"(max-width: 150px) 100vw, 150px\" \/><\/a>\n\t\t\t<\/dt><\/dl><dl class='gallery-item'>\n\t\t\t<dt class='gallery-icon landscape'>\n\t\t\t\t<a href='https:\/\/blogsaverroes.juntadeandalucia.es\/cprtorrejaral\/2021\/11\/08\/halloween-2021\/img-20211102-wa0009\/'><img loading=\"lazy\" decoding=\"async\" width=\"150\" height=\"150\" src=\"https:\/\/blogsaverroes.juntadeandalucia.es\/cprtorrejaral\/files\/2021\/11\/IMG-20211102-WA0009-150x150.jpg\" class=\"attachment-thumbnail size-thumbnail\" alt=\"\" srcset=\"https:\/\/blogsaverroes.juntadeandalucia.es\/cprtorrejaral\/files\/2021\/11\/IMG-20211102-WA0009-150x150.jpg 150w, https:\/\/blogsaverroes.juntadeandalucia.es\/cprtorrejaral\/files\/2021\/11\/IMG-20211102-WA0009-80x80.jpg 80w, https:\/\/blogsaverroes.juntadeandalucia.es\/cprtorrejaral\/files\/2021\/11\/IMG-20211102-WA0009-320x320.jpg 320w\" sizes=\"(max-width: 150px) 100vw, 150px\" \/><\/a>\n\t\t\t<\/dt><\/dl><dl class='gallery-item'>\n\t\t\t<dt class='gallery-icon landscape'>\n\t\t\t\t<a href='https:\/\/blogsaverroes.juntadeandalucia.es\/cprtorrejaral\/2021\/11\/08\/halloween-2021\/img-20211102-wa0010\/'><img loading=\"lazy\" decoding=\"async\" width=\"150\" height=\"150\" src=\"https:\/\/blogsaverroes.juntadeandalucia.es\/cprtorrejaral\/files\/2021\/11\/IMG-20211102-WA0010-150x150.jpg\" class=\"attachment-thumbnail size-thumbnail\" alt=\"\" srcset=\"https:\/\/blogsaverroes.juntadeandalucia.es\/cprtorrejaral\/files\/2021\/11\/IMG-20211102-WA0010-150x150.jpg 150w, https:\/\/blogsaverroes.juntadeandalucia.es\/cprtorrejaral\/files\/2021\/11\/IMG-20211102-WA0010-80x80.jpg 80w, https:\/\/blogsaverroes.juntadeandalucia.es\/cprtorrejaral\/files\/2021\/11\/IMG-20211102-WA0010-320x320.jpg 320w\" sizes=\"(max-width: 150px) 100vw, 150px\" \/><\/a>\n\t\t\t<\/dt><\/dl><br style=\"clear: both\" \/><dl class='gallery-item'>\n\t\t\t<dt class='gallery-icon landscape'>\n\t\t\t\t<a href='https:\/\/blogsaverroes.juntadeandalucia.es\/cprtorrejaral\/2021\/11\/08\/halloween-2021\/img-20211102-wa0011\/'><img loading=\"lazy\" decoding=\"async\" width=\"150\" height=\"150\" src=\"https:\/\/blogsaverroes.juntadeandalucia.es\/cprtorrejaral\/files\/2021\/11\/IMG-20211102-WA0011-150x150.jpg\" class=\"attachment-thumbnail size-thumbnail\" alt=\"\" srcset=\"https:\/\/blogsaverroes.juntadeandalucia.es\/cprtorrejaral\/files\/2021\/11\/IMG-20211102-WA0011-150x150.jpg 150w, https:\/\/blogsaverroes.juntadeandalucia.es\/cprtorrejaral\/files\/2021\/11\/IMG-20211102-WA0011-80x80.jpg 80w, https:\/\/blogsaverroes.juntadeandalucia.es\/cprtorrejaral\/files\/2021\/11\/IMG-20211102-WA0011-320x320.jpg 320w\" sizes=\"(max-width: 150px) 100vw, 150px\" \/><\/a>\n\t\t\t<\/dt><\/dl><dl class='gallery-item'>\n\t\t\t<dt class='gallery-icon landscape'>\n\t\t\t\t<a href='https:\/\/blogsaverroes.juntadeandalucia.es\/cprtorrejaral\/2021\/11\/08\/halloween-2021\/img-20211102-wa0012\/'><img loading=\"lazy\" decoding=\"async\" width=\"150\" height=\"150\" src=\"https:\/\/blogsaverroes.juntadeandalucia.es\/cprtorrejaral\/files\/2021\/11\/IMG-20211102-WA0012-150x150.jpg\" class=\"attachment-thumbnail size-thumbnail\" alt=\"\" srcset=\"https:\/\/blogsaverroes.juntadeandalucia.es\/cprtorrejaral\/files\/2021\/11\/IMG-20211102-WA0012-150x150.jpg 150w, https:\/\/blogsaverroes.juntadeandalucia.es\/cprtorrejaral\/files\/2021\/11\/IMG-20211102-WA0012-80x80.jpg 80w, https:\/\/blogsaverroes.juntadeandalucia.es\/cprtorrejaral\/files\/2021\/11\/IMG-20211102-WA0012-320x320.jpg 320w\" sizes=\"(max-width: 150px) 100vw, 150px\" \/><\/a>\n\t\t\t<\/dt><\/dl><dl class='gallery-item'>\n\t\t\t<dt class='gallery-icon landscape'>\n\t\t\t\t<a href='https:\/\/blogsaverroes.juntadeandalucia.es\/cprtorrejaral\/2021\/11\/08\/halloween-2021\/img-20211102-wa0013\/'><img loading=\"lazy\" decoding=\"async\" width=\"150\" height=\"150\" src=\"https:\/\/blogsaverroes.juntadeandalucia.es\/cprtorrejaral\/files\/2021\/11\/IMG-20211102-WA0013-150x150.jpg\" class=\"attachment-thumbnail size-thumbnail\" alt=\"\" srcset=\"https:\/\/blogsaverroes.juntadeandalucia.es\/cprtorrejaral\/files\/2021\/11\/IMG-20211102-WA0013-150x150.jpg 150w, https:\/\/blogsaverroes.juntadeandalucia.es\/cprtorrejaral\/files\/2021\/11\/IMG-20211102-WA0013-80x80.jpg 80w, https:\/\/blogsaverroes.juntadeandalucia.es\/cprtorrejaral\/files\/2021\/11\/IMG-20211102-WA0013-320x320.jpg 320w\" sizes=\"(max-width: 150px) 100vw, 150px\" \/><\/a>\n\t\t\t<\/dt><\/dl><br style=\"clear: both\" \/><dl class='gallery-item'>\n\t\t\t<dt class='gallery-icon landscape'>\n\t\t\t\t<a href='https:\/\/blogsaverroes.juntadeandalucia.es\/cprtorrejaral\/2021\/11\/08\/halloween-2021\/img-20211102-wa0014\/'><img loading=\"lazy\" decoding=\"async\" width=\"150\" height=\"150\" src=\"https:\/\/blogsaverroes.juntadeandalucia.es\/cprtorrejaral\/files\/2021\/11\/IMG-20211102-WA0014-150x150.jpg\" class=\"attachment-thumbnail size-thumbnail\" alt=\"\" srcset=\"https:\/\/blogsaverroes.juntadeandalucia.es\/cprtorrejaral\/files\/2021\/11\/IMG-20211102-WA0014-150x150.jpg 150w, https:\/\/blogsaverroes.juntadeandalucia.es\/cprtorrejaral\/files\/2021\/11\/IMG-20211102-WA0014-80x80.jpg 80w, https:\/\/blogsaverroes.juntadeandalucia.es\/cprtorrejaral\/files\/2021\/11\/IMG-20211102-WA0014-320x320.jpg 320w\" sizes=\"(max-width: 150px) 100vw, 150px\" \/><\/a>\n\t\t\t<\/dt><\/dl><dl class='gallery-item'>\n\t\t\t<dt class='gallery-icon landscape'>\n\t\t\t\t<a href='https:\/\/blogsaverroes.juntadeandalucia.es\/cprtorrejaral\/2021\/11\/08\/halloween-2021\/img-20211105-wa0005\/'><img loading=\"lazy\" decoding=\"async\" width=\"150\" height=\"150\" src=\"https:\/\/blogsaverroes.juntadeandalucia.es\/cprtorrejaral\/files\/2021\/11\/IMG-20211105-WA0005-150x150.jpg\" class=\"attachment-thumbnail size-thumbnail\" alt=\"\" srcset=\"https:\/\/blogsaverroes.juntadeandalucia.es\/cprtorrejaral\/files\/2021\/11\/IMG-20211105-WA0005-150x150.jpg 150w, https:\/\/blogsaverroes.juntadeandalucia.es\/cprtorrejaral\/files\/2021\/11\/IMG-20211105-WA0005-80x80.jpg 80w, https:\/\/blogsaverroes.juntadeandalucia.es\/cprtorrejaral\/files\/2021\/11\/IMG-20211105-WA0005-320x320.jpg 320w\" sizes=\"(max-width: 150px) 100vw, 150px\" \/><\/a>\n\t\t\t<\/dt><\/dl><dl class='gallery-item'>\n\t\t\t<dt class='gallery-icon landscape'>\n\t\t\t\t<a href='https:\/\/blogsaverroes.juntadeandalucia.es\/cprtorrejaral\/2021\/11\/08\/halloween-2021\/img-20211105-wa0006\/'><img loading=\"lazy\" decoding=\"async\" width=\"150\" height=\"150\" src=\"https:\/\/blogsaverroes.juntadeandalucia.es\/cprtorrejaral\/files\/2021\/11\/IMG-20211105-WA0006-150x150.jpg\" class=\"attachment-thumbnail size-thumbnail\" alt=\"\" srcset=\"https:\/\/blogsaverroes.juntadeandalucia.es\/cprtorrejaral\/files\/2021\/11\/IMG-20211105-WA0006-150x150.jpg 150w, https:\/\/blogsaverroes.juntadeandalucia.es\/cprtorrejaral\/files\/2021\/11\/IMG-20211105-WA0006-80x80.jpg 80w, https:\/\/blogsaverroes.juntadeandalucia.es\/cprtorrejaral\/files\/2021\/11\/IMG-20211105-WA0006-320x320.jpg 320w\" sizes=\"(max-width: 150px) 100vw, 150px\" \/><\/a>\n\t\t\t<\/dt><\/dl><br style=\"clear: both\" \/><dl class='gallery-item'>\n\t\t\t<dt class='gallery-icon landscape'>\n\t\t\t\t<a href='https:\/\/blogsaverroes.juntadeandalucia.es\/cprtorrejaral\/2021\/11\/08\/halloween-2021\/img-20211105-wa0007\/'><img loading=\"lazy\" decoding=\"async\" width=\"150\" height=\"150\" src=\"https:\/\/blogsaverroes.juntadeandalucia.es\/cprtorrejaral\/files\/2021\/11\/IMG-20211105-WA0007-150x150.jpg\" class=\"attachment-thumbnail size-thumbnail\" alt=\"\" srcset=\"https:\/\/blogsaverroes.juntadeandalucia.es\/cprtorrejaral\/files\/2021\/11\/IMG-20211105-WA0007-150x150.jpg 150w, https:\/\/blogsaverroes.juntadeandalucia.es\/cprtorrejaral\/files\/2021\/11\/IMG-20211105-WA0007-80x80.jpg 80w, https:\/\/blogsaverroes.juntadeandalucia.es\/cprtorrejaral\/files\/2021\/11\/IMG-20211105-WA0007-320x320.jpg 320w\" sizes=\"(max-width: 150px) 100vw, 150px\" \/><\/a>\n\t\t\t<\/dt><\/dl><dl class='gallery-item'>\n\t\t\t<dt class='gallery-icon landscape'>\n\t\t\t\t<a href='https:\/\/blogsaverroes.juntadeandalucia.es\/cprtorrejaral\/2021\/11\/08\/halloween-2021\/img-20211105-wa0008\/'><img loading=\"lazy\" decoding=\"async\" width=\"150\" height=\"150\" src=\"https:\/\/blogsaverroes.juntadeandalucia.es\/cprtorrejaral\/files\/2021\/11\/IMG-20211105-WA0008-150x150.jpg\" class=\"attachment-thumbnail size-thumbnail\" alt=\"\" srcset=\"https:\/\/blogsaverroes.juntadeandalucia.es\/cprtorrejaral\/files\/2021\/11\/IMG-20211105-WA0008-150x150.jpg 150w, https:\/\/blogsaverroes.juntadeandalucia.es\/cprtorrejaral\/files\/2021\/11\/IMG-20211105-WA0008-80x80.jpg 80w, https:\/\/blogsaverroes.juntadeandalucia.es\/cprtorrejaral\/files\/2021\/11\/IMG-20211105-WA0008-320x320.jpg 320w\" sizes=\"(max-width: 150px) 100vw, 150px\" \/><\/a>\n\t\t\t<\/dt><\/dl><dl class='gallery-item'>\n\t\t\t<dt class='gallery-icon landscape'>\n\t\t\t\t<a href='https:\/\/blogsaverroes.juntadeandalucia.es\/cprtorrejaral\/2021\/11\/08\/halloween-2021\/img-20211105-wa0009\/'><img loading=\"lazy\" decoding=\"async\" width=\"150\" height=\"150\" src=\"https:\/\/blogsaverroes.juntadeandalucia.es\/cprtorrejaral\/files\/2021\/11\/IMG-20211105-WA0009-150x150.jpg\" class=\"attachment-thumbnail size-thumbnail\" alt=\"\" srcset=\"https:\/\/blogsaverroes.juntadeandalucia.es\/cprtorrejaral\/files\/2021\/11\/IMG-20211105-WA0009-150x150.jpg 150w, https:\/\/blogsaverroes.juntadeandalucia.es\/cprtorrejaral\/files\/2021\/11\/IMG-20211105-WA0009-80x80.jpg 80w, https:\/\/blogsaverroes.juntadeandalucia.es\/cprtorrejaral\/files\/2021\/11\/IMG-20211105-WA0009-320x320.jpg 320w\" sizes=\"(max-width: 150px) 100vw, 150px\" \/><\/a>\n\t\t\t<\/dt><\/dl><br style=\"clear: both\" \/><dl class='gallery-item'>\n\t\t\t<dt class='gallery-icon landscape'>\n\t\t\t\t<a href='https:\/\/blogsaverroes.juntadeandalucia.es\/cprtorrejaral\/2021\/11\/08\/halloween-2021\/img-20211105-wa0010\/'><img loading=\"lazy\" decoding=\"async\" width=\"150\" height=\"150\" src=\"https:\/\/blogsaverroes.juntadeandalucia.es\/cprtorrejaral\/files\/2021\/11\/IMG-20211105-WA0010-150x150.jpg\" class=\"attachment-thumbnail size-thumbnail\" alt=\"\" srcset=\"https:\/\/blogsaverroes.juntadeandalucia.es\/cprtorrejaral\/files\/2021\/11\/IMG-20211105-WA0010-150x150.jpg 150w, https:\/\/blogsaverroes.juntadeandalucia.es\/cprtorrejaral\/files\/2021\/11\/IMG-20211105-WA0010-80x80.jpg 80w, https:\/\/blogsaverroes.juntadeandalucia.es\/cprtorrejaral\/files\/2021\/11\/IMG-20211105-WA0010-320x320.jpg 320w\" sizes=\"(max-width: 150px) 100vw, 150px\" \/><\/a>\n\t\t\t<\/dt><\/dl><dl class='gallery-item'>\n\t\t\t<dt class='gallery-icon landscape'>\n\t\t\t\t<a href='https:\/\/blogsaverroes.juntadeandalucia.es\/cprtorrejaral\/2021\/11\/08\/halloween-2021\/img-20211105-wa0011\/'><img loading=\"lazy\" decoding=\"async\" width=\"150\" height=\"150\" src=\"https:\/\/blogsaverroes.juntadeandalucia.es\/cprtorrejaral\/files\/2021\/11\/IMG-20211105-WA0011-150x150.jpg\" class=\"attachment-thumbnail size-thumbnail\" alt=\"\" srcset=\"https:\/\/blogsaverroes.juntadeandalucia.es\/cprtorrejaral\/files\/2021\/11\/IMG-20211105-WA0011-150x150.jpg 150w, https:\/\/blogsaverroes.juntadeandalucia.es\/cprtorrejaral\/files\/2021\/11\/IMG-20211105-WA0011-80x80.jpg 80w, https:\/\/blogsaverroes.juntadeandalucia.es\/cprtorrejaral\/files\/2021\/11\/IMG-20211105-WA0011-320x320.jpg 320w\" sizes=\"(max-width: 150px) 100vw, 150px\" \/><\/a>\n\t\t\t<\/dt><\/dl><dl class='gallery-item'>\n\t\t\t<dt class='gallery-icon landscape'>\n\t\t\t\t<a href='https:\/\/blogsaverroes.juntadeandalucia.es\/cprtorrejaral\/2021\/11\/08\/halloween-2021\/img-20211105-wa0012\/'><img loading=\"lazy\" decoding=\"async\" width=\"150\" height=\"150\" src=\"https:\/\/blogsaverroes.juntadeandalucia.es\/cprtorrejaral\/files\/2021\/11\/IMG-20211105-WA0012-150x150.jpg\" class=\"attachment-thumbnail size-thumbnail\" alt=\"\" srcset=\"https:\/\/blogsaverroes.juntadeandalucia.es\/cprtorrejaral\/files\/2021\/11\/IMG-20211105-WA0012-150x150.jpg 150w, https:\/\/blogsaverroes.juntadeandalucia.es\/cprtorrejaral\/files\/2021\/11\/IMG-20211105-WA0012-80x80.jpg 80w, https:\/\/blogsaverroes.juntadeandalucia.es\/cprtorrejaral\/files\/2021\/11\/IMG-20211105-WA0012-320x320.jpg 320w\" sizes=\"(max-width: 150px) 100vw, 150px\" \/><\/a>\n\t\t\t<\/dt><\/dl><br style=\"clear: both\" \/><dl class='gallery-item'>\n\t\t\t<dt class='gallery-icon landscape'>\n\t\t\t\t<a href='https:\/\/blogsaverroes.juntadeandalucia.es\/cprtorrejaral\/2021\/11\/08\/halloween-2021\/img-20211105-wa0013\/'><img loading=\"lazy\" decoding=\"async\" width=\"150\" height=\"150\" src=\"https:\/\/blogsaverroes.juntadeandalucia.es\/cprtorrejaral\/files\/2021\/11\/IMG-20211105-WA0013-150x150.jpg\" class=\"attachment-thumbnail size-thumbnail\" alt=\"\" srcset=\"https:\/\/blogsaverroes.juntadeandalucia.es\/cprtorrejaral\/files\/2021\/11\/IMG-20211105-WA0013-150x150.jpg 150w, https:\/\/blogsaverroes.juntadeandalucia.es\/cprtorrejaral\/files\/2021\/11\/IMG-20211105-WA0013-80x80.jpg 80w, https:\/\/blogsaverroes.juntadeandalucia.es\/cprtorrejaral\/files\/2021\/11\/IMG-20211105-WA0013-320x320.jpg 320w\" sizes=\"(max-width: 150px) 100vw, 150px\" \/><\/a>\n\t\t\t<\/dt><\/dl><dl class='gallery-item'>\n\t\t\t<dt class='gallery-icon landscape'>\n\t\t\t\t<a href='https:\/\/blogsaverroes.juntadeandalucia.es\/cprtorrejaral\/2021\/11\/08\/halloween-2021\/img-20211105-wa0014\/'><img loading=\"lazy\" decoding=\"async\" width=\"150\" height=\"150\" src=\"https:\/\/blogsaverroes.juntadeandalucia.es\/cprtorrejaral\/files\/2021\/11\/IMG-20211105-WA0014-150x150.jpg\" class=\"attachment-thumbnail size-thumbnail\" alt=\"\" srcset=\"https:\/\/blogsaverroes.juntadeandalucia.es\/cprtorrejaral\/files\/2021\/11\/IMG-20211105-WA0014-150x150.jpg 150w, https:\/\/blogsaverroes.juntadeandalucia.es\/cprtorrejaral\/files\/2021\/11\/IMG-20211105-WA0014-80x80.jpg 80w, https:\/\/blogsaverroes.juntadeandalucia.es\/cprtorrejaral\/files\/2021\/11\/IMG-20211105-WA0014-320x320.jpg 320w\" sizes=\"(max-width: 150px) 100vw, 150px\" \/><\/a>\n\t\t\t<\/dt><\/dl><dl class='gallery-item'>\n\t\t\t<dt class='gallery-icon portrait'>\n\t\t\t\t<a href='https:\/\/blogsaverroes.juntadeandalucia.es\/cprtorrejaral\/2021\/11\/08\/halloween-2021\/img-20211105-wa0015\/'><img loading=\"lazy\" decoding=\"async\" width=\"150\" height=\"150\" src=\"https:\/\/blogsaverroes.juntadeandalucia.es\/cprtorrejaral\/files\/2021\/11\/IMG-20211105-WA0015-150x150.jpg\" class=\"attachment-thumbnail size-thumbnail\" alt=\"\" srcset=\"https:\/\/blogsaverroes.juntadeandalucia.es\/cprtorrejaral\/files\/2021\/11\/IMG-20211105-WA0015-150x150.jpg 150w, https:\/\/blogsaverroes.juntadeandalucia.es\/cprtorrejaral\/files\/2021\/11\/IMG-20211105-WA0015-80x80.jpg 80w, https:\/\/blogsaverroes.juntadeandalucia.es\/cprtorrejaral\/files\/2021\/11\/IMG-20211105-WA0015-320x320.jpg 320w\" sizes=\"(max-width: 150px) 100vw, 150px\" \/><\/a>\n\t\t\t<\/dt><\/dl><br style=\"clear: both\" \/><dl class='gallery-item'>\n\t\t\t<dt class='gallery-icon landscape'>\n\t\t\t\t<a href='https:\/\/blogsaverroes.juntadeandalucia.es\/cprtorrejaral\/2021\/11\/08\/halloween-2021\/img-20211105-wa0016\/'><img loading=\"lazy\" decoding=\"async\" width=\"150\" height=\"150\" src=\"https:\/\/blogsaverroes.juntadeandalucia.es\/cprtorrejaral\/files\/2021\/11\/IMG-20211105-WA0016-150x150.jpg\" class=\"attachment-thumbnail size-thumbnail\" alt=\"\" srcset=\"https:\/\/blogsaverroes.juntadeandalucia.es\/cprtorrejaral\/files\/2021\/11\/IMG-20211105-WA0016-150x150.jpg 150w, https:\/\/blogsaverroes.juntadeandalucia.es\/cprtorrejaral\/files\/2021\/11\/IMG-20211105-WA0016-80x80.jpg 80w, https:\/\/blogsaverroes.juntadeandalucia.es\/cprtorrejaral\/files\/2021\/11\/IMG-20211105-WA0016-320x320.jpg 320w\" sizes=\"(max-width: 150px) 100vw, 150px\" \/><\/a>\n\t\t\t<\/dt><\/dl><dl class='gallery-item'>\n\t\t\t<dt class='gallery-icon landscape'>\n\t\t\t\t<a href='https:\/\/blogsaverroes.juntadeandalucia.es\/cprtorrejaral\/2021\/11\/08\/halloween-2021\/img-20211105-wa0017\/'><img loading=\"lazy\" decoding=\"async\" width=\"150\" height=\"150\" src=\"https:\/\/blogsaverroes.juntadeandalucia.es\/cprtorrejaral\/files\/2021\/11\/IMG-20211105-WA0017-150x150.jpg\" class=\"attachment-thumbnail size-thumbnail\" alt=\"\" srcset=\"https:\/\/blogsaverroes.juntadeandalucia.es\/cprtorrejaral\/files\/2021\/11\/IMG-20211105-WA0017-150x150.jpg 150w, https:\/\/blogsaverroes.juntadeandalucia.es\/cprtorrejaral\/files\/2021\/11\/IMG-20211105-WA0017-80x80.jpg 80w, https:\/\/blogsaverroes.juntadeandalucia.es\/cprtorrejaral\/files\/2021\/11\/IMG-20211105-WA0017-320x320.jpg 320w\" sizes=\"(max-width: 150px) 100vw, 150px\" \/><\/a>\n\t\t\t<\/dt><\/dl><dl class='gallery-item'>\n\t\t\t<dt class='gallery-icon landscape'>\n\t\t\t\t<a href='https:\/\/blogsaverroes.juntadeandalucia.es\/cprtorrejaral\/2021\/11\/08\/halloween-2021\/img-20211105-wa0018\/'><img loading=\"lazy\" decoding=\"async\" width=\"150\" height=\"150\" src=\"https:\/\/blogsaverroes.juntadeandalucia.es\/cprtorrejaral\/files\/2021\/11\/IMG-20211105-WA0018-150x150.jpg\" class=\"attachment-thumbnail size-thumbnail\" alt=\"\" srcset=\"https:\/\/blogsaverroes.juntadeandalucia.es\/cprtorrejaral\/files\/2021\/11\/IMG-20211105-WA0018-150x150.jpg 150w, https:\/\/blogsaverroes.juntadeandalucia.es\/cprtorrejaral\/files\/2021\/11\/IMG-20211105-WA0018-80x80.jpg 80w, https:\/\/blogsaverroes.juntadeandalucia.es\/cprtorrejaral\/files\/2021\/11\/IMG-20211105-WA0018-320x320.jpg 320w\" sizes=\"(max-width: 150px) 100vw, 150px\" \/><\/a>\n\t\t\t<\/dt><\/dl><br style=\"clear: both\" \/><dl class='gallery-item'>\n\t\t\t<dt class='gallery-icon landscape'>\n\t\t\t\t<a href='https:\/\/blogsaverroes.juntadeandalucia.es\/cprtorrejaral\/2021\/11\/08\/halloween-2021\/img-20211105-wa0019\/'><img loading=\"lazy\" decoding=\"async\" width=\"150\" height=\"150\" src=\"https:\/\/blogsaverroes.juntadeandalucia.es\/cprtorrejaral\/files\/2021\/11\/IMG-20211105-WA0019-150x150.jpg\" class=\"attachment-thumbnail size-thumbnail\" alt=\"\" srcset=\"https:\/\/blogsaverroes.juntadeandalucia.es\/cprtorrejaral\/files\/2021\/11\/IMG-20211105-WA0019-150x150.jpg 150w, https:\/\/blogsaverroes.juntadeandalucia.es\/cprtorrejaral\/files\/2021\/11\/IMG-20211105-WA0019-80x80.jpg 80w, https:\/\/blogsaverroes.juntadeandalucia.es\/cprtorrejaral\/files\/2021\/11\/IMG-20211105-WA0019-320x320.jpg 320w\" sizes=\"(max-width: 150px) 100vw, 150px\" \/><\/a>\n\t\t\t<\/dt><\/dl><dl class='gallery-item'>\n\t\t\t<dt class='gallery-icon landscape'>\n\t\t\t\t<a href='https:\/\/blogsaverroes.juntadeandalucia.es\/cprtorrejaral\/2021\/11\/08\/halloween-2021\/img-20211105-wa0020\/'><img loading=\"lazy\" decoding=\"async\" width=\"150\" height=\"150\" src=\"https:\/\/blogsaverroes.juntadeandalucia.es\/cprtorrejaral\/files\/2021\/11\/IMG-20211105-WA0020-150x150.jpg\" class=\"attachment-thumbnail size-thumbnail\" alt=\"\" srcset=\"https:\/\/blogsaverroes.juntadeandalucia.es\/cprtorrejaral\/files\/2021\/11\/IMG-20211105-WA0020-150x150.jpg 150w, https:\/\/blogsaverroes.juntadeandalucia.es\/cprtorrejaral\/files\/2021\/11\/IMG-20211105-WA0020-80x80.jpg 80w, https:\/\/blogsaverroes.juntadeandalucia.es\/cprtorrejaral\/files\/2021\/11\/IMG-20211105-WA0020-320x320.jpg 320w\" sizes=\"(max-width: 150px) 100vw, 150px\" \/><\/a>\n\t\t\t<\/dt><\/dl><dl class='gallery-item'>\n\t\t\t<dt class='gallery-icon landscape'>\n\t\t\t\t<a href='https:\/\/blogsaverroes.juntadeandalucia.es\/cprtorrejaral\/2021\/11\/08\/halloween-2021\/img-20211105-wa0021\/'><img loading=\"lazy\" decoding=\"async\" width=\"150\" height=\"150\" src=\"https:\/\/blogsaverroes.juntadeandalucia.es\/cprtorrejaral\/files\/2021\/11\/IMG-20211105-WA0021-150x150.jpg\" class=\"attachment-thumbnail size-thumbnail\" alt=\"\" srcset=\"https:\/\/blogsaverroes.juntadeandalucia.es\/cprtorrejaral\/files\/2021\/11\/IMG-20211105-WA0021-150x150.jpg 150w, https:\/\/blogsaverroes.juntadeandalucia.es\/cprtorrejaral\/files\/2021\/11\/IMG-20211105-WA0021-80x80.jpg 80w, https:\/\/blogsaverroes.juntadeandalucia.es\/cprtorrejaral\/files\/2021\/11\/IMG-20211105-WA0021-320x320.jpg 320w\" sizes=\"(max-width: 150px) 100vw, 150px\" \/><\/a>\n\t\t\t<\/dt><\/dl><br style=\"clear: both\" \/><dl class='gallery-item'>\n\t\t\t<dt class='gallery-icon landscape'>\n\t\t\t\t<a href='https:\/\/blogsaverroes.juntadeandalucia.es\/cprtorrejaral\/2021\/11\/08\/halloween-2021\/img-20211105-wa0022\/'><img loading=\"lazy\" decoding=\"async\" width=\"150\" height=\"150\" src=\"https:\/\/blogsaverroes.juntadeandalucia.es\/cprtorrejaral\/files\/2021\/11\/IMG-20211105-WA0022-150x150.jpg\" class=\"attachment-thumbnail size-thumbnail\" alt=\"\" srcset=\"https:\/\/blogsaverroes.juntadeandalucia.es\/cprtorrejaral\/files\/2021\/11\/IMG-20211105-WA0022-150x150.jpg 150w, https:\/\/blogsaverroes.juntadeandalucia.es\/cprtorrejaral\/files\/2021\/11\/IMG-20211105-WA0022-80x80.jpg 80w, https:\/\/blogsaverroes.juntadeandalucia.es\/cprtorrejaral\/files\/2021\/11\/IMG-20211105-WA0022-320x320.jpg 320w\" sizes=\"(max-width: 150px) 100vw, 150px\" \/><\/a>\n\t\t\t<\/dt><\/dl><dl class='gallery-item'>\n\t\t\t<dt class='gallery-icon landscape'>\n\t\t\t\t<a href='https:\/\/blogsaverroes.juntadeandalucia.es\/cprtorrejaral\/2021\/11\/08\/halloween-2021\/img-20211105-wa0023\/'><img loading=\"lazy\" decoding=\"async\" width=\"150\" height=\"150\" src=\"https:\/\/blogsaverroes.juntadeandalucia.es\/cprtorrejaral\/files\/2021\/11\/IMG-20211105-WA0023-150x150.jpg\" class=\"attachment-thumbnail size-thumbnail\" alt=\"\" srcset=\"https:\/\/blogsaverroes.juntadeandalucia.es\/cprtorrejaral\/files\/2021\/11\/IMG-20211105-WA0023-150x150.jpg 150w, https:\/\/blogsaverroes.juntadeandalucia.es\/cprtorrejaral\/files\/2021\/11\/IMG-20211105-WA0023-80x80.jpg 80w, https:\/\/blogsaverroes.juntadeandalucia.es\/cprtorrejaral\/files\/2021\/11\/IMG-20211105-WA0023-320x320.jpg 320w\" sizes=\"(max-width: 150px) 100vw, 150px\" \/><\/a>\n\t\t\t<\/dt><\/dl><dl class='gallery-item'>\n\t\t\t<dt class='gallery-icon portrait'>\n\t\t\t\t<a href='https:\/\/blogsaverroes.juntadeandalucia.es\/cprtorrejaral\/2021\/11\/08\/halloween-2021\/img-20211105-wa0024\/'><img loading=\"lazy\" decoding=\"async\" width=\"150\" height=\"150\" src=\"https:\/\/blogsaverroes.juntadeandalucia.es\/cprtorrejaral\/files\/2021\/11\/IMG-20211105-WA0024-150x150.jpg\" class=\"attachment-thumbnail size-thumbnail\" alt=\"\" srcset=\"https:\/\/blogsaverroes.juntadeandalucia.es\/cprtorrejaral\/files\/2021\/11\/IMG-20211105-WA0024-150x150.jpg 150w, https:\/\/blogsaverroes.juntadeandalucia.es\/cprtorrejaral\/files\/2021\/11\/IMG-20211105-WA0024-80x80.jpg 80w, https:\/\/blogsaverroes.juntadeandalucia.es\/cprtorrejaral\/files\/2021\/11\/IMG-20211105-WA0024-320x320.jpg 320w\" sizes=\"(max-width: 150px) 100vw, 150px\" \/><\/a>\n\t\t\t<\/dt><\/dl><br style=\"clear: both\" \/><dl class='gallery-item'>\n\t\t\t<dt class='gallery-icon portrait'>\n\t\t\t\t<a href='https:\/\/blogsaverroes.juntadeandalucia.es\/cprtorrejaral\/2021\/11\/08\/halloween-2021\/img-20211105-wa0025\/'><img loading=\"lazy\" decoding=\"async\" width=\"150\" height=\"150\" src=\"https:\/\/blogsaverroes.juntadeandalucia.es\/cprtorrejaral\/files\/2021\/11\/IMG-20211105-WA0025-150x150.jpg\" class=\"attachment-thumbnail size-thumbnail\" alt=\"\" srcset=\"https:\/\/blogsaverroes.juntadeandalucia.es\/cprtorrejaral\/files\/2021\/11\/IMG-20211105-WA0025-150x150.jpg 150w, https:\/\/blogsaverroes.juntadeandalucia.es\/cprtorrejaral\/files\/2021\/11\/IMG-20211105-WA0025-80x80.jpg 80w, https:\/\/blogsaverroes.juntadeandalucia.es\/cprtorrejaral\/files\/2021\/11\/IMG-20211105-WA0025-320x320.jpg 320w\" sizes=\"(max-width: 150px) 100vw, 150px\" \/><\/a>\n\t\t\t<\/dt><\/dl><dl class='gallery-item'>\n\t\t\t<dt class='gallery-icon portrait'>\n\t\t\t\t<a href='https:\/\/blogsaverroes.juntadeandalucia.es\/cprtorrejaral\/2021\/11\/08\/halloween-2021\/img-20211105-wa0026\/'><img loading=\"lazy\" decoding=\"async\" width=\"150\" height=\"150\" src=\"https:\/\/blogsaverroes.juntadeandalucia.es\/cprtorrejaral\/files\/2021\/11\/IMG-20211105-WA0026-150x150.jpg\" class=\"attachment-thumbnail size-thumbnail\" alt=\"\" srcset=\"https:\/\/blogsaverroes.juntadeandalucia.es\/cprtorrejaral\/files\/2021\/11\/IMG-20211105-WA0026-150x150.jpg 150w, https:\/\/blogsaverroes.juntadeandalucia.es\/cprtorrejaral\/files\/2021\/11\/IMG-20211105-WA0026-80x80.jpg 80w, https:\/\/blogsaverroes.juntadeandalucia.es\/cprtorrejaral\/files\/2021\/11\/IMG-20211105-WA0026-320x320.jpg 320w\" sizes=\"(max-width: 150px) 100vw, 150px\" \/><\/a>\n\t\t\t<\/dt><\/dl><dl class='gallery-item'>\n\t\t\t<dt class='gallery-icon portrait'>\n\t\t\t\t<a href='https:\/\/blogsaverroes.juntadeandalucia.es\/cprtorrejaral\/2021\/11\/08\/halloween-2021\/img-20211105-wa0027\/'><img loading=\"lazy\" decoding=\"async\" width=\"150\" height=\"150\" src=\"https:\/\/blogsaverroes.juntadeandalucia.es\/cprtorrejaral\/files\/2021\/11\/IMG-20211105-WA0027-150x150.jpg\" class=\"attachment-thumbnail size-thumbnail\" alt=\"\" srcset=\"https:\/\/blogsaverroes.juntadeandalucia.es\/cprtorrejaral\/files\/2021\/11\/IMG-20211105-WA0027-150x150.jpg 150w, https:\/\/blogsaverroes.juntadeandalucia.es\/cprtorrejaral\/files\/2021\/11\/IMG-20211105-WA0027-80x80.jpg 80w, https:\/\/blogsaverroes.juntadeandalucia.es\/cprtorrejaral\/files\/2021\/11\/IMG-20211105-WA0027-320x320.jpg 320w\" sizes=\"(max-width: 150px) 100vw, 150px\" \/><\/a>\n\t\t\t<\/dt><\/dl><br style=\"clear: both\" \/><dl class='gallery-item'>\n\t\t\t<dt class='gallery-icon portrait'>\n\t\t\t\t<a href='https:\/\/blogsaverroes.juntadeandalucia.es\/cprtorrejaral\/2021\/11\/08\/halloween-2021\/img-20211105-wa0028\/'><img loading=\"lazy\" decoding=\"async\" width=\"150\" height=\"150\" src=\"https:\/\/blogsaverroes.juntadeandalucia.es\/cprtorrejaral\/files\/2021\/11\/IMG-20211105-WA0028-150x150.jpg\" class=\"attachment-thumbnail size-thumbnail\" alt=\"\" srcset=\"https:\/\/blogsaverroes.juntadeandalucia.es\/cprtorrejaral\/files\/2021\/11\/IMG-20211105-WA0028-150x150.jpg 150w, https:\/\/blogsaverroes.juntadeandalucia.es\/cprtorrejaral\/files\/2021\/11\/IMG-20211105-WA0028-80x80.jpg 80w, https:\/\/blogsaverroes.juntadeandalucia.es\/cprtorrejaral\/files\/2021\/11\/IMG-20211105-WA0028-320x320.jpg 320w\" sizes=\"(max-width: 150px) 100vw, 150px\" \/><\/a>\n\t\t\t<\/dt><\/dl><dl class='gallery-item'>\n\t\t\t<dt class='gallery-icon landscape'>\n\t\t\t\t<a href='https:\/\/blogsaverroes.juntadeandalucia.es\/cprtorrejaral\/2021\/11\/08\/halloween-2021\/img-20211105-wa0029\/'><img loading=\"lazy\" decoding=\"async\" width=\"150\" height=\"150\" src=\"https:\/\/blogsaverroes.juntadeandalucia.es\/cprtorrejaral\/files\/2021\/11\/IMG-20211105-WA0029-150x150.jpg\" class=\"attachment-thumbnail size-thumbnail\" alt=\"\" srcset=\"https:\/\/blogsaverroes.juntadeandalucia.es\/cprtorrejaral\/files\/2021\/11\/IMG-20211105-WA0029-150x150.jpg 150w, https:\/\/blogsaverroes.juntadeandalucia.es\/cprtorrejaral\/files\/2021\/11\/IMG-20211105-WA0029-80x80.jpg 80w, https:\/\/blogsaverroes.juntadeandalucia.es\/cprtorrejaral\/files\/2021\/11\/IMG-20211105-WA0029-320x320.jpg 320w\" sizes=\"(max-width: 150px) 100vw, 150px\" \/><\/a>\n\t\t\t<\/dt><\/dl><dl class='gallery-item'>\n\t\t\t<dt class='gallery-icon landscape'>\n\t\t\t\t<a href='https:\/\/blogsaverroes.juntadeandalucia.es\/cprtorrejaral\/2021\/11\/08\/halloween-2021\/img-20211105-wa0030\/'><img loading=\"lazy\" decoding=\"async\" width=\"150\" height=\"150\" src=\"https:\/\/blogsaverroes.juntadeandalucia.es\/cprtorrejaral\/files\/2021\/11\/IMG-20211105-WA0030-150x150.jpg\" class=\"attachment-thumbnail size-thumbnail\" alt=\"\" srcset=\"https:\/\/blogsaverroes.juntadeandalucia.es\/cprtorrejaral\/files\/2021\/11\/IMG-20211105-WA0030-150x150.jpg 150w, https:\/\/blogsaverroes.juntadeandalucia.es\/cprtorrejaral\/files\/2021\/11\/IMG-20211105-WA0030-80x80.jpg 80w, https:\/\/blogsaverroes.juntadeandalucia.es\/cprtorrejaral\/files\/2021\/11\/IMG-20211105-WA0030-320x320.jpg 320w\" sizes=\"(max-width: 150px) 100vw, 150px\" \/><\/a>\n\t\t\t<\/dt><\/dl><br style=\"clear: both\" \/><dl class='gallery-item'>\n\t\t\t<dt class='gallery-icon landscape'>\n\t\t\t\t<a href='https:\/\/blogsaverroes.juntadeandalucia.es\/cprtorrejaral\/2021\/11\/08\/halloween-2021\/img-20211106-wa0000\/'><img loading=\"lazy\" decoding=\"async\" width=\"150\" height=\"150\" src=\"https:\/\/blogsaverroes.juntadeandalucia.es\/cprtorrejaral\/files\/2021\/11\/IMG-20211106-WA0000-150x150.jpg\" class=\"attachment-thumbnail size-thumbnail\" alt=\"\" srcset=\"https:\/\/blogsaverroes.juntadeandalucia.es\/cprtorrejaral\/files\/2021\/11\/IMG-20211106-WA0000-150x150.jpg 150w, https:\/\/blogsaverroes.juntadeandalucia.es\/cprtorrejaral\/files\/2021\/11\/IMG-20211106-WA0000-80x80.jpg 80w, https:\/\/blogsaverroes.juntadeandalucia.es\/cprtorrejaral\/files\/2021\/11\/IMG-20211106-WA0000-320x320.jpg 320w\" sizes=\"(max-width: 150px) 100vw, 150px\" \/><\/a>\n\t\t\t<\/dt><\/dl><dl class='gallery-item'>\n\t\t\t<dt class='gallery-icon portrait'>\n\t\t\t\t<a href='https:\/\/blogsaverroes.juntadeandalucia.es\/cprtorrejaral\/2021\/11\/08\/halloween-2021\/img-20211108-wa0000\/'><img loading=\"lazy\" decoding=\"async\" width=\"150\" height=\"150\" src=\"https:\/\/blogsaverroes.juntadeandalucia.es\/cprtorrejaral\/files\/2021\/11\/IMG-20211108-WA0000-150x150.jpg\" class=\"attachment-thumbnail size-thumbnail\" alt=\"\" srcset=\"https:\/\/blogsaverroes.juntadeandalucia.es\/cprtorrejaral\/files\/2021\/11\/IMG-20211108-WA0000-150x150.jpg 150w, https:\/\/blogsaverroes.juntadeandalucia.es\/cprtorrejaral\/files\/2021\/11\/IMG-20211108-WA0000-80x80.jpg 80w, https:\/\/blogsaverroes.juntadeandalucia.es\/cprtorrejaral\/files\/2021\/11\/IMG-20211108-WA0000-320x320.jpg 320w\" sizes=\"(max-width: 150px) 100vw, 150px\" \/><\/a>\n\t\t\t<\/dt><\/dl><dl class='gallery-item'>\n\t\t\t<dt class='gallery-icon landscape'>\n\t\t\t\t<a href='https:\/\/blogsaverroes.juntadeandalucia.es\/cprtorrejaral\/2021\/11\/08\/halloween-2021\/img-20211108-wa0001\/'><img loading=\"lazy\" decoding=\"async\" width=\"150\" height=\"150\" src=\"https:\/\/blogsaverroes.juntadeandalucia.es\/cprtorrejaral\/files\/2021\/11\/IMG-20211108-WA0001-150x150.jpg\" class=\"attachment-thumbnail size-thumbnail\" alt=\"\" srcset=\"https:\/\/blogsaverroes.juntadeandalucia.es\/cprtorrejaral\/files\/2021\/11\/IMG-20211108-WA0001-150x150.jpg 150w, https:\/\/blogsaverroes.juntadeandalucia.es\/cprtorrejaral\/files\/2021\/11\/IMG-20211108-WA0001-80x80.jpg 80w, https:\/\/blogsaverroes.juntadeandalucia.es\/cprtorrejaral\/files\/2021\/11\/IMG-20211108-WA0001-320x320.jpg 320w\" sizes=\"(max-width: 150px) 100vw, 150px\" \/><\/a>\n\t\t\t<\/dt><\/dl><br style=\"clear: both\" \/><dl class='gallery-item'>\n\t\t\t<dt class='gallery-icon landscape'>\n\t\t\t\t<a href='https:\/\/blogsaverroes.juntadeandalucia.es\/cprtorrejaral\/2021\/11\/08\/halloween-2021\/img-20211108-wa0002\/'><img loading=\"lazy\" decoding=\"async\" width=\"150\" height=\"150\" src=\"https:\/\/blogsaverroes.juntadeandalucia.es\/cprtorrejaral\/files\/2021\/11\/IMG-20211108-WA0002-150x150.jpg\" class=\"attachment-thumbnail size-thumbnail\" alt=\"\" srcset=\"https:\/\/blogsaverroes.juntadeandalucia.es\/cprtorrejaral\/files\/2021\/11\/IMG-20211108-WA0002-150x150.jpg 150w, https:\/\/blogsaverroes.juntadeandalucia.es\/cprtorrejaral\/files\/2021\/11\/IMG-20211108-WA0002-80x80.jpg 80w, https:\/\/blogsaverroes.juntadeandalucia.es\/cprtorrejaral\/files\/2021\/11\/IMG-20211108-WA0002-320x320.jpg 320w\" sizes=\"(max-width: 150px) 100vw, 150px\" \/><\/a>\n\t\t\t<\/dt><\/dl><dl class='gallery-item'>\n\t\t\t<dt class='gallery-icon landscape'>\n\t\t\t\t<a href='https:\/\/blogsaverroes.juntadeandalucia.es\/cprtorrejaral\/2021\/11\/08\/halloween-2021\/img-20211108-wa0003\/'><img loading=\"lazy\" decoding=\"async\" width=\"150\" height=\"150\" src=\"https:\/\/blogsaverroes.juntadeandalucia.es\/cprtorrejaral\/files\/2021\/11\/IMG-20211108-WA0003-150x150.jpg\" class=\"attachment-thumbnail size-thumbnail\" alt=\"\" srcset=\"https:\/\/blogsaverroes.juntadeandalucia.es\/cprtorrejaral\/files\/2021\/11\/IMG-20211108-WA0003-150x150.jpg 150w, https:\/\/blogsaverroes.juntadeandalucia.es\/cprtorrejaral\/files\/2021\/11\/IMG-20211108-WA0003-80x80.jpg 80w, https:\/\/blogsaverroes.juntadeandalucia.es\/cprtorrejaral\/files\/2021\/11\/IMG-20211108-WA0003-320x320.jpg 320w\" sizes=\"(max-width: 150px) 100vw, 150px\" \/><\/a>\n\t\t\t<\/dt><\/dl><dl class='gallery-item'>\n\t\t\t<dt class='gallery-icon landscape'>\n\t\t\t\t<a href='https:\/\/blogsaverroes.juntadeandalucia.es\/cprtorrejaral\/2021\/11\/08\/halloween-2021\/img-20211108-wa0004\/'><img loading=\"lazy\" decoding=\"async\" width=\"150\" height=\"150\" src=\"https:\/\/blogsaverroes.juntadeandalucia.es\/cprtorrejaral\/files\/2021\/11\/IMG-20211108-WA0004-150x150.jpg\" class=\"attachment-thumbnail size-thumbnail\" alt=\"\" srcset=\"https:\/\/blogsaverroes.juntadeandalucia.es\/cprtorrejaral\/files\/2021\/11\/IMG-20211108-WA0004-150x150.jpg 150w, https:\/\/blogsaverroes.juntadeandalucia.es\/cprtorrejaral\/files\/2021\/11\/IMG-20211108-WA0004-80x80.jpg 80w, https:\/\/blogsaverroes.juntadeandalucia.es\/cprtorrejaral\/files\/2021\/11\/IMG-20211108-WA0004-320x320.jpg 320w\" sizes=\"(max-width: 150px) 100vw, 150px\" \/><\/a>\n\t\t\t<\/dt><\/dl><br style=\"clear: both\" \/><dl class='gallery-item'>\n\t\t\t<dt class='gallery-icon landscape'>\n\t\t\t\t<a href='https:\/\/blogsaverroes.juntadeandalucia.es\/cprtorrejaral\/2021\/11\/08\/halloween-2021\/img-20211108-wa0005\/'><img loading=\"lazy\" decoding=\"async\" width=\"150\" height=\"150\" src=\"https:\/\/blogsaverroes.juntadeandalucia.es\/cprtorrejaral\/files\/2021\/11\/IMG-20211108-WA0005-150x150.jpg\" class=\"attachment-thumbnail size-thumbnail\" alt=\"\" srcset=\"https:\/\/blogsaverroes.juntadeandalucia.es\/cprtorrejaral\/files\/2021\/11\/IMG-20211108-WA0005-150x150.jpg 150w, https:\/\/blogsaverroes.juntadeandalucia.es\/cprtorrejaral\/files\/2021\/11\/IMG-20211108-WA0005-80x80.jpg 80w, https:\/\/blogsaverroes.juntadeandalucia.es\/cprtorrejaral\/files\/2021\/11\/IMG-20211108-WA0005-320x320.jpg 320w\" sizes=\"(max-width: 150px) 100vw, 150px\" \/><\/a>\n\t\t\t<\/dt><\/dl>\n\t\t\t<br style='clear: both' \/>\n\t\t<\/div>\n\n<\/div>\n<p>Galer\u00eda (para descargas):<\/p>\n\n\t\t<style>\n\t\t\t#gallery-2 {\n\t\t\t\tmargin: auto;\n\t\t\t}\n\t\t\t#gallery-2 .gallery-item {\n\t\t\t\tfloat: left;\n\t\t\t\tmargin-top: 10px;\n\t\t\t\ttext-align: center;\n\t\t\t\twidth: 20%;\n\t\t\t}\n\t\t\t#gallery-2 img {\n\t\t\t\tborder: 2px solid #cfcfcf;\n\t\t\t}\n\t\t\t#gallery-2 .gallery-caption {\n\t\t\t\tmargin-left: 0;\n\t\t\t}\n\t\t\t\/* see gallery_shortcode() in wp-includes\/media.php *\/\n\t\t<\/style>\n\t\t<div id='gallery-2' class='gallery galleryid-16917 gallery-columns-5 gallery-size-thumbnail'><dl class='gallery-item'>\n\t\t\t<dt class='gallery-icon landscape'>\n\t\t\t\t<a href='https:\/\/blogsaverroes.juntadeandalucia.es\/cprtorrejaral\/2021\/11\/08\/halloween-2021\/img-20211108-wa0005\/'><img loading=\"lazy\" decoding=\"async\" width=\"150\" height=\"150\" src=\"https:\/\/blogsaverroes.juntadeandalucia.es\/cprtorrejaral\/files\/2021\/11\/IMG-20211108-WA0005-150x150.jpg\" class=\"attachment-thumbnail size-thumbnail\" alt=\"\" srcset=\"https:\/\/blogsaverroes.juntadeandalucia.es\/cprtorrejaral\/files\/2021\/11\/IMG-20211108-WA0005-150x150.jpg 150w, https:\/\/blogsaverroes.juntadeandalucia.es\/cprtorrejaral\/files\/2021\/11\/IMG-20211108-WA0005-80x80.jpg 80w, https:\/\/blogsaverroes.juntadeandalucia.es\/cprtorrejaral\/files\/2021\/11\/IMG-20211108-WA0005-320x320.jpg 320w\" sizes=\"(max-width: 150px) 100vw, 150px\" \/><\/a>\n\t\t\t<\/dt><\/dl><dl class='gallery-item'>\n\t\t\t<dt class='gallery-icon landscape'>\n\t\t\t\t<a href='https:\/\/blogsaverroes.juntadeandalucia.es\/cprtorrejaral\/2021\/11\/08\/halloween-2021\/img-20211108-wa0004\/'><img loading=\"lazy\" decoding=\"async\" width=\"150\" height=\"150\" src=\"https:\/\/blogsaverroes.juntadeandalucia.es\/cprtorrejaral\/files\/2021\/11\/IMG-20211108-WA0004-150x150.jpg\" class=\"attachment-thumbnail size-thumbnail\" alt=\"\" srcset=\"https:\/\/blogsaverroes.juntadeandalucia.es\/cprtorrejaral\/files\/2021\/11\/IMG-20211108-WA0004-150x150.jpg 150w, https:\/\/blogsaverroes.juntadeandalucia.es\/cprtorrejaral\/files\/2021\/11\/IMG-20211108-WA0004-80x80.jpg 80w, https:\/\/blogsaverroes.juntadeandalucia.es\/cprtorrejaral\/files\/2021\/11\/IMG-20211108-WA0004-320x320.jpg 320w\" sizes=\"(max-width: 150px) 100vw, 150px\" \/><\/a>\n\t\t\t<\/dt><\/dl><dl class='gallery-item'>\n\t\t\t<dt class='gallery-icon landscape'>\n\t\t\t\t<a href='https:\/\/blogsaverroes.juntadeandalucia.es\/cprtorrejaral\/2021\/11\/08\/halloween-2021\/img-20211108-wa0003\/'><img loading=\"lazy\" decoding=\"async\" width=\"150\" height=\"150\" src=\"https:\/\/blogsaverroes.juntadeandalucia.es\/cprtorrejaral\/files\/2021\/11\/IMG-20211108-WA0003-150x150.jpg\" class=\"attachment-thumbnail size-thumbnail\" alt=\"\" srcset=\"https:\/\/blogsaverroes.juntadeandalucia.es\/cprtorrejaral\/files\/2021\/11\/IMG-20211108-WA0003-150x150.jpg 150w, https:\/\/blogsaverroes.juntadeandalucia.es\/cprtorrejaral\/files\/2021\/11\/IMG-20211108-WA0003-80x80.jpg 80w, https:\/\/blogsaverroes.juntadeandalucia.es\/cprtorrejaral\/files\/2021\/11\/IMG-20211108-WA0003-320x320.jpg 320w\" sizes=\"(max-width: 150px) 100vw, 150px\" \/><\/a>\n\t\t\t<\/dt><\/dl><dl class='gallery-item'>\n\t\t\t<dt class='gallery-icon landscape'>\n\t\t\t\t<a href='https:\/\/blogsaverroes.juntadeandalucia.es\/cprtorrejaral\/2021\/11\/08\/halloween-2021\/img-20211108-wa0002\/'><img loading=\"lazy\" decoding=\"async\" width=\"150\" height=\"150\" src=\"https:\/\/blogsaverroes.juntadeandalucia.es\/cprtorrejaral\/files\/2021\/11\/IMG-20211108-WA0002-150x150.jpg\" class=\"attachment-thumbnail size-thumbnail\" alt=\"\" srcset=\"https:\/\/blogsaverroes.juntadeandalucia.es\/cprtorrejaral\/files\/2021\/11\/IMG-20211108-WA0002-150x150.jpg 150w, https:\/\/blogsaverroes.juntadeandalucia.es\/cprtorrejaral\/files\/2021\/11\/IMG-20211108-WA0002-80x80.jpg 80w, https:\/\/blogsaverroes.juntadeandalucia.es\/cprtorrejaral\/files\/2021\/11\/IMG-20211108-WA0002-320x320.jpg 320w\" sizes=\"(max-width: 150px) 100vw, 150px\" \/><\/a>\n\t\t\t<\/dt><\/dl><dl class='gallery-item'>\n\t\t\t<dt class='gallery-icon landscape'>\n\t\t\t\t<a href='https:\/\/blogsaverroes.juntadeandalucia.es\/cprtorrejaral\/2021\/11\/08\/halloween-2021\/img-20211108-wa0001\/'><img loading=\"lazy\" decoding=\"async\" width=\"150\" height=\"150\" src=\"https:\/\/blogsaverroes.juntadeandalucia.es\/cprtorrejaral\/files\/2021\/11\/IMG-20211108-WA0001-150x150.jpg\" class=\"attachment-thumbnail size-thumbnail\" alt=\"\" srcset=\"https:\/\/blogsaverroes.juntadeandalucia.es\/cprtorrejaral\/files\/2021\/11\/IMG-20211108-WA0001-150x150.jpg 150w, https:\/\/blogsaverroes.juntadeandalucia.es\/cprtorrejaral\/files\/2021\/11\/IMG-20211108-WA0001-80x80.jpg 80w, https:\/\/blogsaverroes.juntadeandalucia.es\/cprtorrejaral\/files\/2021\/11\/IMG-20211108-WA0001-320x320.jpg 320w\" sizes=\"(max-width: 150px) 100vw, 150px\" \/><\/a>\n\t\t\t<\/dt><\/dl><br style=\"clear: both\" \/><dl class='gallery-item'>\n\t\t\t<dt class='gallery-icon portrait'>\n\t\t\t\t<a href='https:\/\/blogsaverroes.juntadeandalucia.es\/cprtorrejaral\/2021\/11\/08\/halloween-2021\/img-20211108-wa0000\/'><img loading=\"lazy\" decoding=\"async\" width=\"150\" height=\"150\" src=\"https:\/\/blogsaverroes.juntadeandalucia.es\/cprtorrejaral\/files\/2021\/11\/IMG-20211108-WA0000-150x150.jpg\" class=\"attachment-thumbnail size-thumbnail\" alt=\"\" srcset=\"https:\/\/blogsaverroes.juntadeandalucia.es\/cprtorrejaral\/files\/2021\/11\/IMG-20211108-WA0000-150x150.jpg 150w, https:\/\/blogsaverroes.juntadeandalucia.es\/cprtorrejaral\/files\/2021\/11\/IMG-20211108-WA0000-80x80.jpg 80w, https:\/\/blogsaverroes.juntadeandalucia.es\/cprtorrejaral\/files\/2021\/11\/IMG-20211108-WA0000-320x320.jpg 320w\" sizes=\"(max-width: 150px) 100vw, 150px\" \/><\/a>\n\t\t\t<\/dt><\/dl><dl class='gallery-item'>\n\t\t\t<dt class='gallery-icon landscape'>\n\t\t\t\t<a href='https:\/\/blogsaverroes.juntadeandalucia.es\/cprtorrejaral\/2021\/11\/08\/halloween-2021\/img-20211106-wa0000\/'><img loading=\"lazy\" decoding=\"async\" width=\"150\" height=\"150\" src=\"https:\/\/blogsaverroes.juntadeandalucia.es\/cprtorrejaral\/files\/2021\/11\/IMG-20211106-WA0000-150x150.jpg\" class=\"attachment-thumbnail size-thumbnail\" alt=\"\" srcset=\"https:\/\/blogsaverroes.juntadeandalucia.es\/cprtorrejaral\/files\/2021\/11\/IMG-20211106-WA0000-150x150.jpg 150w, https:\/\/blogsaverroes.juntadeandalucia.es\/cprtorrejaral\/files\/2021\/11\/IMG-20211106-WA0000-80x80.jpg 80w, https:\/\/blogsaverroes.juntadeandalucia.es\/cprtorrejaral\/files\/2021\/11\/IMG-20211106-WA0000-320x320.jpg 320w\" sizes=\"(max-width: 150px) 100vw, 150px\" \/><\/a>\n\t\t\t<\/dt><\/dl><dl class='gallery-item'>\n\t\t\t<dt class='gallery-icon landscape'>\n\t\t\t\t<a href='https:\/\/blogsaverroes.juntadeandalucia.es\/cprtorrejaral\/2021\/11\/08\/halloween-2021\/img-20211105-wa0030\/'><img loading=\"lazy\" decoding=\"async\" width=\"150\" height=\"150\" src=\"https:\/\/blogsaverroes.juntadeandalucia.es\/cprtorrejaral\/files\/2021\/11\/IMG-20211105-WA0030-150x150.jpg\" class=\"attachment-thumbnail size-thumbnail\" alt=\"\" srcset=\"https:\/\/blogsaverroes.juntadeandalucia.es\/cprtorrejaral\/files\/2021\/11\/IMG-20211105-WA0030-150x150.jpg 150w, https:\/\/blogsaverroes.juntadeandalucia.es\/cprtorrejaral\/files\/2021\/11\/IMG-20211105-WA0030-80x80.jpg 80w, https:\/\/blogsaverroes.juntadeandalucia.es\/cprtorrejaral\/files\/2021\/11\/IMG-20211105-WA0030-320x320.jpg 320w\" sizes=\"(max-width: 150px) 100vw, 150px\" \/><\/a>\n\t\t\t<\/dt><\/dl><dl class='gallery-item'>\n\t\t\t<dt class='gallery-icon landscape'>\n\t\t\t\t<a href='https:\/\/blogsaverroes.juntadeandalucia.es\/cprtorrejaral\/2021\/11\/08\/halloween-2021\/img-20211105-wa0029\/'><img loading=\"lazy\" decoding=\"async\" width=\"150\" height=\"150\" src=\"https:\/\/blogsaverroes.juntadeandalucia.es\/cprtorrejaral\/files\/2021\/11\/IMG-20211105-WA0029-150x150.jpg\" class=\"attachment-thumbnail size-thumbnail\" alt=\"\" srcset=\"https:\/\/blogsaverroes.juntadeandalucia.es\/cprtorrejaral\/files\/2021\/11\/IMG-20211105-WA0029-150x150.jpg 150w, https:\/\/blogsaverroes.juntadeandalucia.es\/cprtorrejaral\/files\/2021\/11\/IMG-20211105-WA0029-80x80.jpg 80w, https:\/\/blogsaverroes.juntadeandalucia.es\/cprtorrejaral\/files\/2021\/11\/IMG-20211105-WA0029-320x320.jpg 320w\" sizes=\"(max-width: 150px) 100vw, 150px\" \/><\/a>\n\t\t\t<\/dt><\/dl><dl class='gallery-item'>\n\t\t\t<dt class='gallery-icon portrait'>\n\t\t\t\t<a href='https:\/\/blogsaverroes.juntadeandalucia.es\/cprtorrejaral\/2021\/11\/08\/halloween-2021\/img-20211105-wa0028\/'><img loading=\"lazy\" decoding=\"async\" width=\"150\" height=\"150\" src=\"https:\/\/blogsaverroes.juntadeandalucia.es\/cprtorrejaral\/files\/2021\/11\/IMG-20211105-WA0028-150x150.jpg\" class=\"attachment-thumbnail size-thumbnail\" alt=\"\" srcset=\"https:\/\/blogsaverroes.juntadeandalucia.es\/cprtorrejaral\/files\/2021\/11\/IMG-20211105-WA0028-150x150.jpg 150w, https:\/\/blogsaverroes.juntadeandalucia.es\/cprtorrejaral\/files\/2021\/11\/IMG-20211105-WA0028-80x80.jpg 80w, https:\/\/blogsaverroes.juntadeandalucia.es\/cprtorrejaral\/files\/2021\/11\/IMG-20211105-WA0028-320x320.jpg 320w\" sizes=\"(max-width: 150px) 100vw, 150px\" \/><\/a>\n\t\t\t<\/dt><\/dl><br style=\"clear: both\" \/><dl class='gallery-item'>\n\t\t\t<dt class='gallery-icon portrait'>\n\t\t\t\t<a href='https:\/\/blogsaverroes.juntadeandalucia.es\/cprtorrejaral\/2021\/11\/08\/halloween-2021\/img-20211105-wa0027\/'><img loading=\"lazy\" decoding=\"async\" width=\"150\" height=\"150\" src=\"https:\/\/blogsaverroes.juntadeandalucia.es\/cprtorrejaral\/files\/2021\/11\/IMG-20211105-WA0027-150x150.jpg\" class=\"attachment-thumbnail size-thumbnail\" alt=\"\" srcset=\"https:\/\/blogsaverroes.juntadeandalucia.es\/cprtorrejaral\/files\/2021\/11\/IMG-20211105-WA0027-150x150.jpg 150w, https:\/\/blogsaverroes.juntadeandalucia.es\/cprtorrejaral\/files\/2021\/11\/IMG-20211105-WA0027-80x80.jpg 80w, https:\/\/blogsaverroes.juntadeandalucia.es\/cprtorrejaral\/files\/2021\/11\/IMG-20211105-WA0027-320x320.jpg 320w\" sizes=\"(max-width: 150px) 100vw, 150px\" \/><\/a>\n\t\t\t<\/dt><\/dl><dl class='gallery-item'>\n\t\t\t<dt class='gallery-icon portrait'>\n\t\t\t\t<a href='https:\/\/blogsaverroes.juntadeandalucia.es\/cprtorrejaral\/2021\/11\/08\/halloween-2021\/img-20211105-wa0026\/'><img loading=\"lazy\" decoding=\"async\" width=\"150\" height=\"150\" src=\"https:\/\/blogsaverroes.juntadeandalucia.es\/cprtorrejaral\/files\/2021\/11\/IMG-20211105-WA0026-150x150.jpg\" class=\"attachment-thumbnail size-thumbnail\" alt=\"\" srcset=\"https:\/\/blogsaverroes.juntadeandalucia.es\/cprtorrejaral\/files\/2021\/11\/IMG-20211105-WA0026-150x150.jpg 150w, https:\/\/blogsaverroes.juntadeandalucia.es\/cprtorrejaral\/files\/2021\/11\/IMG-20211105-WA0026-80x80.jpg 80w, https:\/\/blogsaverroes.juntadeandalucia.es\/cprtorrejaral\/files\/2021\/11\/IMG-20211105-WA0026-320x320.jpg 320w\" sizes=\"(max-width: 150px) 100vw, 150px\" \/><\/a>\n\t\t\t<\/dt><\/dl><dl class='gallery-item'>\n\t\t\t<dt class='gallery-icon portrait'>\n\t\t\t\t<a href='https:\/\/blogsaverroes.juntadeandalucia.es\/cprtorrejaral\/2021\/11\/08\/halloween-2021\/img-20211105-wa0025\/'><img loading=\"lazy\" decoding=\"async\" width=\"150\" height=\"150\" src=\"https:\/\/blogsaverroes.juntadeandalucia.es\/cprtorrejaral\/files\/2021\/11\/IMG-20211105-WA0025-150x150.jpg\" class=\"attachment-thumbnail size-thumbnail\" alt=\"\" srcset=\"https:\/\/blogsaverroes.juntadeandalucia.es\/cprtorrejaral\/files\/2021\/11\/IMG-20211105-WA0025-150x150.jpg 150w, https:\/\/blogsaverroes.juntadeandalucia.es\/cprtorrejaral\/files\/2021\/11\/IMG-20211105-WA0025-80x80.jpg 80w, https:\/\/blogsaverroes.juntadeandalucia.es\/cprtorrejaral\/files\/2021\/11\/IMG-20211105-WA0025-320x320.jpg 320w\" sizes=\"(max-width: 150px) 100vw, 150px\" \/><\/a>\n\t\t\t<\/dt><\/dl><dl class='gallery-item'>\n\t\t\t<dt class='gallery-icon portrait'>\n\t\t\t\t<a href='https:\/\/blogsaverroes.juntadeandalucia.es\/cprtorrejaral\/2021\/11\/08\/halloween-2021\/img-20211105-wa0024\/'><img loading=\"lazy\" decoding=\"async\" width=\"150\" height=\"150\" src=\"https:\/\/blogsaverroes.juntadeandalucia.es\/cprtorrejaral\/files\/2021\/11\/IMG-20211105-WA0024-150x150.jpg\" class=\"attachment-thumbnail size-thumbnail\" alt=\"\" srcset=\"https:\/\/blogsaverroes.juntadeandalucia.es\/cprtorrejaral\/files\/2021\/11\/IMG-20211105-WA0024-150x150.jpg 150w, https:\/\/blogsaverroes.juntadeandalucia.es\/cprtorrejaral\/files\/2021\/11\/IMG-20211105-WA0024-80x80.jpg 80w, https:\/\/blogsaverroes.juntadeandalucia.es\/cprtorrejaral\/files\/2021\/11\/IMG-20211105-WA0024-320x320.jpg 320w\" sizes=\"(max-width: 150px) 100vw, 150px\" \/><\/a>\n\t\t\t<\/dt><\/dl><dl class='gallery-item'>\n\t\t\t<dt class='gallery-icon landscape'>\n\t\t\t\t<a href='https:\/\/blogsaverroes.juntadeandalucia.es\/cprtorrejaral\/2021\/11\/08\/halloween-2021\/img-20211105-wa0023\/'><img loading=\"lazy\" decoding=\"async\" width=\"150\" height=\"150\" src=\"https:\/\/blogsaverroes.juntadeandalucia.es\/cprtorrejaral\/files\/2021\/11\/IMG-20211105-WA0023-150x150.jpg\" class=\"attachment-thumbnail size-thumbnail\" alt=\"\" srcset=\"https:\/\/blogsaverroes.juntadeandalucia.es\/cprtorrejaral\/files\/2021\/11\/IMG-20211105-WA0023-150x150.jpg 150w, https:\/\/blogsaverroes.juntadeandalucia.es\/cprtorrejaral\/files\/2021\/11\/IMG-20211105-WA0023-80x80.jpg 80w, https:\/\/blogsaverroes.juntadeandalucia.es\/cprtorrejaral\/files\/2021\/11\/IMG-20211105-WA0023-320x320.jpg 320w\" sizes=\"(max-width: 150px) 100vw, 150px\" \/><\/a>\n\t\t\t<\/dt><\/dl><br style=\"clear: both\" \/><dl class='gallery-item'>\n\t\t\t<dt class='gallery-icon landscape'>\n\t\t\t\t<a href='https:\/\/blogsaverroes.juntadeandalucia.es\/cprtorrejaral\/2021\/11\/08\/halloween-2021\/img-20211105-wa0022\/'><img loading=\"lazy\" decoding=\"async\" width=\"150\" height=\"150\" src=\"https:\/\/blogsaverroes.juntadeandalucia.es\/cprtorrejaral\/files\/2021\/11\/IMG-20211105-WA0022-150x150.jpg\" class=\"attachment-thumbnail size-thumbnail\" alt=\"\" srcset=\"https:\/\/blogsaverroes.juntadeandalucia.es\/cprtorrejaral\/files\/2021\/11\/IMG-20211105-WA0022-150x150.jpg 150w, https:\/\/blogsaverroes.juntadeandalucia.es\/cprtorrejaral\/files\/2021\/11\/IMG-20211105-WA0022-80x80.jpg 80w, https:\/\/blogsaverroes.juntadeandalucia.es\/cprtorrejaral\/files\/2021\/11\/IMG-20211105-WA0022-320x320.jpg 320w\" sizes=\"(max-width: 150px) 100vw, 150px\" \/><\/a>\n\t\t\t<\/dt><\/dl><dl class='gallery-item'>\n\t\t\t<dt class='gallery-icon landscape'>\n\t\t\t\t<a href='https:\/\/blogsaverroes.juntadeandalucia.es\/cprtorrejaral\/2021\/11\/08\/halloween-2021\/img-20211105-wa0021\/'><img loading=\"lazy\" decoding=\"async\" width=\"150\" height=\"150\" src=\"https:\/\/blogsaverroes.juntadeandalucia.es\/cprtorrejaral\/files\/2021\/11\/IMG-20211105-WA0021-150x150.jpg\" class=\"attachment-thumbnail size-thumbnail\" alt=\"\" srcset=\"https:\/\/blogsaverroes.juntadeandalucia.es\/cprtorrejaral\/files\/2021\/11\/IMG-20211105-WA0021-150x150.jpg 150w, https:\/\/blogsaverroes.juntadeandalucia.es\/cprtorrejaral\/files\/2021\/11\/IMG-20211105-WA0021-80x80.jpg 80w, https:\/\/blogsaverroes.juntadeandalucia.es\/cprtorrejaral\/files\/2021\/11\/IMG-20211105-WA0021-320x320.jpg 320w\" sizes=\"(max-width: 150px) 100vw, 150px\" \/><\/a>\n\t\t\t<\/dt><\/dl><dl class='gallery-item'>\n\t\t\t<dt class='gallery-icon landscape'>\n\t\t\t\t<a href='https:\/\/blogsaverroes.juntadeandalucia.es\/cprtorrejaral\/2021\/11\/08\/halloween-2021\/img-20211105-wa0020\/'><img loading=\"lazy\" decoding=\"async\" width=\"150\" height=\"150\" src=\"https:\/\/blogsaverroes.juntadeandalucia.es\/cprtorrejaral\/files\/2021\/11\/IMG-20211105-WA0020-150x150.jpg\" class=\"attachment-thumbnail size-thumbnail\" alt=\"\" srcset=\"https:\/\/blogsaverroes.juntadeandalucia.es\/cprtorrejaral\/files\/2021\/11\/IMG-20211105-WA0020-150x150.jpg 150w, https:\/\/blogsaverroes.juntadeandalucia.es\/cprtorrejaral\/files\/2021\/11\/IMG-20211105-WA0020-80x80.jpg 80w, https:\/\/blogsaverroes.juntadeandalucia.es\/cprtorrejaral\/files\/2021\/11\/IMG-20211105-WA0020-320x320.jpg 320w\" sizes=\"(max-width: 150px) 100vw, 150px\" \/><\/a>\n\t\t\t<\/dt><\/dl><dl class='gallery-item'>\n\t\t\t<dt class='gallery-icon landscape'>\n\t\t\t\t<a href='https:\/\/blogsaverroes.juntadeandalucia.es\/cprtorrejaral\/2021\/11\/08\/halloween-2021\/img-20211105-wa0019\/'><img loading=\"lazy\" decoding=\"async\" width=\"150\" height=\"150\" src=\"https:\/\/blogsaverroes.juntadeandalucia.es\/cprtorrejaral\/files\/2021\/11\/IMG-20211105-WA0019-150x150.jpg\" class=\"attachment-thumbnail size-thumbnail\" alt=\"\" srcset=\"https:\/\/blogsaverroes.juntadeandalucia.es\/cprtorrejaral\/files\/2021\/11\/IMG-20211105-WA0019-150x150.jpg 150w, https:\/\/blogsaverroes.juntadeandalucia.es\/cprtorrejaral\/files\/2021\/11\/IMG-20211105-WA0019-80x80.jpg 80w, https:\/\/blogsaverroes.juntadeandalucia.es\/cprtorrejaral\/files\/2021\/11\/IMG-20211105-WA0019-320x320.jpg 320w\" sizes=\"(max-width: 150px) 100vw, 150px\" \/><\/a>\n\t\t\t<\/dt><\/dl><dl class='gallery-item'>\n\t\t\t<dt class='gallery-icon landscape'>\n\t\t\t\t<a href='https:\/\/blogsaverroes.juntadeandalucia.es\/cprtorrejaral\/2021\/11\/08\/halloween-2021\/img-20211105-wa0018\/'><img loading=\"lazy\" decoding=\"async\" width=\"150\" height=\"150\" src=\"https:\/\/blogsaverroes.juntadeandalucia.es\/cprtorrejaral\/files\/2021\/11\/IMG-20211105-WA0018-150x150.jpg\" class=\"attachment-thumbnail size-thumbnail\" alt=\"\" srcset=\"https:\/\/blogsaverroes.juntadeandalucia.es\/cprtorrejaral\/files\/2021\/11\/IMG-20211105-WA0018-150x150.jpg 150w, https:\/\/blogsaverroes.juntadeandalucia.es\/cprtorrejaral\/files\/2021\/11\/IMG-20211105-WA0018-80x80.jpg 80w, https:\/\/blogsaverroes.juntadeandalucia.es\/cprtorrejaral\/files\/2021\/11\/IMG-20211105-WA0018-320x320.jpg 320w\" sizes=\"(max-width: 150px) 100vw, 150px\" \/><\/a>\n\t\t\t<\/dt><\/dl><br style=\"clear: both\" \/><dl class='gallery-item'>\n\t\t\t<dt class='gallery-icon landscape'>\n\t\t\t\t<a href='https:\/\/blogsaverroes.juntadeandalucia.es\/cprtorrejaral\/2021\/11\/08\/halloween-2021\/img-20211105-wa0017\/'><img loading=\"lazy\" decoding=\"async\" width=\"150\" height=\"150\" src=\"https:\/\/blogsaverroes.juntadeandalucia.es\/cprtorrejaral\/files\/2021\/11\/IMG-20211105-WA0017-150x150.jpg\" class=\"attachment-thumbnail size-thumbnail\" alt=\"\" srcset=\"https:\/\/blogsaverroes.juntadeandalucia.es\/cprtorrejaral\/files\/2021\/11\/IMG-20211105-WA0017-150x150.jpg 150w, https:\/\/blogsaverroes.juntadeandalucia.es\/cprtorrejaral\/files\/2021\/11\/IMG-20211105-WA0017-80x80.jpg 80w, https:\/\/blogsaverroes.juntadeandalucia.es\/cprtorrejaral\/files\/2021\/11\/IMG-20211105-WA0017-320x320.jpg 320w\" sizes=\"(max-width: 150px) 100vw, 150px\" \/><\/a>\n\t\t\t<\/dt><\/dl><dl class='gallery-item'>\n\t\t\t<dt class='gallery-icon landscape'>\n\t\t\t\t<a href='https:\/\/blogsaverroes.juntadeandalucia.es\/cprtorrejaral\/2021\/11\/08\/halloween-2021\/img-20211105-wa0016\/'><img loading=\"lazy\" decoding=\"async\" width=\"150\" height=\"150\" src=\"https:\/\/blogsaverroes.juntadeandalucia.es\/cprtorrejaral\/files\/2021\/11\/IMG-20211105-WA0016-150x150.jpg\" class=\"attachment-thumbnail size-thumbnail\" alt=\"\" srcset=\"https:\/\/blogsaverroes.juntadeandalucia.es\/cprtorrejaral\/files\/2021\/11\/IMG-20211105-WA0016-150x150.jpg 150w, https:\/\/blogsaverroes.juntadeandalucia.es\/cprtorrejaral\/files\/2021\/11\/IMG-20211105-WA0016-80x80.jpg 80w, https:\/\/blogsaverroes.juntadeandalucia.es\/cprtorrejaral\/files\/2021\/11\/IMG-20211105-WA0016-320x320.jpg 320w\" sizes=\"(max-width: 150px) 100vw, 150px\" \/><\/a>\n\t\t\t<\/dt><\/dl><dl class='gallery-item'>\n\t\t\t<dt class='gallery-icon portrait'>\n\t\t\t\t<a href='https:\/\/blogsaverroes.juntadeandalucia.es\/cprtorrejaral\/2021\/11\/08\/halloween-2021\/img-20211105-wa0015\/'><img loading=\"lazy\" decoding=\"async\" width=\"150\" height=\"150\" src=\"https:\/\/blogsaverroes.juntadeandalucia.es\/cprtorrejaral\/files\/2021\/11\/IMG-20211105-WA0015-150x150.jpg\" class=\"attachment-thumbnail size-thumbnail\" alt=\"\" srcset=\"https:\/\/blogsaverroes.juntadeandalucia.es\/cprtorrejaral\/files\/2021\/11\/IMG-20211105-WA0015-150x150.jpg 150w, https:\/\/blogsaverroes.juntadeandalucia.es\/cprtorrejaral\/files\/2021\/11\/IMG-20211105-WA0015-80x80.jpg 80w, https:\/\/blogsaverroes.juntadeandalucia.es\/cprtorrejaral\/files\/2021\/11\/IMG-20211105-WA0015-320x320.jpg 320w\" sizes=\"(max-width: 150px) 100vw, 150px\" \/><\/a>\n\t\t\t<\/dt><\/dl><dl class='gallery-item'>\n\t\t\t<dt class='gallery-icon landscape'>\n\t\t\t\t<a href='https:\/\/blogsaverroes.juntadeandalucia.es\/cprtorrejaral\/2021\/11\/08\/halloween-2021\/img-20211105-wa0014\/'><img loading=\"lazy\" decoding=\"async\" width=\"150\" height=\"150\" src=\"https:\/\/blogsaverroes.juntadeandalucia.es\/cprtorrejaral\/files\/2021\/11\/IMG-20211105-WA0014-150x150.jpg\" class=\"attachment-thumbnail size-thumbnail\" alt=\"\" srcset=\"https:\/\/blogsaverroes.juntadeandalucia.es\/cprtorrejaral\/files\/2021\/11\/IMG-20211105-WA0014-150x150.jpg 150w, https:\/\/blogsaverroes.juntadeandalucia.es\/cprtorrejaral\/files\/2021\/11\/IMG-20211105-WA0014-80x80.jpg 80w, https:\/\/blogsaverroes.juntadeandalucia.es\/cprtorrejaral\/files\/2021\/11\/IMG-20211105-WA0014-320x320.jpg 320w\" sizes=\"(max-width: 150px) 100vw, 150px\" \/><\/a>\n\t\t\t<\/dt><\/dl><dl class='gallery-item'>\n\t\t\t<dt class='gallery-icon landscape'>\n\t\t\t\t<a href='https:\/\/blogsaverroes.juntadeandalucia.es\/cprtorrejaral\/2021\/11\/08\/halloween-2021\/img-20211105-wa0013\/'><img loading=\"lazy\" decoding=\"async\" width=\"150\" height=\"150\" src=\"https:\/\/blogsaverroes.juntadeandalucia.es\/cprtorrejaral\/files\/2021\/11\/IMG-20211105-WA0013-150x150.jpg\" class=\"attachment-thumbnail size-thumbnail\" alt=\"\" srcset=\"https:\/\/blogsaverroes.juntadeandalucia.es\/cprtorrejaral\/files\/2021\/11\/IMG-20211105-WA0013-150x150.jpg 150w, https:\/\/blogsaverroes.juntadeandalucia.es\/cprtorrejaral\/files\/2021\/11\/IMG-20211105-WA0013-80x80.jpg 80w, https:\/\/blogsaverroes.juntadeandalucia.es\/cprtorrejaral\/files\/2021\/11\/IMG-20211105-WA0013-320x320.jpg 320w\" sizes=\"(max-width: 150px) 100vw, 150px\" \/><\/a>\n\t\t\t<\/dt><\/dl><br style=\"clear: both\" \/><dl class='gallery-item'>\n\t\t\t<dt class='gallery-icon landscape'>\n\t\t\t\t<a href='https:\/\/blogsaverroes.juntadeandalucia.es\/cprtorrejaral\/2021\/11\/08\/halloween-2021\/img-20211105-wa0012\/'><img loading=\"lazy\" decoding=\"async\" width=\"150\" height=\"150\" src=\"https:\/\/blogsaverroes.juntadeandalucia.es\/cprtorrejaral\/files\/2021\/11\/IMG-20211105-WA0012-150x150.jpg\" class=\"attachment-thumbnail size-thumbnail\" alt=\"\" srcset=\"https:\/\/blogsaverroes.juntadeandalucia.es\/cprtorrejaral\/files\/2021\/11\/IMG-20211105-WA0012-150x150.jpg 150w, https:\/\/blogsaverroes.juntadeandalucia.es\/cprtorrejaral\/files\/2021\/11\/IMG-20211105-WA0012-80x80.jpg 80w, https:\/\/blogsaverroes.juntadeandalucia.es\/cprtorrejaral\/files\/2021\/11\/IMG-20211105-WA0012-320x320.jpg 320w\" sizes=\"(max-width: 150px) 100vw, 150px\" \/><\/a>\n\t\t\t<\/dt><\/dl><dl class='gallery-item'>\n\t\t\t<dt class='gallery-icon landscape'>\n\t\t\t\t<a href='https:\/\/blogsaverroes.juntadeandalucia.es\/cprtorrejaral\/2021\/11\/08\/halloween-2021\/img-20211105-wa0011\/'><img loading=\"lazy\" decoding=\"async\" width=\"150\" height=\"150\" src=\"https:\/\/blogsaverroes.juntadeandalucia.es\/cprtorrejaral\/files\/2021\/11\/IMG-20211105-WA0011-150x150.jpg\" class=\"attachment-thumbnail size-thumbnail\" alt=\"\" srcset=\"https:\/\/blogsaverroes.juntadeandalucia.es\/cprtorrejaral\/files\/2021\/11\/IMG-20211105-WA0011-150x150.jpg 150w, https:\/\/blogsaverroes.juntadeandalucia.es\/cprtorrejaral\/files\/2021\/11\/IMG-20211105-WA0011-80x80.jpg 80w, https:\/\/blogsaverroes.juntadeandalucia.es\/cprtorrejaral\/files\/2021\/11\/IMG-20211105-WA0011-320x320.jpg 320w\" sizes=\"(max-width: 150px) 100vw, 150px\" \/><\/a>\n\t\t\t<\/dt><\/dl><dl class='gallery-item'>\n\t\t\t<dt class='gallery-icon landscape'>\n\t\t\t\t<a href='https:\/\/blogsaverroes.juntadeandalucia.es\/cprtorrejaral\/2021\/11\/08\/halloween-2021\/img-20211105-wa0010\/'><img loading=\"lazy\" decoding=\"async\" width=\"150\" height=\"150\" src=\"https:\/\/blogsaverroes.juntadeandalucia.es\/cprtorrejaral\/files\/2021\/11\/IMG-20211105-WA0010-150x150.jpg\" class=\"attachment-thumbnail size-thumbnail\" alt=\"\" srcset=\"https:\/\/blogsaverroes.juntadeandalucia.es\/cprtorrejaral\/files\/2021\/11\/IMG-20211105-WA0010-150x150.jpg 150w, https:\/\/blogsaverroes.juntadeandalucia.es\/cprtorrejaral\/files\/2021\/11\/IMG-20211105-WA0010-80x80.jpg 80w, https:\/\/blogsaverroes.juntadeandalucia.es\/cprtorrejaral\/files\/2021\/11\/IMG-20211105-WA0010-320x320.jpg 320w\" sizes=\"(max-width: 150px) 100vw, 150px\" \/><\/a>\n\t\t\t<\/dt><\/dl><dl class='gallery-item'>\n\t\t\t<dt class='gallery-icon landscape'>\n\t\t\t\t<a href='https:\/\/blogsaverroes.juntadeandalucia.es\/cprtorrejaral\/2021\/11\/08\/halloween-2021\/img-20211105-wa0009\/'><img loading=\"lazy\" decoding=\"async\" width=\"150\" height=\"150\" src=\"https:\/\/blogsaverroes.juntadeandalucia.es\/cprtorrejaral\/files\/2021\/11\/IMG-20211105-WA0009-150x150.jpg\" class=\"attachment-thumbnail size-thumbnail\" alt=\"\" srcset=\"https:\/\/blogsaverroes.juntadeandalucia.es\/cprtorrejaral\/files\/2021\/11\/IMG-20211105-WA0009-150x150.jpg 150w, https:\/\/blogsaverroes.juntadeandalucia.es\/cprtorrejaral\/files\/2021\/11\/IMG-20211105-WA0009-80x80.jpg 80w, https:\/\/blogsaverroes.juntadeandalucia.es\/cprtorrejaral\/files\/2021\/11\/IMG-20211105-WA0009-320x320.jpg 320w\" sizes=\"(max-width: 150px) 100vw, 150px\" \/><\/a>\n\t\t\t<\/dt><\/dl><dl class='gallery-item'>\n\t\t\t<dt class='gallery-icon landscape'>\n\t\t\t\t<a href='https:\/\/blogsaverroes.juntadeandalucia.es\/cprtorrejaral\/2021\/11\/08\/halloween-2021\/img-20211105-wa0008\/'><img loading=\"lazy\" decoding=\"async\" width=\"150\" height=\"150\" src=\"https:\/\/blogsaverroes.juntadeandalucia.es\/cprtorrejaral\/files\/2021\/11\/IMG-20211105-WA0008-150x150.jpg\" class=\"attachment-thumbnail size-thumbnail\" alt=\"\" srcset=\"https:\/\/blogsaverroes.juntadeandalucia.es\/cprtorrejaral\/files\/2021\/11\/IMG-20211105-WA0008-150x150.jpg 150w, https:\/\/blogsaverroes.juntadeandalucia.es\/cprtorrejaral\/files\/2021\/11\/IMG-20211105-WA0008-80x80.jpg 80w, https:\/\/blogsaverroes.juntadeandalucia.es\/cprtorrejaral\/files\/2021\/11\/IMG-20211105-WA0008-320x320.jpg 320w\" sizes=\"(max-width: 150px) 100vw, 150px\" \/><\/a>\n\t\t\t<\/dt><\/dl><br style=\"clear: both\" \/><dl class='gallery-item'>\n\t\t\t<dt class='gallery-icon landscape'>\n\t\t\t\t<a href='https:\/\/blogsaverroes.juntadeandalucia.es\/cprtorrejaral\/2021\/11\/08\/halloween-2021\/img-20211105-wa0007\/'><img loading=\"lazy\" decoding=\"async\" width=\"150\" height=\"150\" src=\"https:\/\/blogsaverroes.juntadeandalucia.es\/cprtorrejaral\/files\/2021\/11\/IMG-20211105-WA0007-150x150.jpg\" class=\"attachment-thumbnail size-thumbnail\" alt=\"\" srcset=\"https:\/\/blogsaverroes.juntadeandalucia.es\/cprtorrejaral\/files\/2021\/11\/IMG-20211105-WA0007-150x150.jpg 150w, https:\/\/blogsaverroes.juntadeandalucia.es\/cprtorrejaral\/files\/2021\/11\/IMG-20211105-WA0007-80x80.jpg 80w, https:\/\/blogsaverroes.juntadeandalucia.es\/cprtorrejaral\/files\/2021\/11\/IMG-20211105-WA0007-320x320.jpg 320w\" sizes=\"(max-width: 150px) 100vw, 150px\" \/><\/a>\n\t\t\t<\/dt><\/dl><dl class='gallery-item'>\n\t\t\t<dt class='gallery-icon landscape'>\n\t\t\t\t<a href='https:\/\/blogsaverroes.juntadeandalucia.es\/cprtorrejaral\/2021\/11\/08\/halloween-2021\/img-20211105-wa0006\/'><img loading=\"lazy\" decoding=\"async\" width=\"150\" height=\"150\" src=\"https:\/\/blogsaverroes.juntadeandalucia.es\/cprtorrejaral\/files\/2021\/11\/IMG-20211105-WA0006-150x150.jpg\" class=\"attachment-thumbnail size-thumbnail\" alt=\"\" srcset=\"https:\/\/blogsaverroes.juntadeandalucia.es\/cprtorrejaral\/files\/2021\/11\/IMG-20211105-WA0006-150x150.jpg 150w, https:\/\/blogsaverroes.juntadeandalucia.es\/cprtorrejaral\/files\/2021\/11\/IMG-20211105-WA0006-80x80.jpg 80w, https:\/\/blogsaverroes.juntadeandalucia.es\/cprtorrejaral\/files\/2021\/11\/IMG-20211105-WA0006-320x320.jpg 320w\" sizes=\"(max-width: 150px) 100vw, 150px\" \/><\/a>\n\t\t\t<\/dt><\/dl><dl class='gallery-item'>\n\t\t\t<dt class='gallery-icon landscape'>\n\t\t\t\t<a href='https:\/\/blogsaverroes.juntadeandalucia.es\/cprtorrejaral\/2021\/11\/08\/halloween-2021\/img-20211105-wa0005\/'><img loading=\"lazy\" decoding=\"async\" width=\"150\" height=\"150\" src=\"https:\/\/blogsaverroes.juntadeandalucia.es\/cprtorrejaral\/files\/2021\/11\/IMG-20211105-WA0005-150x150.jpg\" class=\"attachment-thumbnail size-thumbnail\" alt=\"\" srcset=\"https:\/\/blogsaverroes.juntadeandalucia.es\/cprtorrejaral\/files\/2021\/11\/IMG-20211105-WA0005-150x150.jpg 150w, https:\/\/blogsaverroes.juntadeandalucia.es\/cprtorrejaral\/files\/2021\/11\/IMG-20211105-WA0005-80x80.jpg 80w, https:\/\/blogsaverroes.juntadeandalucia.es\/cprtorrejaral\/files\/2021\/11\/IMG-20211105-WA0005-320x320.jpg 320w\" sizes=\"(max-width: 150px) 100vw, 150px\" \/><\/a>\n\t\t\t<\/dt><\/dl><dl class='gallery-item'>\n\t\t\t<dt class='gallery-icon landscape'>\n\t\t\t\t<a href='https:\/\/blogsaverroes.juntadeandalucia.es\/cprtorrejaral\/2021\/11\/08\/halloween-2021\/img-20211102-wa0014\/'><img loading=\"lazy\" decoding=\"async\" width=\"150\" height=\"150\" src=\"https:\/\/blogsaverroes.juntadeandalucia.es\/cprtorrejaral\/files\/2021\/11\/IMG-20211102-WA0014-150x150.jpg\" class=\"attachment-thumbnail size-thumbnail\" alt=\"\" srcset=\"https:\/\/blogsaverroes.juntadeandalucia.es\/cprtorrejaral\/files\/2021\/11\/IMG-20211102-WA0014-150x150.jpg 150w, https:\/\/blogsaverroes.juntadeandalucia.es\/cprtorrejaral\/files\/2021\/11\/IMG-20211102-WA0014-80x80.jpg 80w, https:\/\/blogsaverroes.juntadeandalucia.es\/cprtorrejaral\/files\/2021\/11\/IMG-20211102-WA0014-320x320.jpg 320w\" sizes=\"(max-width: 150px) 100vw, 150px\" \/><\/a>\n\t\t\t<\/dt><\/dl><dl class='gallery-item'>\n\t\t\t<dt class='gallery-icon landscape'>\n\t\t\t\t<a href='https:\/\/blogsaverroes.juntadeandalucia.es\/cprtorrejaral\/2021\/11\/08\/halloween-2021\/img-20211102-wa0013\/'><img loading=\"lazy\" decoding=\"async\" width=\"150\" height=\"150\" src=\"https:\/\/blogsaverroes.juntadeandalucia.es\/cprtorrejaral\/files\/2021\/11\/IMG-20211102-WA0013-150x150.jpg\" class=\"attachment-thumbnail size-thumbnail\" alt=\"\" srcset=\"https:\/\/blogsaverroes.juntadeandalucia.es\/cprtorrejaral\/files\/2021\/11\/IMG-20211102-WA0013-150x150.jpg 150w, https:\/\/blogsaverroes.juntadeandalucia.es\/cprtorrejaral\/files\/2021\/11\/IMG-20211102-WA0013-80x80.jpg 80w, https:\/\/blogsaverroes.juntadeandalucia.es\/cprtorrejaral\/files\/2021\/11\/IMG-20211102-WA0013-320x320.jpg 320w\" sizes=\"(max-width: 150px) 100vw, 150px\" \/><\/a>\n\t\t\t<\/dt><\/dl><br style=\"clear: both\" \/><dl class='gallery-item'>\n\t\t\t<dt class='gallery-icon landscape'>\n\t\t\t\t<a href='https:\/\/blogsaverroes.juntadeandalucia.es\/cprtorrejaral\/2021\/11\/08\/halloween-2021\/img-20211102-wa0012\/'><img loading=\"lazy\" decoding=\"async\" width=\"150\" height=\"150\" src=\"https:\/\/blogsaverroes.juntadeandalucia.es\/cprtorrejaral\/files\/2021\/11\/IMG-20211102-WA0012-150x150.jpg\" class=\"attachment-thumbnail size-thumbnail\" alt=\"\" srcset=\"https:\/\/blogsaverroes.juntadeandalucia.es\/cprtorrejaral\/files\/2021\/11\/IMG-20211102-WA0012-150x150.jpg 150w, https:\/\/blogsaverroes.juntadeandalucia.es\/cprtorrejaral\/files\/2021\/11\/IMG-20211102-WA0012-80x80.jpg 80w, https:\/\/blogsaverroes.juntadeandalucia.es\/cprtorrejaral\/files\/2021\/11\/IMG-20211102-WA0012-320x320.jpg 320w\" sizes=\"(max-width: 150px) 100vw, 150px\" \/><\/a>\n\t\t\t<\/dt><\/dl><dl class='gallery-item'>\n\t\t\t<dt class='gallery-icon landscape'>\n\t\t\t\t<a href='https:\/\/blogsaverroes.juntadeandalucia.es\/cprtorrejaral\/2021\/11\/08\/halloween-2021\/img-20211102-wa0011\/'><img loading=\"lazy\" decoding=\"async\" width=\"150\" height=\"150\" src=\"https:\/\/blogsaverroes.juntadeandalucia.es\/cprtorrejaral\/files\/2021\/11\/IMG-20211102-WA0011-150x150.jpg\" class=\"attachment-thumbnail size-thumbnail\" alt=\"\" srcset=\"https:\/\/blogsaverroes.juntadeandalucia.es\/cprtorrejaral\/files\/2021\/11\/IMG-20211102-WA0011-150x150.jpg 150w, https:\/\/blogsaverroes.juntadeandalucia.es\/cprtorrejaral\/files\/2021\/11\/IMG-20211102-WA0011-80x80.jpg 80w, https:\/\/blogsaverroes.juntadeandalucia.es\/cprtorrejaral\/files\/2021\/11\/IMG-20211102-WA0011-320x320.jpg 320w\" sizes=\"(max-width: 150px) 100vw, 150px\" \/><\/a>\n\t\t\t<\/dt><\/dl><dl class='gallery-item'>\n\t\t\t<dt class='gallery-icon landscape'>\n\t\t\t\t<a href='https:\/\/blogsaverroes.juntadeandalucia.es\/cprtorrejaral\/2021\/11\/08\/halloween-2021\/img-20211102-wa0010\/'><img loading=\"lazy\" decoding=\"async\" width=\"150\" height=\"150\" src=\"https:\/\/blogsaverroes.juntadeandalucia.es\/cprtorrejaral\/files\/2021\/11\/IMG-20211102-WA0010-150x150.jpg\" class=\"attachment-thumbnail size-thumbnail\" alt=\"\" srcset=\"https:\/\/blogsaverroes.juntadeandalucia.es\/cprtorrejaral\/files\/2021\/11\/IMG-20211102-WA0010-150x150.jpg 150w, https:\/\/blogsaverroes.juntadeandalucia.es\/cprtorrejaral\/files\/2021\/11\/IMG-20211102-WA0010-80x80.jpg 80w, https:\/\/blogsaverroes.juntadeandalucia.es\/cprtorrejaral\/files\/2021\/11\/IMG-20211102-WA0010-320x320.jpg 320w\" sizes=\"(max-width: 150px) 100vw, 150px\" \/><\/a>\n\t\t\t<\/dt><\/dl><dl class='gallery-item'>\n\t\t\t<dt class='gallery-icon landscape'>\n\t\t\t\t<a href='https:\/\/blogsaverroes.juntadeandalucia.es\/cprtorrejaral\/2021\/11\/08\/halloween-2021\/img-20211102-wa0009\/'><img loading=\"lazy\" decoding=\"async\" width=\"150\" height=\"150\" src=\"https:\/\/blogsaverroes.juntadeandalucia.es\/cprtorrejaral\/files\/2021\/11\/IMG-20211102-WA0009-150x150.jpg\" class=\"attachment-thumbnail size-thumbnail\" alt=\"\" srcset=\"https:\/\/blogsaverroes.juntadeandalucia.es\/cprtorrejaral\/files\/2021\/11\/IMG-20211102-WA0009-150x150.jpg 150w, https:\/\/blogsaverroes.juntadeandalucia.es\/cprtorrejaral\/files\/2021\/11\/IMG-20211102-WA0009-80x80.jpg 80w, https:\/\/blogsaverroes.juntadeandalucia.es\/cprtorrejaral\/files\/2021\/11\/IMG-20211102-WA0009-320x320.jpg 320w\" sizes=\"(max-width: 150px) 100vw, 150px\" \/><\/a>\n\t\t\t<\/dt><\/dl><dl class='gallery-item'>\n\t\t\t<dt class='gallery-icon landscape'>\n\t\t\t\t<a href='https:\/\/blogsaverroes.juntadeandalucia.es\/cprtorrejaral\/2021\/11\/08\/halloween-2021\/img-20211102-wa0008\/'><img loading=\"lazy\" decoding=\"async\" width=\"150\" height=\"150\" src=\"https:\/\/blogsaverroes.juntadeandalucia.es\/cprtorrejaral\/files\/2021\/11\/IMG-20211102-WA0008-150x150.jpg\" class=\"attachment-thumbnail size-thumbnail\" alt=\"\" srcset=\"https:\/\/blogsaverroes.juntadeandalucia.es\/cprtorrejaral\/files\/2021\/11\/IMG-20211102-WA0008-150x150.jpg 150w, https:\/\/blogsaverroes.juntadeandalucia.es\/cprtorrejaral\/files\/2021\/11\/IMG-20211102-WA0008-80x80.jpg 80w, https:\/\/blogsaverroes.juntadeandalucia.es\/cprtorrejaral\/files\/2021\/11\/IMG-20211102-WA0008-320x320.jpg 320w\" sizes=\"(max-width: 150px) 100vw, 150px\" \/><\/a>\n\t\t\t<\/dt><\/dl><br style=\"clear: both\" \/><dl class='gallery-item'>\n\t\t\t<dt class='gallery-icon landscape'>\n\t\t\t\t<a href='https:\/\/blogsaverroes.juntadeandalucia.es\/cprtorrejaral\/2021\/11\/08\/halloween-2021\/img-20211102-wa0007\/'><img loading=\"lazy\" decoding=\"async\" width=\"150\" height=\"150\" src=\"https:\/\/blogsaverroes.juntadeandalucia.es\/cprtorrejaral\/files\/2021\/11\/IMG-20211102-WA0007-150x150.jpg\" class=\"attachment-thumbnail size-thumbnail\" alt=\"\" srcset=\"https:\/\/blogsaverroes.juntadeandalucia.es\/cprtorrejaral\/files\/2021\/11\/IMG-20211102-WA0007-150x150.jpg 150w, https:\/\/blogsaverroes.juntadeandalucia.es\/cprtorrejaral\/files\/2021\/11\/IMG-20211102-WA0007-80x80.jpg 80w, https:\/\/blogsaverroes.juntadeandalucia.es\/cprtorrejaral\/files\/2021\/11\/IMG-20211102-WA0007-320x320.jpg 320w\" sizes=\"(max-width: 150px) 100vw, 150px\" \/><\/a>\n\t\t\t<\/dt><\/dl><dl class='gallery-item'>\n\t\t\t<dt class='gallery-icon landscape'>\n\t\t\t\t<a href='https:\/\/blogsaverroes.juntadeandalucia.es\/cprtorrejaral\/2021\/11\/08\/halloween-2021\/img-20211102-wa0006\/'><img loading=\"lazy\" decoding=\"async\" width=\"150\" height=\"150\" src=\"https:\/\/blogsaverroes.juntadeandalucia.es\/cprtorrejaral\/files\/2021\/11\/IMG-20211102-WA0006-150x150.jpg\" class=\"attachment-thumbnail size-thumbnail\" alt=\"\" srcset=\"https:\/\/blogsaverroes.juntadeandalucia.es\/cprtorrejaral\/files\/2021\/11\/IMG-20211102-WA0006-150x150.jpg 150w, https:\/\/blogsaverroes.juntadeandalucia.es\/cprtorrejaral\/files\/2021\/11\/IMG-20211102-WA0006-80x80.jpg 80w, https:\/\/blogsaverroes.juntadeandalucia.es\/cprtorrejaral\/files\/2021\/11\/IMG-20211102-WA0006-320x320.jpg 320w\" sizes=\"(max-width: 150px) 100vw, 150px\" \/><\/a>\n\t\t\t<\/dt><\/dl><dl class='gallery-item'>\n\t\t\t<dt class='gallery-icon landscape'>\n\t\t\t\t<a href='https:\/\/blogsaverroes.juntadeandalucia.es\/cprtorrejaral\/2021\/11\/08\/halloween-2021\/img-20211102-wa0005\/'><img loading=\"lazy\" decoding=\"async\" width=\"150\" height=\"150\" src=\"https:\/\/blogsaverroes.juntadeandalucia.es\/cprtorrejaral\/files\/2021\/11\/IMG-20211102-WA0005-150x150.jpg\" class=\"attachment-thumbnail size-thumbnail\" alt=\"\" srcset=\"https:\/\/blogsaverroes.juntadeandalucia.es\/cprtorrejaral\/files\/2021\/11\/IMG-20211102-WA0005-150x150.jpg 150w, https:\/\/blogsaverroes.juntadeandalucia.es\/cprtorrejaral\/files\/2021\/11\/IMG-20211102-WA0005-80x80.jpg 80w, https:\/\/blogsaverroes.juntadeandalucia.es\/cprtorrejaral\/files\/2021\/11\/IMG-20211102-WA0005-320x320.jpg 320w\" sizes=\"(max-width: 150px) 100vw, 150px\" \/><\/a>\n\t\t\t<\/dt><\/dl><dl class='gallery-item'>\n\t\t\t<dt class='gallery-icon landscape'>\n\t\t\t\t<a href='https:\/\/blogsaverroes.juntadeandalucia.es\/cprtorrejaral\/2021\/11\/08\/halloween-2021\/img-20211102-wa0004\/'><img loading=\"lazy\" decoding=\"async\" width=\"150\" height=\"150\" src=\"https:\/\/blogsaverroes.juntadeandalucia.es\/cprtorrejaral\/files\/2021\/11\/IMG-20211102-WA0004-150x150.jpg\" class=\"attachment-thumbnail size-thumbnail\" alt=\"\" srcset=\"https:\/\/blogsaverroes.juntadeandalucia.es\/cprtorrejaral\/files\/2021\/11\/IMG-20211102-WA0004-150x150.jpg 150w, https:\/\/blogsaverroes.juntadeandalucia.es\/cprtorrejaral\/files\/2021\/11\/IMG-20211102-WA0004-80x80.jpg 80w, https:\/\/blogsaverroes.juntadeandalucia.es\/cprtorrejaral\/files\/2021\/11\/IMG-20211102-WA0004-320x320.jpg 320w\" sizes=\"(max-width: 150px) 100vw, 150px\" \/><\/a>\n\t\t\t<\/dt><\/dl><dl class='gallery-item'>\n\t\t\t<dt class='gallery-icon landscape'>\n\t\t\t\t<a href='https:\/\/blogsaverroes.juntadeandalucia.es\/cprtorrejaral\/2021\/11\/08\/halloween-2021\/img-20211102-wa0003\/'><img loading=\"lazy\" decoding=\"async\" width=\"150\" height=\"150\" src=\"https:\/\/blogsaverroes.juntadeandalucia.es\/cprtorrejaral\/files\/2021\/11\/IMG-20211102-WA0003-150x150.jpg\" class=\"attachment-thumbnail size-thumbnail\" alt=\"\" srcset=\"https:\/\/blogsaverroes.juntadeandalucia.es\/cprtorrejaral\/files\/2021\/11\/IMG-20211102-WA0003-150x150.jpg 150w, https:\/\/blogsaverroes.juntadeandalucia.es\/cprtorrejaral\/files\/2021\/11\/IMG-20211102-WA0003-80x80.jpg 80w, https:\/\/blogsaverroes.juntadeandalucia.es\/cprtorrejaral\/files\/2021\/11\/IMG-20211102-WA0003-320x320.jpg 320w\" sizes=\"(max-width: 150px) 100vw, 150px\" \/><\/a>\n\t\t\t<\/dt><\/dl><br style=\"clear: both\" \/><dl class='gallery-item'>\n\t\t\t<dt class='gallery-icon landscape'>\n\t\t\t\t<a href='https:\/\/blogsaverroes.juntadeandalucia.es\/cprtorrejaral\/2021\/11\/08\/halloween-2021\/img-20211102-wa0002\/'><img loading=\"lazy\" decoding=\"async\" width=\"150\" height=\"150\" src=\"https:\/\/blogsaverroes.juntadeandalucia.es\/cprtorrejaral\/files\/2021\/11\/IMG-20211102-WA0002-150x150.jpg\" class=\"attachment-thumbnail size-thumbnail\" alt=\"\" srcset=\"https:\/\/blogsaverroes.juntadeandalucia.es\/cprtorrejaral\/files\/2021\/11\/IMG-20211102-WA0002-150x150.jpg 150w, https:\/\/blogsaverroes.juntadeandalucia.es\/cprtorrejaral\/files\/2021\/11\/IMG-20211102-WA0002-80x80.jpg 80w, https:\/\/blogsaverroes.juntadeandalucia.es\/cprtorrejaral\/files\/2021\/11\/IMG-20211102-WA0002-320x320.jpg 320w\" sizes=\"(max-width: 150px) 100vw, 150px\" \/><\/a>\n\t\t\t<\/dt><\/dl><dl class='gallery-item'>\n\t\t\t<dt class='gallery-icon landscape'>\n\t\t\t\t<a href='https:\/\/blogsaverroes.juntadeandalucia.es\/cprtorrejaral\/2021\/11\/08\/halloween-2021\/img-20211102-wa0001\/'><img loading=\"lazy\" decoding=\"async\" width=\"150\" height=\"150\" src=\"https:\/\/blogsaverroes.juntadeandalucia.es\/cprtorrejaral\/files\/2021\/11\/IMG-20211102-WA0001-150x150.jpg\" class=\"attachment-thumbnail size-thumbnail\" alt=\"\" srcset=\"https:\/\/blogsaverroes.juntadeandalucia.es\/cprtorrejaral\/files\/2021\/11\/IMG-20211102-WA0001-150x150.jpg 150w, https:\/\/blogsaverroes.juntadeandalucia.es\/cprtorrejaral\/files\/2021\/11\/IMG-20211102-WA0001-80x80.jpg 80w, https:\/\/blogsaverroes.juntadeandalucia.es\/cprtorrejaral\/files\/2021\/11\/IMG-20211102-WA0001-320x320.jpg 320w\" sizes=\"(max-width: 150px) 100vw, 150px\" \/><\/a>\n\t\t\t<\/dt><\/dl><dl class='gallery-item'>\n\t\t\t<dt class='gallery-icon landscape'>\n\t\t\t\t<a href='https:\/\/blogsaverroes.juntadeandalucia.es\/cprtorrejaral\/2021\/11\/08\/halloween-2021\/img-20211102-wa0000\/'><img loading=\"lazy\" decoding=\"async\" width=\"150\" height=\"150\" src=\"https:\/\/blogsaverroes.juntadeandalucia.es\/cprtorrejaral\/files\/2021\/11\/IMG-20211102-WA0000-150x150.jpg\" class=\"attachment-thumbnail size-thumbnail\" alt=\"\" srcset=\"https:\/\/blogsaverroes.juntadeandalucia.es\/cprtorrejaral\/files\/2021\/11\/IMG-20211102-WA0000-150x150.jpg 150w, https:\/\/blogsaverroes.juntadeandalucia.es\/cprtorrejaral\/files\/2021\/11\/IMG-20211102-WA0000-80x80.jpg 80w, https:\/\/blogsaverroes.juntadeandalucia.es\/cprtorrejaral\/files\/2021\/11\/IMG-20211102-WA0000-320x320.jpg 320w\" sizes=\"(max-width: 150px) 100vw, 150px\" \/><\/a>\n\t\t\t<\/dt><\/dl><dl class='gallery-item'>\n\t\t\t<dt class='gallery-icon portrait'>\n\t\t\t\t<a href='https:\/\/blogsaverroes.juntadeandalucia.es\/cprtorrejaral\/2021\/11\/08\/halloween-2021\/img-20211031-wa0005\/'><img loading=\"lazy\" decoding=\"async\" width=\"150\" height=\"150\" src=\"https:\/\/blogsaverroes.juntadeandalucia.es\/cprtorrejaral\/files\/2021\/11\/IMG-20211031-WA0005-150x150.jpg\" class=\"attachment-thumbnail size-thumbnail\" alt=\"\" srcset=\"https:\/\/blogsaverroes.juntadeandalucia.es\/cprtorrejaral\/files\/2021\/11\/IMG-20211031-WA0005-150x150.jpg 150w, https:\/\/blogsaverroes.juntadeandalucia.es\/cprtorrejaral\/files\/2021\/11\/IMG-20211031-WA0005-80x80.jpg 80w, https:\/\/blogsaverroes.juntadeandalucia.es\/cprtorrejaral\/files\/2021\/11\/IMG-20211031-WA0005-320x320.jpg 320w\" sizes=\"(max-width: 150px) 100vw, 150px\" \/><\/a>\n\t\t\t<\/dt><\/dl><dl class='gallery-item'>\n\t\t\t<dt class='gallery-icon landscape'>\n\t\t\t\t<a href='https:\/\/blogsaverroes.juntadeandalucia.es\/cprtorrejaral\/2021\/11\/08\/halloween-2021\/img-20211031-wa0004\/'><img loading=\"lazy\" decoding=\"async\" width=\"150\" height=\"150\" src=\"https:\/\/blogsaverroes.juntadeandalucia.es\/cprtorrejaral\/files\/2021\/11\/IMG-20211031-WA0004-150x150.jpg\" class=\"attachment-thumbnail size-thumbnail\" alt=\"\" srcset=\"https:\/\/blogsaverroes.juntadeandalucia.es\/cprtorrejaral\/files\/2021\/11\/IMG-20211031-WA0004-150x150.jpg 150w, https:\/\/blogsaverroes.juntadeandalucia.es\/cprtorrejaral\/files\/2021\/11\/IMG-20211031-WA0004-80x80.jpg 80w, https:\/\/blogsaverroes.juntadeandalucia.es\/cprtorrejaral\/files\/2021\/11\/IMG-20211031-WA0004-320x320.jpg 320w\" sizes=\"(max-width: 150px) 100vw, 150px\" \/><\/a>\n\t\t\t<\/dt><\/dl><br style=\"clear: both\" \/><dl class='gallery-item'>\n\t\t\t<dt class='gallery-icon landscape'>\n\t\t\t\t<a href='https:\/\/blogsaverroes.juntadeandalucia.es\/cprtorrejaral\/2021\/11\/08\/halloween-2021\/img-20211031-wa0003\/'><img loading=\"lazy\" decoding=\"async\" width=\"150\" height=\"150\" src=\"https:\/\/blogsaverroes.juntadeandalucia.es\/cprtorrejaral\/files\/2021\/11\/IMG-20211031-WA0003-150x150.jpg\" class=\"attachment-thumbnail size-thumbnail\" alt=\"\" srcset=\"https:\/\/blogsaverroes.juntadeandalucia.es\/cprtorrejaral\/files\/2021\/11\/IMG-20211031-WA0003-150x150.jpg 150w, https:\/\/blogsaverroes.juntadeandalucia.es\/cprtorrejaral\/files\/2021\/11\/IMG-20211031-WA0003-80x80.jpg 80w, https:\/\/blogsaverroes.juntadeandalucia.es\/cprtorrejaral\/files\/2021\/11\/IMG-20211031-WA0003-320x320.jpg 320w\" sizes=\"(max-width: 150px) 100vw, 150px\" \/><\/a>\n\t\t\t<\/dt><\/dl><dl class='gallery-item'>\n\t\t\t<dt class='gallery-icon landscape'>\n\t\t\t\t<a href='https:\/\/blogsaverroes.juntadeandalucia.es\/cprtorrejaral\/2021\/11\/08\/halloween-2021\/img-20211031-wa0002\/'><img loading=\"lazy\" decoding=\"async\" width=\"150\" height=\"150\" src=\"https:\/\/blogsaverroes.juntadeandalucia.es\/cprtorrejaral\/files\/2021\/11\/IMG-20211031-WA0002-150x150.jpg\" class=\"attachment-thumbnail size-thumbnail\" alt=\"\" srcset=\"https:\/\/blogsaverroes.juntadeandalucia.es\/cprtorrejaral\/files\/2021\/11\/IMG-20211031-WA0002-150x150.jpg 150w, https:\/\/blogsaverroes.juntadeandalucia.es\/cprtorrejaral\/files\/2021\/11\/IMG-20211031-WA0002-80x80.jpg 80w, https:\/\/blogsaverroes.juntadeandalucia.es\/cprtorrejaral\/files\/2021\/11\/IMG-20211031-WA0002-320x320.jpg 320w\" sizes=\"(max-width: 150px) 100vw, 150px\" \/><\/a>\n\t\t\t<\/dt><\/dl><dl class='gallery-item'>\n\t\t\t<dt class='gallery-icon landscape'>\n\t\t\t\t<a href='https:\/\/blogsaverroes.juntadeandalucia.es\/cprtorrejaral\/2021\/11\/08\/halloween-2021\/img-20211031-wa0001-2\/'><img loading=\"lazy\" decoding=\"async\" width=\"150\" height=\"150\" src=\"https:\/\/blogsaverroes.juntadeandalucia.es\/cprtorrejaral\/files\/2021\/11\/IMG-20211031-WA0001-1-150x150.jpg\" class=\"attachment-thumbnail size-thumbnail\" alt=\"\" srcset=\"https:\/\/blogsaverroes.juntadeandalucia.es\/cprtorrejaral\/files\/2021\/11\/IMG-20211031-WA0001-1-150x150.jpg 150w, https:\/\/blogsaverroes.juntadeandalucia.es\/cprtorrejaral\/files\/2021\/11\/IMG-20211031-WA0001-1-80x80.jpg 80w, https:\/\/blogsaverroes.juntadeandalucia.es\/cprtorrejaral\/files\/2021\/11\/IMG-20211031-WA0001-1-320x320.jpg 320w\" sizes=\"(max-width: 150px) 100vw, 150px\" \/><\/a>\n\t\t\t<\/dt><\/dl><dl class='gallery-item'>\n\t\t\t<dt class='gallery-icon landscape'>\n\t\t\t\t<a href='https:\/\/blogsaverroes.juntadeandalucia.es\/cprtorrejaral\/2021\/11\/08\/halloween-2021\/img-20211031-wa0000\/'><img loading=\"lazy\" decoding=\"async\" width=\"150\" height=\"150\" src=\"https:\/\/blogsaverroes.juntadeandalucia.es\/cprtorrejaral\/files\/2021\/11\/IMG-20211031-WA0000-150x150.jpg\" class=\"attachment-thumbnail size-thumbnail\" alt=\"\" srcset=\"https:\/\/blogsaverroes.juntadeandalucia.es\/cprtorrejaral\/files\/2021\/11\/IMG-20211031-WA0000-150x150.jpg 150w, https:\/\/blogsaverroes.juntadeandalucia.es\/cprtorrejaral\/files\/2021\/11\/IMG-20211031-WA0000-80x80.jpg 80w, https:\/\/blogsaverroes.juntadeandalucia.es\/cprtorrejaral\/files\/2021\/11\/IMG-20211031-WA0000-320x320.jpg 320w\" sizes=\"(max-width: 150px) 100vw, 150px\" \/><\/a>\n\t\t\t<\/dt><\/dl><dl class='gallery-item'>\n\t\t\t<dt class='gallery-icon landscape'>\n\t\t\t\t<a href='https:\/\/blogsaverroes.juntadeandalucia.es\/cprtorrejaral\/2021\/11\/08\/halloween-2021\/img-20211030-wa0042\/'><img loading=\"lazy\" decoding=\"async\" width=\"150\" height=\"150\" src=\"https:\/\/blogsaverroes.juntadeandalucia.es\/cprtorrejaral\/files\/2021\/11\/IMG-20211030-WA0042-150x150.jpg\" class=\"attachment-thumbnail size-thumbnail\" alt=\"\" srcset=\"https:\/\/blogsaverroes.juntadeandalucia.es\/cprtorrejaral\/files\/2021\/11\/IMG-20211030-WA0042-150x150.jpg 150w, https:\/\/blogsaverroes.juntadeandalucia.es\/cprtorrejaral\/files\/2021\/11\/IMG-20211030-WA0042-80x80.jpg 80w, https:\/\/blogsaverroes.juntadeandalucia.es\/cprtorrejaral\/files\/2021\/11\/IMG-20211030-WA0042-320x320.jpg 320w\" sizes=\"(max-width: 150px) 100vw, 150px\" \/><\/a>\n\t\t\t<\/dt><\/dl><br style=\"clear: both\" \/><dl class='gallery-item'>\n\t\t\t<dt class='gallery-icon landscape'>\n\t\t\t\t<a href='https:\/\/blogsaverroes.juntadeandalucia.es\/cprtorrejaral\/2021\/11\/08\/halloween-2021\/img-20211030-wa0041\/'><img loading=\"lazy\" decoding=\"async\" width=\"150\" height=\"150\" src=\"https:\/\/blogsaverroes.juntadeandalucia.es\/cprtorrejaral\/files\/2021\/11\/IMG-20211030-WA0041-150x150.jpg\" class=\"attachment-thumbnail size-thumbnail\" alt=\"\" srcset=\"https:\/\/blogsaverroes.juntadeandalucia.es\/cprtorrejaral\/files\/2021\/11\/IMG-20211030-WA0041-150x150.jpg 150w, https:\/\/blogsaverroes.juntadeandalucia.es\/cprtorrejaral\/files\/2021\/11\/IMG-20211030-WA0041-80x80.jpg 80w, https:\/\/blogsaverroes.juntadeandalucia.es\/cprtorrejaral\/files\/2021\/11\/IMG-20211030-WA0041-320x320.jpg 320w\" sizes=\"(max-width: 150px) 100vw, 150px\" \/><\/a>\n\t\t\t<\/dt><\/dl><dl class='gallery-item'>\n\t\t\t<dt class='gallery-icon landscape'>\n\t\t\t\t<a href='https:\/\/blogsaverroes.juntadeandalucia.es\/cprtorrejaral\/2021\/11\/08\/halloween-2021\/img-20211030-wa0040\/'><img loading=\"lazy\" decoding=\"async\" width=\"150\" height=\"150\" src=\"https:\/\/blogsaverroes.juntadeandalucia.es\/cprtorrejaral\/files\/2021\/11\/IMG-20211030-WA0040-150x150.jpg\" class=\"attachment-thumbnail size-thumbnail\" alt=\"\" srcset=\"https:\/\/blogsaverroes.juntadeandalucia.es\/cprtorrejaral\/files\/2021\/11\/IMG-20211030-WA0040-150x150.jpg 150w, https:\/\/blogsaverroes.juntadeandalucia.es\/cprtorrejaral\/files\/2021\/11\/IMG-20211030-WA0040-80x80.jpg 80w, https:\/\/blogsaverroes.juntadeandalucia.es\/cprtorrejaral\/files\/2021\/11\/IMG-20211030-WA0040-320x320.jpg 320w\" sizes=\"(max-width: 150px) 100vw, 150px\" \/><\/a>\n\t\t\t<\/dt><\/dl><dl class='gallery-item'>\n\t\t\t<dt class='gallery-icon landscape'>\n\t\t\t\t<a href='https:\/\/blogsaverroes.juntadeandalucia.es\/cprtorrejaral\/2021\/11\/08\/halloween-2021\/img-20211030-wa0039\/'><img loading=\"lazy\" decoding=\"async\" width=\"150\" height=\"150\" src=\"https:\/\/blogsaverroes.juntadeandalucia.es\/cprtorrejaral\/files\/2021\/11\/IMG-20211030-WA0039-150x150.jpg\" class=\"attachment-thumbnail size-thumbnail\" alt=\"\" srcset=\"https:\/\/blogsaverroes.juntadeandalucia.es\/cprtorrejaral\/files\/2021\/11\/IMG-20211030-WA0039-150x150.jpg 150w, https:\/\/blogsaverroes.juntadeandalucia.es\/cprtorrejaral\/files\/2021\/11\/IMG-20211030-WA0039-80x80.jpg 80w, https:\/\/blogsaverroes.juntadeandalucia.es\/cprtorrejaral\/files\/2021\/11\/IMG-20211030-WA0039-320x320.jpg 320w\" sizes=\"(max-width: 150px) 100vw, 150px\" \/><\/a>\n\t\t\t<\/dt><\/dl><dl class='gallery-item'>\n\t\t\t<dt class='gallery-icon portrait'>\n\t\t\t\t<a href='https:\/\/blogsaverroes.juntadeandalucia.es\/cprtorrejaral\/2021\/11\/08\/halloween-2021\/img-20211030-wa0038\/'><img loading=\"lazy\" decoding=\"async\" width=\"150\" height=\"150\" src=\"https:\/\/blogsaverroes.juntadeandalucia.es\/cprtorrejaral\/files\/2021\/11\/IMG-20211030-WA0038-150x150.jpg\" class=\"attachment-thumbnail size-thumbnail\" alt=\"\" srcset=\"https:\/\/blogsaverroes.juntadeandalucia.es\/cprtorrejaral\/files\/2021\/11\/IMG-20211030-WA0038-150x150.jpg 150w, https:\/\/blogsaverroes.juntadeandalucia.es\/cprtorrejaral\/files\/2021\/11\/IMG-20211030-WA0038-80x80.jpg 80w, https:\/\/blogsaverroes.juntadeandalucia.es\/cprtorrejaral\/files\/2021\/11\/IMG-20211030-WA0038-320x320.jpg 320w\" sizes=\"(max-width: 150px) 100vw, 150px\" \/><\/a>\n\t\t\t<\/dt><\/dl><dl class='gallery-item'>\n\t\t\t<dt class='gallery-icon portrait'>\n\t\t\t\t<a href='https:\/\/blogsaverroes.juntadeandalucia.es\/cprtorrejaral\/2021\/11\/08\/halloween-2021\/img-20211030-wa0037\/'><img loading=\"lazy\" decoding=\"async\" width=\"150\" height=\"150\" src=\"https:\/\/blogsaverroes.juntadeandalucia.es\/cprtorrejaral\/files\/2021\/11\/IMG-20211030-WA0037-150x150.jpg\" class=\"attachment-thumbnail size-thumbnail\" alt=\"\" srcset=\"https:\/\/blogsaverroes.juntadeandalucia.es\/cprtorrejaral\/files\/2021\/11\/IMG-20211030-WA0037-150x150.jpg 150w, https:\/\/blogsaverroes.juntadeandalucia.es\/cprtorrejaral\/files\/2021\/11\/IMG-20211030-WA0037-80x80.jpg 80w, https:\/\/blogsaverroes.juntadeandalucia.es\/cprtorrejaral\/files\/2021\/11\/IMG-20211030-WA0037-320x320.jpg 320w\" sizes=\"(max-width: 150px) 100vw, 150px\" \/><\/a>\n\t\t\t<\/dt><\/dl><br style=\"clear: both\" \/><dl class='gallery-item'>\n\t\t\t<dt class='gallery-icon landscape'>\n\t\t\t\t<a href='https:\/\/blogsaverroes.juntadeandalucia.es\/cprtorrejaral\/2021\/11\/08\/halloween-2021\/img-20211030-wa0036\/'><img loading=\"lazy\" decoding=\"async\" width=\"150\" height=\"150\" src=\"https:\/\/blogsaverroes.juntadeandalucia.es\/cprtorrejaral\/files\/2021\/11\/IMG-20211030-WA0036-150x150.jpg\" class=\"attachment-thumbnail size-thumbnail\" alt=\"\" srcset=\"https:\/\/blogsaverroes.juntadeandalucia.es\/cprtorrejaral\/files\/2021\/11\/IMG-20211030-WA0036-150x150.jpg 150w, https:\/\/blogsaverroes.juntadeandalucia.es\/cprtorrejaral\/files\/2021\/11\/IMG-20211030-WA0036-80x80.jpg 80w, https:\/\/blogsaverroes.juntadeandalucia.es\/cprtorrejaral\/files\/2021\/11\/IMG-20211030-WA0036-320x320.jpg 320w\" sizes=\"(max-width: 150px) 100vw, 150px\" \/><\/a>\n\t\t\t<\/dt><\/dl><dl class='gallery-item'>\n\t\t\t<dt class='gallery-icon portrait'>\n\t\t\t\t<a href='https:\/\/blogsaverroes.juntadeandalucia.es\/cprtorrejaral\/2021\/11\/08\/halloween-2021\/img-20211030-wa0035\/'><img loading=\"lazy\" decoding=\"async\" width=\"150\" height=\"150\" src=\"https:\/\/blogsaverroes.juntadeandalucia.es\/cprtorrejaral\/files\/2021\/11\/IMG-20211030-WA0035-150x150.jpg\" class=\"attachment-thumbnail size-thumbnail\" alt=\"\" srcset=\"https:\/\/blogsaverroes.juntadeandalucia.es\/cprtorrejaral\/files\/2021\/11\/IMG-20211030-WA0035-150x150.jpg 150w, https:\/\/blogsaverroes.juntadeandalucia.es\/cprtorrejaral\/files\/2021\/11\/IMG-20211030-WA0035-80x80.jpg 80w, https:\/\/blogsaverroes.juntadeandalucia.es\/cprtorrejaral\/files\/2021\/11\/IMG-20211030-WA0035-320x320.jpg 320w\" sizes=\"(max-width: 150px) 100vw, 150px\" \/><\/a>\n\t\t\t<\/dt><\/dl><dl class='gallery-item'>\n\t\t\t<dt class='gallery-icon portrait'>\n\t\t\t\t<a href='https:\/\/blogsaverroes.juntadeandalucia.es\/cprtorrejaral\/2021\/11\/08\/halloween-2021\/img-20211030-wa0034\/'><img loading=\"lazy\" decoding=\"async\" width=\"150\" height=\"150\" src=\"https:\/\/blogsaverroes.juntadeandalucia.es\/cprtorrejaral\/files\/2021\/11\/IMG-20211030-WA0034-150x150.jpg\" class=\"attachment-thumbnail size-thumbnail\" alt=\"\" srcset=\"https:\/\/blogsaverroes.juntadeandalucia.es\/cprtorrejaral\/files\/2021\/11\/IMG-20211030-WA0034-150x150.jpg 150w, https:\/\/blogsaverroes.juntadeandalucia.es\/cprtorrejaral\/files\/2021\/11\/IMG-20211030-WA0034-80x80.jpg 80w, https:\/\/blogsaverroes.juntadeandalucia.es\/cprtorrejaral\/files\/2021\/11\/IMG-20211030-WA0034-320x320.jpg 320w\" sizes=\"(max-width: 150px) 100vw, 150px\" \/><\/a>\n\t\t\t<\/dt><\/dl><dl class='gallery-item'>\n\t\t\t<dt class='gallery-icon portrait'>\n\t\t\t\t<a href='https:\/\/blogsaverroes.juntadeandalucia.es\/cprtorrejaral\/2021\/11\/08\/halloween-2021\/img-20211030-wa0033\/'><img loading=\"lazy\" decoding=\"async\" width=\"150\" height=\"150\" src=\"https:\/\/blogsaverroes.juntadeandalucia.es\/cprtorrejaral\/files\/2021\/11\/IMG-20211030-WA0033-150x150.jpg\" class=\"attachment-thumbnail size-thumbnail\" alt=\"\" srcset=\"https:\/\/blogsaverroes.juntadeandalucia.es\/cprtorrejaral\/files\/2021\/11\/IMG-20211030-WA0033-150x150.jpg 150w, https:\/\/blogsaverroes.juntadeandalucia.es\/cprtorrejaral\/files\/2021\/11\/IMG-20211030-WA0033-80x80.jpg 80w, https:\/\/blogsaverroes.juntadeandalucia.es\/cprtorrejaral\/files\/2021\/11\/IMG-20211030-WA0033-320x320.jpg 320w\" sizes=\"(max-width: 150px) 100vw, 150px\" \/><\/a>\n\t\t\t<\/dt><\/dl><dl class='gallery-item'>\n\t\t\t<dt class='gallery-icon portrait'>\n\t\t\t\t<a href='https:\/\/blogsaverroes.juntadeandalucia.es\/cprtorrejaral\/2021\/11\/08\/halloween-2021\/img-20211030-wa0032\/'><img loading=\"lazy\" decoding=\"async\" width=\"150\" height=\"150\" src=\"https:\/\/blogsaverroes.juntadeandalucia.es\/cprtorrejaral\/files\/2021\/11\/IMG-20211030-WA0032-150x150.jpg\" class=\"attachment-thumbnail size-thumbnail\" alt=\"\" srcset=\"https:\/\/blogsaverroes.juntadeandalucia.es\/cprtorrejaral\/files\/2021\/11\/IMG-20211030-WA0032-150x150.jpg 150w, https:\/\/blogsaverroes.juntadeandalucia.es\/cprtorrejaral\/files\/2021\/11\/IMG-20211030-WA0032-80x80.jpg 80w, https:\/\/blogsaverroes.juntadeandalucia.es\/cprtorrejaral\/files\/2021\/11\/IMG-20211030-WA0032-320x320.jpg 320w\" sizes=\"(max-width: 150px) 100vw, 150px\" \/><\/a>\n\t\t\t<\/dt><\/dl><br style=\"clear: both\" \/><dl class='gallery-item'>\n\t\t\t<dt class='gallery-icon portrait'>\n\t\t\t\t<a href='https:\/\/blogsaverroes.juntadeandalucia.es\/cprtorrejaral\/2021\/11\/08\/halloween-2021\/img-20211030-wa0031\/'><img loading=\"lazy\" decoding=\"async\" width=\"150\" height=\"150\" src=\"https:\/\/blogsaverroes.juntadeandalucia.es\/cprtorrejaral\/files\/2021\/11\/IMG-20211030-WA0031-150x150.jpg\" class=\"attachment-thumbnail size-thumbnail\" alt=\"\" srcset=\"https:\/\/blogsaverroes.juntadeandalucia.es\/cprtorrejaral\/files\/2021\/11\/IMG-20211030-WA0031-150x150.jpg 150w, https:\/\/blogsaverroes.juntadeandalucia.es\/cprtorrejaral\/files\/2021\/11\/IMG-20211030-WA0031-80x80.jpg 80w, https:\/\/blogsaverroes.juntadeandalucia.es\/cprtorrejaral\/files\/2021\/11\/IMG-20211030-WA0031-320x320.jpg 320w\" sizes=\"(max-width: 150px) 100vw, 150px\" \/><\/a>\n\t\t\t<\/dt><\/dl><dl class='gallery-item'>\n\t\t\t<dt class='gallery-icon landscape'>\n\t\t\t\t<a href='https:\/\/blogsaverroes.juntadeandalucia.es\/cprtorrejaral\/2021\/11\/08\/halloween-2021\/img-20211030-wa0030\/'><img loading=\"lazy\" decoding=\"async\" width=\"150\" height=\"150\" src=\"https:\/\/blogsaverroes.juntadeandalucia.es\/cprtorrejaral\/files\/2021\/11\/IMG-20211030-WA0030-150x150.jpg\" class=\"attachment-thumbnail size-thumbnail\" alt=\"\" srcset=\"https:\/\/blogsaverroes.juntadeandalucia.es\/cprtorrejaral\/files\/2021\/11\/IMG-20211030-WA0030-150x150.jpg 150w, https:\/\/blogsaverroes.juntadeandalucia.es\/cprtorrejaral\/files\/2021\/11\/IMG-20211030-WA0030-80x80.jpg 80w, https:\/\/blogsaverroes.juntadeandalucia.es\/cprtorrejaral\/files\/2021\/11\/IMG-20211030-WA0030-320x320.jpg 320w\" sizes=\"(max-width: 150px) 100vw, 150px\" \/><\/a>\n\t\t\t<\/dt><\/dl><dl class='gallery-item'>\n\t\t\t<dt class='gallery-icon portrait'>\n\t\t\t\t<a href='https:\/\/blogsaverroes.juntadeandalucia.es\/cprtorrejaral\/2021\/11\/08\/halloween-2021\/img-20211030-wa0029\/'><img loading=\"lazy\" decoding=\"async\" width=\"150\" height=\"150\" src=\"https:\/\/blogsaverroes.juntadeandalucia.es\/cprtorrejaral\/files\/2021\/11\/IMG-20211030-WA0029-150x150.jpg\" class=\"attachment-thumbnail size-thumbnail\" alt=\"\" srcset=\"https:\/\/blogsaverroes.juntadeandalucia.es\/cprtorrejaral\/files\/2021\/11\/IMG-20211030-WA0029-150x150.jpg 150w, https:\/\/blogsaverroes.juntadeandalucia.es\/cprtorrejaral\/files\/2021\/11\/IMG-20211030-WA0029-80x80.jpg 80w, https:\/\/blogsaverroes.juntadeandalucia.es\/cprtorrejaral\/files\/2021\/11\/IMG-20211030-WA0029-320x320.jpg 320w\" sizes=\"(max-width: 150px) 100vw, 150px\" \/><\/a>\n\t\t\t<\/dt><\/dl><dl class='gallery-item'>\n\t\t\t<dt class='gallery-icon landscape'>\n\t\t\t\t<a href='https:\/\/blogsaverroes.juntadeandalucia.es\/cprtorrejaral\/2021\/11\/08\/halloween-2021\/img-20211030-wa0028\/'><img loading=\"lazy\" decoding=\"async\" width=\"150\" height=\"150\" src=\"https:\/\/blogsaverroes.juntadeandalucia.es\/cprtorrejaral\/files\/2021\/11\/IMG-20211030-WA0028-150x150.jpg\" class=\"attachment-thumbnail size-thumbnail\" alt=\"\" srcset=\"https:\/\/blogsaverroes.juntadeandalucia.es\/cprtorrejaral\/files\/2021\/11\/IMG-20211030-WA0028-150x150.jpg 150w, https:\/\/blogsaverroes.juntadeandalucia.es\/cprtorrejaral\/files\/2021\/11\/IMG-20211030-WA0028-80x80.jpg 80w, https:\/\/blogsaverroes.juntadeandalucia.es\/cprtorrejaral\/files\/2021\/11\/IMG-20211030-WA0028-320x320.jpg 320w\" sizes=\"(max-width: 150px) 100vw, 150px\" \/><\/a>\n\t\t\t<\/dt><\/dl><dl class='gallery-item'>\n\t\t\t<dt class='gallery-icon portrait'>\n\t\t\t\t<a href='https:\/\/blogsaverroes.juntadeandalucia.es\/cprtorrejaral\/2021\/11\/08\/halloween-2021\/img-20211030-wa0027\/'><img loading=\"lazy\" decoding=\"async\" width=\"150\" height=\"150\" src=\"https:\/\/blogsaverroes.juntadeandalucia.es\/cprtorrejaral\/files\/2021\/11\/IMG-20211030-WA0027-150x150.jpg\" class=\"attachment-thumbnail size-thumbnail\" alt=\"\" srcset=\"https:\/\/blogsaverroes.juntadeandalucia.es\/cprtorrejaral\/files\/2021\/11\/IMG-20211030-WA0027-150x150.jpg 150w, https:\/\/blogsaverroes.juntadeandalucia.es\/cprtorrejaral\/files\/2021\/11\/IMG-20211030-WA0027-80x80.jpg 80w, https:\/\/blogsaverroes.juntadeandalucia.es\/cprtorrejaral\/files\/2021\/11\/IMG-20211030-WA0027-320x320.jpg 320w\" sizes=\"(max-width: 150px) 100vw, 150px\" \/><\/a>\n\t\t\t<\/dt><\/dl><br style=\"clear: both\" \/><dl class='gallery-item'>\n\t\t\t<dt class='gallery-icon landscape'>\n\t\t\t\t<a href='https:\/\/blogsaverroes.juntadeandalucia.es\/cprtorrejaral\/2021\/11\/08\/halloween-2021\/img-20211030-wa0026\/'><img loading=\"lazy\" decoding=\"async\" width=\"150\" height=\"150\" src=\"https:\/\/blogsaverroes.juntadeandalucia.es\/cprtorrejaral\/files\/2021\/11\/IMG-20211030-WA0026-150x150.jpg\" class=\"attachment-thumbnail size-thumbnail\" alt=\"\" srcset=\"https:\/\/blogsaverroes.juntadeandalucia.es\/cprtorrejaral\/files\/2021\/11\/IMG-20211030-WA0026-150x150.jpg 150w, https:\/\/blogsaverroes.juntadeandalucia.es\/cprtorrejaral\/files\/2021\/11\/IMG-20211030-WA0026-80x80.jpg 80w, https:\/\/blogsaverroes.juntadeandalucia.es\/cprtorrejaral\/files\/2021\/11\/IMG-20211030-WA0026-320x320.jpg 320w\" sizes=\"(max-width: 150px) 100vw, 150px\" \/><\/a>\n\t\t\t<\/dt><\/dl><dl class='gallery-item'>\n\t\t\t<dt class='gallery-icon landscape'>\n\t\t\t\t<a href='https:\/\/blogsaverroes.juntadeandalucia.es\/cprtorrejaral\/2021\/11\/08\/halloween-2021\/img-20211030-wa0025\/'><img loading=\"lazy\" decoding=\"async\" width=\"150\" height=\"150\" src=\"https:\/\/blogsaverroes.juntadeandalucia.es\/cprtorrejaral\/files\/2021\/11\/IMG-20211030-WA0025-150x150.jpg\" class=\"attachment-thumbnail size-thumbnail\" alt=\"\" srcset=\"https:\/\/blogsaverroes.juntadeandalucia.es\/cprtorrejaral\/files\/2021\/11\/IMG-20211030-WA0025-150x150.jpg 150w, https:\/\/blogsaverroes.juntadeandalucia.es\/cprtorrejaral\/files\/2021\/11\/IMG-20211030-WA0025-80x80.jpg 80w, https:\/\/blogsaverroes.juntadeandalucia.es\/cprtorrejaral\/files\/2021\/11\/IMG-20211030-WA0025-320x320.jpg 320w\" sizes=\"(max-width: 150px) 100vw, 150px\" \/><\/a>\n\t\t\t<\/dt><\/dl><dl class='gallery-item'>\n\t\t\t<dt class='gallery-icon landscape'>\n\t\t\t\t<a href='https:\/\/blogsaverroes.juntadeandalucia.es\/cprtorrejaral\/2021\/11\/08\/halloween-2021\/img-20211030-wa0024\/'><img loading=\"lazy\" decoding=\"async\" width=\"150\" height=\"150\" src=\"https:\/\/blogsaverroes.juntadeandalucia.es\/cprtorrejaral\/files\/2021\/11\/IMG-20211030-WA0024-150x150.jpg\" class=\"attachment-thumbnail size-thumbnail\" alt=\"\" srcset=\"https:\/\/blogsaverroes.juntadeandalucia.es\/cprtorrejaral\/files\/2021\/11\/IMG-20211030-WA0024-150x150.jpg 150w, https:\/\/blogsaverroes.juntadeandalucia.es\/cprtorrejaral\/files\/2021\/11\/IMG-20211030-WA0024-80x80.jpg 80w, https:\/\/blogsaverroes.juntadeandalucia.es\/cprtorrejaral\/files\/2021\/11\/IMG-20211030-WA0024-320x320.jpg 320w\" sizes=\"(max-width: 150px) 100vw, 150px\" \/><\/a>\n\t\t\t<\/dt><\/dl><dl class='gallery-item'>\n\t\t\t<dt class='gallery-icon landscape'>\n\t\t\t\t<a href='https:\/\/blogsaverroes.juntadeandalucia.es\/cprtorrejaral\/2021\/11\/08\/halloween-2021\/img-20211030-wa0023\/'><img loading=\"lazy\" decoding=\"async\" width=\"150\" height=\"150\" src=\"https:\/\/blogsaverroes.juntadeandalucia.es\/cprtorrejaral\/files\/2021\/11\/IMG-20211030-WA0023-150x150.jpg\" class=\"attachment-thumbnail size-thumbnail\" alt=\"\" srcset=\"https:\/\/blogsaverroes.juntadeandalucia.es\/cprtorrejaral\/files\/2021\/11\/IMG-20211030-WA0023-150x150.jpg 150w, https:\/\/blogsaverroes.juntadeandalucia.es\/cprtorrejaral\/files\/2021\/11\/IMG-20211030-WA0023-80x80.jpg 80w, https:\/\/blogsaverroes.juntadeandalucia.es\/cprtorrejaral\/files\/2021\/11\/IMG-20211030-WA0023-320x320.jpg 320w\" sizes=\"(max-width: 150px) 100vw, 150px\" \/><\/a>\n\t\t\t<\/dt><\/dl><dl class='gallery-item'>\n\t\t\t<dt class='gallery-icon landscape'>\n\t\t\t\t<a href='https:\/\/blogsaverroes.juntadeandalucia.es\/cprtorrejaral\/2021\/11\/08\/halloween-2021\/img-20211030-wa0022\/'><img loading=\"lazy\" decoding=\"async\" width=\"150\" height=\"150\" src=\"https:\/\/blogsaverroes.juntadeandalucia.es\/cprtorrejaral\/files\/2021\/11\/IMG-20211030-WA0022-150x150.jpg\" class=\"attachment-thumbnail size-thumbnail\" alt=\"\" srcset=\"https:\/\/blogsaverroes.juntadeandalucia.es\/cprtorrejaral\/files\/2021\/11\/IMG-20211030-WA0022-150x150.jpg 150w, https:\/\/blogsaverroes.juntadeandalucia.es\/cprtorrejaral\/files\/2021\/11\/IMG-20211030-WA0022-80x80.jpg 80w, https:\/\/blogsaverroes.juntadeandalucia.es\/cprtorrejaral\/files\/2021\/11\/IMG-20211030-WA0022-320x320.jpg 320w\" sizes=\"(max-width: 150px) 100vw, 150px\" \/><\/a>\n\t\t\t<\/dt><\/dl><br style=\"clear: both\" \/><dl class='gallery-item'>\n\t\t\t<dt class='gallery-icon landscape'>\n\t\t\t\t<a href='https:\/\/blogsaverroes.juntadeandalucia.es\/cprtorrejaral\/2021\/11\/08\/halloween-2021\/img-20211030-wa0021\/'><img loading=\"lazy\" decoding=\"async\" width=\"150\" height=\"150\" src=\"https:\/\/blogsaverroes.juntadeandalucia.es\/cprtorrejaral\/files\/2021\/11\/IMG-20211030-WA0021-150x150.jpg\" class=\"attachment-thumbnail size-thumbnail\" alt=\"\" srcset=\"https:\/\/blogsaverroes.juntadeandalucia.es\/cprtorrejaral\/files\/2021\/11\/IMG-20211030-WA0021-150x150.jpg 150w, https:\/\/blogsaverroes.juntadeandalucia.es\/cprtorrejaral\/files\/2021\/11\/IMG-20211030-WA0021-80x80.jpg 80w, https:\/\/blogsaverroes.juntadeandalucia.es\/cprtorrejaral\/files\/2021\/11\/IMG-20211030-WA0021-320x320.jpg 320w\" sizes=\"(max-width: 150px) 100vw, 150px\" \/><\/a>\n\t\t\t<\/dt><\/dl><dl class='gallery-item'>\n\t\t\t<dt class='gallery-icon landscape'>\n\t\t\t\t<a href='https:\/\/blogsaverroes.juntadeandalucia.es\/cprtorrejaral\/2021\/11\/08\/halloween-2021\/img-20211030-wa0020\/'><img loading=\"lazy\" decoding=\"async\" width=\"150\" height=\"150\" src=\"https:\/\/blogsaverroes.juntadeandalucia.es\/cprtorrejaral\/files\/2021\/11\/IMG-20211030-WA0020-150x150.jpg\" class=\"attachment-thumbnail size-thumbnail\" alt=\"\" srcset=\"https:\/\/blogsaverroes.juntadeandalucia.es\/cprtorrejaral\/files\/2021\/11\/IMG-20211030-WA0020-150x150.jpg 150w, https:\/\/blogsaverroes.juntadeandalucia.es\/cprtorrejaral\/files\/2021\/11\/IMG-20211030-WA0020-80x80.jpg 80w, https:\/\/blogsaverroes.juntadeandalucia.es\/cprtorrejaral\/files\/2021\/11\/IMG-20211030-WA0020-320x320.jpg 320w\" sizes=\"(max-width: 150px) 100vw, 150px\" \/><\/a>\n\t\t\t<\/dt><\/dl><dl class='gallery-item'>\n\t\t\t<dt class='gallery-icon landscape'>\n\t\t\t\t<a href='https:\/\/blogsaverroes.juntadeandalucia.es\/cprtorrejaral\/2021\/11\/08\/halloween-2021\/img-20211030-wa0019\/'><img loading=\"lazy\" decoding=\"async\" width=\"150\" height=\"150\" src=\"https:\/\/blogsaverroes.juntadeandalucia.es\/cprtorrejaral\/files\/2021\/11\/IMG-20211030-WA0019-150x150.jpg\" class=\"attachment-thumbnail size-thumbnail\" alt=\"\" srcset=\"https:\/\/blogsaverroes.juntadeandalucia.es\/cprtorrejaral\/files\/2021\/11\/IMG-20211030-WA0019-150x150.jpg 150w, https:\/\/blogsaverroes.juntadeandalucia.es\/cprtorrejaral\/files\/2021\/11\/IMG-20211030-WA0019-80x80.jpg 80w, https:\/\/blogsaverroes.juntadeandalucia.es\/cprtorrejaral\/files\/2021\/11\/IMG-20211030-WA0019-320x320.jpg 320w\" sizes=\"(max-width: 150px) 100vw, 150px\" \/><\/a>\n\t\t\t<\/dt><\/dl><dl class='gallery-item'>\n\t\t\t<dt class='gallery-icon landscape'>\n\t\t\t\t<a href='https:\/\/blogsaverroes.juntadeandalucia.es\/cprtorrejaral\/2021\/11\/08\/halloween-2021\/img-20211030-wa0018\/'><img loading=\"lazy\" decoding=\"async\" width=\"150\" height=\"150\" src=\"https:\/\/blogsaverroes.juntadeandalucia.es\/cprtorrejaral\/files\/2021\/11\/IMG-20211030-WA0018-150x150.jpg\" class=\"attachment-thumbnail size-thumbnail\" alt=\"\" srcset=\"https:\/\/blogsaverroes.juntadeandalucia.es\/cprtorrejaral\/files\/2021\/11\/IMG-20211030-WA0018-150x150.jpg 150w, https:\/\/blogsaverroes.juntadeandalucia.es\/cprtorrejaral\/files\/2021\/11\/IMG-20211030-WA0018-80x80.jpg 80w, https:\/\/blogsaverroes.juntadeandalucia.es\/cprtorrejaral\/files\/2021\/11\/IMG-20211030-WA0018-320x320.jpg 320w\" sizes=\"(max-width: 150px) 100vw, 150px\" \/><\/a>\n\t\t\t<\/dt><\/dl><dl class='gallery-item'>\n\t\t\t<dt class='gallery-icon landscape'>\n\t\t\t\t<a href='https:\/\/blogsaverroes.juntadeandalucia.es\/cprtorrejaral\/2021\/11\/08\/halloween-2021\/img-20211030-wa0017\/'><img loading=\"lazy\" decoding=\"async\" width=\"150\" height=\"150\" src=\"https:\/\/blogsaverroes.juntadeandalucia.es\/cprtorrejaral\/files\/2021\/11\/IMG-20211030-WA0017-150x150.jpg\" class=\"attachment-thumbnail size-thumbnail\" alt=\"\" srcset=\"https:\/\/blogsaverroes.juntadeandalucia.es\/cprtorrejaral\/files\/2021\/11\/IMG-20211030-WA0017-150x150.jpg 150w, https:\/\/blogsaverroes.juntadeandalucia.es\/cprtorrejaral\/files\/2021\/11\/IMG-20211030-WA0017-80x80.jpg 80w, https:\/\/blogsaverroes.juntadeandalucia.es\/cprtorrejaral\/files\/2021\/11\/IMG-20211030-WA0017-320x320.jpg 320w\" sizes=\"(max-width: 150px) 100vw, 150px\" \/><\/a>\n\t\t\t<\/dt><\/dl><br style=\"clear: both\" \/><dl class='gallery-item'>\n\t\t\t<dt class='gallery-icon landscape'>\n\t\t\t\t<a href='https:\/\/blogsaverroes.juntadeandalucia.es\/cprtorrejaral\/2021\/11\/08\/halloween-2021\/img-20211030-wa0016\/'><img loading=\"lazy\" decoding=\"async\" width=\"150\" height=\"150\" src=\"https:\/\/blogsaverroes.juntadeandalucia.es\/cprtorrejaral\/files\/2021\/11\/IMG-20211030-WA0016-150x150.jpg\" class=\"attachment-thumbnail size-thumbnail\" alt=\"\" srcset=\"https:\/\/blogsaverroes.juntadeandalucia.es\/cprtorrejaral\/files\/2021\/11\/IMG-20211030-WA0016-150x150.jpg 150w, https:\/\/blogsaverroes.juntadeandalucia.es\/cprtorrejaral\/files\/2021\/11\/IMG-20211030-WA0016-80x80.jpg 80w, https:\/\/blogsaverroes.juntadeandalucia.es\/cprtorrejaral\/files\/2021\/11\/IMG-20211030-WA0016-320x320.jpg 320w\" sizes=\"(max-width: 150px) 100vw, 150px\" \/><\/a>\n\t\t\t<\/dt><\/dl><dl class='gallery-item'>\n\t\t\t<dt class='gallery-icon landscape'>\n\t\t\t\t<a href='https:\/\/blogsaverroes.juntadeandalucia.es\/cprtorrejaral\/2021\/11\/08\/halloween-2021\/img-20211030-wa0015\/'><img loading=\"lazy\" decoding=\"async\" width=\"150\" height=\"150\" src=\"https:\/\/blogsaverroes.juntadeandalucia.es\/cprtorrejaral\/files\/2021\/11\/IMG-20211030-WA0015-150x150.jpg\" class=\"attachment-thumbnail size-thumbnail\" alt=\"\" srcset=\"https:\/\/blogsaverroes.juntadeandalucia.es\/cprtorrejaral\/files\/2021\/11\/IMG-20211030-WA0015-150x150.jpg 150w, https:\/\/blogsaverroes.juntadeandalucia.es\/cprtorrejaral\/files\/2021\/11\/IMG-20211030-WA0015-80x80.jpg 80w, https:\/\/blogsaverroes.juntadeandalucia.es\/cprtorrejaral\/files\/2021\/11\/IMG-20211030-WA0015-320x320.jpg 320w\" sizes=\"(max-width: 150px) 100vw, 150px\" \/><\/a>\n\t\t\t<\/dt><\/dl><dl class='gallery-item'>\n\t\t\t<dt class='gallery-icon landscape'>\n\t\t\t\t<a href='https:\/\/blogsaverroes.juntadeandalucia.es\/cprtorrejaral\/2021\/11\/08\/halloween-2021\/img-20211030-wa0014\/'><img loading=\"lazy\" decoding=\"async\" width=\"150\" height=\"150\" src=\"https:\/\/blogsaverroes.juntadeandalucia.es\/cprtorrejaral\/files\/2021\/11\/IMG-20211030-WA0014-150x150.jpg\" class=\"attachment-thumbnail size-thumbnail\" alt=\"\" srcset=\"https:\/\/blogsaverroes.juntadeandalucia.es\/cprtorrejaral\/files\/2021\/11\/IMG-20211030-WA0014-150x150.jpg 150w, https:\/\/blogsaverroes.juntadeandalucia.es\/cprtorrejaral\/files\/2021\/11\/IMG-20211030-WA0014-80x80.jpg 80w, https:\/\/blogsaverroes.juntadeandalucia.es\/cprtorrejaral\/files\/2021\/11\/IMG-20211030-WA0014-320x320.jpg 320w\" sizes=\"(max-width: 150px) 100vw, 150px\" \/><\/a>\n\t\t\t<\/dt><\/dl><dl class='gallery-item'>\n\t\t\t<dt class='gallery-icon landscape'>\n\t\t\t\t<a href='https:\/\/blogsaverroes.juntadeandalucia.es\/cprtorrejaral\/2021\/11\/08\/halloween-2021\/img-20211030-wa0013\/'><img loading=\"lazy\" decoding=\"async\" width=\"150\" height=\"150\" src=\"https:\/\/blogsaverroes.juntadeandalucia.es\/cprtorrejaral\/files\/2021\/11\/IMG-20211030-WA0013-150x150.jpg\" class=\"attachment-thumbnail size-thumbnail\" alt=\"\" srcset=\"https:\/\/blogsaverroes.juntadeandalucia.es\/cprtorrejaral\/files\/2021\/11\/IMG-20211030-WA0013-150x150.jpg 150w, https:\/\/blogsaverroes.juntadeandalucia.es\/cprtorrejaral\/files\/2021\/11\/IMG-20211030-WA0013-80x80.jpg 80w, https:\/\/blogsaverroes.juntadeandalucia.es\/cprtorrejaral\/files\/2021\/11\/IMG-20211030-WA0013-320x320.jpg 320w\" sizes=\"(max-width: 150px) 100vw, 150px\" \/><\/a>\n\t\t\t<\/dt><\/dl><dl class='gallery-item'>\n\t\t\t<dt class='gallery-icon landscape'>\n\t\t\t\t<a href='https:\/\/blogsaverroes.juntadeandalucia.es\/cprtorrejaral\/2021\/11\/08\/halloween-2021\/img-20211030-wa0012\/'><img loading=\"lazy\" decoding=\"async\" width=\"150\" height=\"150\" src=\"https:\/\/blogsaverroes.juntadeandalucia.es\/cprtorrejaral\/files\/2021\/11\/IMG-20211030-WA0012-150x150.jpg\" class=\"attachment-thumbnail size-thumbnail\" alt=\"\" srcset=\"https:\/\/blogsaverroes.juntadeandalucia.es\/cprtorrejaral\/files\/2021\/11\/IMG-20211030-WA0012-150x150.jpg 150w, https:\/\/blogsaverroes.juntadeandalucia.es\/cprtorrejaral\/files\/2021\/11\/IMG-20211030-WA0012-80x80.jpg 80w, https:\/\/blogsaverroes.juntadeandalucia.es\/cprtorrejaral\/files\/2021\/11\/IMG-20211030-WA0012-320x320.jpg 320w\" sizes=\"(max-width: 150px) 100vw, 150px\" \/><\/a>\n\t\t\t<\/dt><\/dl><br style=\"clear: both\" \/><dl class='gallery-item'>\n\t\t\t<dt class='gallery-icon landscape'>\n\t\t\t\t<a href='https:\/\/blogsaverroes.juntadeandalucia.es\/cprtorrejaral\/2021\/11\/08\/halloween-2021\/img-20211030-wa0011\/'><img loading=\"lazy\" decoding=\"async\" width=\"150\" height=\"150\" src=\"https:\/\/blogsaverroes.juntadeandalucia.es\/cprtorrejaral\/files\/2021\/11\/IMG-20211030-WA0011-150x150.jpg\" class=\"attachment-thumbnail size-thumbnail\" alt=\"\" srcset=\"https:\/\/blogsaverroes.juntadeandalucia.es\/cprtorrejaral\/files\/2021\/11\/IMG-20211030-WA0011-150x150.jpg 150w, https:\/\/blogsaverroes.juntadeandalucia.es\/cprtorrejaral\/files\/2021\/11\/IMG-20211030-WA0011-80x80.jpg 80w, https:\/\/blogsaverroes.juntadeandalucia.es\/cprtorrejaral\/files\/2021\/11\/IMG-20211030-WA0011-320x320.jpg 320w\" sizes=\"(max-width: 150px) 100vw, 150px\" \/><\/a>\n\t\t\t<\/dt><\/dl><dl class='gallery-item'>\n\t\t\t<dt class='gallery-icon landscape'>\n\t\t\t\t<a href='https:\/\/blogsaverroes.juntadeandalucia.es\/cprtorrejaral\/2021\/11\/08\/halloween-2021\/img-20211030-wa0010\/'><img loading=\"lazy\" decoding=\"async\" width=\"150\" height=\"150\" src=\"https:\/\/blogsaverroes.juntadeandalucia.es\/cprtorrejaral\/files\/2021\/11\/IMG-20211030-WA0010-150x150.jpg\" class=\"attachment-thumbnail size-thumbnail\" alt=\"\" srcset=\"https:\/\/blogsaverroes.juntadeandalucia.es\/cprtorrejaral\/files\/2021\/11\/IMG-20211030-WA0010-150x150.jpg 150w, https:\/\/blogsaverroes.juntadeandalucia.es\/cprtorrejaral\/files\/2021\/11\/IMG-20211030-WA0010-80x80.jpg 80w, https:\/\/blogsaverroes.juntadeandalucia.es\/cprtorrejaral\/files\/2021\/11\/IMG-20211030-WA0010-320x320.jpg 320w\" sizes=\"(max-width: 150px) 100vw, 150px\" \/><\/a>\n\t\t\t<\/dt><\/dl><dl class='gallery-item'>\n\t\t\t<dt class='gallery-icon portrait'>\n\t\t\t\t<a href='https:\/\/blogsaverroes.juntadeandalucia.es\/cprtorrejaral\/2021\/11\/08\/halloween-2021\/img-20211030-wa0009\/'><img loading=\"lazy\" decoding=\"async\" width=\"150\" height=\"150\" src=\"https:\/\/blogsaverroes.juntadeandalucia.es\/cprtorrejaral\/files\/2021\/11\/IMG-20211030-WA0009-150x150.jpg\" class=\"attachment-thumbnail size-thumbnail\" alt=\"\" srcset=\"https:\/\/blogsaverroes.juntadeandalucia.es\/cprtorrejaral\/files\/2021\/11\/IMG-20211030-WA0009-150x150.jpg 150w, https:\/\/blogsaverroes.juntadeandalucia.es\/cprtorrejaral\/files\/2021\/11\/IMG-20211030-WA0009-80x80.jpg 80w, https:\/\/blogsaverroes.juntadeandalucia.es\/cprtorrejaral\/files\/2021\/11\/IMG-20211030-WA0009-320x320.jpg 320w\" sizes=\"(max-width: 150px) 100vw, 150px\" \/><\/a>\n\t\t\t<\/dt><\/dl><dl class='gallery-item'>\n\t\t\t<dt class='gallery-icon landscape'>\n\t\t\t\t<a href='https:\/\/blogsaverroes.juntadeandalucia.es\/cprtorrejaral\/2021\/11\/08\/halloween-2021\/img-20211030-wa0008\/'><img loading=\"lazy\" decoding=\"async\" width=\"150\" height=\"150\" src=\"https:\/\/blogsaverroes.juntadeandalucia.es\/cprtorrejaral\/files\/2021\/11\/IMG-20211030-WA0008-150x150.jpg\" class=\"attachment-thumbnail size-thumbnail\" alt=\"\" srcset=\"https:\/\/blogsaverroes.juntadeandalucia.es\/cprtorrejaral\/files\/2021\/11\/IMG-20211030-WA0008-150x150.jpg 150w, https:\/\/blogsaverroes.juntadeandalucia.es\/cprtorrejaral\/files\/2021\/11\/IMG-20211030-WA0008-80x80.jpg 80w, https:\/\/blogsaverroes.juntadeandalucia.es\/cprtorrejaral\/files\/2021\/11\/IMG-20211030-WA0008-320x320.jpg 320w\" sizes=\"(max-width: 150px) 100vw, 150px\" \/><\/a>\n\t\t\t<\/dt><\/dl><dl class='gallery-item'>\n\t\t\t<dt class='gallery-icon landscape'>\n\t\t\t\t<a href='https:\/\/blogsaverroes.juntadeandalucia.es\/cprtorrejaral\/2021\/11\/08\/halloween-2021\/img-20211030-wa0007\/'><img loading=\"lazy\" decoding=\"async\" width=\"150\" height=\"150\" src=\"https:\/\/blogsaverroes.juntadeandalucia.es\/cprtorrejaral\/files\/2021\/11\/IMG-20211030-WA0007-150x150.jpg\" class=\"attachment-thumbnail size-thumbnail\" alt=\"\" srcset=\"https:\/\/blogsaverroes.juntadeandalucia.es\/cprtorrejaral\/files\/2021\/11\/IMG-20211030-WA0007-150x150.jpg 150w, https:\/\/blogsaverroes.juntadeandalucia.es\/cprtorrejaral\/files\/2021\/11\/IMG-20211030-WA0007-80x80.jpg 80w, https:\/\/blogsaverroes.juntadeandalucia.es\/cprtorrejaral\/files\/2021\/11\/IMG-20211030-WA0007-320x320.jpg 320w\" sizes=\"(max-width: 150px) 100vw, 150px\" \/><\/a>\n\t\t\t<\/dt><\/dl><br style=\"clear: both\" \/><dl class='gallery-item'>\n\t\t\t<dt class='gallery-icon landscape'>\n\t\t\t\t<a href='https:\/\/blogsaverroes.juntadeandalucia.es\/cprtorrejaral\/2021\/11\/08\/halloween-2021\/img-20211030-wa0006\/'><img loading=\"lazy\" decoding=\"async\" width=\"150\" height=\"150\" src=\"https:\/\/blogsaverroes.juntadeandalucia.es\/cprtorrejaral\/files\/2021\/11\/IMG-20211030-WA0006-150x150.jpg\" class=\"attachment-thumbnail size-thumbnail\" alt=\"\" srcset=\"https:\/\/blogsaverroes.juntadeandalucia.es\/cprtorrejaral\/files\/2021\/11\/IMG-20211030-WA0006-150x150.jpg 150w, https:\/\/blogsaverroes.juntadeandalucia.es\/cprtorrejaral\/files\/2021\/11\/IMG-20211030-WA0006-80x80.jpg 80w, https:\/\/blogsaverroes.juntadeandalucia.es\/cprtorrejaral\/files\/2021\/11\/IMG-20211030-WA0006-320x320.jpg 320w\" sizes=\"(max-width: 150px) 100vw, 150px\" \/><\/a>\n\t\t\t<\/dt><\/dl><dl class='gallery-item'>\n\t\t\t<dt class='gallery-icon landscape'>\n\t\t\t\t<a href='https:\/\/blogsaverroes.juntadeandalucia.es\/cprtorrejaral\/2021\/11\/08\/halloween-2021\/img-20211030-wa0005\/'><img loading=\"lazy\" decoding=\"async\" width=\"150\" height=\"150\" src=\"https:\/\/blogsaverroes.juntadeandalucia.es\/cprtorrejaral\/files\/2021\/11\/IMG-20211030-WA0005-150x150.jpg\" class=\"attachment-thumbnail size-thumbnail\" alt=\"\" srcset=\"https:\/\/blogsaverroes.juntadeandalucia.es\/cprtorrejaral\/files\/2021\/11\/IMG-20211030-WA0005-150x150.jpg 150w, https:\/\/blogsaverroes.juntadeandalucia.es\/cprtorrejaral\/files\/2021\/11\/IMG-20211030-WA0005-80x80.jpg 80w, https:\/\/blogsaverroes.juntadeandalucia.es\/cprtorrejaral\/files\/2021\/11\/IMG-20211030-WA0005-320x320.jpg 320w\" sizes=\"(max-width: 150px) 100vw, 150px\" \/><\/a>\n\t\t\t<\/dt><\/dl><dl class='gallery-item'>\n\t\t\t<dt class='gallery-icon portrait'>\n\t\t\t\t<a href='https:\/\/blogsaverroes.juntadeandalucia.es\/cprtorrejaral\/2021\/11\/08\/halloween-2021\/img-20211030-wa0004\/'><img loading=\"lazy\" decoding=\"async\" width=\"150\" height=\"150\" src=\"https:\/\/blogsaverroes.juntadeandalucia.es\/cprtorrejaral\/files\/2021\/11\/IMG-20211030-WA0004-150x150.jpg\" class=\"attachment-thumbnail size-thumbnail\" alt=\"\" srcset=\"https:\/\/blogsaverroes.juntadeandalucia.es\/cprtorrejaral\/files\/2021\/11\/IMG-20211030-WA0004-150x150.jpg 150w, https:\/\/blogsaverroes.juntadeandalucia.es\/cprtorrejaral\/files\/2021\/11\/IMG-20211030-WA0004-80x80.jpg 80w, https:\/\/blogsaverroes.juntadeandalucia.es\/cprtorrejaral\/files\/2021\/11\/IMG-20211030-WA0004-320x320.jpg 320w\" sizes=\"(max-width: 150px) 100vw, 150px\" \/><\/a>\n\t\t\t<\/dt><\/dl><dl class='gallery-item'>\n\t\t\t<dt class='gallery-icon landscape'>\n\t\t\t\t<a href='https:\/\/blogsaverroes.juntadeandalucia.es\/cprtorrejaral\/2021\/11\/08\/halloween-2021\/img-20211030-wa0002\/'><img loading=\"lazy\" decoding=\"async\" width=\"150\" height=\"150\" src=\"https:\/\/blogsaverroes.juntadeandalucia.es\/cprtorrejaral\/files\/2021\/11\/IMG-20211030-WA0002-150x150.jpg\" class=\"attachment-thumbnail size-thumbnail\" alt=\"\" srcset=\"https:\/\/blogsaverroes.juntadeandalucia.es\/cprtorrejaral\/files\/2021\/11\/IMG-20211030-WA0002-150x150.jpg 150w, https:\/\/blogsaverroes.juntadeandalucia.es\/cprtorrejaral\/files\/2021\/11\/IMG-20211030-WA0002-80x80.jpg 80w, https:\/\/blogsaverroes.juntadeandalucia.es\/cprtorrejaral\/files\/2021\/11\/IMG-20211030-WA0002-320x320.jpg 320w\" sizes=\"(max-width: 150px) 100vw, 150px\" \/><\/a>\n\t\t\t<\/dt><\/dl><dl class='gallery-item'>\n\t\t\t<dt class='gallery-icon landscape'>\n\t\t\t\t<a href='https:\/\/blogsaverroes.juntadeandalucia.es\/cprtorrejaral\/2021\/11\/08\/halloween-2021\/img-20211030-wa0001\/'><img loading=\"lazy\" decoding=\"async\" width=\"150\" height=\"150\" src=\"https:\/\/blogsaverroes.juntadeandalucia.es\/cprtorrejaral\/files\/2021\/11\/IMG-20211030-WA0001-150x150.jpg\" class=\"attachment-thumbnail size-thumbnail\" alt=\"\" srcset=\"https:\/\/blogsaverroes.juntadeandalucia.es\/cprtorrejaral\/files\/2021\/11\/IMG-20211030-WA0001-150x150.jpg 150w, https:\/\/blogsaverroes.juntadeandalucia.es\/cprtorrejaral\/files\/2021\/11\/IMG-20211030-WA0001-80x80.jpg 80w, https:\/\/blogsaverroes.juntadeandalucia.es\/cprtorrejaral\/files\/2021\/11\/IMG-20211030-WA0001-320x320.jpg 320w\" sizes=\"(max-width: 150px) 100vw, 150px\" \/><\/a>\n\t\t\t<\/dt><\/dl><br style=\"clear: both\" \/><dl class='gallery-item'>\n\t\t\t<dt class='gallery-icon portrait'>\n\t\t\t\t<a href='https:\/\/blogsaverroes.juntadeandalucia.es\/cprtorrejaral\/2021\/11\/08\/halloween-2021\/img-20211030-wa0000\/'><img loading=\"lazy\" decoding=\"async\" width=\"150\" height=\"150\" src=\"https:\/\/blogsaverroes.juntadeandalucia.es\/cprtorrejaral\/files\/2021\/11\/IMG-20211030-WA0000-150x150.jpg\" class=\"attachment-thumbnail size-thumbnail\" alt=\"\" srcset=\"https:\/\/blogsaverroes.juntadeandalucia.es\/cprtorrejaral\/files\/2021\/11\/IMG-20211030-WA0000-150x150.jpg 150w, https:\/\/blogsaverroes.juntadeandalucia.es\/cprtorrejaral\/files\/2021\/11\/IMG-20211030-WA0000-80x80.jpg 80w, https:\/\/blogsaverroes.juntadeandalucia.es\/cprtorrejaral\/files\/2021\/11\/IMG-20211030-WA0000-320x320.jpg 320w\" sizes=\"(max-width: 150px) 100vw, 150px\" \/><\/a>\n\t\t\t<\/dt><\/dl><dl class='gallery-item'>\n\t\t\t<dt class='gallery-icon portrait'>\n\t\t\t\t<a href='https:\/\/blogsaverroes.juntadeandalucia.es\/cprtorrejaral\/2021\/11\/08\/halloween-2021\/img-20211029-wa0039\/'><img loading=\"lazy\" decoding=\"async\" width=\"150\" height=\"150\" src=\"https:\/\/blogsaverroes.juntadeandalucia.es\/cprtorrejaral\/files\/2021\/11\/IMG-20211029-WA0039-150x150.jpg\" class=\"attachment-thumbnail size-thumbnail\" alt=\"\" srcset=\"https:\/\/blogsaverroes.juntadeandalucia.es\/cprtorrejaral\/files\/2021\/11\/IMG-20211029-WA0039-150x150.jpg 150w, https:\/\/blogsaverroes.juntadeandalucia.es\/cprtorrejaral\/files\/2021\/11\/IMG-20211029-WA0039-80x80.jpg 80w, https:\/\/blogsaverroes.juntadeandalucia.es\/cprtorrejaral\/files\/2021\/11\/IMG-20211029-WA0039-320x320.jpg 320w\" sizes=\"(max-width: 150px) 100vw, 150px\" \/><\/a>\n\t\t\t<\/dt><\/dl><dl class='gallery-item'>\n\t\t\t<dt class='gallery-icon portrait'>\n\t\t\t\t<a href='https:\/\/blogsaverroes.juntadeandalucia.es\/cprtorrejaral\/2021\/11\/08\/halloween-2021\/img-20211029-wa0036\/'><img loading=\"lazy\" decoding=\"async\" width=\"150\" height=\"150\" src=\"https:\/\/blogsaverroes.juntadeandalucia.es\/cprtorrejaral\/files\/2021\/11\/IMG-20211029-WA0036-150x150.jpg\" class=\"attachment-thumbnail size-thumbnail\" alt=\"\" srcset=\"https:\/\/blogsaverroes.juntadeandalucia.es\/cprtorrejaral\/files\/2021\/11\/IMG-20211029-WA0036-150x150.jpg 150w, https:\/\/blogsaverroes.juntadeandalucia.es\/cprtorrejaral\/files\/2021\/11\/IMG-20211029-WA0036-80x80.jpg 80w, https:\/\/blogsaverroes.juntadeandalucia.es\/cprtorrejaral\/files\/2021\/11\/IMG-20211029-WA0036-320x320.jpg 320w\" sizes=\"(max-width: 150px) 100vw, 150px\" \/><\/a>\n\t\t\t<\/dt><\/dl><dl class='gallery-item'>\n\t\t\t<dt class='gallery-icon landscape'>\n\t\t\t\t<a href='https:\/\/blogsaverroes.juntadeandalucia.es\/cprtorrejaral\/2021\/11\/08\/halloween-2021\/img-20211029-wa0034\/'><img loading=\"lazy\" decoding=\"async\" width=\"150\" height=\"150\" src=\"https:\/\/blogsaverroes.juntadeandalucia.es\/cprtorrejaral\/files\/2021\/11\/IMG-20211029-WA0034-150x150.jpg\" class=\"attachment-thumbnail size-thumbnail\" alt=\"\" srcset=\"https:\/\/blogsaverroes.juntadeandalucia.es\/cprtorrejaral\/files\/2021\/11\/IMG-20211029-WA0034-150x150.jpg 150w, https:\/\/blogsaverroes.juntadeandalucia.es\/cprtorrejaral\/files\/2021\/11\/IMG-20211029-WA0034-80x80.jpg 80w, https:\/\/blogsaverroes.juntadeandalucia.es\/cprtorrejaral\/files\/2021\/11\/IMG-20211029-WA0034-320x320.jpg 320w\" sizes=\"(max-width: 150px) 100vw, 150px\" \/><\/a>\n\t\t\t<\/dt><\/dl><dl class='gallery-item'>\n\t\t\t<dt class='gallery-icon portrait'>\n\t\t\t\t<a href='https:\/\/blogsaverroes.juntadeandalucia.es\/cprtorrejaral\/2021\/11\/08\/halloween-2021\/img-20211029-wa0033\/'><img loading=\"lazy\" decoding=\"async\" width=\"150\" height=\"150\" src=\"https:\/\/blogsaverroes.juntadeandalucia.es\/cprtorrejaral\/files\/2021\/11\/IMG-20211029-WA0033-150x150.jpg\" class=\"attachment-thumbnail size-thumbnail\" alt=\"\" srcset=\"https:\/\/blogsaverroes.juntadeandalucia.es\/cprtorrejaral\/files\/2021\/11\/IMG-20211029-WA0033-150x150.jpg 150w, https:\/\/blogsaverroes.juntadeandalucia.es\/cprtorrejaral\/files\/2021\/11\/IMG-20211029-WA0033-80x80.jpg 80w, https:\/\/blogsaverroes.juntadeandalucia.es\/cprtorrejaral\/files\/2021\/11\/IMG-20211029-WA0033-320x320.jpg 320w\" sizes=\"(max-width: 150px) 100vw, 150px\" \/><\/a>\n\t\t\t<\/dt><\/dl><br style=\"clear: both\" \/><dl class='gallery-item'>\n\t\t\t<dt class='gallery-icon landscape'>\n\t\t\t\t<a href='https:\/\/blogsaverroes.juntadeandalucia.es\/cprtorrejaral\/2021\/11\/08\/halloween-2021\/img-20211029-wa0032\/'><img loading=\"lazy\" decoding=\"async\" width=\"150\" height=\"150\" src=\"https:\/\/blogsaverroes.juntadeandalucia.es\/cprtorrejaral\/files\/2021\/11\/IMG-20211029-WA0032-150x150.jpg\" class=\"attachment-thumbnail size-thumbnail\" alt=\"\" srcset=\"https:\/\/blogsaverroes.juntadeandalucia.es\/cprtorrejaral\/files\/2021\/11\/IMG-20211029-WA0032-150x150.jpg 150w, https:\/\/blogsaverroes.juntadeandalucia.es\/cprtorrejaral\/files\/2021\/11\/IMG-20211029-WA0032-80x80.jpg 80w, https:\/\/blogsaverroes.juntadeandalucia.es\/cprtorrejaral\/files\/2021\/11\/IMG-20211029-WA0032-320x320.jpg 320w\" sizes=\"(max-width: 150px) 100vw, 150px\" \/><\/a>\n\t\t\t<\/dt><\/dl><dl class='gallery-item'>\n\t\t\t<dt class='gallery-icon landscape'>\n\t\t\t\t<a href='https:\/\/blogsaverroes.juntadeandalucia.es\/cprtorrejaral\/2021\/11\/08\/halloween-2021\/img-20211029-wa0031\/'><img loading=\"lazy\" decoding=\"async\" width=\"150\" height=\"150\" src=\"https:\/\/blogsaverroes.juntadeandalucia.es\/cprtorrejaral\/files\/2021\/11\/IMG-20211029-WA0031-150x150.jpg\" class=\"attachment-thumbnail size-thumbnail\" alt=\"\" srcset=\"https:\/\/blogsaverroes.juntadeandalucia.es\/cprtorrejaral\/files\/2021\/11\/IMG-20211029-WA0031-150x150.jpg 150w, https:\/\/blogsaverroes.juntadeandalucia.es\/cprtorrejaral\/files\/2021\/11\/IMG-20211029-WA0031-80x80.jpg 80w, https:\/\/blogsaverroes.juntadeandalucia.es\/cprtorrejaral\/files\/2021\/11\/IMG-20211029-WA0031-320x320.jpg 320w\" sizes=\"(max-width: 150px) 100vw, 150px\" \/><\/a>\n\t\t\t<\/dt><\/dl><dl class='gallery-item'>\n\t\t\t<dt class='gallery-icon landscape'>\n\t\t\t\t<a href='https:\/\/blogsaverroes.juntadeandalucia.es\/cprtorrejaral\/2021\/11\/08\/halloween-2021\/img-20211029-wa0030\/'><img loading=\"lazy\" decoding=\"async\" width=\"150\" height=\"150\" src=\"https:\/\/blogsaverroes.juntadeandalucia.es\/cprtorrejaral\/files\/2021\/11\/IMG-20211029-WA0030-150x150.jpg\" class=\"attachment-thumbnail size-thumbnail\" alt=\"\" srcset=\"https:\/\/blogsaverroes.juntadeandalucia.es\/cprtorrejaral\/files\/2021\/11\/IMG-20211029-WA0030-150x150.jpg 150w, https:\/\/blogsaverroes.juntadeandalucia.es\/cprtorrejaral\/files\/2021\/11\/IMG-20211029-WA0030-80x80.jpg 80w, https:\/\/blogsaverroes.juntadeandalucia.es\/cprtorrejaral\/files\/2021\/11\/IMG-20211029-WA0030-320x320.jpg 320w\" sizes=\"(max-width: 150px) 100vw, 150px\" \/><\/a>\n\t\t\t<\/dt><\/dl><dl class='gallery-item'>\n\t\t\t<dt class='gallery-icon landscape'>\n\t\t\t\t<a href='https:\/\/blogsaverroes.juntadeandalucia.es\/cprtorrejaral\/2021\/11\/08\/halloween-2021\/img-20211029-wa0029\/'><img loading=\"lazy\" decoding=\"async\" width=\"150\" height=\"150\" src=\"https:\/\/blogsaverroes.juntadeandalucia.es\/cprtorrejaral\/files\/2021\/11\/IMG-20211029-WA0029-150x150.jpg\" class=\"attachment-thumbnail size-thumbnail\" alt=\"\" srcset=\"https:\/\/blogsaverroes.juntadeandalucia.es\/cprtorrejaral\/files\/2021\/11\/IMG-20211029-WA0029-150x150.jpg 150w, https:\/\/blogsaverroes.juntadeandalucia.es\/cprtorrejaral\/files\/2021\/11\/IMG-20211029-WA0029-80x80.jpg 80w, https:\/\/blogsaverroes.juntadeandalucia.es\/cprtorrejaral\/files\/2021\/11\/IMG-20211029-WA0029-320x320.jpg 320w\" sizes=\"(max-width: 150px) 100vw, 150px\" \/><\/a>\n\t\t\t<\/dt><\/dl><dl class='gallery-item'>\n\t\t\t<dt class='gallery-icon landscape'>\n\t\t\t\t<a href='https:\/\/blogsaverroes.juntadeandalucia.es\/cprtorrejaral\/2021\/11\/08\/halloween-2021\/img-20211029-wa0028\/'><img loading=\"lazy\" decoding=\"async\" width=\"150\" height=\"150\" src=\"https:\/\/blogsaverroes.juntadeandalucia.es\/cprtorrejaral\/files\/2021\/11\/IMG-20211029-WA0028-150x150.jpg\" class=\"attachment-thumbnail size-thumbnail\" alt=\"\" srcset=\"https:\/\/blogsaverroes.juntadeandalucia.es\/cprtorrejaral\/files\/2021\/11\/IMG-20211029-WA0028-150x150.jpg 150w, https:\/\/blogsaverroes.juntadeandalucia.es\/cprtorrejaral\/files\/2021\/11\/IMG-20211029-WA0028-80x80.jpg 80w, https:\/\/blogsaverroes.juntadeandalucia.es\/cprtorrejaral\/files\/2021\/11\/IMG-20211029-WA0028-320x320.jpg 320w\" sizes=\"(max-width: 150px) 100vw, 150px\" \/><\/a>\n\t\t\t<\/dt><\/dl><br style=\"clear: both\" \/><dl class='gallery-item'>\n\t\t\t<dt class='gallery-icon landscape'>\n\t\t\t\t<a href='https:\/\/blogsaverroes.juntadeandalucia.es\/cprtorrejaral\/2021\/11\/08\/halloween-2021\/img-20211029-wa0027\/'><img loading=\"lazy\" decoding=\"async\" width=\"150\" height=\"150\" src=\"https:\/\/blogsaverroes.juntadeandalucia.es\/cprtorrejaral\/files\/2021\/11\/IMG-20211029-WA0027-150x150.jpg\" class=\"attachment-thumbnail size-thumbnail\" alt=\"\" srcset=\"https:\/\/blogsaverroes.juntadeandalucia.es\/cprtorrejaral\/files\/2021\/11\/IMG-20211029-WA0027-150x150.jpg 150w, https:\/\/blogsaverroes.juntadeandalucia.es\/cprtorrejaral\/files\/2021\/11\/IMG-20211029-WA0027-80x80.jpg 80w, https:\/\/blogsaverroes.juntadeandalucia.es\/cprtorrejaral\/files\/2021\/11\/IMG-20211029-WA0027-320x320.jpg 320w\" sizes=\"(max-width: 150px) 100vw, 150px\" \/><\/a>\n\t\t\t<\/dt><\/dl><dl class='gallery-item'>\n\t\t\t<dt class='gallery-icon landscape'>\n\t\t\t\t<a href='https:\/\/blogsaverroes.juntadeandalucia.es\/cprtorrejaral\/2021\/11\/08\/halloween-2021\/img-20211029-wa0026\/'><img loading=\"lazy\" decoding=\"async\" width=\"150\" height=\"150\" src=\"https:\/\/blogsaverroes.juntadeandalucia.es\/cprtorrejaral\/files\/2021\/11\/IMG-20211029-WA0026-150x150.jpg\" class=\"attachment-thumbnail size-thumbnail\" alt=\"\" srcset=\"https:\/\/blogsaverroes.juntadeandalucia.es\/cprtorrejaral\/files\/2021\/11\/IMG-20211029-WA0026-150x150.jpg 150w, https:\/\/blogsaverroes.juntadeandalucia.es\/cprtorrejaral\/files\/2021\/11\/IMG-20211029-WA0026-80x80.jpg 80w, https:\/\/blogsaverroes.juntadeandalucia.es\/cprtorrejaral\/files\/2021\/11\/IMG-20211029-WA0026-320x320.jpg 320w\" sizes=\"(max-width: 150px) 100vw, 150px\" \/><\/a>\n\t\t\t<\/dt><\/dl><dl class='gallery-item'>\n\t\t\t<dt class='gallery-icon landscape'>\n\t\t\t\t<a href='https:\/\/blogsaverroes.juntadeandalucia.es\/cprtorrejaral\/2021\/11\/08\/halloween-2021\/img-20211029-wa0025\/'><img loading=\"lazy\" decoding=\"async\" width=\"150\" height=\"150\" src=\"https:\/\/blogsaverroes.juntadeandalucia.es\/cprtorrejaral\/files\/2021\/11\/IMG-20211029-WA0025-150x150.jpg\" class=\"attachment-thumbnail size-thumbnail\" alt=\"\" srcset=\"https:\/\/blogsaverroes.juntadeandalucia.es\/cprtorrejaral\/files\/2021\/11\/IMG-20211029-WA0025-150x150.jpg 150w, https:\/\/blogsaverroes.juntadeandalucia.es\/cprtorrejaral\/files\/2021\/11\/IMG-20211029-WA0025-80x80.jpg 80w, https:\/\/blogsaverroes.juntadeandalucia.es\/cprtorrejaral\/files\/2021\/11\/IMG-20211029-WA0025-320x320.jpg 320w\" sizes=\"(max-width: 150px) 100vw, 150px\" \/><\/a>\n\t\t\t<\/dt><\/dl><dl class='gallery-item'>\n\t\t\t<dt class='gallery-icon landscape'>\n\t\t\t\t<a href='https:\/\/blogsaverroes.juntadeandalucia.es\/cprtorrejaral\/2021\/11\/08\/halloween-2021\/img-20211029-wa0024\/'><img loading=\"lazy\" decoding=\"async\" width=\"150\" height=\"150\" src=\"https:\/\/blogsaverroes.juntadeandalucia.es\/cprtorrejaral\/files\/2021\/11\/IMG-20211029-WA0024-150x150.jpg\" class=\"attachment-thumbnail size-thumbnail\" alt=\"\" srcset=\"https:\/\/blogsaverroes.juntadeandalucia.es\/cprtorrejaral\/files\/2021\/11\/IMG-20211029-WA0024-150x150.jpg 150w, https:\/\/blogsaverroes.juntadeandalucia.es\/cprtorrejaral\/files\/2021\/11\/IMG-20211029-WA0024-300x300.jpg 300w, https:\/\/blogsaverroes.juntadeandalucia.es\/cprtorrejaral\/files\/2021\/11\/IMG-20211029-WA0024-768x767.jpg 768w, https:\/\/blogsaverroes.juntadeandalucia.es\/cprtorrejaral\/files\/2021\/11\/IMG-20211029-WA0024-80x80.jpg 80w, https:\/\/blogsaverroes.juntadeandalucia.es\/cprtorrejaral\/files\/2021\/11\/IMG-20211029-WA0024-320x320.jpg 320w, https:\/\/blogsaverroes.juntadeandalucia.es\/cprtorrejaral\/files\/2021\/11\/IMG-20211029-WA0024.jpg 828w\" sizes=\"(max-width: 150px) 100vw, 150px\" \/><\/a>\n\t\t\t<\/dt><\/dl><dl class='gallery-item'>\n\t\t\t<dt class='gallery-icon portrait'>\n\t\t\t\t<a href='https:\/\/blogsaverroes.juntadeandalucia.es\/cprtorrejaral\/2021\/11\/08\/halloween-2021\/img-20211029-wa0023\/'><img loading=\"lazy\" decoding=\"async\" width=\"150\" height=\"150\" src=\"https:\/\/blogsaverroes.juntadeandalucia.es\/cprtorrejaral\/files\/2021\/11\/IMG-20211029-WA0023-150x150.jpg\" class=\"attachment-thumbnail size-thumbnail\" alt=\"\" srcset=\"https:\/\/blogsaverroes.juntadeandalucia.es\/cprtorrejaral\/files\/2021\/11\/IMG-20211029-WA0023-150x150.jpg 150w, https:\/\/blogsaverroes.juntadeandalucia.es\/cprtorrejaral\/files\/2021\/11\/IMG-20211029-WA0023-80x80.jpg 80w, https:\/\/blogsaverroes.juntadeandalucia.es\/cprtorrejaral\/files\/2021\/11\/IMG-20211029-WA0023-320x320.jpg 320w\" sizes=\"(max-width: 150px) 100vw, 150px\" \/><\/a>\n\t\t\t<\/dt><\/dl><br style=\"clear: both\" \/><dl class='gallery-item'>\n\t\t\t<dt class='gallery-icon landscape'>\n\t\t\t\t<a href='https:\/\/blogsaverroes.juntadeandalucia.es\/cprtorrejaral\/2021\/11\/08\/halloween-2021\/img-20211029-wa0022\/'><img loading=\"lazy\" decoding=\"async\" width=\"150\" height=\"150\" src=\"https:\/\/blogsaverroes.juntadeandalucia.es\/cprtorrejaral\/files\/2021\/11\/IMG-20211029-WA0022-150x150.jpg\" class=\"attachment-thumbnail size-thumbnail\" alt=\"\" srcset=\"https:\/\/blogsaverroes.juntadeandalucia.es\/cprtorrejaral\/files\/2021\/11\/IMG-20211029-WA0022-150x150.jpg 150w, https:\/\/blogsaverroes.juntadeandalucia.es\/cprtorrejaral\/files\/2021\/11\/IMG-20211029-WA0022-80x80.jpg 80w, https:\/\/blogsaverroes.juntadeandalucia.es\/cprtorrejaral\/files\/2021\/11\/IMG-20211029-WA0022-320x320.jpg 320w\" sizes=\"(max-width: 150px) 100vw, 150px\" \/><\/a>\n\t\t\t<\/dt><\/dl><dl class='gallery-item'>\n\t\t\t<dt class='gallery-icon landscape'>\n\t\t\t\t<a href='https:\/\/blogsaverroes.juntadeandalucia.es\/cprtorrejaral\/2021\/11\/08\/halloween-2021\/img-20211029-wa0021\/'><img loading=\"lazy\" decoding=\"async\" width=\"150\" height=\"150\" src=\"https:\/\/blogsaverroes.juntadeandalucia.es\/cprtorrejaral\/files\/2021\/11\/IMG-20211029-WA0021-150x150.jpg\" class=\"attachment-thumbnail size-thumbnail\" alt=\"\" srcset=\"https:\/\/blogsaverroes.juntadeandalucia.es\/cprtorrejaral\/files\/2021\/11\/IMG-20211029-WA0021-150x150.jpg 150w, https:\/\/blogsaverroes.juntadeandalucia.es\/cprtorrejaral\/files\/2021\/11\/IMG-20211029-WA0021-80x80.jpg 80w, https:\/\/blogsaverroes.juntadeandalucia.es\/cprtorrejaral\/files\/2021\/11\/IMG-20211029-WA0021-320x320.jpg 320w\" sizes=\"(max-width: 150px) 100vw, 150px\" \/><\/a>\n\t\t\t<\/dt><\/dl><dl class='gallery-item'>\n\t\t\t<dt class='gallery-icon landscape'>\n\t\t\t\t<a href='https:\/\/blogsaverroes.juntadeandalucia.es\/cprtorrejaral\/2021\/11\/08\/halloween-2021\/img-20211029-wa0020\/'><img loading=\"lazy\" decoding=\"async\" width=\"150\" height=\"150\" src=\"https:\/\/blogsaverroes.juntadeandalucia.es\/cprtorrejaral\/files\/2021\/11\/IMG-20211029-WA0020-150x150.jpg\" class=\"attachment-thumbnail size-thumbnail\" alt=\"\" srcset=\"https:\/\/blogsaverroes.juntadeandalucia.es\/cprtorrejaral\/files\/2021\/11\/IMG-20211029-WA0020-150x150.jpg 150w, https:\/\/blogsaverroes.juntadeandalucia.es\/cprtorrejaral\/files\/2021\/11\/IMG-20211029-WA0020-80x80.jpg 80w, https:\/\/blogsaverroes.juntadeandalucia.es\/cprtorrejaral\/files\/2021\/11\/IMG-20211029-WA0020-320x320.jpg 320w\" sizes=\"(max-width: 150px) 100vw, 150px\" \/><\/a>\n\t\t\t<\/dt><\/dl><dl class='gallery-item'>\n\t\t\t<dt class='gallery-icon landscape'>\n\t\t\t\t<a href='https:\/\/blogsaverroes.juntadeandalucia.es\/cprtorrejaral\/2021\/11\/08\/halloween-2021\/img-20211029-wa0019\/'><img loading=\"lazy\" decoding=\"async\" width=\"150\" height=\"150\" src=\"https:\/\/blogsaverroes.juntadeandalucia.es\/cprtorrejaral\/files\/2021\/11\/IMG-20211029-WA0019-150x150.jpg\" class=\"attachment-thumbnail size-thumbnail\" alt=\"\" srcset=\"https:\/\/blogsaverroes.juntadeandalucia.es\/cprtorrejaral\/files\/2021\/11\/IMG-20211029-WA0019-150x150.jpg 150w, https:\/\/blogsaverroes.juntadeandalucia.es\/cprtorrejaral\/files\/2021\/11\/IMG-20211029-WA0019-80x80.jpg 80w, https:\/\/blogsaverroes.juntadeandalucia.es\/cprtorrejaral\/files\/2021\/11\/IMG-20211029-WA0019-320x320.jpg 320w\" sizes=\"(max-width: 150px) 100vw, 150px\" \/><\/a>\n\t\t\t<\/dt><\/dl><dl class='gallery-item'>\n\t\t\t<dt class='gallery-icon landscape'>\n\t\t\t\t<a href='https:\/\/blogsaverroes.juntadeandalucia.es\/cprtorrejaral\/2021\/11\/08\/halloween-2021\/img-20211029-wa0018\/'><img loading=\"lazy\" decoding=\"async\" width=\"150\" height=\"150\" src=\"https:\/\/blogsaverroes.juntadeandalucia.es\/cprtorrejaral\/files\/2021\/11\/IMG-20211029-WA0018-150x150.jpg\" class=\"attachment-thumbnail size-thumbnail\" alt=\"\" srcset=\"https:\/\/blogsaverroes.juntadeandalucia.es\/cprtorrejaral\/files\/2021\/11\/IMG-20211029-WA0018-150x150.jpg 150w, https:\/\/blogsaverroes.juntadeandalucia.es\/cprtorrejaral\/files\/2021\/11\/IMG-20211029-WA0018-80x80.jpg 80w, https:\/\/blogsaverroes.juntadeandalucia.es\/cprtorrejaral\/files\/2021\/11\/IMG-20211029-WA0018-320x320.jpg 320w\" sizes=\"(max-width: 150px) 100vw, 150px\" \/><\/a>\n\t\t\t<\/dt><\/dl><br style=\"clear: both\" \/><dl class='gallery-item'>\n\t\t\t<dt class='gallery-icon landscape'>\n\t\t\t\t<a href='https:\/\/blogsaverroes.juntadeandalucia.es\/cprtorrejaral\/2021\/11\/08\/halloween-2021\/img-20211029-wa0017\/'><img loading=\"lazy\" decoding=\"async\" width=\"150\" height=\"150\" src=\"https:\/\/blogsaverroes.juntadeandalucia.es\/cprtorrejaral\/files\/2021\/11\/IMG-20211029-WA0017-150x150.jpg\" class=\"attachment-thumbnail size-thumbnail\" alt=\"\" srcset=\"https:\/\/blogsaverroes.juntadeandalucia.es\/cprtorrejaral\/files\/2021\/11\/IMG-20211029-WA0017-150x150.jpg 150w, https:\/\/blogsaverroes.juntadeandalucia.es\/cprtorrejaral\/files\/2021\/11\/IMG-20211029-WA0017-80x80.jpg 80w, https:\/\/blogsaverroes.juntadeandalucia.es\/cprtorrejaral\/files\/2021\/11\/IMG-20211029-WA0017-320x320.jpg 320w\" sizes=\"(max-width: 150px) 100vw, 150px\" \/><\/a>\n\t\t\t<\/dt><\/dl><dl class='gallery-item'>\n\t\t\t<dt class='gallery-icon landscape'>\n\t\t\t\t<a href='https:\/\/blogsaverroes.juntadeandalucia.es\/cprtorrejaral\/2021\/11\/08\/halloween-2021\/btr-49\/'><img loading=\"lazy\" decoding=\"async\" width=\"150\" height=\"150\" src=\"https:\/\/blogsaverroes.juntadeandalucia.es\/cprtorrejaral\/files\/2021\/11\/IMG_20211029_093336-150x150.jpg\" class=\"attachment-thumbnail size-thumbnail\" alt=\"\" aria-describedby=\"gallery-2-16931\" srcset=\"https:\/\/blogsaverroes.juntadeandalucia.es\/cprtorrejaral\/files\/2021\/11\/IMG_20211029_093336-150x150.jpg 150w, https:\/\/blogsaverroes.juntadeandalucia.es\/cprtorrejaral\/files\/2021\/11\/IMG_20211029_093336-80x80.jpg 80w, https:\/\/blogsaverroes.juntadeandalucia.es\/cprtorrejaral\/files\/2021\/11\/IMG_20211029_093336-320x320.jpg 320w\" sizes=\"(max-width: 150px) 100vw, 150px\" \/><\/a>\n\t\t\t<\/dt>\n\t\t\t\t<dd class='wp-caption-text gallery-caption' id='gallery-2-16931'>\n\t\t\t\tbtr\n\t\t\t\t<\/dd><\/dl><dl class='gallery-item'>\n\t\t\t<dt class='gallery-icon landscape'>\n\t\t\t\t<a href='https:\/\/blogsaverroes.juntadeandalucia.es\/cprtorrejaral\/2021\/11\/08\/halloween-2021\/btr-48\/'><img loading=\"lazy\" decoding=\"async\" width=\"150\" height=\"150\" src=\"https:\/\/blogsaverroes.juntadeandalucia.es\/cprtorrejaral\/files\/2021\/11\/IMG_20211029_093334-150x150.jpg\" class=\"attachment-thumbnail size-thumbnail\" alt=\"\" aria-describedby=\"gallery-2-16930\" srcset=\"https:\/\/blogsaverroes.juntadeandalucia.es\/cprtorrejaral\/files\/2021\/11\/IMG_20211029_093334-150x150.jpg 150w, https:\/\/blogsaverroes.juntadeandalucia.es\/cprtorrejaral\/files\/2021\/11\/IMG_20211029_093334-80x80.jpg 80w, https:\/\/blogsaverroes.juntadeandalucia.es\/cprtorrejaral\/files\/2021\/11\/IMG_20211029_093334-320x320.jpg 320w\" sizes=\"(max-width: 150px) 100vw, 150px\" \/><\/a>\n\t\t\t<\/dt>\n\t\t\t\t<dd class='wp-caption-text gallery-caption' id='gallery-2-16930'>\n\t\t\t\tbtr\n\t\t\t\t<\/dd><\/dl><dl class='gallery-item'>\n\t\t\t<dt class='gallery-icon landscape'>\n\t\t\t\t<a href='https:\/\/blogsaverroes.juntadeandalucia.es\/cprtorrejaral\/2021\/11\/08\/halloween-2021\/btr-47\/'><img loading=\"lazy\" decoding=\"async\" width=\"150\" height=\"150\" src=\"https:\/\/blogsaverroes.juntadeandalucia.es\/cprtorrejaral\/files\/2021\/11\/IMG_20211029_093332-150x150.jpg\" class=\"attachment-thumbnail size-thumbnail\" alt=\"\" aria-describedby=\"gallery-2-16929\" srcset=\"https:\/\/blogsaverroes.juntadeandalucia.es\/cprtorrejaral\/files\/2021\/11\/IMG_20211029_093332-150x150.jpg 150w, https:\/\/blogsaverroes.juntadeandalucia.es\/cprtorrejaral\/files\/2021\/11\/IMG_20211029_093332-80x80.jpg 80w, https:\/\/blogsaverroes.juntadeandalucia.es\/cprtorrejaral\/files\/2021\/11\/IMG_20211029_093332-320x320.jpg 320w\" sizes=\"(max-width: 150px) 100vw, 150px\" \/><\/a>\n\t\t\t<\/dt>\n\t\t\t\t<dd class='wp-caption-text gallery-caption' id='gallery-2-16929'>\n\t\t\t\tbtr\n\t\t\t\t<\/dd><\/dl><dl class='gallery-item'>\n\t\t\t<dt class='gallery-icon landscape'>\n\t\t\t\t<a href='https:\/\/blogsaverroes.juntadeandalucia.es\/cprtorrejaral\/2021\/11\/08\/halloween-2021\/btr-46\/'><img loading=\"lazy\" decoding=\"async\" width=\"150\" height=\"150\" src=\"https:\/\/blogsaverroes.juntadeandalucia.es\/cprtorrejaral\/files\/2021\/11\/IMG_20211029_093331-150x150.jpg\" class=\"attachment-thumbnail size-thumbnail\" alt=\"\" aria-describedby=\"gallery-2-16928\" srcset=\"https:\/\/blogsaverroes.juntadeandalucia.es\/cprtorrejaral\/files\/2021\/11\/IMG_20211029_093331-150x150.jpg 150w, https:\/\/blogsaverroes.juntadeandalucia.es\/cprtorrejaral\/files\/2021\/11\/IMG_20211029_093331-80x80.jpg 80w, https:\/\/blogsaverroes.juntadeandalucia.es\/cprtorrejaral\/files\/2021\/11\/IMG_20211029_093331-320x320.jpg 320w\" sizes=\"(max-width: 150px) 100vw, 150px\" \/><\/a>\n\t\t\t<\/dt>\n\t\t\t\t<dd class='wp-caption-text gallery-caption' id='gallery-2-16928'>\n\t\t\t\tbtr\n\t\t\t\t<\/dd><\/dl><br style=\"clear: both\" \/><dl class='gallery-item'>\n\t\t\t<dt class='gallery-icon landscape'>\n\t\t\t\t<a href='https:\/\/blogsaverroes.juntadeandalucia.es\/cprtorrejaral\/2021\/11\/08\/halloween-2021\/btr-45\/'><img loading=\"lazy\" decoding=\"async\" width=\"150\" height=\"150\" src=\"https:\/\/blogsaverroes.juntadeandalucia.es\/cprtorrejaral\/files\/2021\/11\/IMG_20211029_093324-150x150.jpg\" class=\"attachment-thumbnail size-thumbnail\" alt=\"\" aria-describedby=\"gallery-2-16927\" srcset=\"https:\/\/blogsaverroes.juntadeandalucia.es\/cprtorrejaral\/files\/2021\/11\/IMG_20211029_093324-150x150.jpg 150w, https:\/\/blogsaverroes.juntadeandalucia.es\/cprtorrejaral\/files\/2021\/11\/IMG_20211029_093324-80x80.jpg 80w, https:\/\/blogsaverroes.juntadeandalucia.es\/cprtorrejaral\/files\/2021\/11\/IMG_20211029_093324-320x320.jpg 320w\" sizes=\"(max-width: 150px) 100vw, 150px\" \/><\/a>\n\t\t\t<\/dt>\n\t\t\t\t<dd class='wp-caption-text gallery-caption' id='gallery-2-16927'>\n\t\t\t\tbtr\n\t\t\t\t<\/dd><\/dl><dl class='gallery-item'>\n\t\t\t<dt class='gallery-icon landscape'>\n\t\t\t\t<a href='https:\/\/blogsaverroes.juntadeandalucia.es\/cprtorrejaral\/2021\/11\/08\/halloween-2021\/btr-44\/'><img loading=\"lazy\" decoding=\"async\" width=\"150\" height=\"150\" src=\"https:\/\/blogsaverroes.juntadeandalucia.es\/cprtorrejaral\/files\/2021\/11\/IMG_20211029_093323-150x150.jpg\" class=\"attachment-thumbnail size-thumbnail\" alt=\"\" aria-describedby=\"gallery-2-16926\" srcset=\"https:\/\/blogsaverroes.juntadeandalucia.es\/cprtorrejaral\/files\/2021\/11\/IMG_20211029_093323-150x150.jpg 150w, https:\/\/blogsaverroes.juntadeandalucia.es\/cprtorrejaral\/files\/2021\/11\/IMG_20211029_093323-80x80.jpg 80w, https:\/\/blogsaverroes.juntadeandalucia.es\/cprtorrejaral\/files\/2021\/11\/IMG_20211029_093323-320x320.jpg 320w\" sizes=\"(max-width: 150px) 100vw, 150px\" \/><\/a>\n\t\t\t<\/dt>\n\t\t\t\t<dd class='wp-caption-text gallery-caption' id='gallery-2-16926'>\n\t\t\t\tbtr\n\t\t\t\t<\/dd><\/dl><dl class='gallery-item'>\n\t\t\t<dt class='gallery-icon landscape'>\n\t\t\t\t<a href='https:\/\/blogsaverroes.juntadeandalucia.es\/cprtorrejaral\/2021\/11\/08\/halloween-2021\/btr-43\/'><img loading=\"lazy\" decoding=\"async\" width=\"150\" height=\"150\" src=\"https:\/\/blogsaverroes.juntadeandalucia.es\/cprtorrejaral\/files\/2021\/11\/IMG_20211029_093321-150x150.jpg\" class=\"attachment-thumbnail size-thumbnail\" alt=\"\" aria-describedby=\"gallery-2-16925\" srcset=\"https:\/\/blogsaverroes.juntadeandalucia.es\/cprtorrejaral\/files\/2021\/11\/IMG_20211029_093321-150x150.jpg 150w, https:\/\/blogsaverroes.juntadeandalucia.es\/cprtorrejaral\/files\/2021\/11\/IMG_20211029_093321-80x80.jpg 80w, https:\/\/blogsaverroes.juntadeandalucia.es\/cprtorrejaral\/files\/2021\/11\/IMG_20211029_093321-320x320.jpg 320w\" sizes=\"(max-width: 150px) 100vw, 150px\" \/><\/a>\n\t\t\t<\/dt>\n\t\t\t\t<dd class='wp-caption-text gallery-caption' id='gallery-2-16925'>\n\t\t\t\tbtr\n\t\t\t\t<\/dd><\/dl><dl class='gallery-item'>\n\t\t\t<dt class='gallery-icon landscape'>\n\t\t\t\t<a href='https:\/\/blogsaverroes.juntadeandalucia.es\/cprtorrejaral\/2021\/11\/08\/halloween-2021\/btr-42\/'><img loading=\"lazy\" decoding=\"async\" width=\"150\" height=\"150\" src=\"https:\/\/blogsaverroes.juntadeandalucia.es\/cprtorrejaral\/files\/2021\/11\/IMG_20211029_093319-150x150.jpg\" class=\"attachment-thumbnail size-thumbnail\" alt=\"\" aria-describedby=\"gallery-2-16924\" srcset=\"https:\/\/blogsaverroes.juntadeandalucia.es\/cprtorrejaral\/files\/2021\/11\/IMG_20211029_093319-150x150.jpg 150w, https:\/\/blogsaverroes.juntadeandalucia.es\/cprtorrejaral\/files\/2021\/11\/IMG_20211029_093319-80x80.jpg 80w, https:\/\/blogsaverroes.juntadeandalucia.es\/cprtorrejaral\/files\/2021\/11\/IMG_20211029_093319-320x320.jpg 320w\" sizes=\"(max-width: 150px) 100vw, 150px\" \/><\/a>\n\t\t\t<\/dt>\n\t\t\t\t<dd class='wp-caption-text gallery-caption' id='gallery-2-16924'>\n\t\t\t\tbtr\n\t\t\t\t<\/dd><\/dl><dl class='gallery-item'>\n\t\t\t<dt class='gallery-icon landscape'>\n\t\t\t\t<a href='https:\/\/blogsaverroes.juntadeandalucia.es\/cprtorrejaral\/2021\/11\/08\/halloween-2021\/btr-41\/'><img loading=\"lazy\" decoding=\"async\" width=\"150\" height=\"150\" src=\"https:\/\/blogsaverroes.juntadeandalucia.es\/cprtorrejaral\/files\/2021\/11\/IMG_20211029_093318-150x150.jpg\" class=\"attachment-thumbnail size-thumbnail\" alt=\"\" aria-describedby=\"gallery-2-16923\" srcset=\"https:\/\/blogsaverroes.juntadeandalucia.es\/cprtorrejaral\/files\/2021\/11\/IMG_20211029_093318-150x150.jpg 150w, https:\/\/blogsaverroes.juntadeandalucia.es\/cprtorrejaral\/files\/2021\/11\/IMG_20211029_093318-80x80.jpg 80w, https:\/\/blogsaverroes.juntadeandalucia.es\/cprtorrejaral\/files\/2021\/11\/IMG_20211029_093318-320x320.jpg 320w\" sizes=\"(max-width: 150px) 100vw, 150px\" \/><\/a>\n\t\t\t<\/dt>\n\t\t\t\t<dd class='wp-caption-text gallery-caption' id='gallery-2-16923'>\n\t\t\t\tbtr\n\t\t\t\t<\/dd><\/dl><br style=\"clear: both\" \/><dl class='gallery-item'>\n\t\t\t<dt class='gallery-icon landscape'>\n\t\t\t\t<a href='https:\/\/blogsaverroes.juntadeandalucia.es\/cprtorrejaral\/2021\/11\/08\/halloween-2021\/btr-40\/'><img loading=\"lazy\" decoding=\"async\" width=\"150\" height=\"150\" src=\"https:\/\/blogsaverroes.juntadeandalucia.es\/cprtorrejaral\/files\/2021\/11\/IMG_20211029_093317-150x150.jpg\" class=\"attachment-thumbnail size-thumbnail\" alt=\"\" aria-describedby=\"gallery-2-16922\" srcset=\"https:\/\/blogsaverroes.juntadeandalucia.es\/cprtorrejaral\/files\/2021\/11\/IMG_20211029_093317-150x150.jpg 150w, https:\/\/blogsaverroes.juntadeandalucia.es\/cprtorrejaral\/files\/2021\/11\/IMG_20211029_093317-80x80.jpg 80w, https:\/\/blogsaverroes.juntadeandalucia.es\/cprtorrejaral\/files\/2021\/11\/IMG_20211029_093317-320x320.jpg 320w\" sizes=\"(max-width: 150px) 100vw, 150px\" \/><\/a>\n\t\t\t<\/dt>\n\t\t\t\t<dd class='wp-caption-text gallery-caption' id='gallery-2-16922'>\n\t\t\t\tbtr\n\t\t\t\t<\/dd><\/dl><dl class='gallery-item'>\n\t\t\t<dt class='gallery-icon landscape'>\n\t\t\t\t<a href='https:\/\/blogsaverroes.juntadeandalucia.es\/cprtorrejaral\/2021\/11\/08\/halloween-2021\/btr-39\/'><img loading=\"lazy\" decoding=\"async\" width=\"150\" height=\"150\" src=\"https:\/\/blogsaverroes.juntadeandalucia.es\/cprtorrejaral\/files\/2021\/11\/IMG_20211029_093312-150x150.jpg\" class=\"attachment-thumbnail size-thumbnail\" alt=\"\" aria-describedby=\"gallery-2-16921\" srcset=\"https:\/\/blogsaverroes.juntadeandalucia.es\/cprtorrejaral\/files\/2021\/11\/IMG_20211029_093312-150x150.jpg 150w, https:\/\/blogsaverroes.juntadeandalucia.es\/cprtorrejaral\/files\/2021\/11\/IMG_20211029_093312-80x80.jpg 80w, https:\/\/blogsaverroes.juntadeandalucia.es\/cprtorrejaral\/files\/2021\/11\/IMG_20211029_093312-320x320.jpg 320w\" sizes=\"(max-width: 150px) 100vw, 150px\" \/><\/a>\n\t\t\t<\/dt>\n\t\t\t\t<dd class='wp-caption-text gallery-caption' id='gallery-2-16921'>\n\t\t\t\tbtr\n\t\t\t\t<\/dd><\/dl><dl class='gallery-item'>\n\t\t\t<dt class='gallery-icon landscape'>\n\t\t\t\t<a href='https:\/\/blogsaverroes.juntadeandalucia.es\/cprtorrejaral\/2021\/11\/08\/halloween-2021\/img-20211031-wa0001\/'><img loading=\"lazy\" decoding=\"async\" width=\"150\" height=\"150\" src=\"https:\/\/blogsaverroes.juntadeandalucia.es\/cprtorrejaral\/files\/2021\/11\/IMG-20211031-WA0001-150x150.jpg\" class=\"attachment-thumbnail size-thumbnail\" alt=\"\" srcset=\"https:\/\/blogsaverroes.juntadeandalucia.es\/cprtorrejaral\/files\/2021\/11\/IMG-20211031-WA0001-150x150.jpg 150w, https:\/\/blogsaverroes.juntadeandalucia.es\/cprtorrejaral\/files\/2021\/11\/IMG-20211031-WA0001-80x80.jpg 80w, https:\/\/blogsaverroes.juntadeandalucia.es\/cprtorrejaral\/files\/2021\/11\/IMG-20211031-WA0001-320x320.jpg 320w\" sizes=\"(max-width: 150px) 100vw, 150px\" \/><\/a>\n\t\t\t<\/dt><\/dl>\n\t\t\t<br style='clear: both' \/>\n\t\t<\/div>\n\n<div>&nbsp;<\/div>\n","protected":false},"excerpt":{"rendered":"<p>El&nbsp; pasado Viernes 29 de Octubre y algunos de los d\u00edas previos,&nbsp; realizamos en el colegio las actividades con motivo de &nbsp;Halloween. Tales actividades se han llevado a cabo respetando los grupos de convivencia&#46;&#46;&#46;<\/p>\n","protected":false},"author":5769,"featured_media":16918,"comment_status":"open","ping_status":"open","sticky":false,"template":"","format":"standard","meta":{"ngg_post_thumbnail":0,"footnotes":""},"categories":[5991,213,25490],"tags":[],"aioseo_notices":[],"_links":{"self":[{"href":"https:\/\/blogsaverroes.juntadeandalucia.es\/cprtorrejaral\/wp-json\/wp\/v2\/posts\/16917"}],"collection":[{"href":"https:\/\/blogsaverroes.juntadeandalucia.es\/cprtorrejaral\/wp-json\/wp\/v2\/posts"}],"about":[{"href":"https:\/\/blogsaverroes.juntadeandalucia.es\/cprtorrejaral\/wp-json\/wp\/v2\/types\/post"}],"author":[{"embeddable":true,"href":"https:\/\/blogsaverroes.juntadeandalucia.es\/cprtorrejaral\/wp-json\/wp\/v2\/users\/5769"}],"replies":[{"embeddable":true,"href":"https:\/\/blogsaverroes.juntadeandalucia.es\/cprtorrejaral\/wp-json\/wp\/v2\/comments?post=16917"}],"version-history":[{"count":3,"href":"https:\/\/blogsaverroes.juntadeandalucia.es\/cprtorrejaral\/wp-json\/wp\/v2\/posts\/16917\/revisions"}],"predecessor-version":[{"id":17048,"href":"https:\/\/blogsaverroes.juntadeandalucia.es\/cprtorrejaral\/wp-json\/wp\/v2\/posts\/16917\/revisions\/17048"}],"wp:featuredmedia":[{"embeddable":true,"href":"https:\/\/blogsaverroes.juntadeandalucia.es\/cprtorrejaral\/wp-json\/wp\/v2\/media\/16918"}],"wp:attachment":[{"href":"https:\/\/blogsaverroes.juntadeandalucia.es\/cprtorrejaral\/wp-json\/wp\/v2\/media?parent=16917"}],"wp:term":[{"taxonomy":"category","embeddable":true,"href":"https:\/\/blogsaverroes.juntadeandalucia.es\/cprtorrejaral\/wp-json\/wp\/v2\/categories?post=16917"},{"taxonomy":"post_tag","embeddable":true,"href":"https:\/\/blogsaverroes.juntadeandalucia.es\/cprtorrejaral\/wp-json\/wp\/v2\/tags?post=16917"}],"curies":[{"name":"wp","href":"https:\/\/api.w.org\/{rel}","templated":true}]}}