{"id":18248,"date":"2022-03-31T08:19:58","date_gmt":"2022-03-31T08:19:58","guid":{"rendered":"https:\/\/blogsaverroes.juntadeandalucia.es\/cprtorrejaral\/?p=18248"},"modified":"2022-03-31T08:19:58","modified_gmt":"2022-03-31T08:19:58","slug":"todos-con-ucrania-y-contra-la-guerra-video-recopilatorio-de-centros-participantes","status":"publish","type":"post","link":"https:\/\/blogsaverroes.juntadeandalucia.es\/cprtorrejaral\/2022\/03\/31\/todos-con-ucrania-y-contra-la-guerra-video-recopilatorio-de-centros-participantes\/","title":{"rendered":"TODOS CON UCRANIA Y CONTRA LA GUERRA: V\u00eddeo recopilatorio de Centros participantes"},"content":{"rendered":"<h3>&nbsp;<\/h3>\n<h3><em><strong><span style=\"color: #0000ff\">Compartimos por aqu\u00ed un <span style=\"text-decoration: underline\">v\u00eddeo<\/span> en el que se recopilan las actuaciones de muchos centros educativos de la Axarqu\u00eda y de otras zonas en la campa\u00f1a \u00abTodos con Ucrania y contra la guerra\u00bb. Nuestro centros (Cajiz y Valle Niza) aparecen en el min 5:48 aproximadamente.<\/span><\/strong><\/em><\/h3>\n<p><iframe loading=\"lazy\" title=\"TODOS CON UCRANA Y CONTRA LA GUERRA   HD 1080p\" width=\"500\" height=\"281\" src=\"https:\/\/www.youtube.com\/embed\/70gGPEZU8_g?feature=oembed&#038;wmode=opaque\" frameborder=\"0\" allow=\"accelerometer; autoplay; clipboard-write; encrypted-media; gyroscope; picture-in-picture\" allowfullscreen><\/iframe><\/p>\n","protected":false},"excerpt":{"rendered":"<p>&nbsp; Compartimos por aqu\u00ed un v\u00eddeo en el que se recopilan las actuaciones de muchos centros educativos de la Axarqu\u00eda y de otras zonas en la campa\u00f1a \u00abTodos con Ucrania y contra la guerra\u00bb.&#46;&#46;&#46;<\/p>\n","protected":false},"author":5769,"featured_media":18249,"comment_status":"open","ping_status":"open","sticky":false,"template":"","format":"standard","meta":{"ngg_post_thumbnail":0,"footnotes":""},"categories":[5991,25490,6953,3981,3253],"tags":[],"aioseo_notices":[],"_links":{"self":[{"href":"https:\/\/blogsaverroes.juntadeandalucia.es\/cprtorrejaral\/wp-json\/wp\/v2\/posts\/18248"}],"collection":[{"href":"https:\/\/blogsaverroes.juntadeandalucia.es\/cprtorrejaral\/wp-json\/wp\/v2\/posts"}],"about":[{"href":"https:\/\/blogsaverroes.juntadeandalucia.es\/cprtorrejaral\/wp-json\/wp\/v2\/types\/post"}],"author":[{"embeddable":true,"href":"https:\/\/blogsaverroes.juntadeandalucia.es\/cprtorrejaral\/wp-json\/wp\/v2\/users\/5769"}],"replies":[{"embeddable":true,"href":"https:\/\/blogsaverroes.juntadeandalucia.es\/cprtorrejaral\/wp-json\/wp\/v2\/comments?post=18248"}],"version-history":[{"count":1,"href":"https:\/\/blogsaverroes.juntadeandalucia.es\/cprtorrejaral\/wp-json\/wp\/v2\/posts\/18248\/revisions"}],"predecessor-version":[{"id":18250,"href":"https:\/\/blogsaverroes.juntadeandalucia.es\/cprtorrejaral\/wp-json\/wp\/v2\/posts\/18248\/revisions\/18250"}],"wp:featuredmedia":[{"embeddable":true,"href":"https:\/\/blogsaverroes.juntadeandalucia.es\/cprtorrejaral\/wp-json\/wp\/v2\/media\/18249"}],"wp:attachment":[{"href":"https:\/\/blogsaverroes.juntadeandalucia.es\/cprtorrejaral\/wp-json\/wp\/v2\/media?parent=18248"}],"wp:term":[{"taxonomy":"category","embeddable":true,"href":"https:\/\/blogsaverroes.juntadeandalucia.es\/cprtorrejaral\/wp-json\/wp\/v2\/categories?post=18248"},{"taxonomy":"post_tag","embeddable":true,"href":"https:\/\/blogsaverroes.juntadeandalucia.es\/cprtorrejaral\/wp-json\/wp\/v2\/tags?post=18248"}],"curies":[{"name":"wp","href":"https:\/\/api.w.org\/{rel}","templated":true}]}}