{"id":21908,"date":"2023-02-14T10:52:04","date_gmt":"2023-02-14T10:52:04","guid":{"rendered":"https:\/\/blogsaverroes.juntadeandalucia.es\/cprtorrejaral\/?p=21908"},"modified":"2023-02-14T10:52:04","modified_gmt":"2023-02-14T10:52:04","slug":"salida-al-museo-picasso-1er-ciclo","status":"publish","type":"post","link":"https:\/\/blogsaverroes.juntadeandalucia.es\/cprtorrejaral\/2023\/02\/14\/salida-al-museo-picasso-1er-ciclo\/","title":{"rendered":"SALIDA AL MUSEO PICASSO (1er. CICLO)"},"content":{"rendered":"<p><strong><em><span style=\"color: #0000ff\">El pasado Viernes 10 de febrero, el alumnado de 1\u00ba y 2\u00ba de Educaci\u00f3n Primaria, visit\u00f3 en M\u00e1laga el Museo de nuestro paisano, Pablo Ruiz Picasso.<\/span><\/em><\/strong><\/p>\n<p><strong><em><span style=\"color: #0000ff\">Realizaron una visita guiada muy interesante, enfoc\u00e1ndonos en cuadros relacionados con el mar,&nbsp; finaliz\u00e1ndola con un taller de lo m\u00e1s creativo, con materiales diversos (estrellas y conchas de mar, palas, arena, proyector de luz, etc)<\/span><\/em><\/strong><\/p>\n<p>Publicamos algunas <span style=\"text-decoration: underline\">fotos<\/span> de la visita:<\/p>\n\n\t\t<style>\n\t\t\t#gallery-1 {\n\t\t\t\tmargin: auto;\n\t\t\t}\n\t\t\t#gallery-1 .gallery-item {\n\t\t\t\tfloat: left;\n\t\t\t\tmargin-top: 10px;\n\t\t\t\ttext-align: center;\n\t\t\t\twidth: 33%;\n\t\t\t}\n\t\t\t#gallery-1 img {\n\t\t\t\tborder: 2px solid #cfcfcf;\n\t\t\t}\n\t\t\t#gallery-1 .gallery-caption {\n\t\t\t\tmargin-left: 0;\n\t\t\t}\n\t\t\t\/* see gallery_shortcode() in wp-includes\/media.php *\/\n\t\t<\/style>\n\t\t<div id='gallery-1' class='gallery galleryid-21908 gallery-columns-3 gallery-size-thumbnail'><dl class='gallery-item'>\n\t\t\t<dt class='gallery-icon landscape'>\n\t\t\t\t<a href='https:\/\/blogsaverroes.juntadeandalucia.es\/cprtorrejaral\/2023\/02\/14\/salida-al-museo-picasso-1er-ciclo\/3da20aee-13be-47a1-917a-cc573521c48a\/'><img loading=\"lazy\" decoding=\"async\" width=\"150\" height=\"150\" src=\"https:\/\/blogsaverroes.juntadeandalucia.es\/cprtorrejaral\/files\/2023\/02\/3da20aee-13be-47a1-917a-cc573521c48a-150x150.jpg\" class=\"attachment-thumbnail size-thumbnail\" alt=\"\" srcset=\"https:\/\/blogsaverroes.juntadeandalucia.es\/cprtorrejaral\/files\/2023\/02\/3da20aee-13be-47a1-917a-cc573521c48a-150x150.jpg 150w, https:\/\/blogsaverroes.juntadeandalucia.es\/cprtorrejaral\/files\/2023\/02\/3da20aee-13be-47a1-917a-cc573521c48a-80x80.jpg 80w, https:\/\/blogsaverroes.juntadeandalucia.es\/cprtorrejaral\/files\/2023\/02\/3da20aee-13be-47a1-917a-cc573521c48a-320x320.jpg 320w\" sizes=\"(max-width: 150px) 100vw, 150px\" \/><\/a>\n\t\t\t<\/dt><\/dl><dl class='gallery-item'>\n\t\t\t<dt class='gallery-icon portrait'>\n\t\t\t\t<a href='https:\/\/blogsaverroes.juntadeandalucia.es\/cprtorrejaral\/2023\/02\/14\/salida-al-museo-picasso-1er-ciclo\/049c34cb-a5ab-4462-810f-53142fd539ef\/'><img loading=\"lazy\" decoding=\"async\" width=\"150\" height=\"150\" src=\"https:\/\/blogsaverroes.juntadeandalucia.es\/cprtorrejaral\/files\/2023\/02\/049c34cb-a5ab-4462-810f-53142fd539ef-150x150.jpg\" class=\"attachment-thumbnail size-thumbnail\" alt=\"\" srcset=\"https:\/\/blogsaverroes.juntadeandalucia.es\/cprtorrejaral\/files\/2023\/02\/049c34cb-a5ab-4462-810f-53142fd539ef-150x150.jpg 150w, https:\/\/blogsaverroes.juntadeandalucia.es\/cprtorrejaral\/files\/2023\/02\/049c34cb-a5ab-4462-810f-53142fd539ef-80x80.jpg 80w, https:\/\/blogsaverroes.juntadeandalucia.es\/cprtorrejaral\/files\/2023\/02\/049c34cb-a5ab-4462-810f-53142fd539ef-320x320.jpg 320w\" sizes=\"(max-width: 150px) 100vw, 150px\" \/><\/a>\n\t\t\t<\/dt><\/dl><dl class='gallery-item'>\n\t\t\t<dt class='gallery-icon landscape'>\n\t\t\t\t<a href='https:\/\/blogsaverroes.juntadeandalucia.es\/cprtorrejaral\/2023\/02\/14\/salida-al-museo-picasso-1er-ciclo\/157f75f7-3f0e-4c14-85ef-681fc76ccaf5\/'><img loading=\"lazy\" decoding=\"async\" width=\"150\" height=\"150\" src=\"https:\/\/blogsaverroes.juntadeandalucia.es\/cprtorrejaral\/files\/2023\/02\/157f75f7-3f0e-4c14-85ef-681fc76ccaf5-150x150.jpg\" class=\"attachment-thumbnail size-thumbnail\" alt=\"\" srcset=\"https:\/\/blogsaverroes.juntadeandalucia.es\/cprtorrejaral\/files\/2023\/02\/157f75f7-3f0e-4c14-85ef-681fc76ccaf5-150x150.jpg 150w, https:\/\/blogsaverroes.juntadeandalucia.es\/cprtorrejaral\/files\/2023\/02\/157f75f7-3f0e-4c14-85ef-681fc76ccaf5-80x80.jpg 80w, https:\/\/blogsaverroes.juntadeandalucia.es\/cprtorrejaral\/files\/2023\/02\/157f75f7-3f0e-4c14-85ef-681fc76ccaf5-320x320.jpg 320w\" sizes=\"(max-width: 150px) 100vw, 150px\" \/><\/a>\n\t\t\t<\/dt><\/dl><br style=\"clear: both\" \/><dl class='gallery-item'>\n\t\t\t<dt class='gallery-icon landscape'>\n\t\t\t\t<a href='https:\/\/blogsaverroes.juntadeandalucia.es\/cprtorrejaral\/2023\/02\/14\/salida-al-museo-picasso-1er-ciclo\/716bd048-daf9-4475-aa60-8b3a610b842c\/'><img loading=\"lazy\" decoding=\"async\" width=\"150\" height=\"150\" src=\"https:\/\/blogsaverroes.juntadeandalucia.es\/cprtorrejaral\/files\/2023\/02\/716bd048-daf9-4475-aa60-8b3a610b842c-150x150.jpg\" class=\"attachment-thumbnail size-thumbnail\" alt=\"\" srcset=\"https:\/\/blogsaverroes.juntadeandalucia.es\/cprtorrejaral\/files\/2023\/02\/716bd048-daf9-4475-aa60-8b3a610b842c-150x150.jpg 150w, https:\/\/blogsaverroes.juntadeandalucia.es\/cprtorrejaral\/files\/2023\/02\/716bd048-daf9-4475-aa60-8b3a610b842c-80x80.jpg 80w, https:\/\/blogsaverroes.juntadeandalucia.es\/cprtorrejaral\/files\/2023\/02\/716bd048-daf9-4475-aa60-8b3a610b842c-320x320.jpg 320w\" sizes=\"(max-width: 150px) 100vw, 150px\" \/><\/a>\n\t\t\t<\/dt><\/dl><dl class='gallery-item'>\n\t\t\t<dt class='gallery-icon portrait'>\n\t\t\t\t<a href='https:\/\/blogsaverroes.juntadeandalucia.es\/cprtorrejaral\/2023\/02\/14\/salida-al-museo-picasso-1er-ciclo\/2916ee93-6bb2-4aaa-a5bd-fb13b2549b74\/'><img loading=\"lazy\" decoding=\"async\" width=\"150\" height=\"150\" src=\"https:\/\/blogsaverroes.juntadeandalucia.es\/cprtorrejaral\/files\/2023\/02\/2916ee93-6bb2-4aaa-a5bd-fb13b2549b74-150x150.jpg\" class=\"attachment-thumbnail size-thumbnail\" alt=\"\" srcset=\"https:\/\/blogsaverroes.juntadeandalucia.es\/cprtorrejaral\/files\/2023\/02\/2916ee93-6bb2-4aaa-a5bd-fb13b2549b74-150x150.jpg 150w, https:\/\/blogsaverroes.juntadeandalucia.es\/cprtorrejaral\/files\/2023\/02\/2916ee93-6bb2-4aaa-a5bd-fb13b2549b74-80x80.jpg 80w, https:\/\/blogsaverroes.juntadeandalucia.es\/cprtorrejaral\/files\/2023\/02\/2916ee93-6bb2-4aaa-a5bd-fb13b2549b74-320x320.jpg 320w\" sizes=\"(max-width: 150px) 100vw, 150px\" \/><\/a>\n\t\t\t<\/dt><\/dl><dl class='gallery-item'>\n\t\t\t<dt class='gallery-icon landscape'>\n\t\t\t\t<a href='https:\/\/blogsaverroes.juntadeandalucia.es\/cprtorrejaral\/2023\/02\/14\/salida-al-museo-picasso-1er-ciclo\/bc292ee2-117d-4054-803e-7ae4ee4d8736\/'><img loading=\"lazy\" decoding=\"async\" width=\"150\" height=\"150\" src=\"https:\/\/blogsaverroes.juntadeandalucia.es\/cprtorrejaral\/files\/2023\/02\/bc292ee2-117d-4054-803e-7ae4ee4d8736-150x150.jpg\" class=\"attachment-thumbnail size-thumbnail\" alt=\"\" srcset=\"https:\/\/blogsaverroes.juntadeandalucia.es\/cprtorrejaral\/files\/2023\/02\/bc292ee2-117d-4054-803e-7ae4ee4d8736-150x150.jpg 150w, https:\/\/blogsaverroes.juntadeandalucia.es\/cprtorrejaral\/files\/2023\/02\/bc292ee2-117d-4054-803e-7ae4ee4d8736-80x80.jpg 80w, https:\/\/blogsaverroes.juntadeandalucia.es\/cprtorrejaral\/files\/2023\/02\/bc292ee2-117d-4054-803e-7ae4ee4d8736-320x320.jpg 320w\" sizes=\"(max-width: 150px) 100vw, 150px\" \/><\/a>\n\t\t\t<\/dt><\/dl><br style=\"clear: both\" \/><dl class='gallery-item'>\n\t\t\t<dt class='gallery-icon portrait'>\n\t\t\t\t<a href='https:\/\/blogsaverroes.juntadeandalucia.es\/cprtorrejaral\/2023\/02\/14\/salida-al-museo-picasso-1er-ciclo\/c2f24bf8-056c-4132-905b-7c27a6d58e82\/'><img loading=\"lazy\" decoding=\"async\" width=\"150\" height=\"150\" src=\"https:\/\/blogsaverroes.juntadeandalucia.es\/cprtorrejaral\/files\/2023\/02\/c2f24bf8-056c-4132-905b-7c27a6d58e82-150x150.jpg\" class=\"attachment-thumbnail size-thumbnail\" alt=\"\" srcset=\"https:\/\/blogsaverroes.juntadeandalucia.es\/cprtorrejaral\/files\/2023\/02\/c2f24bf8-056c-4132-905b-7c27a6d58e82-150x150.jpg 150w, https:\/\/blogsaverroes.juntadeandalucia.es\/cprtorrejaral\/files\/2023\/02\/c2f24bf8-056c-4132-905b-7c27a6d58e82-80x80.jpg 80w, https:\/\/blogsaverroes.juntadeandalucia.es\/cprtorrejaral\/files\/2023\/02\/c2f24bf8-056c-4132-905b-7c27a6d58e82-320x320.jpg 320w\" sizes=\"(max-width: 150px) 100vw, 150px\" \/><\/a>\n\t\t\t<\/dt><\/dl><dl class='gallery-item'>\n\t\t\t<dt class='gallery-icon landscape'>\n\t\t\t\t<a href='https:\/\/blogsaverroes.juntadeandalucia.es\/cprtorrejaral\/2023\/02\/14\/salida-al-museo-picasso-1er-ciclo\/c0099460-51f7-45d9-9cac-99ec66e9f6af\/'><img loading=\"lazy\" decoding=\"async\" width=\"150\" height=\"150\" src=\"https:\/\/blogsaverroes.juntadeandalucia.es\/cprtorrejaral\/files\/2023\/02\/c0099460-51f7-45d9-9cac-99ec66e9f6af-150x150.jpg\" class=\"attachment-thumbnail size-thumbnail\" alt=\"\" srcset=\"https:\/\/blogsaverroes.juntadeandalucia.es\/cprtorrejaral\/files\/2023\/02\/c0099460-51f7-45d9-9cac-99ec66e9f6af-150x150.jpg 150w, https:\/\/blogsaverroes.juntadeandalucia.es\/cprtorrejaral\/files\/2023\/02\/c0099460-51f7-45d9-9cac-99ec66e9f6af-80x80.jpg 80w, https:\/\/blogsaverroes.juntadeandalucia.es\/cprtorrejaral\/files\/2023\/02\/c0099460-51f7-45d9-9cac-99ec66e9f6af-320x320.jpg 320w\" sizes=\"(max-width: 150px) 100vw, 150px\" \/><\/a>\n\t\t\t<\/dt><\/dl><dl class='gallery-item'>\n\t\t\t<dt class='gallery-icon landscape'>\n\t\t\t\t<a href='https:\/\/blogsaverroes.juntadeandalucia.es\/cprtorrejaral\/2023\/02\/14\/salida-al-museo-picasso-1er-ciclo\/d4002854-3506-43bb-856c-dcce428045ae\/'><img loading=\"lazy\" decoding=\"async\" width=\"150\" height=\"150\" src=\"https:\/\/blogsaverroes.juntadeandalucia.es\/cprtorrejaral\/files\/2023\/02\/d4002854-3506-43bb-856c-dcce428045ae-150x150.jpg\" class=\"attachment-thumbnail size-thumbnail\" alt=\"\" srcset=\"https:\/\/blogsaverroes.juntadeandalucia.es\/cprtorrejaral\/files\/2023\/02\/d4002854-3506-43bb-856c-dcce428045ae-150x150.jpg 150w, https:\/\/blogsaverroes.juntadeandalucia.es\/cprtorrejaral\/files\/2023\/02\/d4002854-3506-43bb-856c-dcce428045ae-80x80.jpg 80w, https:\/\/blogsaverroes.juntadeandalucia.es\/cprtorrejaral\/files\/2023\/02\/d4002854-3506-43bb-856c-dcce428045ae-320x320.jpg 320w\" sizes=\"(max-width: 150px) 100vw, 150px\" \/><\/a>\n\t\t\t<\/dt><\/dl><br style=\"clear: both\" \/><dl class='gallery-item'>\n\t\t\t<dt class='gallery-icon portrait'>\n\t\t\t\t<a href='https:\/\/blogsaverroes.juntadeandalucia.es\/cprtorrejaral\/2023\/02\/14\/salida-al-museo-picasso-1er-ciclo\/de9c3da5-3e1a-4e6f-bd65-3fbc92abcc7c\/'><img loading=\"lazy\" decoding=\"async\" width=\"150\" height=\"150\" src=\"https:\/\/blogsaverroes.juntadeandalucia.es\/cprtorrejaral\/files\/2023\/02\/de9c3da5-3e1a-4e6f-bd65-3fbc92abcc7c-150x150.jpg\" class=\"attachment-thumbnail size-thumbnail\" alt=\"\" srcset=\"https:\/\/blogsaverroes.juntadeandalucia.es\/cprtorrejaral\/files\/2023\/02\/de9c3da5-3e1a-4e6f-bd65-3fbc92abcc7c-150x150.jpg 150w, https:\/\/blogsaverroes.juntadeandalucia.es\/cprtorrejaral\/files\/2023\/02\/de9c3da5-3e1a-4e6f-bd65-3fbc92abcc7c-80x80.jpg 80w, https:\/\/blogsaverroes.juntadeandalucia.es\/cprtorrejaral\/files\/2023\/02\/de9c3da5-3e1a-4e6f-bd65-3fbc92abcc7c-320x320.jpg 320w\" sizes=\"(max-width: 150px) 100vw, 150px\" \/><\/a>\n\t\t\t<\/dt><\/dl><dl class='gallery-item'>\n\t\t\t<dt class='gallery-icon portrait'>\n\t\t\t\t<a href='https:\/\/blogsaverroes.juntadeandalucia.es\/cprtorrejaral\/2023\/02\/14\/salida-al-museo-picasso-1er-ciclo\/e9101f25-20bb-4c1b-9142-e3edcf196e40\/'><img loading=\"lazy\" decoding=\"async\" width=\"150\" height=\"150\" src=\"https:\/\/blogsaverroes.juntadeandalucia.es\/cprtorrejaral\/files\/2023\/02\/e9101f25-20bb-4c1b-9142-e3edcf196e40-150x150.jpg\" class=\"attachment-thumbnail size-thumbnail\" alt=\"\" srcset=\"https:\/\/blogsaverroes.juntadeandalucia.es\/cprtorrejaral\/files\/2023\/02\/e9101f25-20bb-4c1b-9142-e3edcf196e40-150x150.jpg 150w, https:\/\/blogsaverroes.juntadeandalucia.es\/cprtorrejaral\/files\/2023\/02\/e9101f25-20bb-4c1b-9142-e3edcf196e40-80x80.jpg 80w, https:\/\/blogsaverroes.juntadeandalucia.es\/cprtorrejaral\/files\/2023\/02\/e9101f25-20bb-4c1b-9142-e3edcf196e40-320x320.jpg 320w\" sizes=\"(max-width: 150px) 100vw, 150px\" \/><\/a>\n\t\t\t<\/dt><\/dl><dl class='gallery-item'>\n\t\t\t<dt class='gallery-icon portrait'>\n\t\t\t\t<a href='https:\/\/blogsaverroes.juntadeandalucia.es\/cprtorrejaral\/2023\/02\/14\/salida-al-museo-picasso-1er-ciclo\/efad38b3-527f-46c0-b9b5-df5f66cc8a10\/'><img loading=\"lazy\" decoding=\"async\" width=\"150\" height=\"150\" src=\"https:\/\/blogsaverroes.juntadeandalucia.es\/cprtorrejaral\/files\/2023\/02\/efad38b3-527f-46c0-b9b5-df5f66cc8a10-150x150.jpg\" class=\"attachment-thumbnail size-thumbnail\" alt=\"\" srcset=\"https:\/\/blogsaverroes.juntadeandalucia.es\/cprtorrejaral\/files\/2023\/02\/efad38b3-527f-46c0-b9b5-df5f66cc8a10-150x150.jpg 150w, https:\/\/blogsaverroes.juntadeandalucia.es\/cprtorrejaral\/files\/2023\/02\/efad38b3-527f-46c0-b9b5-df5f66cc8a10-80x80.jpg 80w, https:\/\/blogsaverroes.juntadeandalucia.es\/cprtorrejaral\/files\/2023\/02\/efad38b3-527f-46c0-b9b5-df5f66cc8a10-320x320.jpg 320w\" sizes=\"(max-width: 150px) 100vw, 150px\" \/><\/a>\n\t\t\t<\/dt><\/dl><br style=\"clear: both\" \/><dl class='gallery-item'>\n\t\t\t<dt class='gallery-icon portrait'>\n\t\t\t\t<a href='https:\/\/blogsaverroes.juntadeandalucia.es\/cprtorrejaral\/2023\/02\/14\/salida-al-museo-picasso-1er-ciclo\/f9f61083-94ba-4485-b2fa-29ca7add4c3b\/'><img loading=\"lazy\" decoding=\"async\" width=\"150\" height=\"150\" src=\"https:\/\/blogsaverroes.juntadeandalucia.es\/cprtorrejaral\/files\/2023\/02\/f9f61083-94ba-4485-b2fa-29ca7add4c3b-150x150.jpg\" class=\"attachment-thumbnail size-thumbnail\" alt=\"\" srcset=\"https:\/\/blogsaverroes.juntadeandalucia.es\/cprtorrejaral\/files\/2023\/02\/f9f61083-94ba-4485-b2fa-29ca7add4c3b-150x150.jpg 150w, https:\/\/blogsaverroes.juntadeandalucia.es\/cprtorrejaral\/files\/2023\/02\/f9f61083-94ba-4485-b2fa-29ca7add4c3b-80x80.jpg 80w, https:\/\/blogsaverroes.juntadeandalucia.es\/cprtorrejaral\/files\/2023\/02\/f9f61083-94ba-4485-b2fa-29ca7add4c3b-320x320.jpg 320w\" sizes=\"(max-width: 150px) 100vw, 150px\" \/><\/a>\n\t\t\t<\/dt><\/dl><dl class='gallery-item'>\n\t\t\t<dt class='gallery-icon portrait'>\n\t\t\t\t<a href='https:\/\/blogsaverroes.juntadeandalucia.es\/cprtorrejaral\/2023\/02\/14\/salida-al-museo-picasso-1er-ciclo\/img_6207\/'><img loading=\"lazy\" decoding=\"async\" width=\"150\" height=\"150\" src=\"https:\/\/blogsaverroes.juntadeandalucia.es\/cprtorrejaral\/files\/2023\/02\/IMG_6207-150x150.jpg\" class=\"attachment-thumbnail size-thumbnail\" alt=\"\" srcset=\"https:\/\/blogsaverroes.juntadeandalucia.es\/cprtorrejaral\/files\/2023\/02\/IMG_6207-150x150.jpg 150w, https:\/\/blogsaverroes.juntadeandalucia.es\/cprtorrejaral\/files\/2023\/02\/IMG_6207-80x80.jpg 80w, https:\/\/blogsaverroes.juntadeandalucia.es\/cprtorrejaral\/files\/2023\/02\/IMG_6207-320x320.jpg 320w\" sizes=\"(max-width: 150px) 100vw, 150px\" \/><\/a>\n\t\t\t<\/dt><\/dl><dl class='gallery-item'>\n\t\t\t<dt class='gallery-icon portrait'>\n\t\t\t\t<a href='https:\/\/blogsaverroes.juntadeandalucia.es\/cprtorrejaral\/2023\/02\/14\/salida-al-museo-picasso-1er-ciclo\/img_6211\/'><img loading=\"lazy\" decoding=\"async\" width=\"150\" height=\"150\" src=\"https:\/\/blogsaverroes.juntadeandalucia.es\/cprtorrejaral\/files\/2023\/02\/IMG_6211-150x150.jpg\" class=\"attachment-thumbnail size-thumbnail\" alt=\"\" srcset=\"https:\/\/blogsaverroes.juntadeandalucia.es\/cprtorrejaral\/files\/2023\/02\/IMG_6211-150x150.jpg 150w, https:\/\/blogsaverroes.juntadeandalucia.es\/cprtorrejaral\/files\/2023\/02\/IMG_6211-80x80.jpg 80w, https:\/\/blogsaverroes.juntadeandalucia.es\/cprtorrejaral\/files\/2023\/02\/IMG_6211-320x320.jpg 320w\" sizes=\"(max-width: 150px) 100vw, 150px\" \/><\/a>\n\t\t\t<\/dt><\/dl><br style=\"clear: both\" \/><dl class='gallery-item'>\n\t\t\t<dt class='gallery-icon portrait'>\n\t\t\t\t<a href='https:\/\/blogsaverroes.juntadeandalucia.es\/cprtorrejaral\/2023\/02\/14\/salida-al-museo-picasso-1er-ciclo\/img_6215\/'><img loading=\"lazy\" decoding=\"async\" width=\"150\" height=\"150\" src=\"https:\/\/blogsaverroes.juntadeandalucia.es\/cprtorrejaral\/files\/2023\/02\/IMG_6215-150x150.jpg\" class=\"attachment-thumbnail size-thumbnail\" alt=\"\" srcset=\"https:\/\/blogsaverroes.juntadeandalucia.es\/cprtorrejaral\/files\/2023\/02\/IMG_6215-150x150.jpg 150w, https:\/\/blogsaverroes.juntadeandalucia.es\/cprtorrejaral\/files\/2023\/02\/IMG_6215-80x80.jpg 80w, https:\/\/blogsaverroes.juntadeandalucia.es\/cprtorrejaral\/files\/2023\/02\/IMG_6215-320x320.jpg 320w\" sizes=\"(max-width: 150px) 100vw, 150px\" \/><\/a>\n\t\t\t<\/dt><\/dl><dl class='gallery-item'>\n\t\t\t<dt class='gallery-icon landscape'>\n\t\t\t\t<a href='https:\/\/blogsaverroes.juntadeandalucia.es\/cprtorrejaral\/2023\/02\/14\/salida-al-museo-picasso-1er-ciclo\/img_6216\/'><img loading=\"lazy\" decoding=\"async\" width=\"150\" height=\"150\" src=\"https:\/\/blogsaverroes.juntadeandalucia.es\/cprtorrejaral\/files\/2023\/02\/IMG_6216-150x150.jpg\" class=\"attachment-thumbnail size-thumbnail\" alt=\"\" srcset=\"https:\/\/blogsaverroes.juntadeandalucia.es\/cprtorrejaral\/files\/2023\/02\/IMG_6216-150x150.jpg 150w, https:\/\/blogsaverroes.juntadeandalucia.es\/cprtorrejaral\/files\/2023\/02\/IMG_6216-80x80.jpg 80w, https:\/\/blogsaverroes.juntadeandalucia.es\/cprtorrejaral\/files\/2023\/02\/IMG_6216-320x320.jpg 320w\" sizes=\"(max-width: 150px) 100vw, 150px\" \/><\/a>\n\t\t\t<\/dt><\/dl><dl class='gallery-item'>\n\t\t\t<dt class='gallery-icon landscape'>\n\t\t\t\t<a href='https:\/\/blogsaverroes.juntadeandalucia.es\/cprtorrejaral\/2023\/02\/14\/salida-al-museo-picasso-1er-ciclo\/whatsapp-image-2023-02-12-at-22-48-38-2\/'><img loading=\"lazy\" decoding=\"async\" width=\"150\" height=\"150\" src=\"https:\/\/blogsaverroes.juntadeandalucia.es\/cprtorrejaral\/files\/2023\/02\/WhatsApp-Image-2023-02-12-at-22.48.38-2-150x150.jpeg\" class=\"attachment-thumbnail size-thumbnail\" alt=\"\" srcset=\"https:\/\/blogsaverroes.juntadeandalucia.es\/cprtorrejaral\/files\/2023\/02\/WhatsApp-Image-2023-02-12-at-22.48.38-2-150x150.jpeg 150w, https:\/\/blogsaverroes.juntadeandalucia.es\/cprtorrejaral\/files\/2023\/02\/WhatsApp-Image-2023-02-12-at-22.48.38-2-80x80.jpeg 80w, https:\/\/blogsaverroes.juntadeandalucia.es\/cprtorrejaral\/files\/2023\/02\/WhatsApp-Image-2023-02-12-at-22.48.38-2-320x320.jpeg 320w\" sizes=\"(max-width: 150px) 100vw, 150px\" \/><\/a>\n\t\t\t<\/dt><\/dl><br style=\"clear: both\" \/><dl class='gallery-item'>\n\t\t\t<dt class='gallery-icon landscape'>\n\t\t\t\t<a href='https:\/\/blogsaverroes.juntadeandalucia.es\/cprtorrejaral\/2023\/02\/14\/salida-al-museo-picasso-1er-ciclo\/whatsapp-image-2023-02-12-at-22-48-38-3\/'><img loading=\"lazy\" decoding=\"async\" width=\"150\" height=\"150\" src=\"https:\/\/blogsaverroes.juntadeandalucia.es\/cprtorrejaral\/files\/2023\/02\/WhatsApp-Image-2023-02-12-at-22.48.38-3-150x150.jpeg\" class=\"attachment-thumbnail size-thumbnail\" alt=\"\" srcset=\"https:\/\/blogsaverroes.juntadeandalucia.es\/cprtorrejaral\/files\/2023\/02\/WhatsApp-Image-2023-02-12-at-22.48.38-3-150x150.jpeg 150w, https:\/\/blogsaverroes.juntadeandalucia.es\/cprtorrejaral\/files\/2023\/02\/WhatsApp-Image-2023-02-12-at-22.48.38-3-80x80.jpeg 80w, https:\/\/blogsaverroes.juntadeandalucia.es\/cprtorrejaral\/files\/2023\/02\/WhatsApp-Image-2023-02-12-at-22.48.38-3-320x320.jpeg 320w\" sizes=\"(max-width: 150px) 100vw, 150px\" \/><\/a>\n\t\t\t<\/dt><\/dl><dl class='gallery-item'>\n\t\t\t<dt class='gallery-icon landscape'>\n\t\t\t\t<a href='https:\/\/blogsaverroes.juntadeandalucia.es\/cprtorrejaral\/2023\/02\/14\/salida-al-museo-picasso-1er-ciclo\/whatsapp-image-2023-02-12-at-22-48-38-4\/'><img loading=\"lazy\" decoding=\"async\" width=\"150\" height=\"150\" src=\"https:\/\/blogsaverroes.juntadeandalucia.es\/cprtorrejaral\/files\/2023\/02\/WhatsApp-Image-2023-02-12-at-22.48.38-4-150x150.jpeg\" class=\"attachment-thumbnail size-thumbnail\" alt=\"\" srcset=\"https:\/\/blogsaverroes.juntadeandalucia.es\/cprtorrejaral\/files\/2023\/02\/WhatsApp-Image-2023-02-12-at-22.48.38-4-150x150.jpeg 150w, https:\/\/blogsaverroes.juntadeandalucia.es\/cprtorrejaral\/files\/2023\/02\/WhatsApp-Image-2023-02-12-at-22.48.38-4-80x80.jpeg 80w, https:\/\/blogsaverroes.juntadeandalucia.es\/cprtorrejaral\/files\/2023\/02\/WhatsApp-Image-2023-02-12-at-22.48.38-4-320x320.jpeg 320w\" sizes=\"(max-width: 150px) 100vw, 150px\" \/><\/a>\n\t\t\t<\/dt><\/dl><dl class='gallery-item'>\n\t\t\t<dt class='gallery-icon landscape'>\n\t\t\t\t<a href='https:\/\/blogsaverroes.juntadeandalucia.es\/cprtorrejaral\/2023\/02\/14\/salida-al-museo-picasso-1er-ciclo\/whatsapp-image-2023-02-12-at-22-48-38-5\/'><img loading=\"lazy\" decoding=\"async\" width=\"150\" height=\"150\" src=\"https:\/\/blogsaverroes.juntadeandalucia.es\/cprtorrejaral\/files\/2023\/02\/WhatsApp-Image-2023-02-12-at-22.48.38-5-150x150.jpeg\" class=\"attachment-thumbnail size-thumbnail\" alt=\"\" srcset=\"https:\/\/blogsaverroes.juntadeandalucia.es\/cprtorrejaral\/files\/2023\/02\/WhatsApp-Image-2023-02-12-at-22.48.38-5-150x150.jpeg 150w, https:\/\/blogsaverroes.juntadeandalucia.es\/cprtorrejaral\/files\/2023\/02\/WhatsApp-Image-2023-02-12-at-22.48.38-5-80x80.jpeg 80w, https:\/\/blogsaverroes.juntadeandalucia.es\/cprtorrejaral\/files\/2023\/02\/WhatsApp-Image-2023-02-12-at-22.48.38-5-320x320.jpeg 320w\" sizes=\"(max-width: 150px) 100vw, 150px\" \/><\/a>\n\t\t\t<\/dt><\/dl><br style=\"clear: both\" \/><dl class='gallery-item'>\n\t\t\t<dt class='gallery-icon landscape'>\n\t\t\t\t<a href='https:\/\/blogsaverroes.juntadeandalucia.es\/cprtorrejaral\/2023\/02\/14\/salida-al-museo-picasso-1er-ciclo\/whatsapp-image-2023-02-12-at-22-48-38-7\/'><img loading=\"lazy\" decoding=\"async\" width=\"150\" height=\"150\" src=\"https:\/\/blogsaverroes.juntadeandalucia.es\/cprtorrejaral\/files\/2023\/02\/WhatsApp-Image-2023-02-12-at-22.48.38-7-150x150.jpeg\" class=\"attachment-thumbnail size-thumbnail\" alt=\"\" srcset=\"https:\/\/blogsaverroes.juntadeandalucia.es\/cprtorrejaral\/files\/2023\/02\/WhatsApp-Image-2023-02-12-at-22.48.38-7-150x150.jpeg 150w, https:\/\/blogsaverroes.juntadeandalucia.es\/cprtorrejaral\/files\/2023\/02\/WhatsApp-Image-2023-02-12-at-22.48.38-7-80x80.jpeg 80w, https:\/\/blogsaverroes.juntadeandalucia.es\/cprtorrejaral\/files\/2023\/02\/WhatsApp-Image-2023-02-12-at-22.48.38-7-320x320.jpeg 320w\" sizes=\"(max-width: 150px) 100vw, 150px\" \/><\/a>\n\t\t\t<\/dt><\/dl><dl class='gallery-item'>\n\t\t\t<dt class='gallery-icon landscape'>\n\t\t\t\t<a href='https:\/\/blogsaverroes.juntadeandalucia.es\/cprtorrejaral\/2023\/02\/14\/salida-al-museo-picasso-1er-ciclo\/whatsapp-image-2023-02-12-at-22-48-38-8\/'><img loading=\"lazy\" decoding=\"async\" width=\"150\" height=\"150\" src=\"https:\/\/blogsaverroes.juntadeandalucia.es\/cprtorrejaral\/files\/2023\/02\/WhatsApp-Image-2023-02-12-at-22.48.38-8-150x150.jpeg\" class=\"attachment-thumbnail size-thumbnail\" alt=\"\" srcset=\"https:\/\/blogsaverroes.juntadeandalucia.es\/cprtorrejaral\/files\/2023\/02\/WhatsApp-Image-2023-02-12-at-22.48.38-8-150x150.jpeg 150w, https:\/\/blogsaverroes.juntadeandalucia.es\/cprtorrejaral\/files\/2023\/02\/WhatsApp-Image-2023-02-12-at-22.48.38-8-80x80.jpeg 80w, https:\/\/blogsaverroes.juntadeandalucia.es\/cprtorrejaral\/files\/2023\/02\/WhatsApp-Image-2023-02-12-at-22.48.38-8-320x320.jpeg 320w\" sizes=\"(max-width: 150px) 100vw, 150px\" \/><\/a>\n\t\t\t<\/dt><\/dl><dl class='gallery-item'>\n\t\t\t<dt class='gallery-icon landscape'>\n\t\t\t\t<a href='https:\/\/blogsaverroes.juntadeandalucia.es\/cprtorrejaral\/2023\/02\/14\/salida-al-museo-picasso-1er-ciclo\/whatsapp-image-2023-02-12-at-22-48-39-1\/'><img loading=\"lazy\" decoding=\"async\" width=\"150\" height=\"150\" src=\"https:\/\/blogsaverroes.juntadeandalucia.es\/cprtorrejaral\/files\/2023\/02\/WhatsApp-Image-2023-02-12-at-22.48.39-1-150x150.jpeg\" class=\"attachment-thumbnail size-thumbnail\" alt=\"\" srcset=\"https:\/\/blogsaverroes.juntadeandalucia.es\/cprtorrejaral\/files\/2023\/02\/WhatsApp-Image-2023-02-12-at-22.48.39-1-150x150.jpeg 150w, https:\/\/blogsaverroes.juntadeandalucia.es\/cprtorrejaral\/files\/2023\/02\/WhatsApp-Image-2023-02-12-at-22.48.39-1-80x80.jpeg 80w, https:\/\/blogsaverroes.juntadeandalucia.es\/cprtorrejaral\/files\/2023\/02\/WhatsApp-Image-2023-02-12-at-22.48.39-1-320x320.jpeg 320w\" sizes=\"(max-width: 150px) 100vw, 150px\" \/><\/a>\n\t\t\t<\/dt><\/dl><br style=\"clear: both\" \/><dl class='gallery-item'>\n\t\t\t<dt class='gallery-icon landscape'>\n\t\t\t\t<a href='https:\/\/blogsaverroes.juntadeandalucia.es\/cprtorrejaral\/2023\/02\/14\/salida-al-museo-picasso-1er-ciclo\/whatsapp-image-2023-02-12-at-22-48-39-2\/'><img loading=\"lazy\" decoding=\"async\" width=\"150\" height=\"150\" src=\"https:\/\/blogsaverroes.juntadeandalucia.es\/cprtorrejaral\/files\/2023\/02\/WhatsApp-Image-2023-02-12-at-22.48.39-2-150x150.jpeg\" class=\"attachment-thumbnail size-thumbnail\" alt=\"\" srcset=\"https:\/\/blogsaverroes.juntadeandalucia.es\/cprtorrejaral\/files\/2023\/02\/WhatsApp-Image-2023-02-12-at-22.48.39-2-150x150.jpeg 150w, https:\/\/blogsaverroes.juntadeandalucia.es\/cprtorrejaral\/files\/2023\/02\/WhatsApp-Image-2023-02-12-at-22.48.39-2-80x80.jpeg 80w, https:\/\/blogsaverroes.juntadeandalucia.es\/cprtorrejaral\/files\/2023\/02\/WhatsApp-Image-2023-02-12-at-22.48.39-2-320x320.jpeg 320w\" sizes=\"(max-width: 150px) 100vw, 150px\" \/><\/a>\n\t\t\t<\/dt><\/dl>\n\t\t\t<br style='clear: both' \/>\n\t\t<\/div>\n\n<p>&nbsp;<\/p>\n","protected":false},"excerpt":{"rendered":"<p>El pasado Viernes 10 de febrero, el alumnado de 1\u00ba y 2\u00ba de Educaci\u00f3n Primaria, visit\u00f3 en M\u00e1laga el Museo de nuestro paisano, Pablo Ruiz Picasso. Realizaron una visita guiada muy interesante, enfoc\u00e1ndonos en&#46;&#46;&#46;<\/p>\n","protected":false},"author":5769,"featured_media":21928,"comment_status":"open","ping_status":"open","sticky":false,"template":"","format":"standard","meta":{"ngg_post_thumbnail":0,"footnotes":""},"categories":[25494,3981,446,3253,1361672],"tags":[],"aioseo_notices":[],"_links":{"self":[{"href":"https:\/\/blogsaverroes.juntadeandalucia.es\/cprtorrejaral\/wp-json\/wp\/v2\/posts\/21908"}],"collection":[{"href":"https:\/\/blogsaverroes.juntadeandalucia.es\/cprtorrejaral\/wp-json\/wp\/v2\/posts"}],"about":[{"href":"https:\/\/blogsaverroes.juntadeandalucia.es\/cprtorrejaral\/wp-json\/wp\/v2\/types\/post"}],"author":[{"embeddable":true,"href":"https:\/\/blogsaverroes.juntadeandalucia.es\/cprtorrejaral\/wp-json\/wp\/v2\/users\/5769"}],"replies":[{"embeddable":true,"href":"https:\/\/blogsaverroes.juntadeandalucia.es\/cprtorrejaral\/wp-json\/wp\/v2\/comments?post=21908"}],"version-history":[{"count":1,"href":"https:\/\/blogsaverroes.juntadeandalucia.es\/cprtorrejaral\/wp-json\/wp\/v2\/posts\/21908\/revisions"}],"predecessor-version":[{"id":21934,"href":"https:\/\/blogsaverroes.juntadeandalucia.es\/cprtorrejaral\/wp-json\/wp\/v2\/posts\/21908\/revisions\/21934"}],"wp:featuredmedia":[{"embeddable":true,"href":"https:\/\/blogsaverroes.juntadeandalucia.es\/cprtorrejaral\/wp-json\/wp\/v2\/media\/21928"}],"wp:attachment":[{"href":"https:\/\/blogsaverroes.juntadeandalucia.es\/cprtorrejaral\/wp-json\/wp\/v2\/media?parent=21908"}],"wp:term":[{"taxonomy":"category","embeddable":true,"href":"https:\/\/blogsaverroes.juntadeandalucia.es\/cprtorrejaral\/wp-json\/wp\/v2\/categories?post=21908"},{"taxonomy":"post_tag","embeddable":true,"href":"https:\/\/blogsaverroes.juntadeandalucia.es\/cprtorrejaral\/wp-json\/wp\/v2\/tags?post=21908"}],"curies":[{"name":"wp","href":"https:\/\/api.w.org\/{rel}","templated":true}]}}