{"id":22563,"date":"2023-05-25T09:56:22","date_gmt":"2023-05-25T09:56:22","guid":{"rendered":"https:\/\/blogsaverroes.juntadeandalucia.es\/cprtorrejaral\/?p=22563"},"modified":"2023-05-25T09:57:45","modified_gmt":"2023-05-25T09:57:45","slug":"dia-de-las-familias","status":"publish","type":"post","link":"https:\/\/blogsaverroes.juntadeandalucia.es\/cprtorrejaral\/2023\/05\/25\/dia-de-las-familias\/","title":{"rendered":"D\u00cdA DE LAS FAMILIAS"},"content":{"rendered":"<p><em><span style=\"color: #0000ff\"><strong>El pasado 15 de Mayo celebramos en el colegio el D\u00eda de las Familias. Fue una jornada de puertas abiertas a la comunidad educativa.&nbsp;<\/strong><\/span><\/em><\/p>\n<p><em><span style=\"color: #0000ff\"><strong>En primer lugar, a partir de las 12, realizamos la actividad de los TUTORES LECTORES en la que el alumnado de los cursos mayores (de 3\u00ba a 6\u00ba de Primaria) leen alg\u00fan libro y hacen actividades relacionadas con el mismo junto al alumnado de los cursos m\u00e1s peque\u00f1os (desde Infantil de 3 a\u00f1os hasta 2\u00ba de Primaria), todo ello por distintas zonas del Centro y con una m\u00fasica ambiental relajante. En esta ocasi\u00f3n las familias que pudieron estaban presentes durante el desarrollo de la actividad.<\/strong><\/span><\/em><\/p>\n<p><em><span style=\"color: #0000ff\"><strong>A continuaci\u00f3n todos y todas los presentes (alumnado, familias y personal del Centro) pudieron degustar una estupenda paella y bebidas a un precio reducido. Esto \u00faltimo fue posible gracias a la colaboraci\u00f3n econ\u00f3mica de AMPA \u00abLa Jara\u00bb y del propio colegio. Desde aqu\u00ed agradecemos sinceramente dicha colaboraci\u00f3n.<\/strong><\/span><\/em><\/p>\n<p><em><span style=\"color: #0000ff\"><strong>Fue una estupenda jornada de convivencia en la que lo pasamos genial.<\/strong><\/span><\/em><\/p>\n<p>Aqu\u00ed dejamos <span style=\"text-decoration: underline\">fotos de la actividad<\/span>:<\/p>\n<p>&nbsp;<\/p>\n\n\t\t<style>\n\t\t\t#gallery-1 {\n\t\t\t\tmargin: auto;\n\t\t\t}\n\t\t\t#gallery-1 .gallery-item {\n\t\t\t\tfloat: left;\n\t\t\t\tmargin-top: 10px;\n\t\t\t\ttext-align: center;\n\t\t\t\twidth: 25%;\n\t\t\t}\n\t\t\t#gallery-1 img {\n\t\t\t\tborder: 2px solid #cfcfcf;\n\t\t\t}\n\t\t\t#gallery-1 .gallery-caption {\n\t\t\t\tmargin-left: 0;\n\t\t\t}\n\t\t\t\/* see gallery_shortcode() in wp-includes\/media.php *\/\n\t\t<\/style>\n\t\t<div id='gallery-1' class='gallery galleryid-22563 gallery-columns-4 gallery-size-thumbnail'><dl class='gallery-item'>\n\t\t\t<dt class='gallery-icon landscape'>\n\t\t\t\t<a href='https:\/\/blogsaverroes.juntadeandalucia.es\/cprtorrejaral\/2023\/05\/25\/dia-de-las-familias\/1da070db-f428-4d33-8cf6-bd063deda37b\/'><img loading=\"lazy\" decoding=\"async\" width=\"150\" height=\"150\" src=\"https:\/\/blogsaverroes.juntadeandalucia.es\/cprtorrejaral\/files\/2023\/05\/1da070db-f428-4d33-8cf6-bd063deda37b-150x150.jpg\" class=\"attachment-thumbnail size-thumbnail\" alt=\"\" srcset=\"https:\/\/blogsaverroes.juntadeandalucia.es\/cprtorrejaral\/files\/2023\/05\/1da070db-f428-4d33-8cf6-bd063deda37b-150x150.jpg 150w, https:\/\/blogsaverroes.juntadeandalucia.es\/cprtorrejaral\/files\/2023\/05\/1da070db-f428-4d33-8cf6-bd063deda37b-80x80.jpg 80w, https:\/\/blogsaverroes.juntadeandalucia.es\/cprtorrejaral\/files\/2023\/05\/1da070db-f428-4d33-8cf6-bd063deda37b-320x320.jpg 320w\" sizes=\"(max-width: 150px) 100vw, 150px\" \/><\/a>\n\t\t\t<\/dt><\/dl><dl class='gallery-item'>\n\t\t\t<dt class='gallery-icon landscape'>\n\t\t\t\t<a href='https:\/\/blogsaverroes.juntadeandalucia.es\/cprtorrejaral\/2023\/05\/25\/dia-de-las-familias\/7cbfee47-0aba-4dfc-a667-4caffb987193\/'><img loading=\"lazy\" decoding=\"async\" width=\"150\" height=\"150\" src=\"https:\/\/blogsaverroes.juntadeandalucia.es\/cprtorrejaral\/files\/2023\/05\/7cbfee47-0aba-4dfc-a667-4caffb987193-150x150.jpg\" class=\"attachment-thumbnail size-thumbnail\" alt=\"\" srcset=\"https:\/\/blogsaverroes.juntadeandalucia.es\/cprtorrejaral\/files\/2023\/05\/7cbfee47-0aba-4dfc-a667-4caffb987193-150x150.jpg 150w, https:\/\/blogsaverroes.juntadeandalucia.es\/cprtorrejaral\/files\/2023\/05\/7cbfee47-0aba-4dfc-a667-4caffb987193-80x80.jpg 80w, https:\/\/blogsaverroes.juntadeandalucia.es\/cprtorrejaral\/files\/2023\/05\/7cbfee47-0aba-4dfc-a667-4caffb987193-320x320.jpg 320w\" sizes=\"(max-width: 150px) 100vw, 150px\" \/><\/a>\n\t\t\t<\/dt><\/dl><dl class='gallery-item'>\n\t\t\t<dt class='gallery-icon landscape'>\n\t\t\t\t<a href='https:\/\/blogsaverroes.juntadeandalucia.es\/cprtorrejaral\/2023\/05\/25\/dia-de-las-familias\/7d15b318-a191-4c23-872b-8b32d0356304\/'><img loading=\"lazy\" decoding=\"async\" width=\"150\" height=\"150\" src=\"https:\/\/blogsaverroes.juntadeandalucia.es\/cprtorrejaral\/files\/2023\/05\/7d15b318-a191-4c23-872b-8b32d0356304-150x150.jpg\" class=\"attachment-thumbnail size-thumbnail\" alt=\"\" srcset=\"https:\/\/blogsaverroes.juntadeandalucia.es\/cprtorrejaral\/files\/2023\/05\/7d15b318-a191-4c23-872b-8b32d0356304-150x150.jpg 150w, https:\/\/blogsaverroes.juntadeandalucia.es\/cprtorrejaral\/files\/2023\/05\/7d15b318-a191-4c23-872b-8b32d0356304-80x80.jpg 80w, https:\/\/blogsaverroes.juntadeandalucia.es\/cprtorrejaral\/files\/2023\/05\/7d15b318-a191-4c23-872b-8b32d0356304-320x320.jpg 320w\" sizes=\"(max-width: 150px) 100vw, 150px\" \/><\/a>\n\t\t\t<\/dt><\/dl><dl class='gallery-item'>\n\t\t\t<dt class='gallery-icon portrait'>\n\t\t\t\t<a href='https:\/\/blogsaverroes.juntadeandalucia.es\/cprtorrejaral\/2023\/05\/25\/dia-de-las-familias\/8a1b3903-3b87-486d-aaf4-1963e66286c4\/'><img loading=\"lazy\" decoding=\"async\" width=\"150\" height=\"150\" src=\"https:\/\/blogsaverroes.juntadeandalucia.es\/cprtorrejaral\/files\/2023\/05\/8a1b3903-3b87-486d-aaf4-1963e66286c4-150x150.jpg\" class=\"attachment-thumbnail size-thumbnail\" alt=\"\" srcset=\"https:\/\/blogsaverroes.juntadeandalucia.es\/cprtorrejaral\/files\/2023\/05\/8a1b3903-3b87-486d-aaf4-1963e66286c4-150x150.jpg 150w, https:\/\/blogsaverroes.juntadeandalucia.es\/cprtorrejaral\/files\/2023\/05\/8a1b3903-3b87-486d-aaf4-1963e66286c4-80x80.jpg 80w, https:\/\/blogsaverroes.juntadeandalucia.es\/cprtorrejaral\/files\/2023\/05\/8a1b3903-3b87-486d-aaf4-1963e66286c4-320x320.jpg 320w\" sizes=\"(max-width: 150px) 100vw, 150px\" \/><\/a>\n\t\t\t<\/dt><\/dl><br style=\"clear: both\" \/><dl class='gallery-item'>\n\t\t\t<dt class='gallery-icon portrait'>\n\t\t\t\t<a href='https:\/\/blogsaverroes.juntadeandalucia.es\/cprtorrejaral\/2023\/05\/25\/dia-de-las-familias\/8b98cecb-a2dd-475c-b77f-c362966d1096\/'><img loading=\"lazy\" decoding=\"async\" width=\"150\" height=\"150\" src=\"https:\/\/blogsaverroes.juntadeandalucia.es\/cprtorrejaral\/files\/2023\/05\/8b98cecb-a2dd-475c-b77f-c362966d1096-150x150.jpg\" class=\"attachment-thumbnail size-thumbnail\" alt=\"\" srcset=\"https:\/\/blogsaverroes.juntadeandalucia.es\/cprtorrejaral\/files\/2023\/05\/8b98cecb-a2dd-475c-b77f-c362966d1096-150x150.jpg 150w, https:\/\/blogsaverroes.juntadeandalucia.es\/cprtorrejaral\/files\/2023\/05\/8b98cecb-a2dd-475c-b77f-c362966d1096-80x80.jpg 80w, https:\/\/blogsaverroes.juntadeandalucia.es\/cprtorrejaral\/files\/2023\/05\/8b98cecb-a2dd-475c-b77f-c362966d1096-320x320.jpg 320w\" sizes=\"(max-width: 150px) 100vw, 150px\" \/><\/a>\n\t\t\t<\/dt><\/dl><dl class='gallery-item'>\n\t\t\t<dt class='gallery-icon portrait'>\n\t\t\t\t<a href='https:\/\/blogsaverroes.juntadeandalucia.es\/cprtorrejaral\/2023\/05\/25\/dia-de-las-familias\/59f4abe0-e6a7-4310-89d9-4dd07bb52170\/'><img loading=\"lazy\" decoding=\"async\" width=\"150\" height=\"150\" src=\"https:\/\/blogsaverroes.juntadeandalucia.es\/cprtorrejaral\/files\/2023\/05\/59f4abe0-e6a7-4310-89d9-4dd07bb52170-150x150.jpg\" class=\"attachment-thumbnail size-thumbnail\" alt=\"\" srcset=\"https:\/\/blogsaverroes.juntadeandalucia.es\/cprtorrejaral\/files\/2023\/05\/59f4abe0-e6a7-4310-89d9-4dd07bb52170-150x150.jpg 150w, https:\/\/blogsaverroes.juntadeandalucia.es\/cprtorrejaral\/files\/2023\/05\/59f4abe0-e6a7-4310-89d9-4dd07bb52170-80x80.jpg 80w, https:\/\/blogsaverroes.juntadeandalucia.es\/cprtorrejaral\/files\/2023\/05\/59f4abe0-e6a7-4310-89d9-4dd07bb52170-320x320.jpg 320w\" sizes=\"(max-width: 150px) 100vw, 150px\" \/><\/a>\n\t\t\t<\/dt><\/dl><dl class='gallery-item'>\n\t\t\t<dt class='gallery-icon landscape'>\n\t\t\t\t<a href='https:\/\/blogsaverroes.juntadeandalucia.es\/cprtorrejaral\/2023\/05\/25\/dia-de-las-familias\/346a5106-85e7-4e47-ba82-b25a4f25806f\/'><img loading=\"lazy\" decoding=\"async\" width=\"150\" height=\"150\" src=\"https:\/\/blogsaverroes.juntadeandalucia.es\/cprtorrejaral\/files\/2023\/05\/346a5106-85e7-4e47-ba82-b25a4f25806f-150x150.jpg\" class=\"attachment-thumbnail size-thumbnail\" alt=\"\" srcset=\"https:\/\/blogsaverroes.juntadeandalucia.es\/cprtorrejaral\/files\/2023\/05\/346a5106-85e7-4e47-ba82-b25a4f25806f-150x150.jpg 150w, https:\/\/blogsaverroes.juntadeandalucia.es\/cprtorrejaral\/files\/2023\/05\/346a5106-85e7-4e47-ba82-b25a4f25806f-80x80.jpg 80w, https:\/\/blogsaverroes.juntadeandalucia.es\/cprtorrejaral\/files\/2023\/05\/346a5106-85e7-4e47-ba82-b25a4f25806f-320x320.jpg 320w\" sizes=\"(max-width: 150px) 100vw, 150px\" \/><\/a>\n\t\t\t<\/dt><\/dl><dl class='gallery-item'>\n\t\t\t<dt class='gallery-icon portrait'>\n\t\t\t\t<a href='https:\/\/blogsaverroes.juntadeandalucia.es\/cprtorrejaral\/2023\/05\/25\/dia-de-las-familias\/805f2102-525c-444a-b666-d4aac6a20fa6\/'><img loading=\"lazy\" decoding=\"async\" width=\"150\" height=\"150\" src=\"https:\/\/blogsaverroes.juntadeandalucia.es\/cprtorrejaral\/files\/2023\/05\/805f2102-525c-444a-b666-d4aac6a20fa6-150x150.jpg\" class=\"attachment-thumbnail size-thumbnail\" alt=\"\" srcset=\"https:\/\/blogsaverroes.juntadeandalucia.es\/cprtorrejaral\/files\/2023\/05\/805f2102-525c-444a-b666-d4aac6a20fa6-150x150.jpg 150w, https:\/\/blogsaverroes.juntadeandalucia.es\/cprtorrejaral\/files\/2023\/05\/805f2102-525c-444a-b666-d4aac6a20fa6-80x80.jpg 80w, https:\/\/blogsaverroes.juntadeandalucia.es\/cprtorrejaral\/files\/2023\/05\/805f2102-525c-444a-b666-d4aac6a20fa6-320x320.jpg 320w\" sizes=\"(max-width: 150px) 100vw, 150px\" \/><\/a>\n\t\t\t<\/dt><\/dl><br style=\"clear: both\" \/><dl class='gallery-item'>\n\t\t\t<dt class='gallery-icon landscape'>\n\t\t\t\t<a href='https:\/\/blogsaverroes.juntadeandalucia.es\/cprtorrejaral\/2023\/05\/25\/dia-de-las-familias\/9389db54-b1e2-43a3-9062-cbc0a67a4a8f\/'><img loading=\"lazy\" decoding=\"async\" width=\"150\" height=\"150\" src=\"https:\/\/blogsaverroes.juntadeandalucia.es\/cprtorrejaral\/files\/2023\/05\/9389db54-b1e2-43a3-9062-cbc0a67a4a8f-150x150.jpg\" class=\"attachment-thumbnail size-thumbnail\" alt=\"\" srcset=\"https:\/\/blogsaverroes.juntadeandalucia.es\/cprtorrejaral\/files\/2023\/05\/9389db54-b1e2-43a3-9062-cbc0a67a4a8f-150x150.jpg 150w, https:\/\/blogsaverroes.juntadeandalucia.es\/cprtorrejaral\/files\/2023\/05\/9389db54-b1e2-43a3-9062-cbc0a67a4a8f-80x80.jpg 80w, https:\/\/blogsaverroes.juntadeandalucia.es\/cprtorrejaral\/files\/2023\/05\/9389db54-b1e2-43a3-9062-cbc0a67a4a8f-320x320.jpg 320w\" sizes=\"(max-width: 150px) 100vw, 150px\" \/><\/a>\n\t\t\t<\/dt><\/dl><dl class='gallery-item'>\n\t\t\t<dt class='gallery-icon portrait'>\n\t\t\t\t<a href='https:\/\/blogsaverroes.juntadeandalucia.es\/cprtorrejaral\/2023\/05\/25\/dia-de-las-familias\/917145c8-3141-440f-b087-92d61a2cda9e\/'><img loading=\"lazy\" decoding=\"async\" width=\"150\" height=\"150\" src=\"https:\/\/blogsaverroes.juntadeandalucia.es\/cprtorrejaral\/files\/2023\/05\/917145c8-3141-440f-b087-92d61a2cda9e-150x150.jpg\" class=\"attachment-thumbnail size-thumbnail\" alt=\"\" srcset=\"https:\/\/blogsaverroes.juntadeandalucia.es\/cprtorrejaral\/files\/2023\/05\/917145c8-3141-440f-b087-92d61a2cda9e-150x150.jpg 150w, https:\/\/blogsaverroes.juntadeandalucia.es\/cprtorrejaral\/files\/2023\/05\/917145c8-3141-440f-b087-92d61a2cda9e-80x80.jpg 80w, https:\/\/blogsaverroes.juntadeandalucia.es\/cprtorrejaral\/files\/2023\/05\/917145c8-3141-440f-b087-92d61a2cda9e-320x320.jpg 320w\" sizes=\"(max-width: 150px) 100vw, 150px\" \/><\/a>\n\t\t\t<\/dt><\/dl><dl class='gallery-item'>\n\t\t\t<dt class='gallery-icon landscape'>\n\t\t\t\t<a href='https:\/\/blogsaverroes.juntadeandalucia.es\/cprtorrejaral\/2023\/05\/25\/dia-de-las-familias\/20230515_120751\/'><img loading=\"lazy\" decoding=\"async\" width=\"150\" height=\"150\" src=\"https:\/\/blogsaverroes.juntadeandalucia.es\/cprtorrejaral\/files\/2023\/05\/20230515_120751-150x150.jpg\" class=\"attachment-thumbnail size-thumbnail\" alt=\"\" srcset=\"https:\/\/blogsaverroes.juntadeandalucia.es\/cprtorrejaral\/files\/2023\/05\/20230515_120751-150x150.jpg 150w, https:\/\/blogsaverroes.juntadeandalucia.es\/cprtorrejaral\/files\/2023\/05\/20230515_120751-80x80.jpg 80w, https:\/\/blogsaverroes.juntadeandalucia.es\/cprtorrejaral\/files\/2023\/05\/20230515_120751-320x320.jpg 320w\" sizes=\"(max-width: 150px) 100vw, 150px\" \/><\/a>\n\t\t\t<\/dt><\/dl><dl class='gallery-item'>\n\t\t\t<dt class='gallery-icon landscape'>\n\t\t\t\t<a href='https:\/\/blogsaverroes.juntadeandalucia.es\/cprtorrejaral\/2023\/05\/25\/dia-de-las-familias\/20230515_120823\/'><img loading=\"lazy\" decoding=\"async\" width=\"150\" height=\"150\" src=\"https:\/\/blogsaverroes.juntadeandalucia.es\/cprtorrejaral\/files\/2023\/05\/20230515_120823-150x150.jpg\" class=\"attachment-thumbnail size-thumbnail\" alt=\"\" srcset=\"https:\/\/blogsaverroes.juntadeandalucia.es\/cprtorrejaral\/files\/2023\/05\/20230515_120823-150x150.jpg 150w, https:\/\/blogsaverroes.juntadeandalucia.es\/cprtorrejaral\/files\/2023\/05\/20230515_120823-80x80.jpg 80w, https:\/\/blogsaverroes.juntadeandalucia.es\/cprtorrejaral\/files\/2023\/05\/20230515_120823-320x320.jpg 320w\" sizes=\"(max-width: 150px) 100vw, 150px\" \/><\/a>\n\t\t\t<\/dt><\/dl><br style=\"clear: both\" \/><dl class='gallery-item'>\n\t\t\t<dt class='gallery-icon portrait'>\n\t\t\t\t<a href='https:\/\/blogsaverroes.juntadeandalucia.es\/cprtorrejaral\/2023\/05\/25\/dia-de-las-familias\/20230515_120831\/'><img loading=\"lazy\" decoding=\"async\" width=\"150\" height=\"150\" src=\"https:\/\/blogsaverroes.juntadeandalucia.es\/cprtorrejaral\/files\/2023\/05\/20230515_120831-150x150.jpg\" class=\"attachment-thumbnail size-thumbnail\" alt=\"\" srcset=\"https:\/\/blogsaverroes.juntadeandalucia.es\/cprtorrejaral\/files\/2023\/05\/20230515_120831-150x150.jpg 150w, https:\/\/blogsaverroes.juntadeandalucia.es\/cprtorrejaral\/files\/2023\/05\/20230515_120831-80x80.jpg 80w, https:\/\/blogsaverroes.juntadeandalucia.es\/cprtorrejaral\/files\/2023\/05\/20230515_120831-320x320.jpg 320w\" sizes=\"(max-width: 150px) 100vw, 150px\" \/><\/a>\n\t\t\t<\/dt><\/dl><dl class='gallery-item'>\n\t\t\t<dt class='gallery-icon portrait'>\n\t\t\t\t<a href='https:\/\/blogsaverroes.juntadeandalucia.es\/cprtorrejaral\/2023\/05\/25\/dia-de-las-familias\/20230515_121423\/'><img loading=\"lazy\" decoding=\"async\" width=\"150\" height=\"150\" src=\"https:\/\/blogsaverroes.juntadeandalucia.es\/cprtorrejaral\/files\/2023\/05\/20230515_121423-150x150.jpg\" class=\"attachment-thumbnail size-thumbnail\" alt=\"\" srcset=\"https:\/\/blogsaverroes.juntadeandalucia.es\/cprtorrejaral\/files\/2023\/05\/20230515_121423-150x150.jpg 150w, https:\/\/blogsaverroes.juntadeandalucia.es\/cprtorrejaral\/files\/2023\/05\/20230515_121423-80x80.jpg 80w, https:\/\/blogsaverroes.juntadeandalucia.es\/cprtorrejaral\/files\/2023\/05\/20230515_121423-320x320.jpg 320w\" sizes=\"(max-width: 150px) 100vw, 150px\" \/><\/a>\n\t\t\t<\/dt><\/dl><dl class='gallery-item'>\n\t\t\t<dt class='gallery-icon landscape'>\n\t\t\t\t<a href='https:\/\/blogsaverroes.juntadeandalucia.es\/cprtorrejaral\/2023\/05\/25\/dia-de-las-familias\/20230515_121513\/'><img loading=\"lazy\" decoding=\"async\" width=\"150\" height=\"150\" src=\"https:\/\/blogsaverroes.juntadeandalucia.es\/cprtorrejaral\/files\/2023\/05\/20230515_121513-150x150.jpg\" class=\"attachment-thumbnail size-thumbnail\" alt=\"\" srcset=\"https:\/\/blogsaverroes.juntadeandalucia.es\/cprtorrejaral\/files\/2023\/05\/20230515_121513-150x150.jpg 150w, https:\/\/blogsaverroes.juntadeandalucia.es\/cprtorrejaral\/files\/2023\/05\/20230515_121513-80x80.jpg 80w, https:\/\/blogsaverroes.juntadeandalucia.es\/cprtorrejaral\/files\/2023\/05\/20230515_121513-320x320.jpg 320w\" sizes=\"(max-width: 150px) 100vw, 150px\" \/><\/a>\n\t\t\t<\/dt><\/dl><dl class='gallery-item'>\n\t\t\t<dt class='gallery-icon portrait'>\n\t\t\t\t<a href='https:\/\/blogsaverroes.juntadeandalucia.es\/cprtorrejaral\/2023\/05\/25\/dia-de-las-familias\/20230515_121539\/'><img loading=\"lazy\" decoding=\"async\" width=\"150\" height=\"150\" src=\"https:\/\/blogsaverroes.juntadeandalucia.es\/cprtorrejaral\/files\/2023\/05\/20230515_121539-150x150.jpg\" class=\"attachment-thumbnail size-thumbnail\" alt=\"\" srcset=\"https:\/\/blogsaverroes.juntadeandalucia.es\/cprtorrejaral\/files\/2023\/05\/20230515_121539-150x150.jpg 150w, https:\/\/blogsaverroes.juntadeandalucia.es\/cprtorrejaral\/files\/2023\/05\/20230515_121539-80x80.jpg 80w, https:\/\/blogsaverroes.juntadeandalucia.es\/cprtorrejaral\/files\/2023\/05\/20230515_121539-320x320.jpg 320w\" sizes=\"(max-width: 150px) 100vw, 150px\" \/><\/a>\n\t\t\t<\/dt><\/dl><br style=\"clear: both\" \/><dl class='gallery-item'>\n\t\t\t<dt class='gallery-icon landscape'>\n\t\t\t\t<a href='https:\/\/blogsaverroes.juntadeandalucia.es\/cprtorrejaral\/2023\/05\/25\/dia-de-las-familias\/20230515_121546\/'><img loading=\"lazy\" decoding=\"async\" width=\"150\" height=\"150\" src=\"https:\/\/blogsaverroes.juntadeandalucia.es\/cprtorrejaral\/files\/2023\/05\/20230515_121546-150x150.jpg\" class=\"attachment-thumbnail size-thumbnail\" alt=\"\" srcset=\"https:\/\/blogsaverroes.juntadeandalucia.es\/cprtorrejaral\/files\/2023\/05\/20230515_121546-150x150.jpg 150w, https:\/\/blogsaverroes.juntadeandalucia.es\/cprtorrejaral\/files\/2023\/05\/20230515_121546-80x80.jpg 80w, https:\/\/blogsaverroes.juntadeandalucia.es\/cprtorrejaral\/files\/2023\/05\/20230515_121546-320x320.jpg 320w\" sizes=\"(max-width: 150px) 100vw, 150px\" \/><\/a>\n\t\t\t<\/dt><\/dl><dl class='gallery-item'>\n\t\t\t<dt class='gallery-icon landscape'>\n\t\t\t\t<a href='https:\/\/blogsaverroes.juntadeandalucia.es\/cprtorrejaral\/2023\/05\/25\/dia-de-las-familias\/20230515_121613\/'><img loading=\"lazy\" decoding=\"async\" width=\"150\" height=\"150\" src=\"https:\/\/blogsaverroes.juntadeandalucia.es\/cprtorrejaral\/files\/2023\/05\/20230515_121613-150x150.jpg\" class=\"attachment-thumbnail size-thumbnail\" alt=\"\" srcset=\"https:\/\/blogsaverroes.juntadeandalucia.es\/cprtorrejaral\/files\/2023\/05\/20230515_121613-150x150.jpg 150w, https:\/\/blogsaverroes.juntadeandalucia.es\/cprtorrejaral\/files\/2023\/05\/20230515_121613-80x80.jpg 80w, https:\/\/blogsaverroes.juntadeandalucia.es\/cprtorrejaral\/files\/2023\/05\/20230515_121613-320x320.jpg 320w\" sizes=\"(max-width: 150px) 100vw, 150px\" \/><\/a>\n\t\t\t<\/dt><\/dl><dl class='gallery-item'>\n\t\t\t<dt class='gallery-icon landscape'>\n\t\t\t\t<a href='https:\/\/blogsaverroes.juntadeandalucia.es\/cprtorrejaral\/2023\/05\/25\/dia-de-las-familias\/20230515_121615\/'><img loading=\"lazy\" decoding=\"async\" width=\"150\" height=\"150\" src=\"https:\/\/blogsaverroes.juntadeandalucia.es\/cprtorrejaral\/files\/2023\/05\/20230515_121615-150x150.jpg\" class=\"attachment-thumbnail size-thumbnail\" alt=\"\" srcset=\"https:\/\/blogsaverroes.juntadeandalucia.es\/cprtorrejaral\/files\/2023\/05\/20230515_121615-150x150.jpg 150w, https:\/\/blogsaverroes.juntadeandalucia.es\/cprtorrejaral\/files\/2023\/05\/20230515_121615-80x80.jpg 80w, https:\/\/blogsaverroes.juntadeandalucia.es\/cprtorrejaral\/files\/2023\/05\/20230515_121615-320x320.jpg 320w\" sizes=\"(max-width: 150px) 100vw, 150px\" \/><\/a>\n\t\t\t<\/dt><\/dl><dl class='gallery-item'>\n\t\t\t<dt class='gallery-icon landscape'>\n\t\t\t\t<a href='https:\/\/blogsaverroes.juntadeandalucia.es\/cprtorrejaral\/2023\/05\/25\/dia-de-las-familias\/20230515_121621\/'><img loading=\"lazy\" decoding=\"async\" width=\"150\" height=\"150\" src=\"https:\/\/blogsaverroes.juntadeandalucia.es\/cprtorrejaral\/files\/2023\/05\/20230515_121621-150x150.jpg\" class=\"attachment-thumbnail size-thumbnail\" alt=\"\" srcset=\"https:\/\/blogsaverroes.juntadeandalucia.es\/cprtorrejaral\/files\/2023\/05\/20230515_121621-150x150.jpg 150w, https:\/\/blogsaverroes.juntadeandalucia.es\/cprtorrejaral\/files\/2023\/05\/20230515_121621-80x80.jpg 80w, https:\/\/blogsaverroes.juntadeandalucia.es\/cprtorrejaral\/files\/2023\/05\/20230515_121621-320x320.jpg 320w\" sizes=\"(max-width: 150px) 100vw, 150px\" \/><\/a>\n\t\t\t<\/dt><\/dl><br style=\"clear: both\" \/><dl class='gallery-item'>\n\t\t\t<dt class='gallery-icon landscape'>\n\t\t\t\t<a href='https:\/\/blogsaverroes.juntadeandalucia.es\/cprtorrejaral\/2023\/05\/25\/dia-de-las-familias\/20230515_121626\/'><img loading=\"lazy\" decoding=\"async\" width=\"150\" height=\"150\" src=\"https:\/\/blogsaverroes.juntadeandalucia.es\/cprtorrejaral\/files\/2023\/05\/20230515_121626-150x150.jpg\" class=\"attachment-thumbnail size-thumbnail\" alt=\"\" srcset=\"https:\/\/blogsaverroes.juntadeandalucia.es\/cprtorrejaral\/files\/2023\/05\/20230515_121626-150x150.jpg 150w, https:\/\/blogsaverroes.juntadeandalucia.es\/cprtorrejaral\/files\/2023\/05\/20230515_121626-80x80.jpg 80w, https:\/\/blogsaverroes.juntadeandalucia.es\/cprtorrejaral\/files\/2023\/05\/20230515_121626-320x320.jpg 320w\" sizes=\"(max-width: 150px) 100vw, 150px\" \/><\/a>\n\t\t\t<\/dt><\/dl><dl class='gallery-item'>\n\t\t\t<dt class='gallery-icon portrait'>\n\t\t\t\t<a href='https:\/\/blogsaverroes.juntadeandalucia.es\/cprtorrejaral\/2023\/05\/25\/dia-de-las-familias\/20230515_121654\/'><img loading=\"lazy\" decoding=\"async\" width=\"150\" height=\"150\" src=\"https:\/\/blogsaverroes.juntadeandalucia.es\/cprtorrejaral\/files\/2023\/05\/20230515_121654-150x150.jpg\" class=\"attachment-thumbnail size-thumbnail\" alt=\"\" srcset=\"https:\/\/blogsaverroes.juntadeandalucia.es\/cprtorrejaral\/files\/2023\/05\/20230515_121654-150x150.jpg 150w, https:\/\/blogsaverroes.juntadeandalucia.es\/cprtorrejaral\/files\/2023\/05\/20230515_121654-80x80.jpg 80w, https:\/\/blogsaverroes.juntadeandalucia.es\/cprtorrejaral\/files\/2023\/05\/20230515_121654-320x320.jpg 320w\" sizes=\"(max-width: 150px) 100vw, 150px\" \/><\/a>\n\t\t\t<\/dt><\/dl><dl class='gallery-item'>\n\t\t\t<dt class='gallery-icon landscape'>\n\t\t\t\t<a href='https:\/\/blogsaverroes.juntadeandalucia.es\/cprtorrejaral\/2023\/05\/25\/dia-de-las-familias\/20230515_121700\/'><img loading=\"lazy\" decoding=\"async\" width=\"150\" height=\"150\" src=\"https:\/\/blogsaverroes.juntadeandalucia.es\/cprtorrejaral\/files\/2023\/05\/20230515_121700-150x150.jpg\" class=\"attachment-thumbnail size-thumbnail\" alt=\"\" srcset=\"https:\/\/blogsaverroes.juntadeandalucia.es\/cprtorrejaral\/files\/2023\/05\/20230515_121700-150x150.jpg 150w, https:\/\/blogsaverroes.juntadeandalucia.es\/cprtorrejaral\/files\/2023\/05\/20230515_121700-80x80.jpg 80w, https:\/\/blogsaverroes.juntadeandalucia.es\/cprtorrejaral\/files\/2023\/05\/20230515_121700-320x320.jpg 320w\" sizes=\"(max-width: 150px) 100vw, 150px\" \/><\/a>\n\t\t\t<\/dt><\/dl><dl class='gallery-item'>\n\t\t\t<dt class='gallery-icon landscape'>\n\t\t\t\t<a href='https:\/\/blogsaverroes.juntadeandalucia.es\/cprtorrejaral\/2023\/05\/25\/dia-de-las-familias\/20230515_121715\/'><img loading=\"lazy\" decoding=\"async\" width=\"150\" height=\"150\" src=\"https:\/\/blogsaverroes.juntadeandalucia.es\/cprtorrejaral\/files\/2023\/05\/20230515_121715-150x150.jpg\" class=\"attachment-thumbnail size-thumbnail\" alt=\"\" srcset=\"https:\/\/blogsaverroes.juntadeandalucia.es\/cprtorrejaral\/files\/2023\/05\/20230515_121715-150x150.jpg 150w, https:\/\/blogsaverroes.juntadeandalucia.es\/cprtorrejaral\/files\/2023\/05\/20230515_121715-80x80.jpg 80w, https:\/\/blogsaverroes.juntadeandalucia.es\/cprtorrejaral\/files\/2023\/05\/20230515_121715-320x320.jpg 320w\" sizes=\"(max-width: 150px) 100vw, 150px\" \/><\/a>\n\t\t\t<\/dt><\/dl><br style=\"clear: both\" \/><dl class='gallery-item'>\n\t\t\t<dt class='gallery-icon landscape'>\n\t\t\t\t<a href='https:\/\/blogsaverroes.juntadeandalucia.es\/cprtorrejaral\/2023\/05\/25\/dia-de-las-familias\/20230515_122149\/'><img loading=\"lazy\" decoding=\"async\" width=\"150\" height=\"150\" src=\"https:\/\/blogsaverroes.juntadeandalucia.es\/cprtorrejaral\/files\/2023\/05\/20230515_122149-150x150.jpg\" class=\"attachment-thumbnail size-thumbnail\" alt=\"\" srcset=\"https:\/\/blogsaverroes.juntadeandalucia.es\/cprtorrejaral\/files\/2023\/05\/20230515_122149-150x150.jpg 150w, https:\/\/blogsaverroes.juntadeandalucia.es\/cprtorrejaral\/files\/2023\/05\/20230515_122149-80x80.jpg 80w, https:\/\/blogsaverroes.juntadeandalucia.es\/cprtorrejaral\/files\/2023\/05\/20230515_122149-320x320.jpg 320w\" sizes=\"(max-width: 150px) 100vw, 150px\" \/><\/a>\n\t\t\t<\/dt><\/dl><dl class='gallery-item'>\n\t\t\t<dt class='gallery-icon landscape'>\n\t\t\t\t<a href='https:\/\/blogsaverroes.juntadeandalucia.es\/cprtorrejaral\/2023\/05\/25\/dia-de-las-familias\/20230515_122315\/'><img loading=\"lazy\" decoding=\"async\" width=\"150\" height=\"150\" src=\"https:\/\/blogsaverroes.juntadeandalucia.es\/cprtorrejaral\/files\/2023\/05\/20230515_122315-150x150.jpg\" class=\"attachment-thumbnail size-thumbnail\" alt=\"\" srcset=\"https:\/\/blogsaverroes.juntadeandalucia.es\/cprtorrejaral\/files\/2023\/05\/20230515_122315-150x150.jpg 150w, https:\/\/blogsaverroes.juntadeandalucia.es\/cprtorrejaral\/files\/2023\/05\/20230515_122315-80x80.jpg 80w, https:\/\/blogsaverroes.juntadeandalucia.es\/cprtorrejaral\/files\/2023\/05\/20230515_122315-320x320.jpg 320w\" sizes=\"(max-width: 150px) 100vw, 150px\" \/><\/a>\n\t\t\t<\/dt><\/dl><dl class='gallery-item'>\n\t\t\t<dt class='gallery-icon portrait'>\n\t\t\t\t<a href='https:\/\/blogsaverroes.juntadeandalucia.es\/cprtorrejaral\/2023\/05\/25\/dia-de-las-familias\/20230515_123549\/'><img loading=\"lazy\" decoding=\"async\" width=\"150\" height=\"150\" src=\"https:\/\/blogsaverroes.juntadeandalucia.es\/cprtorrejaral\/files\/2023\/05\/20230515_123549-150x150.jpg\" class=\"attachment-thumbnail size-thumbnail\" alt=\"\" srcset=\"https:\/\/blogsaverroes.juntadeandalucia.es\/cprtorrejaral\/files\/2023\/05\/20230515_123549-150x150.jpg 150w, https:\/\/blogsaverroes.juntadeandalucia.es\/cprtorrejaral\/files\/2023\/05\/20230515_123549-80x80.jpg 80w, https:\/\/blogsaverroes.juntadeandalucia.es\/cprtorrejaral\/files\/2023\/05\/20230515_123549-320x320.jpg 320w\" sizes=\"(max-width: 150px) 100vw, 150px\" \/><\/a>\n\t\t\t<\/dt><\/dl><dl class='gallery-item'>\n\t\t\t<dt class='gallery-icon portrait'>\n\t\t\t\t<a href='https:\/\/blogsaverroes.juntadeandalucia.es\/cprtorrejaral\/2023\/05\/25\/dia-de-las-familias\/20230515_124844\/'><img loading=\"lazy\" decoding=\"async\" width=\"150\" height=\"150\" src=\"https:\/\/blogsaverroes.juntadeandalucia.es\/cprtorrejaral\/files\/2023\/05\/20230515_124844-150x150.jpg\" class=\"attachment-thumbnail size-thumbnail\" alt=\"\" srcset=\"https:\/\/blogsaverroes.juntadeandalucia.es\/cprtorrejaral\/files\/2023\/05\/20230515_124844-150x150.jpg 150w, https:\/\/blogsaverroes.juntadeandalucia.es\/cprtorrejaral\/files\/2023\/05\/20230515_124844-80x80.jpg 80w, https:\/\/blogsaverroes.juntadeandalucia.es\/cprtorrejaral\/files\/2023\/05\/20230515_124844-320x320.jpg 320w\" sizes=\"(max-width: 150px) 100vw, 150px\" \/><\/a>\n\t\t\t<\/dt><\/dl><br style=\"clear: both\" \/><dl class='gallery-item'>\n\t\t\t<dt class='gallery-icon portrait'>\n\t\t\t\t<a href='https:\/\/blogsaverroes.juntadeandalucia.es\/cprtorrejaral\/2023\/05\/25\/dia-de-las-familias\/b5877a68-4e27-481b-935b-e16a87b9fc51\/'><img loading=\"lazy\" decoding=\"async\" width=\"150\" height=\"150\" src=\"https:\/\/blogsaverroes.juntadeandalucia.es\/cprtorrejaral\/files\/2023\/05\/b5877a68-4e27-481b-935b-e16a87b9fc51-150x150.jpg\" class=\"attachment-thumbnail size-thumbnail\" alt=\"\" srcset=\"https:\/\/blogsaverroes.juntadeandalucia.es\/cprtorrejaral\/files\/2023\/05\/b5877a68-4e27-481b-935b-e16a87b9fc51-150x150.jpg 150w, https:\/\/blogsaverroes.juntadeandalucia.es\/cprtorrejaral\/files\/2023\/05\/b5877a68-4e27-481b-935b-e16a87b9fc51-80x80.jpg 80w, https:\/\/blogsaverroes.juntadeandalucia.es\/cprtorrejaral\/files\/2023\/05\/b5877a68-4e27-481b-935b-e16a87b9fc51-320x320.jpg 320w\" sizes=\"(max-width: 150px) 100vw, 150px\" \/><\/a>\n\t\t\t<\/dt><\/dl><dl class='gallery-item'>\n\t\t\t<dt class='gallery-icon portrait'>\n\t\t\t\t<a href='https:\/\/blogsaverroes.juntadeandalucia.es\/cprtorrejaral\/2023\/05\/25\/dia-de-las-familias\/e1bdb06e-1eaf-484c-b3cf-45b38c1199c5\/'><img loading=\"lazy\" decoding=\"async\" width=\"150\" height=\"150\" src=\"https:\/\/blogsaverroes.juntadeandalucia.es\/cprtorrejaral\/files\/2023\/05\/e1bdb06e-1eaf-484c-b3cf-45b38c1199c5-150x150.jpg\" class=\"attachment-thumbnail size-thumbnail\" alt=\"\" srcset=\"https:\/\/blogsaverroes.juntadeandalucia.es\/cprtorrejaral\/files\/2023\/05\/e1bdb06e-1eaf-484c-b3cf-45b38c1199c5-150x150.jpg 150w, https:\/\/blogsaverroes.juntadeandalucia.es\/cprtorrejaral\/files\/2023\/05\/e1bdb06e-1eaf-484c-b3cf-45b38c1199c5-80x80.jpg 80w, https:\/\/blogsaverroes.juntadeandalucia.es\/cprtorrejaral\/files\/2023\/05\/e1bdb06e-1eaf-484c-b3cf-45b38c1199c5-320x320.jpg 320w\" sizes=\"(max-width: 150px) 100vw, 150px\" \/><\/a>\n\t\t\t<\/dt><\/dl><dl class='gallery-item'>\n\t\t\t<dt class='gallery-icon portrait'>\n\t\t\t\t<a href='https:\/\/blogsaverroes.juntadeandalucia.es\/cprtorrejaral\/2023\/05\/25\/dia-de-las-familias\/ea71077c-a474-4769-a2a4-b8b92793afcb\/'><img loading=\"lazy\" decoding=\"async\" width=\"150\" height=\"150\" src=\"https:\/\/blogsaverroes.juntadeandalucia.es\/cprtorrejaral\/files\/2023\/05\/ea71077c-a474-4769-a2a4-b8b92793afcb-150x150.jpg\" class=\"attachment-thumbnail size-thumbnail\" alt=\"\" srcset=\"https:\/\/blogsaverroes.juntadeandalucia.es\/cprtorrejaral\/files\/2023\/05\/ea71077c-a474-4769-a2a4-b8b92793afcb-150x150.jpg 150w, https:\/\/blogsaverroes.juntadeandalucia.es\/cprtorrejaral\/files\/2023\/05\/ea71077c-a474-4769-a2a4-b8b92793afcb-80x80.jpg 80w, https:\/\/blogsaverroes.juntadeandalucia.es\/cprtorrejaral\/files\/2023\/05\/ea71077c-a474-4769-a2a4-b8b92793afcb-320x320.jpg 320w\" sizes=\"(max-width: 150px) 100vw, 150px\" \/><\/a>\n\t\t\t<\/dt><\/dl><dl class='gallery-item'>\n\t\t\t<dt class='gallery-icon landscape'>\n\t\t\t\t<a href='https:\/\/blogsaverroes.juntadeandalucia.es\/cprtorrejaral\/2023\/05\/25\/dia-de-las-familias\/img_20230515_120115\/'><img loading=\"lazy\" decoding=\"async\" width=\"150\" height=\"150\" src=\"https:\/\/blogsaverroes.juntadeandalucia.es\/cprtorrejaral\/files\/2023\/05\/IMG_20230515_120115-150x150.jpg\" class=\"attachment-thumbnail size-thumbnail\" alt=\"\" srcset=\"https:\/\/blogsaverroes.juntadeandalucia.es\/cprtorrejaral\/files\/2023\/05\/IMG_20230515_120115-150x150.jpg 150w, https:\/\/blogsaverroes.juntadeandalucia.es\/cprtorrejaral\/files\/2023\/05\/IMG_20230515_120115-80x80.jpg 80w, https:\/\/blogsaverroes.juntadeandalucia.es\/cprtorrejaral\/files\/2023\/05\/IMG_20230515_120115-320x320.jpg 320w\" sizes=\"(max-width: 150px) 100vw, 150px\" \/><\/a>\n\t\t\t<\/dt><\/dl><br style=\"clear: both\" \/><dl class='gallery-item'>\n\t\t\t<dt class='gallery-icon landscape'>\n\t\t\t\t<a href='https:\/\/blogsaverroes.juntadeandalucia.es\/cprtorrejaral\/2023\/05\/25\/dia-de-las-familias\/img_20230515_120121\/'><img loading=\"lazy\" decoding=\"async\" width=\"150\" height=\"150\" src=\"https:\/\/blogsaverroes.juntadeandalucia.es\/cprtorrejaral\/files\/2023\/05\/IMG_20230515_120121-150x150.jpg\" class=\"attachment-thumbnail size-thumbnail\" alt=\"\" srcset=\"https:\/\/blogsaverroes.juntadeandalucia.es\/cprtorrejaral\/files\/2023\/05\/IMG_20230515_120121-150x150.jpg 150w, https:\/\/blogsaverroes.juntadeandalucia.es\/cprtorrejaral\/files\/2023\/05\/IMG_20230515_120121-80x80.jpg 80w, https:\/\/blogsaverroes.juntadeandalucia.es\/cprtorrejaral\/files\/2023\/05\/IMG_20230515_120121-320x320.jpg 320w\" sizes=\"(max-width: 150px) 100vw, 150px\" \/><\/a>\n\t\t\t<\/dt><\/dl><dl class='gallery-item'>\n\t\t\t<dt class='gallery-icon landscape'>\n\t\t\t\t<a href='https:\/\/blogsaverroes.juntadeandalucia.es\/cprtorrejaral\/2023\/05\/25\/dia-de-las-familias\/img_20230515_120128\/'><img loading=\"lazy\" decoding=\"async\" width=\"150\" height=\"150\" src=\"https:\/\/blogsaverroes.juntadeandalucia.es\/cprtorrejaral\/files\/2023\/05\/IMG_20230515_120128-150x150.jpg\" class=\"attachment-thumbnail size-thumbnail\" alt=\"\" srcset=\"https:\/\/blogsaverroes.juntadeandalucia.es\/cprtorrejaral\/files\/2023\/05\/IMG_20230515_120128-150x150.jpg 150w, https:\/\/blogsaverroes.juntadeandalucia.es\/cprtorrejaral\/files\/2023\/05\/IMG_20230515_120128-80x80.jpg 80w, https:\/\/blogsaverroes.juntadeandalucia.es\/cprtorrejaral\/files\/2023\/05\/IMG_20230515_120128-320x320.jpg 320w\" sizes=\"(max-width: 150px) 100vw, 150px\" \/><\/a>\n\t\t\t<\/dt><\/dl><dl class='gallery-item'>\n\t\t\t<dt class='gallery-icon landscape'>\n\t\t\t\t<a href='https:\/\/blogsaverroes.juntadeandalucia.es\/cprtorrejaral\/2023\/05\/25\/dia-de-las-familias\/img_20230515_120130\/'><img loading=\"lazy\" decoding=\"async\" width=\"150\" height=\"150\" src=\"https:\/\/blogsaverroes.juntadeandalucia.es\/cprtorrejaral\/files\/2023\/05\/IMG_20230515_120130-150x150.jpg\" class=\"attachment-thumbnail size-thumbnail\" alt=\"\" srcset=\"https:\/\/blogsaverroes.juntadeandalucia.es\/cprtorrejaral\/files\/2023\/05\/IMG_20230515_120130-150x150.jpg 150w, https:\/\/blogsaverroes.juntadeandalucia.es\/cprtorrejaral\/files\/2023\/05\/IMG_20230515_120130-80x80.jpg 80w, https:\/\/blogsaverroes.juntadeandalucia.es\/cprtorrejaral\/files\/2023\/05\/IMG_20230515_120130-320x320.jpg 320w\" sizes=\"(max-width: 150px) 100vw, 150px\" \/><\/a>\n\t\t\t<\/dt><\/dl><dl class='gallery-item'>\n\t\t\t<dt class='gallery-icon landscape'>\n\t\t\t\t<a href='https:\/\/blogsaverroes.juntadeandalucia.es\/cprtorrejaral\/2023\/05\/25\/dia-de-las-familias\/img_20230515_120444\/'><img loading=\"lazy\" decoding=\"async\" width=\"150\" height=\"150\" src=\"https:\/\/blogsaverroes.juntadeandalucia.es\/cprtorrejaral\/files\/2023\/05\/IMG_20230515_120444-150x150.jpg\" class=\"attachment-thumbnail size-thumbnail\" alt=\"\" srcset=\"https:\/\/blogsaverroes.juntadeandalucia.es\/cprtorrejaral\/files\/2023\/05\/IMG_20230515_120444-150x150.jpg 150w, https:\/\/blogsaverroes.juntadeandalucia.es\/cprtorrejaral\/files\/2023\/05\/IMG_20230515_120444-80x80.jpg 80w, https:\/\/blogsaverroes.juntadeandalucia.es\/cprtorrejaral\/files\/2023\/05\/IMG_20230515_120444-320x320.jpg 320w\" sizes=\"(max-width: 150px) 100vw, 150px\" \/><\/a>\n\t\t\t<\/dt><\/dl><br style=\"clear: both\" \/><dl class='gallery-item'>\n\t\t\t<dt class='gallery-icon portrait'>\n\t\t\t\t<a href='https:\/\/blogsaverroes.juntadeandalucia.es\/cprtorrejaral\/2023\/05\/25\/dia-de-las-familias\/img_20230515_120450\/'><img loading=\"lazy\" decoding=\"async\" width=\"150\" height=\"150\" src=\"https:\/\/blogsaverroes.juntadeandalucia.es\/cprtorrejaral\/files\/2023\/05\/IMG_20230515_120450-150x150.jpg\" class=\"attachment-thumbnail size-thumbnail\" alt=\"\" srcset=\"https:\/\/blogsaverroes.juntadeandalucia.es\/cprtorrejaral\/files\/2023\/05\/IMG_20230515_120450-150x150.jpg 150w, https:\/\/blogsaverroes.juntadeandalucia.es\/cprtorrejaral\/files\/2023\/05\/IMG_20230515_120450-80x80.jpg 80w, https:\/\/blogsaverroes.juntadeandalucia.es\/cprtorrejaral\/files\/2023\/05\/IMG_20230515_120450-320x320.jpg 320w\" sizes=\"(max-width: 150px) 100vw, 150px\" \/><\/a>\n\t\t\t<\/dt><\/dl><dl class='gallery-item'>\n\t\t\t<dt class='gallery-icon landscape'>\n\t\t\t\t<a href='https:\/\/blogsaverroes.juntadeandalucia.es\/cprtorrejaral\/2023\/05\/25\/dia-de-las-familias\/img_20230515_120505\/'><img loading=\"lazy\" decoding=\"async\" width=\"150\" height=\"150\" src=\"https:\/\/blogsaverroes.juntadeandalucia.es\/cprtorrejaral\/files\/2023\/05\/IMG_20230515_120505-150x150.jpg\" class=\"attachment-thumbnail size-thumbnail\" alt=\"\" srcset=\"https:\/\/blogsaverroes.juntadeandalucia.es\/cprtorrejaral\/files\/2023\/05\/IMG_20230515_120505-150x150.jpg 150w, https:\/\/blogsaverroes.juntadeandalucia.es\/cprtorrejaral\/files\/2023\/05\/IMG_20230515_120505-80x80.jpg 80w, https:\/\/blogsaverroes.juntadeandalucia.es\/cprtorrejaral\/files\/2023\/05\/IMG_20230515_120505-320x320.jpg 320w\" sizes=\"(max-width: 150px) 100vw, 150px\" \/><\/a>\n\t\t\t<\/dt><\/dl><dl class='gallery-item'>\n\t\t\t<dt class='gallery-icon landscape'>\n\t\t\t\t<a href='https:\/\/blogsaverroes.juntadeandalucia.es\/cprtorrejaral\/2023\/05\/25\/dia-de-las-familias\/img_20230515_120514\/'><img loading=\"lazy\" decoding=\"async\" width=\"150\" height=\"150\" src=\"https:\/\/blogsaverroes.juntadeandalucia.es\/cprtorrejaral\/files\/2023\/05\/IMG_20230515_120514-150x150.jpg\" class=\"attachment-thumbnail size-thumbnail\" alt=\"\" srcset=\"https:\/\/blogsaverroes.juntadeandalucia.es\/cprtorrejaral\/files\/2023\/05\/IMG_20230515_120514-150x150.jpg 150w, https:\/\/blogsaverroes.juntadeandalucia.es\/cprtorrejaral\/files\/2023\/05\/IMG_20230515_120514-80x80.jpg 80w, https:\/\/blogsaverroes.juntadeandalucia.es\/cprtorrejaral\/files\/2023\/05\/IMG_20230515_120514-320x320.jpg 320w\" sizes=\"(max-width: 150px) 100vw, 150px\" \/><\/a>\n\t\t\t<\/dt><\/dl><dl class='gallery-item'>\n\t\t\t<dt class='gallery-icon landscape'>\n\t\t\t\t<a href='https:\/\/blogsaverroes.juntadeandalucia.es\/cprtorrejaral\/2023\/05\/25\/dia-de-las-familias\/img_20230515_120519\/'><img loading=\"lazy\" decoding=\"async\" width=\"150\" height=\"150\" src=\"https:\/\/blogsaverroes.juntadeandalucia.es\/cprtorrejaral\/files\/2023\/05\/IMG_20230515_120519-150x150.jpg\" class=\"attachment-thumbnail size-thumbnail\" alt=\"\" srcset=\"https:\/\/blogsaverroes.juntadeandalucia.es\/cprtorrejaral\/files\/2023\/05\/IMG_20230515_120519-150x150.jpg 150w, https:\/\/blogsaverroes.juntadeandalucia.es\/cprtorrejaral\/files\/2023\/05\/IMG_20230515_120519-80x80.jpg 80w, https:\/\/blogsaverroes.juntadeandalucia.es\/cprtorrejaral\/files\/2023\/05\/IMG_20230515_120519-320x320.jpg 320w\" sizes=\"(max-width: 150px) 100vw, 150px\" \/><\/a>\n\t\t\t<\/dt><\/dl><br style=\"clear: both\" \/><dl class='gallery-item'>\n\t\t\t<dt class='gallery-icon landscape'>\n\t\t\t\t<a href='https:\/\/blogsaverroes.juntadeandalucia.es\/cprtorrejaral\/2023\/05\/25\/dia-de-las-familias\/img_20230515_120531\/'><img loading=\"lazy\" decoding=\"async\" width=\"150\" height=\"150\" src=\"https:\/\/blogsaverroes.juntadeandalucia.es\/cprtorrejaral\/files\/2023\/05\/IMG_20230515_120531-150x150.jpg\" class=\"attachment-thumbnail size-thumbnail\" alt=\"\" srcset=\"https:\/\/blogsaverroes.juntadeandalucia.es\/cprtorrejaral\/files\/2023\/05\/IMG_20230515_120531-150x150.jpg 150w, https:\/\/blogsaverroes.juntadeandalucia.es\/cprtorrejaral\/files\/2023\/05\/IMG_20230515_120531-80x80.jpg 80w, https:\/\/blogsaverroes.juntadeandalucia.es\/cprtorrejaral\/files\/2023\/05\/IMG_20230515_120531-320x320.jpg 320w\" sizes=\"(max-width: 150px) 100vw, 150px\" \/><\/a>\n\t\t\t<\/dt><\/dl><dl class='gallery-item'>\n\t\t\t<dt class='gallery-icon landscape'>\n\t\t\t\t<a href='https:\/\/blogsaverroes.juntadeandalucia.es\/cprtorrejaral\/2023\/05\/25\/dia-de-las-familias\/img_20230515_120702\/'><img loading=\"lazy\" decoding=\"async\" width=\"150\" height=\"150\" src=\"https:\/\/blogsaverroes.juntadeandalucia.es\/cprtorrejaral\/files\/2023\/05\/IMG_20230515_120702-150x150.jpg\" class=\"attachment-thumbnail size-thumbnail\" alt=\"\" srcset=\"https:\/\/blogsaverroes.juntadeandalucia.es\/cprtorrejaral\/files\/2023\/05\/IMG_20230515_120702-150x150.jpg 150w, https:\/\/blogsaverroes.juntadeandalucia.es\/cprtorrejaral\/files\/2023\/05\/IMG_20230515_120702-80x80.jpg 80w, https:\/\/blogsaverroes.juntadeandalucia.es\/cprtorrejaral\/files\/2023\/05\/IMG_20230515_120702-320x320.jpg 320w\" sizes=\"(max-width: 150px) 100vw, 150px\" \/><\/a>\n\t\t\t<\/dt><\/dl><dl class='gallery-item'>\n\t\t\t<dt class='gallery-icon landscape'>\n\t\t\t\t<a href='https:\/\/blogsaverroes.juntadeandalucia.es\/cprtorrejaral\/2023\/05\/25\/dia-de-las-familias\/img_20230515_120703\/'><img loading=\"lazy\" decoding=\"async\" width=\"150\" height=\"150\" src=\"https:\/\/blogsaverroes.juntadeandalucia.es\/cprtorrejaral\/files\/2023\/05\/IMG_20230515_120703-150x150.jpg\" class=\"attachment-thumbnail size-thumbnail\" alt=\"\" srcset=\"https:\/\/blogsaverroes.juntadeandalucia.es\/cprtorrejaral\/files\/2023\/05\/IMG_20230515_120703-150x150.jpg 150w, https:\/\/blogsaverroes.juntadeandalucia.es\/cprtorrejaral\/files\/2023\/05\/IMG_20230515_120703-80x80.jpg 80w, https:\/\/blogsaverroes.juntadeandalucia.es\/cprtorrejaral\/files\/2023\/05\/IMG_20230515_120703-320x320.jpg 320w\" sizes=\"(max-width: 150px) 100vw, 150px\" \/><\/a>\n\t\t\t<\/dt><\/dl><dl class='gallery-item'>\n\t\t\t<dt class='gallery-icon landscape'>\n\t\t\t\t<a href='https:\/\/blogsaverroes.juntadeandalucia.es\/cprtorrejaral\/2023\/05\/25\/dia-de-las-familias\/img_20230515_120705\/'><img loading=\"lazy\" decoding=\"async\" width=\"150\" height=\"150\" src=\"https:\/\/blogsaverroes.juntadeandalucia.es\/cprtorrejaral\/files\/2023\/05\/IMG_20230515_120705-150x150.jpg\" class=\"attachment-thumbnail size-thumbnail\" alt=\"\" srcset=\"https:\/\/blogsaverroes.juntadeandalucia.es\/cprtorrejaral\/files\/2023\/05\/IMG_20230515_120705-150x150.jpg 150w, https:\/\/blogsaverroes.juntadeandalucia.es\/cprtorrejaral\/files\/2023\/05\/IMG_20230515_120705-80x80.jpg 80w, https:\/\/blogsaverroes.juntadeandalucia.es\/cprtorrejaral\/files\/2023\/05\/IMG_20230515_120705-320x320.jpg 320w\" sizes=\"(max-width: 150px) 100vw, 150px\" \/><\/a>\n\t\t\t<\/dt><\/dl><br style=\"clear: both\" \/><dl class='gallery-item'>\n\t\t\t<dt class='gallery-icon landscape'>\n\t\t\t\t<a href='https:\/\/blogsaverroes.juntadeandalucia.es\/cprtorrejaral\/2023\/05\/25\/dia-de-las-familias\/img_20230515_120804\/'><img loading=\"lazy\" decoding=\"async\" width=\"150\" height=\"150\" src=\"https:\/\/blogsaverroes.juntadeandalucia.es\/cprtorrejaral\/files\/2023\/05\/IMG_20230515_120804-150x150.jpg\" class=\"attachment-thumbnail size-thumbnail\" alt=\"\" srcset=\"https:\/\/blogsaverroes.juntadeandalucia.es\/cprtorrejaral\/files\/2023\/05\/IMG_20230515_120804-150x150.jpg 150w, https:\/\/blogsaverroes.juntadeandalucia.es\/cprtorrejaral\/files\/2023\/05\/IMG_20230515_120804-80x80.jpg 80w, https:\/\/blogsaverroes.juntadeandalucia.es\/cprtorrejaral\/files\/2023\/05\/IMG_20230515_120804-320x320.jpg 320w\" sizes=\"(max-width: 150px) 100vw, 150px\" \/><\/a>\n\t\t\t<\/dt><\/dl><dl class='gallery-item'>\n\t\t\t<dt class='gallery-icon landscape'>\n\t\t\t\t<a href='https:\/\/blogsaverroes.juntadeandalucia.es\/cprtorrejaral\/2023\/05\/25\/dia-de-las-familias\/img_20230515_120911\/'><img loading=\"lazy\" decoding=\"async\" width=\"150\" height=\"150\" src=\"https:\/\/blogsaverroes.juntadeandalucia.es\/cprtorrejaral\/files\/2023\/05\/IMG_20230515_120911-150x150.jpg\" class=\"attachment-thumbnail size-thumbnail\" alt=\"\" srcset=\"https:\/\/blogsaverroes.juntadeandalucia.es\/cprtorrejaral\/files\/2023\/05\/IMG_20230515_120911-150x150.jpg 150w, https:\/\/blogsaverroes.juntadeandalucia.es\/cprtorrejaral\/files\/2023\/05\/IMG_20230515_120911-80x80.jpg 80w, https:\/\/blogsaverroes.juntadeandalucia.es\/cprtorrejaral\/files\/2023\/05\/IMG_20230515_120911-320x320.jpg 320w\" sizes=\"(max-width: 150px) 100vw, 150px\" \/><\/a>\n\t\t\t<\/dt><\/dl><dl class='gallery-item'>\n\t\t\t<dt class='gallery-icon landscape'>\n\t\t\t\t<a href='https:\/\/blogsaverroes.juntadeandalucia.es\/cprtorrejaral\/2023\/05\/25\/dia-de-las-familias\/img_20230515_120915\/'><img loading=\"lazy\" decoding=\"async\" width=\"150\" height=\"150\" src=\"https:\/\/blogsaverroes.juntadeandalucia.es\/cprtorrejaral\/files\/2023\/05\/IMG_20230515_120915-150x150.jpg\" class=\"attachment-thumbnail size-thumbnail\" alt=\"\" srcset=\"https:\/\/blogsaverroes.juntadeandalucia.es\/cprtorrejaral\/files\/2023\/05\/IMG_20230515_120915-150x150.jpg 150w, https:\/\/blogsaverroes.juntadeandalucia.es\/cprtorrejaral\/files\/2023\/05\/IMG_20230515_120915-80x80.jpg 80w, https:\/\/blogsaverroes.juntadeandalucia.es\/cprtorrejaral\/files\/2023\/05\/IMG_20230515_120915-320x320.jpg 320w\" sizes=\"(max-width: 150px) 100vw, 150px\" \/><\/a>\n\t\t\t<\/dt><\/dl><dl class='gallery-item'>\n\t\t\t<dt class='gallery-icon landscape'>\n\t\t\t\t<a href='https:\/\/blogsaverroes.juntadeandalucia.es\/cprtorrejaral\/2023\/05\/25\/dia-de-las-familias\/img_20230515_120921\/'><img loading=\"lazy\" decoding=\"async\" width=\"150\" height=\"150\" src=\"https:\/\/blogsaverroes.juntadeandalucia.es\/cprtorrejaral\/files\/2023\/05\/IMG_20230515_120921-150x150.jpg\" class=\"attachment-thumbnail size-thumbnail\" alt=\"\" srcset=\"https:\/\/blogsaverroes.juntadeandalucia.es\/cprtorrejaral\/files\/2023\/05\/IMG_20230515_120921-150x150.jpg 150w, https:\/\/blogsaverroes.juntadeandalucia.es\/cprtorrejaral\/files\/2023\/05\/IMG_20230515_120921-80x80.jpg 80w, https:\/\/blogsaverroes.juntadeandalucia.es\/cprtorrejaral\/files\/2023\/05\/IMG_20230515_120921-320x320.jpg 320w\" sizes=\"(max-width: 150px) 100vw, 150px\" \/><\/a>\n\t\t\t<\/dt><\/dl><br style=\"clear: both\" \/><dl class='gallery-item'>\n\t\t\t<dt class='gallery-icon landscape'>\n\t\t\t\t<a href='https:\/\/blogsaverroes.juntadeandalucia.es\/cprtorrejaral\/2023\/05\/25\/dia-de-las-familias\/img_20230515_120928\/'><img loading=\"lazy\" decoding=\"async\" width=\"150\" height=\"150\" src=\"https:\/\/blogsaverroes.juntadeandalucia.es\/cprtorrejaral\/files\/2023\/05\/IMG_20230515_120928-150x150.jpg\" class=\"attachment-thumbnail size-thumbnail\" alt=\"\" srcset=\"https:\/\/blogsaverroes.juntadeandalucia.es\/cprtorrejaral\/files\/2023\/05\/IMG_20230515_120928-150x150.jpg 150w, https:\/\/blogsaverroes.juntadeandalucia.es\/cprtorrejaral\/files\/2023\/05\/IMG_20230515_120928-80x80.jpg 80w, https:\/\/blogsaverroes.juntadeandalucia.es\/cprtorrejaral\/files\/2023\/05\/IMG_20230515_120928-320x320.jpg 320w\" sizes=\"(max-width: 150px) 100vw, 150px\" \/><\/a>\n\t\t\t<\/dt><\/dl><dl class='gallery-item'>\n\t\t\t<dt class='gallery-icon landscape'>\n\t\t\t\t<a href='https:\/\/blogsaverroes.juntadeandalucia.es\/cprtorrejaral\/2023\/05\/25\/dia-de-las-familias\/img_20230515_120942\/'><img loading=\"lazy\" decoding=\"async\" width=\"150\" height=\"150\" src=\"https:\/\/blogsaverroes.juntadeandalucia.es\/cprtorrejaral\/files\/2023\/05\/IMG_20230515_120942-150x150.jpg\" class=\"attachment-thumbnail size-thumbnail\" alt=\"\" srcset=\"https:\/\/blogsaverroes.juntadeandalucia.es\/cprtorrejaral\/files\/2023\/05\/IMG_20230515_120942-150x150.jpg 150w, https:\/\/blogsaverroes.juntadeandalucia.es\/cprtorrejaral\/files\/2023\/05\/IMG_20230515_120942-80x80.jpg 80w, https:\/\/blogsaverroes.juntadeandalucia.es\/cprtorrejaral\/files\/2023\/05\/IMG_20230515_120942-320x320.jpg 320w\" sizes=\"(max-width: 150px) 100vw, 150px\" \/><\/a>\n\t\t\t<\/dt><\/dl><dl class='gallery-item'>\n\t\t\t<dt class='gallery-icon landscape'>\n\t\t\t\t<a href='https:\/\/blogsaverroes.juntadeandalucia.es\/cprtorrejaral\/2023\/05\/25\/dia-de-las-familias\/img_20230515_120956\/'><img loading=\"lazy\" decoding=\"async\" width=\"150\" height=\"150\" src=\"https:\/\/blogsaverroes.juntadeandalucia.es\/cprtorrejaral\/files\/2023\/05\/IMG_20230515_120956-150x150.jpg\" class=\"attachment-thumbnail size-thumbnail\" alt=\"\" srcset=\"https:\/\/blogsaverroes.juntadeandalucia.es\/cprtorrejaral\/files\/2023\/05\/IMG_20230515_120956-150x150.jpg 150w, https:\/\/blogsaverroes.juntadeandalucia.es\/cprtorrejaral\/files\/2023\/05\/IMG_20230515_120956-80x80.jpg 80w, https:\/\/blogsaverroes.juntadeandalucia.es\/cprtorrejaral\/files\/2023\/05\/IMG_20230515_120956-320x320.jpg 320w\" sizes=\"(max-width: 150px) 100vw, 150px\" \/><\/a>\n\t\t\t<\/dt><\/dl><dl class='gallery-item'>\n\t\t\t<dt class='gallery-icon landscape'>\n\t\t\t\t<a href='https:\/\/blogsaverroes.juntadeandalucia.es\/cprtorrejaral\/2023\/05\/25\/dia-de-las-familias\/img_20230515_121019\/'><img loading=\"lazy\" decoding=\"async\" width=\"150\" height=\"150\" src=\"https:\/\/blogsaverroes.juntadeandalucia.es\/cprtorrejaral\/files\/2023\/05\/IMG_20230515_121019-150x150.jpg\" class=\"attachment-thumbnail size-thumbnail\" alt=\"\" srcset=\"https:\/\/blogsaverroes.juntadeandalucia.es\/cprtorrejaral\/files\/2023\/05\/IMG_20230515_121019-150x150.jpg 150w, https:\/\/blogsaverroes.juntadeandalucia.es\/cprtorrejaral\/files\/2023\/05\/IMG_20230515_121019-80x80.jpg 80w, https:\/\/blogsaverroes.juntadeandalucia.es\/cprtorrejaral\/files\/2023\/05\/IMG_20230515_121019-320x320.jpg 320w\" sizes=\"(max-width: 150px) 100vw, 150px\" \/><\/a>\n\t\t\t<\/dt><\/dl><br style=\"clear: both\" \/><dl class='gallery-item'>\n\t\t\t<dt class='gallery-icon portrait'>\n\t\t\t\t<a href='https:\/\/blogsaverroes.juntadeandalucia.es\/cprtorrejaral\/2023\/05\/25\/dia-de-las-familias\/img_20230515_121046\/'><img loading=\"lazy\" decoding=\"async\" width=\"150\" height=\"150\" src=\"https:\/\/blogsaverroes.juntadeandalucia.es\/cprtorrejaral\/files\/2023\/05\/IMG_20230515_121046-150x150.jpg\" class=\"attachment-thumbnail size-thumbnail\" alt=\"\" srcset=\"https:\/\/blogsaverroes.juntadeandalucia.es\/cprtorrejaral\/files\/2023\/05\/IMG_20230515_121046-150x150.jpg 150w, https:\/\/blogsaverroes.juntadeandalucia.es\/cprtorrejaral\/files\/2023\/05\/IMG_20230515_121046-80x80.jpg 80w, https:\/\/blogsaverroes.juntadeandalucia.es\/cprtorrejaral\/files\/2023\/05\/IMG_20230515_121046-320x320.jpg 320w\" sizes=\"(max-width: 150px) 100vw, 150px\" \/><\/a>\n\t\t\t<\/dt><\/dl><dl class='gallery-item'>\n\t\t\t<dt class='gallery-icon landscape'>\n\t\t\t\t<a href='https:\/\/blogsaverroes.juntadeandalucia.es\/cprtorrejaral\/2023\/05\/25\/dia-de-las-familias\/img_20230515_121051\/'><img loading=\"lazy\" decoding=\"async\" width=\"150\" height=\"150\" src=\"https:\/\/blogsaverroes.juntadeandalucia.es\/cprtorrejaral\/files\/2023\/05\/IMG_20230515_121051-150x150.jpg\" class=\"attachment-thumbnail size-thumbnail\" alt=\"\" srcset=\"https:\/\/blogsaverroes.juntadeandalucia.es\/cprtorrejaral\/files\/2023\/05\/IMG_20230515_121051-150x150.jpg 150w, https:\/\/blogsaverroes.juntadeandalucia.es\/cprtorrejaral\/files\/2023\/05\/IMG_20230515_121051-80x80.jpg 80w, https:\/\/blogsaverroes.juntadeandalucia.es\/cprtorrejaral\/files\/2023\/05\/IMG_20230515_121051-320x320.jpg 320w\" sizes=\"(max-width: 150px) 100vw, 150px\" \/><\/a>\n\t\t\t<\/dt><\/dl><dl class='gallery-item'>\n\t\t\t<dt class='gallery-icon landscape'>\n\t\t\t\t<a href='https:\/\/blogsaverroes.juntadeandalucia.es\/cprtorrejaral\/2023\/05\/25\/dia-de-las-familias\/img_20230515_121101\/'><img loading=\"lazy\" decoding=\"async\" width=\"150\" height=\"150\" src=\"https:\/\/blogsaverroes.juntadeandalucia.es\/cprtorrejaral\/files\/2023\/05\/IMG_20230515_121101-150x150.jpg\" class=\"attachment-thumbnail size-thumbnail\" alt=\"\" srcset=\"https:\/\/blogsaverroes.juntadeandalucia.es\/cprtorrejaral\/files\/2023\/05\/IMG_20230515_121101-150x150.jpg 150w, https:\/\/blogsaverroes.juntadeandalucia.es\/cprtorrejaral\/files\/2023\/05\/IMG_20230515_121101-80x80.jpg 80w, https:\/\/blogsaverroes.juntadeandalucia.es\/cprtorrejaral\/files\/2023\/05\/IMG_20230515_121101-320x320.jpg 320w\" sizes=\"(max-width: 150px) 100vw, 150px\" \/><\/a>\n\t\t\t<\/dt><\/dl><dl class='gallery-item'>\n\t\t\t<dt class='gallery-icon landscape'>\n\t\t\t\t<a href='https:\/\/blogsaverroes.juntadeandalucia.es\/cprtorrejaral\/2023\/05\/25\/dia-de-las-familias\/img_20230515_121110\/'><img loading=\"lazy\" decoding=\"async\" width=\"150\" height=\"150\" src=\"https:\/\/blogsaverroes.juntadeandalucia.es\/cprtorrejaral\/files\/2023\/05\/IMG_20230515_121110-150x150.jpg\" class=\"attachment-thumbnail size-thumbnail\" alt=\"\" srcset=\"https:\/\/blogsaverroes.juntadeandalucia.es\/cprtorrejaral\/files\/2023\/05\/IMG_20230515_121110-150x150.jpg 150w, https:\/\/blogsaverroes.juntadeandalucia.es\/cprtorrejaral\/files\/2023\/05\/IMG_20230515_121110-80x80.jpg 80w, https:\/\/blogsaverroes.juntadeandalucia.es\/cprtorrejaral\/files\/2023\/05\/IMG_20230515_121110-320x320.jpg 320w\" sizes=\"(max-width: 150px) 100vw, 150px\" \/><\/a>\n\t\t\t<\/dt><\/dl><br style=\"clear: both\" \/><dl class='gallery-item'>\n\t\t\t<dt class='gallery-icon landscape'>\n\t\t\t\t<a href='https:\/\/blogsaverroes.juntadeandalucia.es\/cprtorrejaral\/2023\/05\/25\/dia-de-las-familias\/img_20230515_121115\/'><img loading=\"lazy\" decoding=\"async\" width=\"150\" height=\"150\" src=\"https:\/\/blogsaverroes.juntadeandalucia.es\/cprtorrejaral\/files\/2023\/05\/IMG_20230515_121115-150x150.jpg\" class=\"attachment-thumbnail size-thumbnail\" alt=\"\" srcset=\"https:\/\/blogsaverroes.juntadeandalucia.es\/cprtorrejaral\/files\/2023\/05\/IMG_20230515_121115-150x150.jpg 150w, https:\/\/blogsaverroes.juntadeandalucia.es\/cprtorrejaral\/files\/2023\/05\/IMG_20230515_121115-80x80.jpg 80w, https:\/\/blogsaverroes.juntadeandalucia.es\/cprtorrejaral\/files\/2023\/05\/IMG_20230515_121115-320x320.jpg 320w\" sizes=\"(max-width: 150px) 100vw, 150px\" \/><\/a>\n\t\t\t<\/dt><\/dl><dl class='gallery-item'>\n\t\t\t<dt class='gallery-icon landscape'>\n\t\t\t\t<a href='https:\/\/blogsaverroes.juntadeandalucia.es\/cprtorrejaral\/2023\/05\/25\/dia-de-las-familias\/img_20230515_121135\/'><img loading=\"lazy\" decoding=\"async\" width=\"150\" height=\"150\" src=\"https:\/\/blogsaverroes.juntadeandalucia.es\/cprtorrejaral\/files\/2023\/05\/IMG_20230515_121135-150x150.jpg\" class=\"attachment-thumbnail size-thumbnail\" alt=\"\" srcset=\"https:\/\/blogsaverroes.juntadeandalucia.es\/cprtorrejaral\/files\/2023\/05\/IMG_20230515_121135-150x150.jpg 150w, https:\/\/blogsaverroes.juntadeandalucia.es\/cprtorrejaral\/files\/2023\/05\/IMG_20230515_121135-80x80.jpg 80w, https:\/\/blogsaverroes.juntadeandalucia.es\/cprtorrejaral\/files\/2023\/05\/IMG_20230515_121135-320x320.jpg 320w\" sizes=\"(max-width: 150px) 100vw, 150px\" \/><\/a>\n\t\t\t<\/dt><\/dl><dl class='gallery-item'>\n\t\t\t<dt class='gallery-icon landscape'>\n\t\t\t\t<a href='https:\/\/blogsaverroes.juntadeandalucia.es\/cprtorrejaral\/2023\/05\/25\/dia-de-las-familias\/img_20230515_121211\/'><img loading=\"lazy\" decoding=\"async\" width=\"150\" height=\"150\" src=\"https:\/\/blogsaverroes.juntadeandalucia.es\/cprtorrejaral\/files\/2023\/05\/IMG_20230515_121211-150x150.jpg\" class=\"attachment-thumbnail size-thumbnail\" alt=\"\" srcset=\"https:\/\/blogsaverroes.juntadeandalucia.es\/cprtorrejaral\/files\/2023\/05\/IMG_20230515_121211-150x150.jpg 150w, https:\/\/blogsaverroes.juntadeandalucia.es\/cprtorrejaral\/files\/2023\/05\/IMG_20230515_121211-80x80.jpg 80w, https:\/\/blogsaverroes.juntadeandalucia.es\/cprtorrejaral\/files\/2023\/05\/IMG_20230515_121211-320x320.jpg 320w\" sizes=\"(max-width: 150px) 100vw, 150px\" \/><\/a>\n\t\t\t<\/dt><\/dl><dl class='gallery-item'>\n\t\t\t<dt class='gallery-icon landscape'>\n\t\t\t\t<a href='https:\/\/blogsaverroes.juntadeandalucia.es\/cprtorrejaral\/2023\/05\/25\/dia-de-las-familias\/img_20230515_121222\/'><img loading=\"lazy\" decoding=\"async\" width=\"150\" height=\"150\" src=\"https:\/\/blogsaverroes.juntadeandalucia.es\/cprtorrejaral\/files\/2023\/05\/IMG_20230515_121222-150x150.jpg\" class=\"attachment-thumbnail size-thumbnail\" alt=\"\" srcset=\"https:\/\/blogsaverroes.juntadeandalucia.es\/cprtorrejaral\/files\/2023\/05\/IMG_20230515_121222-150x150.jpg 150w, https:\/\/blogsaverroes.juntadeandalucia.es\/cprtorrejaral\/files\/2023\/05\/IMG_20230515_121222-80x80.jpg 80w, https:\/\/blogsaverroes.juntadeandalucia.es\/cprtorrejaral\/files\/2023\/05\/IMG_20230515_121222-320x320.jpg 320w\" sizes=\"(max-width: 150px) 100vw, 150px\" \/><\/a>\n\t\t\t<\/dt><\/dl><br style=\"clear: both\" \/><dl class='gallery-item'>\n\t\t\t<dt class='gallery-icon landscape'>\n\t\t\t\t<a href='https:\/\/blogsaverroes.juntadeandalucia.es\/cprtorrejaral\/2023\/05\/25\/dia-de-las-familias\/img_20230515_121228\/'><img loading=\"lazy\" decoding=\"async\" width=\"150\" height=\"150\" src=\"https:\/\/blogsaverroes.juntadeandalucia.es\/cprtorrejaral\/files\/2023\/05\/IMG_20230515_121228-150x150.jpg\" class=\"attachment-thumbnail size-thumbnail\" alt=\"\" srcset=\"https:\/\/blogsaverroes.juntadeandalucia.es\/cprtorrejaral\/files\/2023\/05\/IMG_20230515_121228-150x150.jpg 150w, https:\/\/blogsaverroes.juntadeandalucia.es\/cprtorrejaral\/files\/2023\/05\/IMG_20230515_121228-80x80.jpg 80w, https:\/\/blogsaverroes.juntadeandalucia.es\/cprtorrejaral\/files\/2023\/05\/IMG_20230515_121228-320x320.jpg 320w\" sizes=\"(max-width: 150px) 100vw, 150px\" \/><\/a>\n\t\t\t<\/dt><\/dl><dl class='gallery-item'>\n\t\t\t<dt class='gallery-icon landscape'>\n\t\t\t\t<a href='https:\/\/blogsaverroes.juntadeandalucia.es\/cprtorrejaral\/2023\/05\/25\/dia-de-las-familias\/img_20230515_121235\/'><img loading=\"lazy\" decoding=\"async\" width=\"150\" height=\"150\" src=\"https:\/\/blogsaverroes.juntadeandalucia.es\/cprtorrejaral\/files\/2023\/05\/IMG_20230515_121235-150x150.jpg\" class=\"attachment-thumbnail size-thumbnail\" alt=\"\" srcset=\"https:\/\/blogsaverroes.juntadeandalucia.es\/cprtorrejaral\/files\/2023\/05\/IMG_20230515_121235-150x150.jpg 150w, https:\/\/blogsaverroes.juntadeandalucia.es\/cprtorrejaral\/files\/2023\/05\/IMG_20230515_121235-80x80.jpg 80w, https:\/\/blogsaverroes.juntadeandalucia.es\/cprtorrejaral\/files\/2023\/05\/IMG_20230515_121235-320x320.jpg 320w\" sizes=\"(max-width: 150px) 100vw, 150px\" \/><\/a>\n\t\t\t<\/dt><\/dl><dl class='gallery-item'>\n\t\t\t<dt class='gallery-icon landscape'>\n\t\t\t\t<a href='https:\/\/blogsaverroes.juntadeandalucia.es\/cprtorrejaral\/2023\/05\/25\/dia-de-las-familias\/img_20230515_121239\/'><img loading=\"lazy\" decoding=\"async\" width=\"150\" height=\"150\" src=\"https:\/\/blogsaverroes.juntadeandalucia.es\/cprtorrejaral\/files\/2023\/05\/IMG_20230515_121239-150x150.jpg\" class=\"attachment-thumbnail size-thumbnail\" alt=\"\" srcset=\"https:\/\/blogsaverroes.juntadeandalucia.es\/cprtorrejaral\/files\/2023\/05\/IMG_20230515_121239-150x150.jpg 150w, https:\/\/blogsaverroes.juntadeandalucia.es\/cprtorrejaral\/files\/2023\/05\/IMG_20230515_121239-80x80.jpg 80w, https:\/\/blogsaverroes.juntadeandalucia.es\/cprtorrejaral\/files\/2023\/05\/IMG_20230515_121239-320x320.jpg 320w\" sizes=\"(max-width: 150px) 100vw, 150px\" \/><\/a>\n\t\t\t<\/dt><\/dl><dl class='gallery-item'>\n\t\t\t<dt class='gallery-icon landscape'>\n\t\t\t\t<a href='https:\/\/blogsaverroes.juntadeandalucia.es\/cprtorrejaral\/2023\/05\/25\/dia-de-las-familias\/img_20230515_121250\/'><img loading=\"lazy\" decoding=\"async\" width=\"150\" height=\"150\" src=\"https:\/\/blogsaverroes.juntadeandalucia.es\/cprtorrejaral\/files\/2023\/05\/IMG_20230515_121250-150x150.jpg\" class=\"attachment-thumbnail size-thumbnail\" alt=\"\" srcset=\"https:\/\/blogsaverroes.juntadeandalucia.es\/cprtorrejaral\/files\/2023\/05\/IMG_20230515_121250-150x150.jpg 150w, https:\/\/blogsaverroes.juntadeandalucia.es\/cprtorrejaral\/files\/2023\/05\/IMG_20230515_121250-80x80.jpg 80w, https:\/\/blogsaverroes.juntadeandalucia.es\/cprtorrejaral\/files\/2023\/05\/IMG_20230515_121250-320x320.jpg 320w\" sizes=\"(max-width: 150px) 100vw, 150px\" \/><\/a>\n\t\t\t<\/dt><\/dl><br style=\"clear: both\" \/><dl class='gallery-item'>\n\t\t\t<dt class='gallery-icon landscape'>\n\t\t\t\t<a href='https:\/\/blogsaverroes.juntadeandalucia.es\/cprtorrejaral\/2023\/05\/25\/dia-de-las-familias\/img_20230515_121256\/'><img loading=\"lazy\" decoding=\"async\" width=\"150\" height=\"150\" src=\"https:\/\/blogsaverroes.juntadeandalucia.es\/cprtorrejaral\/files\/2023\/05\/IMG_20230515_121256-150x150.jpg\" class=\"attachment-thumbnail size-thumbnail\" alt=\"\" srcset=\"https:\/\/blogsaverroes.juntadeandalucia.es\/cprtorrejaral\/files\/2023\/05\/IMG_20230515_121256-150x150.jpg 150w, https:\/\/blogsaverroes.juntadeandalucia.es\/cprtorrejaral\/files\/2023\/05\/IMG_20230515_121256-80x80.jpg 80w, https:\/\/blogsaverroes.juntadeandalucia.es\/cprtorrejaral\/files\/2023\/05\/IMG_20230515_121256-320x320.jpg 320w\" sizes=\"(max-width: 150px) 100vw, 150px\" \/><\/a>\n\t\t\t<\/dt><\/dl><dl class='gallery-item'>\n\t\t\t<dt class='gallery-icon landscape'>\n\t\t\t\t<a href='https:\/\/blogsaverroes.juntadeandalucia.es\/cprtorrejaral\/2023\/05\/25\/dia-de-las-familias\/img_20230515_121337\/'><img loading=\"lazy\" decoding=\"async\" width=\"150\" height=\"150\" src=\"https:\/\/blogsaverroes.juntadeandalucia.es\/cprtorrejaral\/files\/2023\/05\/IMG_20230515_121337-150x150.jpg\" class=\"attachment-thumbnail size-thumbnail\" alt=\"\" srcset=\"https:\/\/blogsaverroes.juntadeandalucia.es\/cprtorrejaral\/files\/2023\/05\/IMG_20230515_121337-150x150.jpg 150w, https:\/\/blogsaverroes.juntadeandalucia.es\/cprtorrejaral\/files\/2023\/05\/IMG_20230515_121337-80x80.jpg 80w, https:\/\/blogsaverroes.juntadeandalucia.es\/cprtorrejaral\/files\/2023\/05\/IMG_20230515_121337-320x320.jpg 320w\" sizes=\"(max-width: 150px) 100vw, 150px\" \/><\/a>\n\t\t\t<\/dt><\/dl><dl class='gallery-item'>\n\t\t\t<dt class='gallery-icon landscape'>\n\t\t\t\t<a href='https:\/\/blogsaverroes.juntadeandalucia.es\/cprtorrejaral\/2023\/05\/25\/dia-de-las-familias\/img_20230515_121340\/'><img loading=\"lazy\" decoding=\"async\" width=\"150\" height=\"150\" src=\"https:\/\/blogsaverroes.juntadeandalucia.es\/cprtorrejaral\/files\/2023\/05\/IMG_20230515_121340-150x150.jpg\" class=\"attachment-thumbnail size-thumbnail\" alt=\"\" srcset=\"https:\/\/blogsaverroes.juntadeandalucia.es\/cprtorrejaral\/files\/2023\/05\/IMG_20230515_121340-150x150.jpg 150w, https:\/\/blogsaverroes.juntadeandalucia.es\/cprtorrejaral\/files\/2023\/05\/IMG_20230515_121340-80x80.jpg 80w, https:\/\/blogsaverroes.juntadeandalucia.es\/cprtorrejaral\/files\/2023\/05\/IMG_20230515_121340-320x320.jpg 320w\" sizes=\"(max-width: 150px) 100vw, 150px\" \/><\/a>\n\t\t\t<\/dt><\/dl><dl class='gallery-item'>\n\t\t\t<dt class='gallery-icon landscape'>\n\t\t\t\t<a href='https:\/\/blogsaverroes.juntadeandalucia.es\/cprtorrejaral\/2023\/05\/25\/dia-de-las-familias\/img_20230515_121344\/'><img loading=\"lazy\" decoding=\"async\" width=\"150\" height=\"150\" src=\"https:\/\/blogsaverroes.juntadeandalucia.es\/cprtorrejaral\/files\/2023\/05\/IMG_20230515_121344-150x150.jpg\" class=\"attachment-thumbnail size-thumbnail\" alt=\"\" srcset=\"https:\/\/blogsaverroes.juntadeandalucia.es\/cprtorrejaral\/files\/2023\/05\/IMG_20230515_121344-150x150.jpg 150w, https:\/\/blogsaverroes.juntadeandalucia.es\/cprtorrejaral\/files\/2023\/05\/IMG_20230515_121344-80x80.jpg 80w, https:\/\/blogsaverroes.juntadeandalucia.es\/cprtorrejaral\/files\/2023\/05\/IMG_20230515_121344-320x320.jpg 320w\" sizes=\"(max-width: 150px) 100vw, 150px\" \/><\/a>\n\t\t\t<\/dt><\/dl><br style=\"clear: both\" \/><dl class='gallery-item'>\n\t\t\t<dt class='gallery-icon portrait'>\n\t\t\t\t<a href='https:\/\/blogsaverroes.juntadeandalucia.es\/cprtorrejaral\/2023\/05\/25\/dia-de-las-familias\/img_20230515_121415\/'><img loading=\"lazy\" decoding=\"async\" width=\"150\" height=\"150\" src=\"https:\/\/blogsaverroes.juntadeandalucia.es\/cprtorrejaral\/files\/2023\/05\/IMG_20230515_121415-150x150.jpg\" class=\"attachment-thumbnail size-thumbnail\" alt=\"\" srcset=\"https:\/\/blogsaverroes.juntadeandalucia.es\/cprtorrejaral\/files\/2023\/05\/IMG_20230515_121415-150x150.jpg 150w, https:\/\/blogsaverroes.juntadeandalucia.es\/cprtorrejaral\/files\/2023\/05\/IMG_20230515_121415-80x80.jpg 80w, https:\/\/blogsaverroes.juntadeandalucia.es\/cprtorrejaral\/files\/2023\/05\/IMG_20230515_121415-320x320.jpg 320w\" sizes=\"(max-width: 150px) 100vw, 150px\" \/><\/a>\n\t\t\t<\/dt><\/dl><dl class='gallery-item'>\n\t\t\t<dt class='gallery-icon landscape'>\n\t\t\t\t<a href='https:\/\/blogsaverroes.juntadeandalucia.es\/cprtorrejaral\/2023\/05\/25\/dia-de-las-familias\/img_20230515_121457\/'><img loading=\"lazy\" decoding=\"async\" width=\"150\" height=\"150\" src=\"https:\/\/blogsaverroes.juntadeandalucia.es\/cprtorrejaral\/files\/2023\/05\/IMG_20230515_121457-150x150.jpg\" class=\"attachment-thumbnail size-thumbnail\" alt=\"\" srcset=\"https:\/\/blogsaverroes.juntadeandalucia.es\/cprtorrejaral\/files\/2023\/05\/IMG_20230515_121457-150x150.jpg 150w, https:\/\/blogsaverroes.juntadeandalucia.es\/cprtorrejaral\/files\/2023\/05\/IMG_20230515_121457-80x80.jpg 80w, https:\/\/blogsaverroes.juntadeandalucia.es\/cprtorrejaral\/files\/2023\/05\/IMG_20230515_121457-320x320.jpg 320w\" sizes=\"(max-width: 150px) 100vw, 150px\" \/><\/a>\n\t\t\t<\/dt><\/dl><dl class='gallery-item'>\n\t\t\t<dt class='gallery-icon landscape'>\n\t\t\t\t<a href='https:\/\/blogsaverroes.juntadeandalucia.es\/cprtorrejaral\/2023\/05\/25\/dia-de-las-familias\/img_20230515_121502\/'><img loading=\"lazy\" decoding=\"async\" width=\"150\" height=\"150\" src=\"https:\/\/blogsaverroes.juntadeandalucia.es\/cprtorrejaral\/files\/2023\/05\/IMG_20230515_121502-150x150.jpg\" class=\"attachment-thumbnail size-thumbnail\" alt=\"\" srcset=\"https:\/\/blogsaverroes.juntadeandalucia.es\/cprtorrejaral\/files\/2023\/05\/IMG_20230515_121502-150x150.jpg 150w, https:\/\/blogsaverroes.juntadeandalucia.es\/cprtorrejaral\/files\/2023\/05\/IMG_20230515_121502-80x80.jpg 80w, https:\/\/blogsaverroes.juntadeandalucia.es\/cprtorrejaral\/files\/2023\/05\/IMG_20230515_121502-320x320.jpg 320w\" sizes=\"(max-width: 150px) 100vw, 150px\" \/><\/a>\n\t\t\t<\/dt><\/dl><dl class='gallery-item'>\n\t\t\t<dt class='gallery-icon landscape'>\n\t\t\t\t<a href='https:\/\/blogsaverroes.juntadeandalucia.es\/cprtorrejaral\/2023\/05\/25\/dia-de-las-familias\/img_20230515_121506\/'><img loading=\"lazy\" decoding=\"async\" width=\"150\" height=\"150\" src=\"https:\/\/blogsaverroes.juntadeandalucia.es\/cprtorrejaral\/files\/2023\/05\/IMG_20230515_121506-150x150.jpg\" class=\"attachment-thumbnail size-thumbnail\" alt=\"\" srcset=\"https:\/\/blogsaverroes.juntadeandalucia.es\/cprtorrejaral\/files\/2023\/05\/IMG_20230515_121506-150x150.jpg 150w, https:\/\/blogsaverroes.juntadeandalucia.es\/cprtorrejaral\/files\/2023\/05\/IMG_20230515_121506-80x80.jpg 80w, https:\/\/blogsaverroes.juntadeandalucia.es\/cprtorrejaral\/files\/2023\/05\/IMG_20230515_121506-320x320.jpg 320w\" sizes=\"(max-width: 150px) 100vw, 150px\" \/><\/a>\n\t\t\t<\/dt><\/dl><br style=\"clear: both\" \/><dl class='gallery-item'>\n\t\t\t<dt class='gallery-icon landscape'>\n\t\t\t\t<a href='https:\/\/blogsaverroes.juntadeandalucia.es\/cprtorrejaral\/2023\/05\/25\/dia-de-las-familias\/img_20230515_121518\/'><img loading=\"lazy\" decoding=\"async\" width=\"150\" height=\"150\" src=\"https:\/\/blogsaverroes.juntadeandalucia.es\/cprtorrejaral\/files\/2023\/05\/IMG_20230515_121518-150x150.jpg\" class=\"attachment-thumbnail size-thumbnail\" alt=\"\" srcset=\"https:\/\/blogsaverroes.juntadeandalucia.es\/cprtorrejaral\/files\/2023\/05\/IMG_20230515_121518-150x150.jpg 150w, https:\/\/blogsaverroes.juntadeandalucia.es\/cprtorrejaral\/files\/2023\/05\/IMG_20230515_121518-80x80.jpg 80w, https:\/\/blogsaverroes.juntadeandalucia.es\/cprtorrejaral\/files\/2023\/05\/IMG_20230515_121518-320x320.jpg 320w\" sizes=\"(max-width: 150px) 100vw, 150px\" \/><\/a>\n\t\t\t<\/dt><\/dl><dl class='gallery-item'>\n\t\t\t<dt class='gallery-icon landscape'>\n\t\t\t\t<a href='https:\/\/blogsaverroes.juntadeandalucia.es\/cprtorrejaral\/2023\/05\/25\/dia-de-las-familias\/img_20230515_121610\/'><img loading=\"lazy\" decoding=\"async\" width=\"150\" height=\"150\" src=\"https:\/\/blogsaverroes.juntadeandalucia.es\/cprtorrejaral\/files\/2023\/05\/IMG_20230515_121610-150x150.jpg\" class=\"attachment-thumbnail size-thumbnail\" alt=\"\" srcset=\"https:\/\/blogsaverroes.juntadeandalucia.es\/cprtorrejaral\/files\/2023\/05\/IMG_20230515_121610-150x150.jpg 150w, https:\/\/blogsaverroes.juntadeandalucia.es\/cprtorrejaral\/files\/2023\/05\/IMG_20230515_121610-80x80.jpg 80w, https:\/\/blogsaverroes.juntadeandalucia.es\/cprtorrejaral\/files\/2023\/05\/IMG_20230515_121610-320x320.jpg 320w\" sizes=\"(max-width: 150px) 100vw, 150px\" \/><\/a>\n\t\t\t<\/dt><\/dl><dl class='gallery-item'>\n\t\t\t<dt class='gallery-icon landscape'>\n\t\t\t\t<a href='https:\/\/blogsaverroes.juntadeandalucia.es\/cprtorrejaral\/2023\/05\/25\/dia-de-las-familias\/img_20230515_121635\/'><img loading=\"lazy\" decoding=\"async\" width=\"150\" height=\"150\" src=\"https:\/\/blogsaverroes.juntadeandalucia.es\/cprtorrejaral\/files\/2023\/05\/IMG_20230515_121635-150x150.jpg\" class=\"attachment-thumbnail size-thumbnail\" alt=\"\" srcset=\"https:\/\/blogsaverroes.juntadeandalucia.es\/cprtorrejaral\/files\/2023\/05\/IMG_20230515_121635-150x150.jpg 150w, https:\/\/blogsaverroes.juntadeandalucia.es\/cprtorrejaral\/files\/2023\/05\/IMG_20230515_121635-80x80.jpg 80w, https:\/\/blogsaverroes.juntadeandalucia.es\/cprtorrejaral\/files\/2023\/05\/IMG_20230515_121635-320x320.jpg 320w\" sizes=\"(max-width: 150px) 100vw, 150px\" \/><\/a>\n\t\t\t<\/dt><\/dl><dl class='gallery-item'>\n\t\t\t<dt class='gallery-icon landscape'>\n\t\t\t\t<a href='https:\/\/blogsaverroes.juntadeandalucia.es\/cprtorrejaral\/2023\/05\/25\/dia-de-las-familias\/img_20230515_121640\/'><img loading=\"lazy\" decoding=\"async\" width=\"150\" height=\"150\" src=\"https:\/\/blogsaverroes.juntadeandalucia.es\/cprtorrejaral\/files\/2023\/05\/IMG_20230515_121640-150x150.jpg\" class=\"attachment-thumbnail size-thumbnail\" alt=\"\" srcset=\"https:\/\/blogsaverroes.juntadeandalucia.es\/cprtorrejaral\/files\/2023\/05\/IMG_20230515_121640-150x150.jpg 150w, https:\/\/blogsaverroes.juntadeandalucia.es\/cprtorrejaral\/files\/2023\/05\/IMG_20230515_121640-80x80.jpg 80w, https:\/\/blogsaverroes.juntadeandalucia.es\/cprtorrejaral\/files\/2023\/05\/IMG_20230515_121640-320x320.jpg 320w\" sizes=\"(max-width: 150px) 100vw, 150px\" \/><\/a>\n\t\t\t<\/dt><\/dl><br style=\"clear: both\" \/><dl class='gallery-item'>\n\t\t\t<dt class='gallery-icon landscape'>\n\t\t\t\t<a href='https:\/\/blogsaverroes.juntadeandalucia.es\/cprtorrejaral\/2023\/05\/25\/dia-de-las-familias\/img_20230515_121643\/'><img loading=\"lazy\" decoding=\"async\" width=\"150\" height=\"150\" src=\"https:\/\/blogsaverroes.juntadeandalucia.es\/cprtorrejaral\/files\/2023\/05\/IMG_20230515_121643-150x150.jpg\" class=\"attachment-thumbnail size-thumbnail\" alt=\"\" srcset=\"https:\/\/blogsaverroes.juntadeandalucia.es\/cprtorrejaral\/files\/2023\/05\/IMG_20230515_121643-150x150.jpg 150w, https:\/\/blogsaverroes.juntadeandalucia.es\/cprtorrejaral\/files\/2023\/05\/IMG_20230515_121643-80x80.jpg 80w, https:\/\/blogsaverroes.juntadeandalucia.es\/cprtorrejaral\/files\/2023\/05\/IMG_20230515_121643-320x320.jpg 320w\" sizes=\"(max-width: 150px) 100vw, 150px\" \/><\/a>\n\t\t\t<\/dt><\/dl><dl class='gallery-item'>\n\t\t\t<dt class='gallery-icon landscape'>\n\t\t\t\t<a href='https:\/\/blogsaverroes.juntadeandalucia.es\/cprtorrejaral\/2023\/05\/25\/dia-de-las-familias\/img_20230515_121646\/'><img loading=\"lazy\" decoding=\"async\" width=\"150\" height=\"150\" src=\"https:\/\/blogsaverroes.juntadeandalucia.es\/cprtorrejaral\/files\/2023\/05\/IMG_20230515_121646-150x150.jpg\" class=\"attachment-thumbnail size-thumbnail\" alt=\"\" srcset=\"https:\/\/blogsaverroes.juntadeandalucia.es\/cprtorrejaral\/files\/2023\/05\/IMG_20230515_121646-150x150.jpg 150w, https:\/\/blogsaverroes.juntadeandalucia.es\/cprtorrejaral\/files\/2023\/05\/IMG_20230515_121646-80x80.jpg 80w, https:\/\/blogsaverroes.juntadeandalucia.es\/cprtorrejaral\/files\/2023\/05\/IMG_20230515_121646-320x320.jpg 320w\" sizes=\"(max-width: 150px) 100vw, 150px\" \/><\/a>\n\t\t\t<\/dt><\/dl><dl class='gallery-item'>\n\t\t\t<dt class='gallery-icon landscape'>\n\t\t\t\t<a href='https:\/\/blogsaverroes.juntadeandalucia.es\/cprtorrejaral\/2023\/05\/25\/dia-de-las-familias\/img_20230515_121649\/'><img loading=\"lazy\" decoding=\"async\" width=\"150\" height=\"150\" src=\"https:\/\/blogsaverroes.juntadeandalucia.es\/cprtorrejaral\/files\/2023\/05\/IMG_20230515_121649-150x150.jpg\" class=\"attachment-thumbnail size-thumbnail\" alt=\"\" srcset=\"https:\/\/blogsaverroes.juntadeandalucia.es\/cprtorrejaral\/files\/2023\/05\/IMG_20230515_121649-150x150.jpg 150w, https:\/\/blogsaverroes.juntadeandalucia.es\/cprtorrejaral\/files\/2023\/05\/IMG_20230515_121649-80x80.jpg 80w, https:\/\/blogsaverroes.juntadeandalucia.es\/cprtorrejaral\/files\/2023\/05\/IMG_20230515_121649-320x320.jpg 320w\" sizes=\"(max-width: 150px) 100vw, 150px\" \/><\/a>\n\t\t\t<\/dt><\/dl><dl class='gallery-item'>\n\t\t\t<dt class='gallery-icon landscape'>\n\t\t\t\t<a href='https:\/\/blogsaverroes.juntadeandalucia.es\/cprtorrejaral\/2023\/05\/25\/dia-de-las-familias\/img_20230515_121652\/'><img loading=\"lazy\" decoding=\"async\" width=\"150\" height=\"150\" src=\"https:\/\/blogsaverroes.juntadeandalucia.es\/cprtorrejaral\/files\/2023\/05\/IMG_20230515_121652-150x150.jpg\" class=\"attachment-thumbnail size-thumbnail\" alt=\"\" srcset=\"https:\/\/blogsaverroes.juntadeandalucia.es\/cprtorrejaral\/files\/2023\/05\/IMG_20230515_121652-150x150.jpg 150w, https:\/\/blogsaverroes.juntadeandalucia.es\/cprtorrejaral\/files\/2023\/05\/IMG_20230515_121652-80x80.jpg 80w, https:\/\/blogsaverroes.juntadeandalucia.es\/cprtorrejaral\/files\/2023\/05\/IMG_20230515_121652-320x320.jpg 320w\" sizes=\"(max-width: 150px) 100vw, 150px\" \/><\/a>\n\t\t\t<\/dt><\/dl><br style=\"clear: both\" \/><dl class='gallery-item'>\n\t\t\t<dt class='gallery-icon landscape'>\n\t\t\t\t<a href='https:\/\/blogsaverroes.juntadeandalucia.es\/cprtorrejaral\/2023\/05\/25\/dia-de-las-familias\/img_20230515_121653\/'><img loading=\"lazy\" decoding=\"async\" width=\"150\" height=\"150\" src=\"https:\/\/blogsaverroes.juntadeandalucia.es\/cprtorrejaral\/files\/2023\/05\/IMG_20230515_121653-150x150.jpg\" class=\"attachment-thumbnail size-thumbnail\" alt=\"\" srcset=\"https:\/\/blogsaverroes.juntadeandalucia.es\/cprtorrejaral\/files\/2023\/05\/IMG_20230515_121653-150x150.jpg 150w, https:\/\/blogsaverroes.juntadeandalucia.es\/cprtorrejaral\/files\/2023\/05\/IMG_20230515_121653-80x80.jpg 80w, https:\/\/blogsaverroes.juntadeandalucia.es\/cprtorrejaral\/files\/2023\/05\/IMG_20230515_121653-320x320.jpg 320w\" sizes=\"(max-width: 150px) 100vw, 150px\" \/><\/a>\n\t\t\t<\/dt><\/dl><dl class='gallery-item'>\n\t\t\t<dt class='gallery-icon landscape'>\n\t\t\t\t<a href='https:\/\/blogsaverroes.juntadeandalucia.es\/cprtorrejaral\/2023\/05\/25\/dia-de-las-familias\/img_20230515_121656\/'><img loading=\"lazy\" decoding=\"async\" width=\"150\" height=\"150\" src=\"https:\/\/blogsaverroes.juntadeandalucia.es\/cprtorrejaral\/files\/2023\/05\/IMG_20230515_121656-150x150.jpg\" class=\"attachment-thumbnail size-thumbnail\" alt=\"\" srcset=\"https:\/\/blogsaverroes.juntadeandalucia.es\/cprtorrejaral\/files\/2023\/05\/IMG_20230515_121656-150x150.jpg 150w, https:\/\/blogsaverroes.juntadeandalucia.es\/cprtorrejaral\/files\/2023\/05\/IMG_20230515_121656-80x80.jpg 80w, https:\/\/blogsaverroes.juntadeandalucia.es\/cprtorrejaral\/files\/2023\/05\/IMG_20230515_121656-320x320.jpg 320w\" sizes=\"(max-width: 150px) 100vw, 150px\" \/><\/a>\n\t\t\t<\/dt><\/dl><dl class='gallery-item'>\n\t\t\t<dt class='gallery-icon landscape'>\n\t\t\t\t<a href='https:\/\/blogsaverroes.juntadeandalucia.es\/cprtorrejaral\/2023\/05\/25\/dia-de-las-familias\/img_20230515_121715-1\/'><img loading=\"lazy\" decoding=\"async\" width=\"150\" height=\"150\" src=\"https:\/\/blogsaverroes.juntadeandalucia.es\/cprtorrejaral\/files\/2023\/05\/IMG_20230515_121715-1-150x150.jpg\" class=\"attachment-thumbnail size-thumbnail\" alt=\"\" srcset=\"https:\/\/blogsaverroes.juntadeandalucia.es\/cprtorrejaral\/files\/2023\/05\/IMG_20230515_121715-1-150x150.jpg 150w, https:\/\/blogsaverroes.juntadeandalucia.es\/cprtorrejaral\/files\/2023\/05\/IMG_20230515_121715-1-80x80.jpg 80w, https:\/\/blogsaverroes.juntadeandalucia.es\/cprtorrejaral\/files\/2023\/05\/IMG_20230515_121715-1-320x320.jpg 320w\" sizes=\"(max-width: 150px) 100vw, 150px\" \/><\/a>\n\t\t\t<\/dt><\/dl><dl class='gallery-item'>\n\t\t\t<dt class='gallery-icon landscape'>\n\t\t\t\t<a href='https:\/\/blogsaverroes.juntadeandalucia.es\/cprtorrejaral\/2023\/05\/25\/dia-de-las-familias\/img_20230515_121715\/'><img loading=\"lazy\" decoding=\"async\" width=\"150\" height=\"150\" src=\"https:\/\/blogsaverroes.juntadeandalucia.es\/cprtorrejaral\/files\/2023\/05\/IMG_20230515_121715-150x150.jpg\" class=\"attachment-thumbnail size-thumbnail\" alt=\"\" srcset=\"https:\/\/blogsaverroes.juntadeandalucia.es\/cprtorrejaral\/files\/2023\/05\/IMG_20230515_121715-150x150.jpg 150w, https:\/\/blogsaverroes.juntadeandalucia.es\/cprtorrejaral\/files\/2023\/05\/IMG_20230515_121715-80x80.jpg 80w, https:\/\/blogsaverroes.juntadeandalucia.es\/cprtorrejaral\/files\/2023\/05\/IMG_20230515_121715-320x320.jpg 320w\" sizes=\"(max-width: 150px) 100vw, 150px\" \/><\/a>\n\t\t\t<\/dt><\/dl><br style=\"clear: both\" \/><dl class='gallery-item'>\n\t\t\t<dt class='gallery-icon landscape'>\n\t\t\t\t<a href='https:\/\/blogsaverroes.juntadeandalucia.es\/cprtorrejaral\/2023\/05\/25\/dia-de-las-familias\/img_20230515_121718\/'><img loading=\"lazy\" decoding=\"async\" width=\"150\" height=\"150\" src=\"https:\/\/blogsaverroes.juntadeandalucia.es\/cprtorrejaral\/files\/2023\/05\/IMG_20230515_121718-150x150.jpg\" class=\"attachment-thumbnail size-thumbnail\" alt=\"\" srcset=\"https:\/\/blogsaverroes.juntadeandalucia.es\/cprtorrejaral\/files\/2023\/05\/IMG_20230515_121718-150x150.jpg 150w, https:\/\/blogsaverroes.juntadeandalucia.es\/cprtorrejaral\/files\/2023\/05\/IMG_20230515_121718-80x80.jpg 80w, https:\/\/blogsaverroes.juntadeandalucia.es\/cprtorrejaral\/files\/2023\/05\/IMG_20230515_121718-320x320.jpg 320w\" sizes=\"(max-width: 150px) 100vw, 150px\" \/><\/a>\n\t\t\t<\/dt><\/dl><dl class='gallery-item'>\n\t\t\t<dt class='gallery-icon landscape'>\n\t\t\t\t<a href='https:\/\/blogsaverroes.juntadeandalucia.es\/cprtorrejaral\/2023\/05\/25\/dia-de-las-familias\/img_20230515_122326\/'><img loading=\"lazy\" decoding=\"async\" width=\"150\" height=\"150\" src=\"https:\/\/blogsaverroes.juntadeandalucia.es\/cprtorrejaral\/files\/2023\/05\/IMG_20230515_122326-150x150.jpg\" class=\"attachment-thumbnail size-thumbnail\" alt=\"\" srcset=\"https:\/\/blogsaverroes.juntadeandalucia.es\/cprtorrejaral\/files\/2023\/05\/IMG_20230515_122326-150x150.jpg 150w, https:\/\/blogsaverroes.juntadeandalucia.es\/cprtorrejaral\/files\/2023\/05\/IMG_20230515_122326-80x80.jpg 80w, https:\/\/blogsaverroes.juntadeandalucia.es\/cprtorrejaral\/files\/2023\/05\/IMG_20230515_122326-320x320.jpg 320w\" sizes=\"(max-width: 150px) 100vw, 150px\" \/><\/a>\n\t\t\t<\/dt><\/dl><dl class='gallery-item'>\n\t\t\t<dt class='gallery-icon landscape'>\n\t\t\t\t<a href='https:\/\/blogsaverroes.juntadeandalucia.es\/cprtorrejaral\/2023\/05\/25\/dia-de-las-familias\/img_20230515_122332\/'><img loading=\"lazy\" decoding=\"async\" width=\"150\" height=\"150\" src=\"https:\/\/blogsaverroes.juntadeandalucia.es\/cprtorrejaral\/files\/2023\/05\/IMG_20230515_122332-150x150.jpg\" class=\"attachment-thumbnail size-thumbnail\" alt=\"\" srcset=\"https:\/\/blogsaverroes.juntadeandalucia.es\/cprtorrejaral\/files\/2023\/05\/IMG_20230515_122332-150x150.jpg 150w, https:\/\/blogsaverroes.juntadeandalucia.es\/cprtorrejaral\/files\/2023\/05\/IMG_20230515_122332-80x80.jpg 80w, https:\/\/blogsaverroes.juntadeandalucia.es\/cprtorrejaral\/files\/2023\/05\/IMG_20230515_122332-320x320.jpg 320w\" sizes=\"(max-width: 150px) 100vw, 150px\" \/><\/a>\n\t\t\t<\/dt><\/dl><dl class='gallery-item'>\n\t\t\t<dt class='gallery-icon landscape'>\n\t\t\t\t<a href='https:\/\/blogsaverroes.juntadeandalucia.es\/cprtorrejaral\/2023\/05\/25\/dia-de-las-familias\/img_20230515_122335\/'><img loading=\"lazy\" decoding=\"async\" width=\"150\" height=\"150\" src=\"https:\/\/blogsaverroes.juntadeandalucia.es\/cprtorrejaral\/files\/2023\/05\/IMG_20230515_122335-150x150.jpg\" class=\"attachment-thumbnail size-thumbnail\" alt=\"\" srcset=\"https:\/\/blogsaverroes.juntadeandalucia.es\/cprtorrejaral\/files\/2023\/05\/IMG_20230515_122335-150x150.jpg 150w, https:\/\/blogsaverroes.juntadeandalucia.es\/cprtorrejaral\/files\/2023\/05\/IMG_20230515_122335-80x80.jpg 80w, https:\/\/blogsaverroes.juntadeandalucia.es\/cprtorrejaral\/files\/2023\/05\/IMG_20230515_122335-320x320.jpg 320w\" sizes=\"(max-width: 150px) 100vw, 150px\" \/><\/a>\n\t\t\t<\/dt><\/dl><br style=\"clear: both\" \/><dl class='gallery-item'>\n\t\t\t<dt class='gallery-icon landscape'>\n\t\t\t\t<a href='https:\/\/blogsaverroes.juntadeandalucia.es\/cprtorrejaral\/2023\/05\/25\/dia-de-las-familias\/img_20230515_122348\/'><img loading=\"lazy\" decoding=\"async\" width=\"150\" height=\"150\" src=\"https:\/\/blogsaverroes.juntadeandalucia.es\/cprtorrejaral\/files\/2023\/05\/IMG_20230515_122348-150x150.jpg\" class=\"attachment-thumbnail size-thumbnail\" alt=\"\" srcset=\"https:\/\/blogsaverroes.juntadeandalucia.es\/cprtorrejaral\/files\/2023\/05\/IMG_20230515_122348-150x150.jpg 150w, https:\/\/blogsaverroes.juntadeandalucia.es\/cprtorrejaral\/files\/2023\/05\/IMG_20230515_122348-80x80.jpg 80w, https:\/\/blogsaverroes.juntadeandalucia.es\/cprtorrejaral\/files\/2023\/05\/IMG_20230515_122348-320x320.jpg 320w\" sizes=\"(max-width: 150px) 100vw, 150px\" \/><\/a>\n\t\t\t<\/dt><\/dl><dl class='gallery-item'>\n\t\t\t<dt class='gallery-icon landscape'>\n\t\t\t\t<a href='https:\/\/blogsaverroes.juntadeandalucia.es\/cprtorrejaral\/2023\/05\/25\/dia-de-las-familias\/img_20230515_122356\/'><img loading=\"lazy\" decoding=\"async\" width=\"150\" height=\"150\" src=\"https:\/\/blogsaverroes.juntadeandalucia.es\/cprtorrejaral\/files\/2023\/05\/IMG_20230515_122356-150x150.jpg\" class=\"attachment-thumbnail size-thumbnail\" alt=\"\" srcset=\"https:\/\/blogsaverroes.juntadeandalucia.es\/cprtorrejaral\/files\/2023\/05\/IMG_20230515_122356-150x150.jpg 150w, https:\/\/blogsaverroes.juntadeandalucia.es\/cprtorrejaral\/files\/2023\/05\/IMG_20230515_122356-80x80.jpg 80w, https:\/\/blogsaverroes.juntadeandalucia.es\/cprtorrejaral\/files\/2023\/05\/IMG_20230515_122356-320x320.jpg 320w\" sizes=\"(max-width: 150px) 100vw, 150px\" \/><\/a>\n\t\t\t<\/dt><\/dl><dl class='gallery-item'>\n\t\t\t<dt class='gallery-icon landscape'>\n\t\t\t\t<a href='https:\/\/blogsaverroes.juntadeandalucia.es\/cprtorrejaral\/2023\/05\/25\/dia-de-las-familias\/img_20230515_122406\/'><img loading=\"lazy\" decoding=\"async\" width=\"150\" height=\"150\" src=\"https:\/\/blogsaverroes.juntadeandalucia.es\/cprtorrejaral\/files\/2023\/05\/IMG_20230515_122406-150x150.jpg\" class=\"attachment-thumbnail size-thumbnail\" alt=\"\" srcset=\"https:\/\/blogsaverroes.juntadeandalucia.es\/cprtorrejaral\/files\/2023\/05\/IMG_20230515_122406-150x150.jpg 150w, https:\/\/blogsaverroes.juntadeandalucia.es\/cprtorrejaral\/files\/2023\/05\/IMG_20230515_122406-80x80.jpg 80w, https:\/\/blogsaverroes.juntadeandalucia.es\/cprtorrejaral\/files\/2023\/05\/IMG_20230515_122406-320x320.jpg 320w\" sizes=\"(max-width: 150px) 100vw, 150px\" \/><\/a>\n\t\t\t<\/dt><\/dl><dl class='gallery-item'>\n\t\t\t<dt class='gallery-icon landscape'>\n\t\t\t\t<a href='https:\/\/blogsaverroes.juntadeandalucia.es\/cprtorrejaral\/2023\/05\/25\/dia-de-las-familias\/img_20230515_122408\/'><img loading=\"lazy\" decoding=\"async\" width=\"150\" height=\"150\" src=\"https:\/\/blogsaverroes.juntadeandalucia.es\/cprtorrejaral\/files\/2023\/05\/IMG_20230515_122408-150x150.jpg\" class=\"attachment-thumbnail size-thumbnail\" alt=\"\" srcset=\"https:\/\/blogsaverroes.juntadeandalucia.es\/cprtorrejaral\/files\/2023\/05\/IMG_20230515_122408-150x150.jpg 150w, https:\/\/blogsaverroes.juntadeandalucia.es\/cprtorrejaral\/files\/2023\/05\/IMG_20230515_122408-80x80.jpg 80w, https:\/\/blogsaverroes.juntadeandalucia.es\/cprtorrejaral\/files\/2023\/05\/IMG_20230515_122408-320x320.jpg 320w\" sizes=\"(max-width: 150px) 100vw, 150px\" \/><\/a>\n\t\t\t<\/dt><\/dl><br style=\"clear: both\" \/><dl class='gallery-item'>\n\t\t\t<dt class='gallery-icon landscape'>\n\t\t\t\t<a href='https:\/\/blogsaverroes.juntadeandalucia.es\/cprtorrejaral\/2023\/05\/25\/dia-de-las-familias\/img_20230515_122413\/'><img loading=\"lazy\" decoding=\"async\" width=\"150\" height=\"150\" src=\"https:\/\/blogsaverroes.juntadeandalucia.es\/cprtorrejaral\/files\/2023\/05\/IMG_20230515_122413-150x150.jpg\" class=\"attachment-thumbnail size-thumbnail\" alt=\"\" srcset=\"https:\/\/blogsaverroes.juntadeandalucia.es\/cprtorrejaral\/files\/2023\/05\/IMG_20230515_122413-150x150.jpg 150w, https:\/\/blogsaverroes.juntadeandalucia.es\/cprtorrejaral\/files\/2023\/05\/IMG_20230515_122413-80x80.jpg 80w, https:\/\/blogsaverroes.juntadeandalucia.es\/cprtorrejaral\/files\/2023\/05\/IMG_20230515_122413-320x320.jpg 320w\" sizes=\"(max-width: 150px) 100vw, 150px\" \/><\/a>\n\t\t\t<\/dt><\/dl><dl class='gallery-item'>\n\t\t\t<dt class='gallery-icon landscape'>\n\t\t\t\t<a href='https:\/\/blogsaverroes.juntadeandalucia.es\/cprtorrejaral\/2023\/05\/25\/dia-de-las-familias\/img_20230515_122427\/'><img loading=\"lazy\" decoding=\"async\" width=\"150\" height=\"150\" src=\"https:\/\/blogsaverroes.juntadeandalucia.es\/cprtorrejaral\/files\/2023\/05\/IMG_20230515_122427-150x150.jpg\" class=\"attachment-thumbnail size-thumbnail\" alt=\"\" srcset=\"https:\/\/blogsaverroes.juntadeandalucia.es\/cprtorrejaral\/files\/2023\/05\/IMG_20230515_122427-150x150.jpg 150w, https:\/\/blogsaverroes.juntadeandalucia.es\/cprtorrejaral\/files\/2023\/05\/IMG_20230515_122427-80x80.jpg 80w, https:\/\/blogsaverroes.juntadeandalucia.es\/cprtorrejaral\/files\/2023\/05\/IMG_20230515_122427-320x320.jpg 320w\" sizes=\"(max-width: 150px) 100vw, 150px\" \/><\/a>\n\t\t\t<\/dt><\/dl><dl class='gallery-item'>\n\t\t\t<dt class='gallery-icon landscape'>\n\t\t\t\t<a href='https:\/\/blogsaverroes.juntadeandalucia.es\/cprtorrejaral\/2023\/05\/25\/dia-de-las-familias\/img_20230515_122453\/'><img loading=\"lazy\" decoding=\"async\" width=\"150\" height=\"150\" src=\"https:\/\/blogsaverroes.juntadeandalucia.es\/cprtorrejaral\/files\/2023\/05\/IMG_20230515_122453-150x150.jpg\" class=\"attachment-thumbnail size-thumbnail\" alt=\"\" srcset=\"https:\/\/blogsaverroes.juntadeandalucia.es\/cprtorrejaral\/files\/2023\/05\/IMG_20230515_122453-150x150.jpg 150w, https:\/\/blogsaverroes.juntadeandalucia.es\/cprtorrejaral\/files\/2023\/05\/IMG_20230515_122453-80x80.jpg 80w, https:\/\/blogsaverroes.juntadeandalucia.es\/cprtorrejaral\/files\/2023\/05\/IMG_20230515_122453-320x320.jpg 320w\" sizes=\"(max-width: 150px) 100vw, 150px\" \/><\/a>\n\t\t\t<\/dt><\/dl><dl class='gallery-item'>\n\t\t\t<dt class='gallery-icon landscape'>\n\t\t\t\t<a href='https:\/\/blogsaverroes.juntadeandalucia.es\/cprtorrejaral\/2023\/05\/25\/dia-de-las-familias\/img_20230515_122454\/'><img loading=\"lazy\" decoding=\"async\" width=\"150\" height=\"150\" src=\"https:\/\/blogsaverroes.juntadeandalucia.es\/cprtorrejaral\/files\/2023\/05\/IMG_20230515_122454-150x150.jpg\" class=\"attachment-thumbnail size-thumbnail\" alt=\"\" srcset=\"https:\/\/blogsaverroes.juntadeandalucia.es\/cprtorrejaral\/files\/2023\/05\/IMG_20230515_122454-150x150.jpg 150w, https:\/\/blogsaverroes.juntadeandalucia.es\/cprtorrejaral\/files\/2023\/05\/IMG_20230515_122454-80x80.jpg 80w, https:\/\/blogsaverroes.juntadeandalucia.es\/cprtorrejaral\/files\/2023\/05\/IMG_20230515_122454-320x320.jpg 320w\" sizes=\"(max-width: 150px) 100vw, 150px\" \/><\/a>\n\t\t\t<\/dt><\/dl><br style=\"clear: both\" \/><dl class='gallery-item'>\n\t\t\t<dt class='gallery-icon landscape'>\n\t\t\t\t<a href='https:\/\/blogsaverroes.juntadeandalucia.es\/cprtorrejaral\/2023\/05\/25\/dia-de-las-familias\/img_20230515_122507\/'><img loading=\"lazy\" decoding=\"async\" width=\"150\" height=\"150\" src=\"https:\/\/blogsaverroes.juntadeandalucia.es\/cprtorrejaral\/files\/2023\/05\/IMG_20230515_122507-150x150.jpg\" class=\"attachment-thumbnail size-thumbnail\" alt=\"\" srcset=\"https:\/\/blogsaverroes.juntadeandalucia.es\/cprtorrejaral\/files\/2023\/05\/IMG_20230515_122507-150x150.jpg 150w, https:\/\/blogsaverroes.juntadeandalucia.es\/cprtorrejaral\/files\/2023\/05\/IMG_20230515_122507-80x80.jpg 80w, https:\/\/blogsaverroes.juntadeandalucia.es\/cprtorrejaral\/files\/2023\/05\/IMG_20230515_122507-320x320.jpg 320w\" sizes=\"(max-width: 150px) 100vw, 150px\" \/><\/a>\n\t\t\t<\/dt><\/dl><dl class='gallery-item'>\n\t\t\t<dt class='gallery-icon landscape'>\n\t\t\t\t<a href='https:\/\/blogsaverroes.juntadeandalucia.es\/cprtorrejaral\/2023\/05\/25\/dia-de-las-familias\/img_20230515_122510\/'><img loading=\"lazy\" decoding=\"async\" width=\"150\" height=\"150\" src=\"https:\/\/blogsaverroes.juntadeandalucia.es\/cprtorrejaral\/files\/2023\/05\/IMG_20230515_122510-150x150.jpg\" class=\"attachment-thumbnail size-thumbnail\" alt=\"\" srcset=\"https:\/\/blogsaverroes.juntadeandalucia.es\/cprtorrejaral\/files\/2023\/05\/IMG_20230515_122510-150x150.jpg 150w, https:\/\/blogsaverroes.juntadeandalucia.es\/cprtorrejaral\/files\/2023\/05\/IMG_20230515_122510-80x80.jpg 80w, https:\/\/blogsaverroes.juntadeandalucia.es\/cprtorrejaral\/files\/2023\/05\/IMG_20230515_122510-320x320.jpg 320w\" sizes=\"(max-width: 150px) 100vw, 150px\" \/><\/a>\n\t\t\t<\/dt><\/dl><dl class='gallery-item'>\n\t\t\t<dt class='gallery-icon landscape'>\n\t\t\t\t<a href='https:\/\/blogsaverroes.juntadeandalucia.es\/cprtorrejaral\/2023\/05\/25\/dia-de-las-familias\/img_20230515_122607\/'><img loading=\"lazy\" decoding=\"async\" width=\"150\" height=\"150\" src=\"https:\/\/blogsaverroes.juntadeandalucia.es\/cprtorrejaral\/files\/2023\/05\/IMG_20230515_122607-150x150.jpg\" class=\"attachment-thumbnail size-thumbnail\" alt=\"\" srcset=\"https:\/\/blogsaverroes.juntadeandalucia.es\/cprtorrejaral\/files\/2023\/05\/IMG_20230515_122607-150x150.jpg 150w, https:\/\/blogsaverroes.juntadeandalucia.es\/cprtorrejaral\/files\/2023\/05\/IMG_20230515_122607-80x80.jpg 80w, https:\/\/blogsaverroes.juntadeandalucia.es\/cprtorrejaral\/files\/2023\/05\/IMG_20230515_122607-320x320.jpg 320w\" sizes=\"(max-width: 150px) 100vw, 150px\" \/><\/a>\n\t\t\t<\/dt><\/dl><dl class='gallery-item'>\n\t\t\t<dt class='gallery-icon landscape'>\n\t\t\t\t<a href='https:\/\/blogsaverroes.juntadeandalucia.es\/cprtorrejaral\/2023\/05\/25\/dia-de-las-familias\/img_20230515_122609\/'><img loading=\"lazy\" decoding=\"async\" width=\"150\" height=\"150\" src=\"https:\/\/blogsaverroes.juntadeandalucia.es\/cprtorrejaral\/files\/2023\/05\/IMG_20230515_122609-150x150.jpg\" class=\"attachment-thumbnail size-thumbnail\" alt=\"\" srcset=\"https:\/\/blogsaverroes.juntadeandalucia.es\/cprtorrejaral\/files\/2023\/05\/IMG_20230515_122609-150x150.jpg 150w, https:\/\/blogsaverroes.juntadeandalucia.es\/cprtorrejaral\/files\/2023\/05\/IMG_20230515_122609-80x80.jpg 80w, https:\/\/blogsaverroes.juntadeandalucia.es\/cprtorrejaral\/files\/2023\/05\/IMG_20230515_122609-320x320.jpg 320w\" sizes=\"(max-width: 150px) 100vw, 150px\" \/><\/a>\n\t\t\t<\/dt><\/dl><br style=\"clear: both\" \/><dl class='gallery-item'>\n\t\t\t<dt class='gallery-icon landscape'>\n\t\t\t\t<a href='https:\/\/blogsaverroes.juntadeandalucia.es\/cprtorrejaral\/2023\/05\/25\/dia-de-las-familias\/img_20230515_122613\/'><img loading=\"lazy\" decoding=\"async\" width=\"150\" height=\"150\" src=\"https:\/\/blogsaverroes.juntadeandalucia.es\/cprtorrejaral\/files\/2023\/05\/IMG_20230515_122613-150x150.jpg\" class=\"attachment-thumbnail size-thumbnail\" alt=\"\" srcset=\"https:\/\/blogsaverroes.juntadeandalucia.es\/cprtorrejaral\/files\/2023\/05\/IMG_20230515_122613-150x150.jpg 150w, https:\/\/blogsaverroes.juntadeandalucia.es\/cprtorrejaral\/files\/2023\/05\/IMG_20230515_122613-80x80.jpg 80w, https:\/\/blogsaverroes.juntadeandalucia.es\/cprtorrejaral\/files\/2023\/05\/IMG_20230515_122613-320x320.jpg 320w\" sizes=\"(max-width: 150px) 100vw, 150px\" \/><\/a>\n\t\t\t<\/dt><\/dl><dl class='gallery-item'>\n\t\t\t<dt class='gallery-icon landscape'>\n\t\t\t\t<a href='https:\/\/blogsaverroes.juntadeandalucia.es\/cprtorrejaral\/2023\/05\/25\/dia-de-las-familias\/img_20230515_122623\/'><img loading=\"lazy\" decoding=\"async\" width=\"150\" height=\"150\" src=\"https:\/\/blogsaverroes.juntadeandalucia.es\/cprtorrejaral\/files\/2023\/05\/IMG_20230515_122623-150x150.jpg\" class=\"attachment-thumbnail size-thumbnail\" alt=\"\" srcset=\"https:\/\/blogsaverroes.juntadeandalucia.es\/cprtorrejaral\/files\/2023\/05\/IMG_20230515_122623-150x150.jpg 150w, https:\/\/blogsaverroes.juntadeandalucia.es\/cprtorrejaral\/files\/2023\/05\/IMG_20230515_122623-80x80.jpg 80w, https:\/\/blogsaverroes.juntadeandalucia.es\/cprtorrejaral\/files\/2023\/05\/IMG_20230515_122623-320x320.jpg 320w\" sizes=\"(max-width: 150px) 100vw, 150px\" \/><\/a>\n\t\t\t<\/dt><\/dl><dl class='gallery-item'>\n\t\t\t<dt class='gallery-icon landscape'>\n\t\t\t\t<a href='https:\/\/blogsaverroes.juntadeandalucia.es\/cprtorrejaral\/2023\/05\/25\/dia-de-las-familias\/img_20230515_122640\/'><img loading=\"lazy\" decoding=\"async\" width=\"150\" height=\"150\" src=\"https:\/\/blogsaverroes.juntadeandalucia.es\/cprtorrejaral\/files\/2023\/05\/IMG_20230515_122640-150x150.jpg\" class=\"attachment-thumbnail size-thumbnail\" alt=\"\" srcset=\"https:\/\/blogsaverroes.juntadeandalucia.es\/cprtorrejaral\/files\/2023\/05\/IMG_20230515_122640-150x150.jpg 150w, https:\/\/blogsaverroes.juntadeandalucia.es\/cprtorrejaral\/files\/2023\/05\/IMG_20230515_122640-80x80.jpg 80w, https:\/\/blogsaverroes.juntadeandalucia.es\/cprtorrejaral\/files\/2023\/05\/IMG_20230515_122640-320x320.jpg 320w\" sizes=\"(max-width: 150px) 100vw, 150px\" \/><\/a>\n\t\t\t<\/dt><\/dl><dl class='gallery-item'>\n\t\t\t<dt class='gallery-icon landscape'>\n\t\t\t\t<a href='https:\/\/blogsaverroes.juntadeandalucia.es\/cprtorrejaral\/2023\/05\/25\/dia-de-las-familias\/img_20230515_122717\/'><img loading=\"lazy\" decoding=\"async\" width=\"150\" height=\"150\" src=\"https:\/\/blogsaverroes.juntadeandalucia.es\/cprtorrejaral\/files\/2023\/05\/IMG_20230515_122717-150x150.jpg\" class=\"attachment-thumbnail size-thumbnail\" alt=\"\" srcset=\"https:\/\/blogsaverroes.juntadeandalucia.es\/cprtorrejaral\/files\/2023\/05\/IMG_20230515_122717-150x150.jpg 150w, https:\/\/blogsaverroes.juntadeandalucia.es\/cprtorrejaral\/files\/2023\/05\/IMG_20230515_122717-80x80.jpg 80w, https:\/\/blogsaverroes.juntadeandalucia.es\/cprtorrejaral\/files\/2023\/05\/IMG_20230515_122717-320x320.jpg 320w\" sizes=\"(max-width: 150px) 100vw, 150px\" \/><\/a>\n\t\t\t<\/dt><\/dl><br style=\"clear: both\" \/><dl class='gallery-item'>\n\t\t\t<dt class='gallery-icon landscape'>\n\t\t\t\t<a href='https:\/\/blogsaverroes.juntadeandalucia.es\/cprtorrejaral\/2023\/05\/25\/dia-de-las-familias\/img_20230515_122818\/'><img loading=\"lazy\" decoding=\"async\" width=\"150\" height=\"150\" src=\"https:\/\/blogsaverroes.juntadeandalucia.es\/cprtorrejaral\/files\/2023\/05\/IMG_20230515_122818-150x150.jpg\" class=\"attachment-thumbnail size-thumbnail\" alt=\"\" srcset=\"https:\/\/blogsaverroes.juntadeandalucia.es\/cprtorrejaral\/files\/2023\/05\/IMG_20230515_122818-150x150.jpg 150w, https:\/\/blogsaverroes.juntadeandalucia.es\/cprtorrejaral\/files\/2023\/05\/IMG_20230515_122818-80x80.jpg 80w, https:\/\/blogsaverroes.juntadeandalucia.es\/cprtorrejaral\/files\/2023\/05\/IMG_20230515_122818-320x320.jpg 320w\" sizes=\"(max-width: 150px) 100vw, 150px\" \/><\/a>\n\t\t\t<\/dt><\/dl><dl class='gallery-item'>\n\t\t\t<dt class='gallery-icon landscape'>\n\t\t\t\t<a href='https:\/\/blogsaverroes.juntadeandalucia.es\/cprtorrejaral\/2023\/05\/25\/dia-de-las-familias\/img_20230515_123133\/'><img loading=\"lazy\" decoding=\"async\" width=\"150\" height=\"150\" src=\"https:\/\/blogsaverroes.juntadeandalucia.es\/cprtorrejaral\/files\/2023\/05\/IMG_20230515_123133-150x150.jpg\" class=\"attachment-thumbnail size-thumbnail\" alt=\"\" srcset=\"https:\/\/blogsaverroes.juntadeandalucia.es\/cprtorrejaral\/files\/2023\/05\/IMG_20230515_123133-150x150.jpg 150w, https:\/\/blogsaverroes.juntadeandalucia.es\/cprtorrejaral\/files\/2023\/05\/IMG_20230515_123133-80x80.jpg 80w, https:\/\/blogsaverroes.juntadeandalucia.es\/cprtorrejaral\/files\/2023\/05\/IMG_20230515_123133-320x320.jpg 320w\" sizes=\"(max-width: 150px) 100vw, 150px\" \/><\/a>\n\t\t\t<\/dt><\/dl><dl class='gallery-item'>\n\t\t\t<dt class='gallery-icon landscape'>\n\t\t\t\t<a href='https:\/\/blogsaverroes.juntadeandalucia.es\/cprtorrejaral\/2023\/05\/25\/dia-de-las-familias\/img_20230515_123140\/'><img loading=\"lazy\" decoding=\"async\" width=\"150\" height=\"150\" src=\"https:\/\/blogsaverroes.juntadeandalucia.es\/cprtorrejaral\/files\/2023\/05\/IMG_20230515_123140-150x150.jpg\" class=\"attachment-thumbnail size-thumbnail\" alt=\"\" srcset=\"https:\/\/blogsaverroes.juntadeandalucia.es\/cprtorrejaral\/files\/2023\/05\/IMG_20230515_123140-150x150.jpg 150w, https:\/\/blogsaverroes.juntadeandalucia.es\/cprtorrejaral\/files\/2023\/05\/IMG_20230515_123140-80x80.jpg 80w, https:\/\/blogsaverroes.juntadeandalucia.es\/cprtorrejaral\/files\/2023\/05\/IMG_20230515_123140-320x320.jpg 320w\" sizes=\"(max-width: 150px) 100vw, 150px\" \/><\/a>\n\t\t\t<\/dt><\/dl><dl class='gallery-item'>\n\t\t\t<dt class='gallery-icon landscape'>\n\t\t\t\t<a href='https:\/\/blogsaverroes.juntadeandalucia.es\/cprtorrejaral\/2023\/05\/25\/dia-de-las-familias\/img_20230515_123154\/'><img loading=\"lazy\" decoding=\"async\" width=\"150\" height=\"150\" src=\"https:\/\/blogsaverroes.juntadeandalucia.es\/cprtorrejaral\/files\/2023\/05\/IMG_20230515_123154-150x150.jpg\" class=\"attachment-thumbnail size-thumbnail\" alt=\"\" srcset=\"https:\/\/blogsaverroes.juntadeandalucia.es\/cprtorrejaral\/files\/2023\/05\/IMG_20230515_123154-150x150.jpg 150w, https:\/\/blogsaverroes.juntadeandalucia.es\/cprtorrejaral\/files\/2023\/05\/IMG_20230515_123154-80x80.jpg 80w, https:\/\/blogsaverroes.juntadeandalucia.es\/cprtorrejaral\/files\/2023\/05\/IMG_20230515_123154-320x320.jpg 320w\" sizes=\"(max-width: 150px) 100vw, 150px\" \/><\/a>\n\t\t\t<\/dt><\/dl><br style=\"clear: both\" \/><dl class='gallery-item'>\n\t\t\t<dt class='gallery-icon landscape'>\n\t\t\t\t<a href='https:\/\/blogsaverroes.juntadeandalucia.es\/cprtorrejaral\/2023\/05\/25\/dia-de-las-familias\/img_20230515_123220\/'><img loading=\"lazy\" decoding=\"async\" width=\"150\" height=\"150\" src=\"https:\/\/blogsaverroes.juntadeandalucia.es\/cprtorrejaral\/files\/2023\/05\/IMG_20230515_123220-150x150.jpg\" class=\"attachment-thumbnail size-thumbnail\" alt=\"\" srcset=\"https:\/\/blogsaverroes.juntadeandalucia.es\/cprtorrejaral\/files\/2023\/05\/IMG_20230515_123220-150x150.jpg 150w, https:\/\/blogsaverroes.juntadeandalucia.es\/cprtorrejaral\/files\/2023\/05\/IMG_20230515_123220-80x80.jpg 80w, https:\/\/blogsaverroes.juntadeandalucia.es\/cprtorrejaral\/files\/2023\/05\/IMG_20230515_123220-320x320.jpg 320w\" sizes=\"(max-width: 150px) 100vw, 150px\" \/><\/a>\n\t\t\t<\/dt><\/dl><dl class='gallery-item'>\n\t\t\t<dt class='gallery-icon landscape'>\n\t\t\t\t<a href='https:\/\/blogsaverroes.juntadeandalucia.es\/cprtorrejaral\/2023\/05\/25\/dia-de-las-familias\/img_20230515_123235\/'><img loading=\"lazy\" decoding=\"async\" width=\"150\" height=\"150\" src=\"https:\/\/blogsaverroes.juntadeandalucia.es\/cprtorrejaral\/files\/2023\/05\/IMG_20230515_123235-150x150.jpg\" class=\"attachment-thumbnail size-thumbnail\" alt=\"\" srcset=\"https:\/\/blogsaverroes.juntadeandalucia.es\/cprtorrejaral\/files\/2023\/05\/IMG_20230515_123235-150x150.jpg 150w, https:\/\/blogsaverroes.juntadeandalucia.es\/cprtorrejaral\/files\/2023\/05\/IMG_20230515_123235-80x80.jpg 80w, https:\/\/blogsaverroes.juntadeandalucia.es\/cprtorrejaral\/files\/2023\/05\/IMG_20230515_123235-320x320.jpg 320w\" sizes=\"(max-width: 150px) 100vw, 150px\" \/><\/a>\n\t\t\t<\/dt><\/dl><dl class='gallery-item'>\n\t\t\t<dt class='gallery-icon landscape'>\n\t\t\t\t<a href='https:\/\/blogsaverroes.juntadeandalucia.es\/cprtorrejaral\/2023\/05\/25\/dia-de-las-familias\/img_20230515_123254\/'><img loading=\"lazy\" decoding=\"async\" width=\"150\" height=\"150\" src=\"https:\/\/blogsaverroes.juntadeandalucia.es\/cprtorrejaral\/files\/2023\/05\/IMG_20230515_123254-150x150.jpg\" class=\"attachment-thumbnail size-thumbnail\" alt=\"\" srcset=\"https:\/\/blogsaverroes.juntadeandalucia.es\/cprtorrejaral\/files\/2023\/05\/IMG_20230515_123254-150x150.jpg 150w, https:\/\/blogsaverroes.juntadeandalucia.es\/cprtorrejaral\/files\/2023\/05\/IMG_20230515_123254-80x80.jpg 80w, https:\/\/blogsaverroes.juntadeandalucia.es\/cprtorrejaral\/files\/2023\/05\/IMG_20230515_123254-320x320.jpg 320w\" sizes=\"(max-width: 150px) 100vw, 150px\" \/><\/a>\n\t\t\t<\/dt><\/dl><dl class='gallery-item'>\n\t\t\t<dt class='gallery-icon landscape'>\n\t\t\t\t<a href='https:\/\/blogsaverroes.juntadeandalucia.es\/cprtorrejaral\/2023\/05\/25\/dia-de-las-familias\/img_20230515_123256\/'><img loading=\"lazy\" decoding=\"async\" width=\"150\" height=\"150\" src=\"https:\/\/blogsaverroes.juntadeandalucia.es\/cprtorrejaral\/files\/2023\/05\/IMG_20230515_123256-150x150.jpg\" class=\"attachment-thumbnail size-thumbnail\" alt=\"\" srcset=\"https:\/\/blogsaverroes.juntadeandalucia.es\/cprtorrejaral\/files\/2023\/05\/IMG_20230515_123256-150x150.jpg 150w, https:\/\/blogsaverroes.juntadeandalucia.es\/cprtorrejaral\/files\/2023\/05\/IMG_20230515_123256-80x80.jpg 80w, https:\/\/blogsaverroes.juntadeandalucia.es\/cprtorrejaral\/files\/2023\/05\/IMG_20230515_123256-320x320.jpg 320w\" sizes=\"(max-width: 150px) 100vw, 150px\" \/><\/a>\n\t\t\t<\/dt><\/dl><br style=\"clear: both\" \/><dl class='gallery-item'>\n\t\t\t<dt class='gallery-icon landscape'>\n\t\t\t\t<a href='https:\/\/blogsaverroes.juntadeandalucia.es\/cprtorrejaral\/2023\/05\/25\/dia-de-las-familias\/img_20230515_123305\/'><img loading=\"lazy\" decoding=\"async\" width=\"150\" height=\"150\" src=\"https:\/\/blogsaverroes.juntadeandalucia.es\/cprtorrejaral\/files\/2023\/05\/IMG_20230515_123305-150x150.jpg\" class=\"attachment-thumbnail size-thumbnail\" alt=\"\" srcset=\"https:\/\/blogsaverroes.juntadeandalucia.es\/cprtorrejaral\/files\/2023\/05\/IMG_20230515_123305-150x150.jpg 150w, https:\/\/blogsaverroes.juntadeandalucia.es\/cprtorrejaral\/files\/2023\/05\/IMG_20230515_123305-80x80.jpg 80w, https:\/\/blogsaverroes.juntadeandalucia.es\/cprtorrejaral\/files\/2023\/05\/IMG_20230515_123305-320x320.jpg 320w\" sizes=\"(max-width: 150px) 100vw, 150px\" \/><\/a>\n\t\t\t<\/dt><\/dl><dl class='gallery-item'>\n\t\t\t<dt class='gallery-icon landscape'>\n\t\t\t\t<a href='https:\/\/blogsaverroes.juntadeandalucia.es\/cprtorrejaral\/2023\/05\/25\/dia-de-las-familias\/img_20230515_123307\/'><img loading=\"lazy\" decoding=\"async\" width=\"150\" height=\"150\" src=\"https:\/\/blogsaverroes.juntadeandalucia.es\/cprtorrejaral\/files\/2023\/05\/IMG_20230515_123307-150x150.jpg\" class=\"attachment-thumbnail size-thumbnail\" alt=\"\" srcset=\"https:\/\/blogsaverroes.juntadeandalucia.es\/cprtorrejaral\/files\/2023\/05\/IMG_20230515_123307-150x150.jpg 150w, https:\/\/blogsaverroes.juntadeandalucia.es\/cprtorrejaral\/files\/2023\/05\/IMG_20230515_123307-80x80.jpg 80w, https:\/\/blogsaverroes.juntadeandalucia.es\/cprtorrejaral\/files\/2023\/05\/IMG_20230515_123307-320x320.jpg 320w\" sizes=\"(max-width: 150px) 100vw, 150px\" \/><\/a>\n\t\t\t<\/dt><\/dl><dl class='gallery-item'>\n\t\t\t<dt class='gallery-icon landscape'>\n\t\t\t\t<a href='https:\/\/blogsaverroes.juntadeandalucia.es\/cprtorrejaral\/2023\/05\/25\/dia-de-las-familias\/img_20230515_123646\/'><img loading=\"lazy\" decoding=\"async\" width=\"150\" height=\"150\" src=\"https:\/\/blogsaverroes.juntadeandalucia.es\/cprtorrejaral\/files\/2023\/05\/IMG_20230515_123646-150x150.jpg\" class=\"attachment-thumbnail size-thumbnail\" alt=\"\" srcset=\"https:\/\/blogsaverroes.juntadeandalucia.es\/cprtorrejaral\/files\/2023\/05\/IMG_20230515_123646-150x150.jpg 150w, https:\/\/blogsaverroes.juntadeandalucia.es\/cprtorrejaral\/files\/2023\/05\/IMG_20230515_123646-80x80.jpg 80w, https:\/\/blogsaverroes.juntadeandalucia.es\/cprtorrejaral\/files\/2023\/05\/IMG_20230515_123646-320x320.jpg 320w\" sizes=\"(max-width: 150px) 100vw, 150px\" \/><\/a>\n\t\t\t<\/dt><\/dl><dl class='gallery-item'>\n\t\t\t<dt class='gallery-icon landscape'>\n\t\t\t\t<a href='https:\/\/blogsaverroes.juntadeandalucia.es\/cprtorrejaral\/2023\/05\/25\/dia-de-las-familias\/img_20230515_123659\/'><img loading=\"lazy\" decoding=\"async\" width=\"150\" height=\"150\" src=\"https:\/\/blogsaverroes.juntadeandalucia.es\/cprtorrejaral\/files\/2023\/05\/IMG_20230515_123659-150x150.jpg\" class=\"attachment-thumbnail size-thumbnail\" alt=\"\" srcset=\"https:\/\/blogsaverroes.juntadeandalucia.es\/cprtorrejaral\/files\/2023\/05\/IMG_20230515_123659-150x150.jpg 150w, https:\/\/blogsaverroes.juntadeandalucia.es\/cprtorrejaral\/files\/2023\/05\/IMG_20230515_123659-80x80.jpg 80w, https:\/\/blogsaverroes.juntadeandalucia.es\/cprtorrejaral\/files\/2023\/05\/IMG_20230515_123659-320x320.jpg 320w\" sizes=\"(max-width: 150px) 100vw, 150px\" \/><\/a>\n\t\t\t<\/dt><\/dl><br style=\"clear: both\" \/><dl class='gallery-item'>\n\t\t\t<dt class='gallery-icon landscape'>\n\t\t\t\t<a href='https:\/\/blogsaverroes.juntadeandalucia.es\/cprtorrejaral\/2023\/05\/25\/dia-de-las-familias\/img_20230515_124231\/'><img loading=\"lazy\" decoding=\"async\" width=\"150\" height=\"150\" src=\"https:\/\/blogsaverroes.juntadeandalucia.es\/cprtorrejaral\/files\/2023\/05\/IMG_20230515_124231-150x150.jpg\" class=\"attachment-thumbnail size-thumbnail\" alt=\"\" srcset=\"https:\/\/blogsaverroes.juntadeandalucia.es\/cprtorrejaral\/files\/2023\/05\/IMG_20230515_124231-150x150.jpg 150w, https:\/\/blogsaverroes.juntadeandalucia.es\/cprtorrejaral\/files\/2023\/05\/IMG_20230515_124231-80x80.jpg 80w, https:\/\/blogsaverroes.juntadeandalucia.es\/cprtorrejaral\/files\/2023\/05\/IMG_20230515_124231-320x320.jpg 320w\" sizes=\"(max-width: 150px) 100vw, 150px\" \/><\/a>\n\t\t\t<\/dt><\/dl><dl class='gallery-item'>\n\t\t\t<dt class='gallery-icon landscape'>\n\t\t\t\t<a href='https:\/\/blogsaverroes.juntadeandalucia.es\/cprtorrejaral\/2023\/05\/25\/dia-de-las-familias\/img_20230515_124240\/'><img loading=\"lazy\" decoding=\"async\" width=\"150\" height=\"150\" src=\"https:\/\/blogsaverroes.juntadeandalucia.es\/cprtorrejaral\/files\/2023\/05\/IMG_20230515_124240-150x150.jpg\" class=\"attachment-thumbnail size-thumbnail\" alt=\"\" srcset=\"https:\/\/blogsaverroes.juntadeandalucia.es\/cprtorrejaral\/files\/2023\/05\/IMG_20230515_124240-150x150.jpg 150w, https:\/\/blogsaverroes.juntadeandalucia.es\/cprtorrejaral\/files\/2023\/05\/IMG_20230515_124240-80x80.jpg 80w, https:\/\/blogsaverroes.juntadeandalucia.es\/cprtorrejaral\/files\/2023\/05\/IMG_20230515_124240-320x320.jpg 320w\" sizes=\"(max-width: 150px) 100vw, 150px\" \/><\/a>\n\t\t\t<\/dt><\/dl><dl class='gallery-item'>\n\t\t\t<dt class='gallery-icon landscape'>\n\t\t\t\t<a href='https:\/\/blogsaverroes.juntadeandalucia.es\/cprtorrejaral\/2023\/05\/25\/dia-de-las-familias\/img_20230515_124244\/'><img loading=\"lazy\" decoding=\"async\" width=\"150\" height=\"150\" src=\"https:\/\/blogsaverroes.juntadeandalucia.es\/cprtorrejaral\/files\/2023\/05\/IMG_20230515_124244-150x150.jpg\" class=\"attachment-thumbnail size-thumbnail\" alt=\"\" srcset=\"https:\/\/blogsaverroes.juntadeandalucia.es\/cprtorrejaral\/files\/2023\/05\/IMG_20230515_124244-150x150.jpg 150w, https:\/\/blogsaverroes.juntadeandalucia.es\/cprtorrejaral\/files\/2023\/05\/IMG_20230515_124244-80x80.jpg 80w, https:\/\/blogsaverroes.juntadeandalucia.es\/cprtorrejaral\/files\/2023\/05\/IMG_20230515_124244-320x320.jpg 320w\" sizes=\"(max-width: 150px) 100vw, 150px\" \/><\/a>\n\t\t\t<\/dt><\/dl><dl class='gallery-item'>\n\t\t\t<dt class='gallery-icon portrait'>\n\t\t\t\t<a href='https:\/\/blogsaverroes.juntadeandalucia.es\/cprtorrejaral\/2023\/05\/25\/dia-de-las-familias\/img_20230515_124558\/'><img loading=\"lazy\" decoding=\"async\" width=\"150\" height=\"150\" src=\"https:\/\/blogsaverroes.juntadeandalucia.es\/cprtorrejaral\/files\/2023\/05\/IMG_20230515_124558-150x150.jpg\" class=\"attachment-thumbnail size-thumbnail\" alt=\"\" srcset=\"https:\/\/blogsaverroes.juntadeandalucia.es\/cprtorrejaral\/files\/2023\/05\/IMG_20230515_124558-150x150.jpg 150w, https:\/\/blogsaverroes.juntadeandalucia.es\/cprtorrejaral\/files\/2023\/05\/IMG_20230515_124558-80x80.jpg 80w, https:\/\/blogsaverroes.juntadeandalucia.es\/cprtorrejaral\/files\/2023\/05\/IMG_20230515_124558-320x320.jpg 320w\" sizes=\"(max-width: 150px) 100vw, 150px\" \/><\/a>\n\t\t\t<\/dt><\/dl><br style=\"clear: both\" \/><dl class='gallery-item'>\n\t\t\t<dt class='gallery-icon landscape'>\n\t\t\t\t<a href='https:\/\/blogsaverroes.juntadeandalucia.es\/cprtorrejaral\/2023\/05\/25\/dia-de-las-familias\/img_20230515_124722\/'><img loading=\"lazy\" decoding=\"async\" width=\"150\" height=\"150\" src=\"https:\/\/blogsaverroes.juntadeandalucia.es\/cprtorrejaral\/files\/2023\/05\/IMG_20230515_124722-150x150.jpg\" class=\"attachment-thumbnail size-thumbnail\" alt=\"\" srcset=\"https:\/\/blogsaverroes.juntadeandalucia.es\/cprtorrejaral\/files\/2023\/05\/IMG_20230515_124722-150x150.jpg 150w, https:\/\/blogsaverroes.juntadeandalucia.es\/cprtorrejaral\/files\/2023\/05\/IMG_20230515_124722-80x80.jpg 80w, https:\/\/blogsaverroes.juntadeandalucia.es\/cprtorrejaral\/files\/2023\/05\/IMG_20230515_124722-320x320.jpg 320w\" sizes=\"(max-width: 150px) 100vw, 150px\" \/><\/a>\n\t\t\t<\/dt><\/dl><dl class='gallery-item'>\n\t\t\t<dt class='gallery-icon landscape'>\n\t\t\t\t<a href='https:\/\/blogsaverroes.juntadeandalucia.es\/cprtorrejaral\/2023\/05\/25\/dia-de-las-familias\/img_20230515_124812\/'><img loading=\"lazy\" decoding=\"async\" width=\"150\" height=\"150\" src=\"https:\/\/blogsaverroes.juntadeandalucia.es\/cprtorrejaral\/files\/2023\/05\/IMG_20230515_124812-150x150.jpg\" class=\"attachment-thumbnail size-thumbnail\" alt=\"\" srcset=\"https:\/\/blogsaverroes.juntadeandalucia.es\/cprtorrejaral\/files\/2023\/05\/IMG_20230515_124812-150x150.jpg 150w, https:\/\/blogsaverroes.juntadeandalucia.es\/cprtorrejaral\/files\/2023\/05\/IMG_20230515_124812-80x80.jpg 80w, https:\/\/blogsaverroes.juntadeandalucia.es\/cprtorrejaral\/files\/2023\/05\/IMG_20230515_124812-320x320.jpg 320w\" sizes=\"(max-width: 150px) 100vw, 150px\" \/><\/a>\n\t\t\t<\/dt><\/dl><dl class='gallery-item'>\n\t\t\t<dt class='gallery-icon landscape'>\n\t\t\t\t<a href='https:\/\/blogsaverroes.juntadeandalucia.es\/cprtorrejaral\/2023\/05\/25\/dia-de-las-familias\/img_20230515_124817\/'><img loading=\"lazy\" decoding=\"async\" width=\"150\" height=\"150\" src=\"https:\/\/blogsaverroes.juntadeandalucia.es\/cprtorrejaral\/files\/2023\/05\/IMG_20230515_124817-150x150.jpg\" class=\"attachment-thumbnail size-thumbnail\" alt=\"\" srcset=\"https:\/\/blogsaverroes.juntadeandalucia.es\/cprtorrejaral\/files\/2023\/05\/IMG_20230515_124817-150x150.jpg 150w, https:\/\/blogsaverroes.juntadeandalucia.es\/cprtorrejaral\/files\/2023\/05\/IMG_20230515_124817-80x80.jpg 80w, https:\/\/blogsaverroes.juntadeandalucia.es\/cprtorrejaral\/files\/2023\/05\/IMG_20230515_124817-320x320.jpg 320w\" sizes=\"(max-width: 150px) 100vw, 150px\" \/><\/a>\n\t\t\t<\/dt><\/dl><dl class='gallery-item'>\n\t\t\t<dt class='gallery-icon landscape'>\n\t\t\t\t<a href='https:\/\/blogsaverroes.juntadeandalucia.es\/cprtorrejaral\/2023\/05\/25\/dia-de-las-familias\/img_20230515_124823\/'><img loading=\"lazy\" decoding=\"async\" width=\"150\" height=\"150\" src=\"https:\/\/blogsaverroes.juntadeandalucia.es\/cprtorrejaral\/files\/2023\/05\/IMG_20230515_124823-150x150.jpg\" class=\"attachment-thumbnail size-thumbnail\" alt=\"\" srcset=\"https:\/\/blogsaverroes.juntadeandalucia.es\/cprtorrejaral\/files\/2023\/05\/IMG_20230515_124823-150x150.jpg 150w, https:\/\/blogsaverroes.juntadeandalucia.es\/cprtorrejaral\/files\/2023\/05\/IMG_20230515_124823-80x80.jpg 80w, https:\/\/blogsaverroes.juntadeandalucia.es\/cprtorrejaral\/files\/2023\/05\/IMG_20230515_124823-320x320.jpg 320w\" sizes=\"(max-width: 150px) 100vw, 150px\" \/><\/a>\n\t\t\t<\/dt><\/dl><br style=\"clear: both\" \/><dl class='gallery-item'>\n\t\t\t<dt class='gallery-icon landscape'>\n\t\t\t\t<a href='https:\/\/blogsaverroes.juntadeandalucia.es\/cprtorrejaral\/2023\/05\/25\/dia-de-las-familias\/img_20230515_124828\/'><img loading=\"lazy\" decoding=\"async\" width=\"150\" height=\"150\" src=\"https:\/\/blogsaverroes.juntadeandalucia.es\/cprtorrejaral\/files\/2023\/05\/IMG_20230515_124828-150x150.jpg\" class=\"attachment-thumbnail size-thumbnail\" alt=\"\" srcset=\"https:\/\/blogsaverroes.juntadeandalucia.es\/cprtorrejaral\/files\/2023\/05\/IMG_20230515_124828-150x150.jpg 150w, https:\/\/blogsaverroes.juntadeandalucia.es\/cprtorrejaral\/files\/2023\/05\/IMG_20230515_124828-80x80.jpg 80w, https:\/\/blogsaverroes.juntadeandalucia.es\/cprtorrejaral\/files\/2023\/05\/IMG_20230515_124828-320x320.jpg 320w\" sizes=\"(max-width: 150px) 100vw, 150px\" \/><\/a>\n\t\t\t<\/dt><\/dl><dl class='gallery-item'>\n\t\t\t<dt class='gallery-icon portrait'>\n\t\t\t\t<a href='https:\/\/blogsaverroes.juntadeandalucia.es\/cprtorrejaral\/2023\/05\/25\/dia-de-las-familias\/img_20230515_125436\/'><img loading=\"lazy\" decoding=\"async\" width=\"150\" height=\"150\" src=\"https:\/\/blogsaverroes.juntadeandalucia.es\/cprtorrejaral\/files\/2023\/05\/IMG_20230515_125436-150x150.jpg\" class=\"attachment-thumbnail size-thumbnail\" alt=\"\" srcset=\"https:\/\/blogsaverroes.juntadeandalucia.es\/cprtorrejaral\/files\/2023\/05\/IMG_20230515_125436-150x150.jpg 150w, https:\/\/blogsaverroes.juntadeandalucia.es\/cprtorrejaral\/files\/2023\/05\/IMG_20230515_125436-80x80.jpg 80w, https:\/\/blogsaverroes.juntadeandalucia.es\/cprtorrejaral\/files\/2023\/05\/IMG_20230515_125436-320x320.jpg 320w\" sizes=\"(max-width: 150px) 100vw, 150px\" \/><\/a>\n\t\t\t<\/dt><\/dl><dl class='gallery-item'>\n\t\t\t<dt class='gallery-icon portrait'>\n\t\t\t\t<a href='https:\/\/blogsaverroes.juntadeandalucia.es\/cprtorrejaral\/2023\/05\/25\/dia-de-las-familias\/img_20230515_125437\/'><img loading=\"lazy\" decoding=\"async\" width=\"150\" height=\"150\" src=\"https:\/\/blogsaverroes.juntadeandalucia.es\/cprtorrejaral\/files\/2023\/05\/IMG_20230515_125437-150x150.jpg\" class=\"attachment-thumbnail size-thumbnail\" alt=\"\" srcset=\"https:\/\/blogsaverroes.juntadeandalucia.es\/cprtorrejaral\/files\/2023\/05\/IMG_20230515_125437-150x150.jpg 150w, https:\/\/blogsaverroes.juntadeandalucia.es\/cprtorrejaral\/files\/2023\/05\/IMG_20230515_125437-80x80.jpg 80w, https:\/\/blogsaverroes.juntadeandalucia.es\/cprtorrejaral\/files\/2023\/05\/IMG_20230515_125437-320x320.jpg 320w\" sizes=\"(max-width: 150px) 100vw, 150px\" \/><\/a>\n\t\t\t<\/dt><\/dl><dl class='gallery-item'>\n\t\t\t<dt class='gallery-icon landscape'>\n\t\t\t\t<a href='https:\/\/blogsaverroes.juntadeandalucia.es\/cprtorrejaral\/2023\/05\/25\/dia-de-las-familias\/img_20230515_131604_11\/'><img loading=\"lazy\" decoding=\"async\" width=\"150\" height=\"150\" src=\"https:\/\/blogsaverroes.juntadeandalucia.es\/cprtorrejaral\/files\/2023\/05\/IMG_20230515_131604_11-150x150.jpg\" class=\"attachment-thumbnail size-thumbnail\" alt=\"\" srcset=\"https:\/\/blogsaverroes.juntadeandalucia.es\/cprtorrejaral\/files\/2023\/05\/IMG_20230515_131604_11-150x150.jpg 150w, https:\/\/blogsaverroes.juntadeandalucia.es\/cprtorrejaral\/files\/2023\/05\/IMG_20230515_131604_11-80x80.jpg 80w, https:\/\/blogsaverroes.juntadeandalucia.es\/cprtorrejaral\/files\/2023\/05\/IMG_20230515_131604_11-320x320.jpg 320w\" sizes=\"(max-width: 150px) 100vw, 150px\" \/><\/a>\n\t\t\t<\/dt><\/dl><br style=\"clear: both\" \/><dl class='gallery-item'>\n\t\t\t<dt class='gallery-icon landscape'>\n\t\t\t\t<a href='https:\/\/blogsaverroes.juntadeandalucia.es\/cprtorrejaral\/2023\/05\/25\/dia-de-las-familias\/img_20230515_131604_1\/'><img loading=\"lazy\" decoding=\"async\" width=\"150\" height=\"150\" src=\"https:\/\/blogsaverroes.juntadeandalucia.es\/cprtorrejaral\/files\/2023\/05\/IMG_20230515_131604_1-150x150.jpg\" class=\"attachment-thumbnail size-thumbnail\" alt=\"\" srcset=\"https:\/\/blogsaverroes.juntadeandalucia.es\/cprtorrejaral\/files\/2023\/05\/IMG_20230515_131604_1-150x150.jpg 150w, https:\/\/blogsaverroes.juntadeandalucia.es\/cprtorrejaral\/files\/2023\/05\/IMG_20230515_131604_1-80x80.jpg 80w, https:\/\/blogsaverroes.juntadeandalucia.es\/cprtorrejaral\/files\/2023\/05\/IMG_20230515_131604_1-320x320.jpg 320w\" sizes=\"(max-width: 150px) 100vw, 150px\" \/><\/a>\n\t\t\t<\/dt><\/dl><dl class='gallery-item'>\n\t\t\t<dt class='gallery-icon landscape'>\n\t\t\t\t<a href='https:\/\/blogsaverroes.juntadeandalucia.es\/cprtorrejaral\/2023\/05\/25\/dia-de-las-familias\/img_20230515_132957\/'><img loading=\"lazy\" decoding=\"async\" width=\"150\" height=\"150\" src=\"https:\/\/blogsaverroes.juntadeandalucia.es\/cprtorrejaral\/files\/2023\/05\/IMG_20230515_132957-150x150.jpg\" class=\"attachment-thumbnail size-thumbnail\" alt=\"\" srcset=\"https:\/\/blogsaverroes.juntadeandalucia.es\/cprtorrejaral\/files\/2023\/05\/IMG_20230515_132957-150x150.jpg 150w, https:\/\/blogsaverroes.juntadeandalucia.es\/cprtorrejaral\/files\/2023\/05\/IMG_20230515_132957-80x80.jpg 80w, https:\/\/blogsaverroes.juntadeandalucia.es\/cprtorrejaral\/files\/2023\/05\/IMG_20230515_132957-320x320.jpg 320w\" sizes=\"(max-width: 150px) 100vw, 150px\" \/><\/a>\n\t\t\t<\/dt><\/dl><dl class='gallery-item'>\n\t\t\t<dt class='gallery-icon landscape'>\n\t\t\t\t<a href='https:\/\/blogsaverroes.juntadeandalucia.es\/cprtorrejaral\/2023\/05\/25\/dia-de-las-familias\/img_20230515_132958\/'><img loading=\"lazy\" decoding=\"async\" width=\"150\" height=\"150\" src=\"https:\/\/blogsaverroes.juntadeandalucia.es\/cprtorrejaral\/files\/2023\/05\/IMG_20230515_132958-150x150.jpg\" class=\"attachment-thumbnail size-thumbnail\" alt=\"\" srcset=\"https:\/\/blogsaverroes.juntadeandalucia.es\/cprtorrejaral\/files\/2023\/05\/IMG_20230515_132958-150x150.jpg 150w, https:\/\/blogsaverroes.juntadeandalucia.es\/cprtorrejaral\/files\/2023\/05\/IMG_20230515_132958-80x80.jpg 80w, https:\/\/blogsaverroes.juntadeandalucia.es\/cprtorrejaral\/files\/2023\/05\/IMG_20230515_132958-320x320.jpg 320w\" sizes=\"(max-width: 150px) 100vw, 150px\" \/><\/a>\n\t\t\t<\/dt><\/dl><dl class='gallery-item'>\n\t\t\t<dt class='gallery-icon landscape'>\n\t\t\t\t<a href='https:\/\/blogsaverroes.juntadeandalucia.es\/cprtorrejaral\/2023\/05\/25\/dia-de-las-familias\/img_20230515_133002\/'><img loading=\"lazy\" decoding=\"async\" width=\"150\" height=\"150\" src=\"https:\/\/blogsaverroes.juntadeandalucia.es\/cprtorrejaral\/files\/2023\/05\/IMG_20230515_133002-150x150.jpg\" class=\"attachment-thumbnail size-thumbnail\" alt=\"\" srcset=\"https:\/\/blogsaverroes.juntadeandalucia.es\/cprtorrejaral\/files\/2023\/05\/IMG_20230515_133002-150x150.jpg 150w, https:\/\/blogsaverroes.juntadeandalucia.es\/cprtorrejaral\/files\/2023\/05\/IMG_20230515_133002-80x80.jpg 80w, https:\/\/blogsaverroes.juntadeandalucia.es\/cprtorrejaral\/files\/2023\/05\/IMG_20230515_133002-320x320.jpg 320w\" sizes=\"(max-width: 150px) 100vw, 150px\" \/><\/a>\n\t\t\t<\/dt><\/dl><br style=\"clear: both\" \/><dl class='gallery-item'>\n\t\t\t<dt class='gallery-icon landscape'>\n\t\t\t\t<a href='https:\/\/blogsaverroes.juntadeandalucia.es\/cprtorrejaral\/2023\/05\/25\/dia-de-las-familias\/img_20230515_133003\/'><img loading=\"lazy\" decoding=\"async\" width=\"150\" height=\"150\" src=\"https:\/\/blogsaverroes.juntadeandalucia.es\/cprtorrejaral\/files\/2023\/05\/IMG_20230515_133003-150x150.jpg\" class=\"attachment-thumbnail size-thumbnail\" alt=\"\" srcset=\"https:\/\/blogsaverroes.juntadeandalucia.es\/cprtorrejaral\/files\/2023\/05\/IMG_20230515_133003-150x150.jpg 150w, https:\/\/blogsaverroes.juntadeandalucia.es\/cprtorrejaral\/files\/2023\/05\/IMG_20230515_133003-80x80.jpg 80w, https:\/\/blogsaverroes.juntadeandalucia.es\/cprtorrejaral\/files\/2023\/05\/IMG_20230515_133003-320x320.jpg 320w\" sizes=\"(max-width: 150px) 100vw, 150px\" \/><\/a>\n\t\t\t<\/dt><\/dl><dl class='gallery-item'>\n\t\t\t<dt class='gallery-icon landscape'>\n\t\t\t\t<a href='https:\/\/blogsaverroes.juntadeandalucia.es\/cprtorrejaral\/2023\/05\/25\/dia-de-las-familias\/img_20230515_133125\/'><img loading=\"lazy\" decoding=\"async\" width=\"150\" height=\"150\" src=\"https:\/\/blogsaverroes.juntadeandalucia.es\/cprtorrejaral\/files\/2023\/05\/IMG_20230515_133125-150x150.jpg\" class=\"attachment-thumbnail size-thumbnail\" alt=\"\" srcset=\"https:\/\/blogsaverroes.juntadeandalucia.es\/cprtorrejaral\/files\/2023\/05\/IMG_20230515_133125-150x150.jpg 150w, https:\/\/blogsaverroes.juntadeandalucia.es\/cprtorrejaral\/files\/2023\/05\/IMG_20230515_133125-80x80.jpg 80w, https:\/\/blogsaverroes.juntadeandalucia.es\/cprtorrejaral\/files\/2023\/05\/IMG_20230515_133125-320x320.jpg 320w\" sizes=\"(max-width: 150px) 100vw, 150px\" \/><\/a>\n\t\t\t<\/dt><\/dl><dl class='gallery-item'>\n\t\t\t<dt class='gallery-icon landscape'>\n\t\t\t\t<a href='https:\/\/blogsaverroes.juntadeandalucia.es\/cprtorrejaral\/2023\/05\/25\/dia-de-las-familias\/img_20230515_133127\/'><img loading=\"lazy\" decoding=\"async\" width=\"150\" height=\"150\" src=\"https:\/\/blogsaverroes.juntadeandalucia.es\/cprtorrejaral\/files\/2023\/05\/IMG_20230515_133127-150x150.jpg\" class=\"attachment-thumbnail size-thumbnail\" alt=\"\" srcset=\"https:\/\/blogsaverroes.juntadeandalucia.es\/cprtorrejaral\/files\/2023\/05\/IMG_20230515_133127-150x150.jpg 150w, https:\/\/blogsaverroes.juntadeandalucia.es\/cprtorrejaral\/files\/2023\/05\/IMG_20230515_133127-80x80.jpg 80w, https:\/\/blogsaverroes.juntadeandalucia.es\/cprtorrejaral\/files\/2023\/05\/IMG_20230515_133127-320x320.jpg 320w\" sizes=\"(max-width: 150px) 100vw, 150px\" \/><\/a>\n\t\t\t<\/dt><\/dl><dl class='gallery-item'>\n\t\t\t<dt class='gallery-icon landscape'>\n\t\t\t\t<a href='https:\/\/blogsaverroes.juntadeandalucia.es\/cprtorrejaral\/2023\/05\/25\/dia-de-las-familias\/img_20230515_133129\/'><img loading=\"lazy\" decoding=\"async\" width=\"150\" height=\"150\" src=\"https:\/\/blogsaverroes.juntadeandalucia.es\/cprtorrejaral\/files\/2023\/05\/IMG_20230515_133129-150x150.jpg\" class=\"attachment-thumbnail size-thumbnail\" alt=\"\" srcset=\"https:\/\/blogsaverroes.juntadeandalucia.es\/cprtorrejaral\/files\/2023\/05\/IMG_20230515_133129-150x150.jpg 150w, https:\/\/blogsaverroes.juntadeandalucia.es\/cprtorrejaral\/files\/2023\/05\/IMG_20230515_133129-80x80.jpg 80w, https:\/\/blogsaverroes.juntadeandalucia.es\/cprtorrejaral\/files\/2023\/05\/IMG_20230515_133129-320x320.jpg 320w\" sizes=\"(max-width: 150px) 100vw, 150px\" \/><\/a>\n\t\t\t<\/dt><\/dl><br style=\"clear: both\" \/><dl class='gallery-item'>\n\t\t\t<dt class='gallery-icon landscape'>\n\t\t\t\t<a href='https:\/\/blogsaverroes.juntadeandalucia.es\/cprtorrejaral\/2023\/05\/25\/dia-de-las-familias\/img_20230515_133741\/'><img loading=\"lazy\" decoding=\"async\" width=\"150\" height=\"150\" src=\"https:\/\/blogsaverroes.juntadeandalucia.es\/cprtorrejaral\/files\/2023\/05\/IMG_20230515_133741-150x150.jpg\" class=\"attachment-thumbnail size-thumbnail\" alt=\"\" srcset=\"https:\/\/blogsaverroes.juntadeandalucia.es\/cprtorrejaral\/files\/2023\/05\/IMG_20230515_133741-150x150.jpg 150w, https:\/\/blogsaverroes.juntadeandalucia.es\/cprtorrejaral\/files\/2023\/05\/IMG_20230515_133741-80x80.jpg 80w, https:\/\/blogsaverroes.juntadeandalucia.es\/cprtorrejaral\/files\/2023\/05\/IMG_20230515_133741-320x320.jpg 320w\" sizes=\"(max-width: 150px) 100vw, 150px\" \/><\/a>\n\t\t\t<\/dt><\/dl><dl class='gallery-item'>\n\t\t\t<dt class='gallery-icon landscape'>\n\t\t\t\t<a href='https:\/\/blogsaverroes.juntadeandalucia.es\/cprtorrejaral\/2023\/05\/25\/dia-de-las-familias\/img_20230515_133747\/'><img loading=\"lazy\" decoding=\"async\" width=\"150\" height=\"150\" src=\"https:\/\/blogsaverroes.juntadeandalucia.es\/cprtorrejaral\/files\/2023\/05\/IMG_20230515_133747-150x150.jpg\" class=\"attachment-thumbnail size-thumbnail\" alt=\"\" srcset=\"https:\/\/blogsaverroes.juntadeandalucia.es\/cprtorrejaral\/files\/2023\/05\/IMG_20230515_133747-150x150.jpg 150w, https:\/\/blogsaverroes.juntadeandalucia.es\/cprtorrejaral\/files\/2023\/05\/IMG_20230515_133747-80x80.jpg 80w, https:\/\/blogsaverroes.juntadeandalucia.es\/cprtorrejaral\/files\/2023\/05\/IMG_20230515_133747-320x320.jpg 320w\" sizes=\"(max-width: 150px) 100vw, 150px\" \/><\/a>\n\t\t\t<\/dt><\/dl><dl class='gallery-item'>\n\t\t\t<dt class='gallery-icon landscape'>\n\t\t\t\t<a href='https:\/\/blogsaverroes.juntadeandalucia.es\/cprtorrejaral\/2023\/05\/25\/dia-de-las-familias\/img_20230515_133749\/'><img loading=\"lazy\" decoding=\"async\" width=\"150\" height=\"150\" src=\"https:\/\/blogsaverroes.juntadeandalucia.es\/cprtorrejaral\/files\/2023\/05\/IMG_20230515_133749-150x150.jpg\" class=\"attachment-thumbnail size-thumbnail\" alt=\"\" srcset=\"https:\/\/blogsaverroes.juntadeandalucia.es\/cprtorrejaral\/files\/2023\/05\/IMG_20230515_133749-150x150.jpg 150w, https:\/\/blogsaverroes.juntadeandalucia.es\/cprtorrejaral\/files\/2023\/05\/IMG_20230515_133749-80x80.jpg 80w, https:\/\/blogsaverroes.juntadeandalucia.es\/cprtorrejaral\/files\/2023\/05\/IMG_20230515_133749-320x320.jpg 320w\" sizes=\"(max-width: 150px) 100vw, 150px\" \/><\/a>\n\t\t\t<\/dt><\/dl><dl class='gallery-item'>\n\t\t\t<dt class='gallery-icon landscape'>\n\t\t\t\t<a href='https:\/\/blogsaverroes.juntadeandalucia.es\/cprtorrejaral\/2023\/05\/25\/dia-de-las-familias\/img-20230515-wa0033\/'><img loading=\"lazy\" decoding=\"async\" width=\"150\" height=\"150\" src=\"https:\/\/blogsaverroes.juntadeandalucia.es\/cprtorrejaral\/files\/2023\/05\/IMG-20230515-WA0033-150x150.jpg\" class=\"attachment-thumbnail size-thumbnail\" alt=\"\" srcset=\"https:\/\/blogsaverroes.juntadeandalucia.es\/cprtorrejaral\/files\/2023\/05\/IMG-20230515-WA0033-150x150.jpg 150w, https:\/\/blogsaverroes.juntadeandalucia.es\/cprtorrejaral\/files\/2023\/05\/IMG-20230515-WA0033-80x80.jpg 80w, https:\/\/blogsaverroes.juntadeandalucia.es\/cprtorrejaral\/files\/2023\/05\/IMG-20230515-WA0033-320x320.jpg 320w\" sizes=\"(max-width: 150px) 100vw, 150px\" \/><\/a>\n\t\t\t<\/dt><\/dl><br style=\"clear: both\" \/><dl class='gallery-item'>\n\t\t\t<dt class='gallery-icon landscape'>\n\t\t\t\t<a href='https:\/\/blogsaverroes.juntadeandalucia.es\/cprtorrejaral\/2023\/05\/25\/dia-de-las-familias\/img-20230515-wa0035\/'><img loading=\"lazy\" decoding=\"async\" width=\"150\" height=\"150\" src=\"https:\/\/blogsaverroes.juntadeandalucia.es\/cprtorrejaral\/files\/2023\/05\/IMG-20230515-WA0035-150x150.jpg\" class=\"attachment-thumbnail size-thumbnail\" alt=\"\" srcset=\"https:\/\/blogsaverroes.juntadeandalucia.es\/cprtorrejaral\/files\/2023\/05\/IMG-20230515-WA0035-150x150.jpg 150w, https:\/\/blogsaverroes.juntadeandalucia.es\/cprtorrejaral\/files\/2023\/05\/IMG-20230515-WA0035-80x80.jpg 80w, https:\/\/blogsaverroes.juntadeandalucia.es\/cprtorrejaral\/files\/2023\/05\/IMG-20230515-WA0035-320x320.jpg 320w\" sizes=\"(max-width: 150px) 100vw, 150px\" \/><\/a>\n\t\t\t<\/dt><\/dl><dl class='gallery-item'>\n\t\t\t<dt class='gallery-icon landscape'>\n\t\t\t\t<a href='https:\/\/blogsaverroes.juntadeandalucia.es\/cprtorrejaral\/2023\/05\/25\/dia-de-las-familias\/img-20230515-wa0036\/'><img loading=\"lazy\" decoding=\"async\" width=\"150\" height=\"150\" src=\"https:\/\/blogsaverroes.juntadeandalucia.es\/cprtorrejaral\/files\/2023\/05\/IMG-20230515-WA0036-150x150.jpg\" class=\"attachment-thumbnail size-thumbnail\" alt=\"\" srcset=\"https:\/\/blogsaverroes.juntadeandalucia.es\/cprtorrejaral\/files\/2023\/05\/IMG-20230515-WA0036-150x150.jpg 150w, https:\/\/blogsaverroes.juntadeandalucia.es\/cprtorrejaral\/files\/2023\/05\/IMG-20230515-WA0036-80x80.jpg 80w, https:\/\/blogsaverroes.juntadeandalucia.es\/cprtorrejaral\/files\/2023\/05\/IMG-20230515-WA0036-320x320.jpg 320w\" sizes=\"(max-width: 150px) 100vw, 150px\" \/><\/a>\n\t\t\t<\/dt><\/dl><dl class='gallery-item'>\n\t\t\t<dt class='gallery-icon landscape'>\n\t\t\t\t<a href='https:\/\/blogsaverroes.juntadeandalucia.es\/cprtorrejaral\/2023\/05\/25\/dia-de-las-familias\/whatsapp-image-2023-05-16-at-21-29-17-1\/'><img loading=\"lazy\" decoding=\"async\" width=\"150\" height=\"150\" src=\"https:\/\/blogsaverroes.juntadeandalucia.es\/cprtorrejaral\/files\/2023\/05\/WhatsApp-Image-2023-05-16-at-21.29.17-1-150x150.jpeg\" class=\"attachment-thumbnail size-thumbnail\" alt=\"\" srcset=\"https:\/\/blogsaverroes.juntadeandalucia.es\/cprtorrejaral\/files\/2023\/05\/WhatsApp-Image-2023-05-16-at-21.29.17-1-150x150.jpeg 150w, https:\/\/blogsaverroes.juntadeandalucia.es\/cprtorrejaral\/files\/2023\/05\/WhatsApp-Image-2023-05-16-at-21.29.17-1-80x80.jpeg 80w, https:\/\/blogsaverroes.juntadeandalucia.es\/cprtorrejaral\/files\/2023\/05\/WhatsApp-Image-2023-05-16-at-21.29.17-1-320x320.jpeg 320w\" sizes=\"(max-width: 150px) 100vw, 150px\" \/><\/a>\n\t\t\t<\/dt><\/dl><dl class='gallery-item'>\n\t\t\t<dt class='gallery-icon landscape'>\n\t\t\t\t<a href='https:\/\/blogsaverroes.juntadeandalucia.es\/cprtorrejaral\/2023\/05\/25\/dia-de-las-familias\/whatsapp-image-2023-05-16-at-21-29-17-2\/'><img loading=\"lazy\" decoding=\"async\" width=\"150\" height=\"150\" src=\"https:\/\/blogsaverroes.juntadeandalucia.es\/cprtorrejaral\/files\/2023\/05\/WhatsApp-Image-2023-05-16-at-21.29.17-2-150x150.jpeg\" class=\"attachment-thumbnail size-thumbnail\" alt=\"\" srcset=\"https:\/\/blogsaverroes.juntadeandalucia.es\/cprtorrejaral\/files\/2023\/05\/WhatsApp-Image-2023-05-16-at-21.29.17-2-150x150.jpeg 150w, https:\/\/blogsaverroes.juntadeandalucia.es\/cprtorrejaral\/files\/2023\/05\/WhatsApp-Image-2023-05-16-at-21.29.17-2-80x80.jpeg 80w, https:\/\/blogsaverroes.juntadeandalucia.es\/cprtorrejaral\/files\/2023\/05\/WhatsApp-Image-2023-05-16-at-21.29.17-2-320x320.jpeg 320w\" sizes=\"(max-width: 150px) 100vw, 150px\" \/><\/a>\n\t\t\t<\/dt><\/dl><br style=\"clear: both\" \/><dl class='gallery-item'>\n\t\t\t<dt class='gallery-icon landscape'>\n\t\t\t\t<a href='https:\/\/blogsaverroes.juntadeandalucia.es\/cprtorrejaral\/2023\/05\/25\/dia-de-las-familias\/whatsapp-image-2023-05-16-at-21-29-17-3\/'><img loading=\"lazy\" decoding=\"async\" width=\"150\" height=\"150\" src=\"https:\/\/blogsaverroes.juntadeandalucia.es\/cprtorrejaral\/files\/2023\/05\/WhatsApp-Image-2023-05-16-at-21.29.17-3-150x150.jpeg\" class=\"attachment-thumbnail size-thumbnail\" alt=\"\" srcset=\"https:\/\/blogsaverroes.juntadeandalucia.es\/cprtorrejaral\/files\/2023\/05\/WhatsApp-Image-2023-05-16-at-21.29.17-3-150x150.jpeg 150w, https:\/\/blogsaverroes.juntadeandalucia.es\/cprtorrejaral\/files\/2023\/05\/WhatsApp-Image-2023-05-16-at-21.29.17-3-80x80.jpeg 80w, https:\/\/blogsaverroes.juntadeandalucia.es\/cprtorrejaral\/files\/2023\/05\/WhatsApp-Image-2023-05-16-at-21.29.17-3-320x320.jpeg 320w\" sizes=\"(max-width: 150px) 100vw, 150px\" \/><\/a>\n\t\t\t<\/dt><\/dl><dl class='gallery-item'>\n\t\t\t<dt class='gallery-icon landscape'>\n\t\t\t\t<a href='https:\/\/blogsaverroes.juntadeandalucia.es\/cprtorrejaral\/2023\/05\/25\/dia-de-las-familias\/whatsapp-image-2023-05-16-at-21-29-17-4\/'><img loading=\"lazy\" decoding=\"async\" width=\"150\" height=\"150\" src=\"https:\/\/blogsaverroes.juntadeandalucia.es\/cprtorrejaral\/files\/2023\/05\/WhatsApp-Image-2023-05-16-at-21.29.17-4-150x150.jpeg\" class=\"attachment-thumbnail size-thumbnail\" alt=\"\" srcset=\"https:\/\/blogsaverroes.juntadeandalucia.es\/cprtorrejaral\/files\/2023\/05\/WhatsApp-Image-2023-05-16-at-21.29.17-4-150x150.jpeg 150w, https:\/\/blogsaverroes.juntadeandalucia.es\/cprtorrejaral\/files\/2023\/05\/WhatsApp-Image-2023-05-16-at-21.29.17-4-80x80.jpeg 80w, https:\/\/blogsaverroes.juntadeandalucia.es\/cprtorrejaral\/files\/2023\/05\/WhatsApp-Image-2023-05-16-at-21.29.17-4-320x320.jpeg 320w\" sizes=\"(max-width: 150px) 100vw, 150px\" \/><\/a>\n\t\t\t<\/dt><\/dl><dl class='gallery-item'>\n\t\t\t<dt class='gallery-icon landscape'>\n\t\t\t\t<a href='https:\/\/blogsaverroes.juntadeandalucia.es\/cprtorrejaral\/2023\/05\/25\/dia-de-las-familias\/whatsapp-image-2023-05-16-at-21-29-17-5\/'><img loading=\"lazy\" decoding=\"async\" width=\"150\" height=\"150\" src=\"https:\/\/blogsaverroes.juntadeandalucia.es\/cprtorrejaral\/files\/2023\/05\/WhatsApp-Image-2023-05-16-at-21.29.17-5-150x150.jpeg\" class=\"attachment-thumbnail size-thumbnail\" alt=\"\" srcset=\"https:\/\/blogsaverroes.juntadeandalucia.es\/cprtorrejaral\/files\/2023\/05\/WhatsApp-Image-2023-05-16-at-21.29.17-5-150x150.jpeg 150w, https:\/\/blogsaverroes.juntadeandalucia.es\/cprtorrejaral\/files\/2023\/05\/WhatsApp-Image-2023-05-16-at-21.29.17-5-80x80.jpeg 80w, https:\/\/blogsaverroes.juntadeandalucia.es\/cprtorrejaral\/files\/2023\/05\/WhatsApp-Image-2023-05-16-at-21.29.17-5-320x320.jpeg 320w\" sizes=\"(max-width: 150px) 100vw, 150px\" \/><\/a>\n\t\t\t<\/dt><\/dl><dl class='gallery-item'>\n\t\t\t<dt class='gallery-icon landscape'>\n\t\t\t\t<a href='https:\/\/blogsaverroes.juntadeandalucia.es\/cprtorrejaral\/2023\/05\/25\/dia-de-las-familias\/whatsapp-image-2023-05-16-at-21-29-17-6\/'><img loading=\"lazy\" decoding=\"async\" width=\"150\" height=\"150\" src=\"https:\/\/blogsaverroes.juntadeandalucia.es\/cprtorrejaral\/files\/2023\/05\/WhatsApp-Image-2023-05-16-at-21.29.17-6-150x150.jpeg\" class=\"attachment-thumbnail size-thumbnail\" alt=\"\" srcset=\"https:\/\/blogsaverroes.juntadeandalucia.es\/cprtorrejaral\/files\/2023\/05\/WhatsApp-Image-2023-05-16-at-21.29.17-6-150x150.jpeg 150w, https:\/\/blogsaverroes.juntadeandalucia.es\/cprtorrejaral\/files\/2023\/05\/WhatsApp-Image-2023-05-16-at-21.29.17-6-80x80.jpeg 80w, https:\/\/blogsaverroes.juntadeandalucia.es\/cprtorrejaral\/files\/2023\/05\/WhatsApp-Image-2023-05-16-at-21.29.17-6-320x320.jpeg 320w\" sizes=\"(max-width: 150px) 100vw, 150px\" \/><\/a>\n\t\t\t<\/dt><\/dl><br style=\"clear: both\" \/><dl class='gallery-item'>\n\t\t\t<dt class='gallery-icon landscape'>\n\t\t\t\t<a href='https:\/\/blogsaverroes.juntadeandalucia.es\/cprtorrejaral\/2023\/05\/25\/dia-de-las-familias\/whatsapp-image-2023-05-16-at-21-29-17-7\/'><img loading=\"lazy\" decoding=\"async\" width=\"150\" height=\"150\" src=\"https:\/\/blogsaverroes.juntadeandalucia.es\/cprtorrejaral\/files\/2023\/05\/WhatsApp-Image-2023-05-16-at-21.29.17-7-150x150.jpeg\" class=\"attachment-thumbnail size-thumbnail\" alt=\"\" srcset=\"https:\/\/blogsaverroes.juntadeandalucia.es\/cprtorrejaral\/files\/2023\/05\/WhatsApp-Image-2023-05-16-at-21.29.17-7-150x150.jpeg 150w, https:\/\/blogsaverroes.juntadeandalucia.es\/cprtorrejaral\/files\/2023\/05\/WhatsApp-Image-2023-05-16-at-21.29.17-7-80x80.jpeg 80w, https:\/\/blogsaverroes.juntadeandalucia.es\/cprtorrejaral\/files\/2023\/05\/WhatsApp-Image-2023-05-16-at-21.29.17-7-320x320.jpeg 320w\" sizes=\"(max-width: 150px) 100vw, 150px\" \/><\/a>\n\t\t\t<\/dt><\/dl><dl class='gallery-item'>\n\t\t\t<dt class='gallery-icon landscape'>\n\t\t\t\t<a href='https:\/\/blogsaverroes.juntadeandalucia.es\/cprtorrejaral\/2023\/05\/25\/dia-de-las-familias\/whatsapp-image-2023-05-16-at-21-29-17-8\/'><img loading=\"lazy\" decoding=\"async\" width=\"150\" height=\"150\" src=\"https:\/\/blogsaverroes.juntadeandalucia.es\/cprtorrejaral\/files\/2023\/05\/WhatsApp-Image-2023-05-16-at-21.29.17-8-150x150.jpeg\" class=\"attachment-thumbnail size-thumbnail\" alt=\"\" srcset=\"https:\/\/blogsaverroes.juntadeandalucia.es\/cprtorrejaral\/files\/2023\/05\/WhatsApp-Image-2023-05-16-at-21.29.17-8-150x150.jpeg 150w, https:\/\/blogsaverroes.juntadeandalucia.es\/cprtorrejaral\/files\/2023\/05\/WhatsApp-Image-2023-05-16-at-21.29.17-8-80x80.jpeg 80w, https:\/\/blogsaverroes.juntadeandalucia.es\/cprtorrejaral\/files\/2023\/05\/WhatsApp-Image-2023-05-16-at-21.29.17-8-320x320.jpeg 320w\" sizes=\"(max-width: 150px) 100vw, 150px\" \/><\/a>\n\t\t\t<\/dt><\/dl><dl class='gallery-item'>\n\t\t\t<dt class='gallery-icon landscape'>\n\t\t\t\t<a href='https:\/\/blogsaverroes.juntadeandalucia.es\/cprtorrejaral\/2023\/05\/25\/dia-de-las-familias\/whatsapp-image-2023-05-16-at-21-29-17-9\/'><img loading=\"lazy\" decoding=\"async\" width=\"150\" height=\"150\" src=\"https:\/\/blogsaverroes.juntadeandalucia.es\/cprtorrejaral\/files\/2023\/05\/WhatsApp-Image-2023-05-16-at-21.29.17-9-150x150.jpeg\" class=\"attachment-thumbnail size-thumbnail\" alt=\"\" srcset=\"https:\/\/blogsaverroes.juntadeandalucia.es\/cprtorrejaral\/files\/2023\/05\/WhatsApp-Image-2023-05-16-at-21.29.17-9-150x150.jpeg 150w, https:\/\/blogsaverroes.juntadeandalucia.es\/cprtorrejaral\/files\/2023\/05\/WhatsApp-Image-2023-05-16-at-21.29.17-9-80x80.jpeg 80w, https:\/\/blogsaverroes.juntadeandalucia.es\/cprtorrejaral\/files\/2023\/05\/WhatsApp-Image-2023-05-16-at-21.29.17-9-320x320.jpeg 320w\" sizes=\"(max-width: 150px) 100vw, 150px\" \/><\/a>\n\t\t\t<\/dt><\/dl><dl class='gallery-item'>\n\t\t\t<dt class='gallery-icon landscape'>\n\t\t\t\t<a href='https:\/\/blogsaverroes.juntadeandalucia.es\/cprtorrejaral\/2023\/05\/25\/dia-de-las-familias\/whatsapp-image-2023-05-16-at-21-29-17-10\/'><img loading=\"lazy\" decoding=\"async\" width=\"150\" height=\"150\" src=\"https:\/\/blogsaverroes.juntadeandalucia.es\/cprtorrejaral\/files\/2023\/05\/WhatsApp-Image-2023-05-16-at-21.29.17-10-150x150.jpeg\" class=\"attachment-thumbnail size-thumbnail\" alt=\"\" srcset=\"https:\/\/blogsaverroes.juntadeandalucia.es\/cprtorrejaral\/files\/2023\/05\/WhatsApp-Image-2023-05-16-at-21.29.17-10-150x150.jpeg 150w, https:\/\/blogsaverroes.juntadeandalucia.es\/cprtorrejaral\/files\/2023\/05\/WhatsApp-Image-2023-05-16-at-21.29.17-10-80x80.jpeg 80w, https:\/\/blogsaverroes.juntadeandalucia.es\/cprtorrejaral\/files\/2023\/05\/WhatsApp-Image-2023-05-16-at-21.29.17-10-320x320.jpeg 320w\" sizes=\"(max-width: 150px) 100vw, 150px\" \/><\/a>\n\t\t\t<\/dt><\/dl><br style=\"clear: both\" \/><dl class='gallery-item'>\n\t\t\t<dt class='gallery-icon landscape'>\n\t\t\t\t<a href='https:\/\/blogsaverroes.juntadeandalucia.es\/cprtorrejaral\/2023\/05\/25\/dia-de-las-familias\/whatsapp-image-2023-05-16-at-21-29-17-11\/'><img loading=\"lazy\" decoding=\"async\" width=\"150\" height=\"150\" src=\"https:\/\/blogsaverroes.juntadeandalucia.es\/cprtorrejaral\/files\/2023\/05\/WhatsApp-Image-2023-05-16-at-21.29.17-11-150x150.jpeg\" class=\"attachment-thumbnail size-thumbnail\" alt=\"\" srcset=\"https:\/\/blogsaverroes.juntadeandalucia.es\/cprtorrejaral\/files\/2023\/05\/WhatsApp-Image-2023-05-16-at-21.29.17-11-150x150.jpeg 150w, https:\/\/blogsaverroes.juntadeandalucia.es\/cprtorrejaral\/files\/2023\/05\/WhatsApp-Image-2023-05-16-at-21.29.17-11-80x80.jpeg 80w, https:\/\/blogsaverroes.juntadeandalucia.es\/cprtorrejaral\/files\/2023\/05\/WhatsApp-Image-2023-05-16-at-21.29.17-11-320x320.jpeg 320w\" sizes=\"(max-width: 150px) 100vw, 150px\" \/><\/a>\n\t\t\t<\/dt><\/dl><dl class='gallery-item'>\n\t\t\t<dt class='gallery-icon landscape'>\n\t\t\t\t<a href='https:\/\/blogsaverroes.juntadeandalucia.es\/cprtorrejaral\/2023\/05\/25\/dia-de-las-familias\/whatsapp-image-2023-05-16-at-21-29-17-12\/'><img loading=\"lazy\" decoding=\"async\" width=\"150\" height=\"150\" src=\"https:\/\/blogsaverroes.juntadeandalucia.es\/cprtorrejaral\/files\/2023\/05\/WhatsApp-Image-2023-05-16-at-21.29.17-12-150x150.jpeg\" class=\"attachment-thumbnail size-thumbnail\" alt=\"\" srcset=\"https:\/\/blogsaverroes.juntadeandalucia.es\/cprtorrejaral\/files\/2023\/05\/WhatsApp-Image-2023-05-16-at-21.29.17-12-150x150.jpeg 150w, https:\/\/blogsaverroes.juntadeandalucia.es\/cprtorrejaral\/files\/2023\/05\/WhatsApp-Image-2023-05-16-at-21.29.17-12-80x80.jpeg 80w, https:\/\/blogsaverroes.juntadeandalucia.es\/cprtorrejaral\/files\/2023\/05\/WhatsApp-Image-2023-05-16-at-21.29.17-12-320x320.jpeg 320w\" sizes=\"(max-width: 150px) 100vw, 150px\" \/><\/a>\n\t\t\t<\/dt><\/dl><dl class='gallery-item'>\n\t\t\t<dt class='gallery-icon landscape'>\n\t\t\t\t<a href='https:\/\/blogsaverroes.juntadeandalucia.es\/cprtorrejaral\/2023\/05\/25\/dia-de-las-familias\/whatsapp-image-2023-05-16-at-21-29-17-13\/'><img loading=\"lazy\" decoding=\"async\" width=\"150\" height=\"150\" src=\"https:\/\/blogsaverroes.juntadeandalucia.es\/cprtorrejaral\/files\/2023\/05\/WhatsApp-Image-2023-05-16-at-21.29.17-13-150x150.jpeg\" class=\"attachment-thumbnail size-thumbnail\" alt=\"\" srcset=\"https:\/\/blogsaverroes.juntadeandalucia.es\/cprtorrejaral\/files\/2023\/05\/WhatsApp-Image-2023-05-16-at-21.29.17-13-150x150.jpeg 150w, https:\/\/blogsaverroes.juntadeandalucia.es\/cprtorrejaral\/files\/2023\/05\/WhatsApp-Image-2023-05-16-at-21.29.17-13-80x80.jpeg 80w, https:\/\/blogsaverroes.juntadeandalucia.es\/cprtorrejaral\/files\/2023\/05\/WhatsApp-Image-2023-05-16-at-21.29.17-13-320x320.jpeg 320w\" sizes=\"(max-width: 150px) 100vw, 150px\" \/><\/a>\n\t\t\t<\/dt><\/dl><dl class='gallery-item'>\n\t\t\t<dt class='gallery-icon landscape'>\n\t\t\t\t<a href='https:\/\/blogsaverroes.juntadeandalucia.es\/cprtorrejaral\/2023\/05\/25\/dia-de-las-familias\/whatsapp-image-2023-05-16-at-21-29-17-14\/'><img loading=\"lazy\" decoding=\"async\" width=\"150\" height=\"150\" src=\"https:\/\/blogsaverroes.juntadeandalucia.es\/cprtorrejaral\/files\/2023\/05\/WhatsApp-Image-2023-05-16-at-21.29.17-14-150x150.jpeg\" class=\"attachment-thumbnail size-thumbnail\" alt=\"\" srcset=\"https:\/\/blogsaverroes.juntadeandalucia.es\/cprtorrejaral\/files\/2023\/05\/WhatsApp-Image-2023-05-16-at-21.29.17-14-150x150.jpeg 150w, https:\/\/blogsaverroes.juntadeandalucia.es\/cprtorrejaral\/files\/2023\/05\/WhatsApp-Image-2023-05-16-at-21.29.17-14-80x80.jpeg 80w, https:\/\/blogsaverroes.juntadeandalucia.es\/cprtorrejaral\/files\/2023\/05\/WhatsApp-Image-2023-05-16-at-21.29.17-14-320x320.jpeg 320w\" sizes=\"(max-width: 150px) 100vw, 150px\" \/><\/a>\n\t\t\t<\/dt><\/dl><br style=\"clear: both\" \/><dl class='gallery-item'>\n\t\t\t<dt class='gallery-icon portrait'>\n\t\t\t\t<a href='https:\/\/blogsaverroes.juntadeandalucia.es\/cprtorrejaral\/2023\/05\/25\/dia-de-las-familias\/whatsapp-image-2023-05-16-at-21-29-17-15\/'><img loading=\"lazy\" decoding=\"async\" width=\"150\" height=\"150\" src=\"https:\/\/blogsaverroes.juntadeandalucia.es\/cprtorrejaral\/files\/2023\/05\/WhatsApp-Image-2023-05-16-at-21.29.17-15-150x150.jpeg\" class=\"attachment-thumbnail size-thumbnail\" alt=\"\" srcset=\"https:\/\/blogsaverroes.juntadeandalucia.es\/cprtorrejaral\/files\/2023\/05\/WhatsApp-Image-2023-05-16-at-21.29.17-15-150x150.jpeg 150w, https:\/\/blogsaverroes.juntadeandalucia.es\/cprtorrejaral\/files\/2023\/05\/WhatsApp-Image-2023-05-16-at-21.29.17-15-80x80.jpeg 80w, https:\/\/blogsaverroes.juntadeandalucia.es\/cprtorrejaral\/files\/2023\/05\/WhatsApp-Image-2023-05-16-at-21.29.17-15-320x320.jpeg 320w\" sizes=\"(max-width: 150px) 100vw, 150px\" \/><\/a>\n\t\t\t<\/dt><\/dl><dl class='gallery-item'>\n\t\t\t<dt class='gallery-icon portrait'>\n\t\t\t\t<a href='https:\/\/blogsaverroes.juntadeandalucia.es\/cprtorrejaral\/2023\/05\/25\/dia-de-las-familias\/whatsapp-image-2023-05-16-at-21-29-17-16\/'><img loading=\"lazy\" decoding=\"async\" width=\"150\" height=\"150\" src=\"https:\/\/blogsaverroes.juntadeandalucia.es\/cprtorrejaral\/files\/2023\/05\/WhatsApp-Image-2023-05-16-at-21.29.17-16-150x150.jpeg\" class=\"attachment-thumbnail size-thumbnail\" alt=\"\" srcset=\"https:\/\/blogsaverroes.juntadeandalucia.es\/cprtorrejaral\/files\/2023\/05\/WhatsApp-Image-2023-05-16-at-21.29.17-16-150x150.jpeg 150w, https:\/\/blogsaverroes.juntadeandalucia.es\/cprtorrejaral\/files\/2023\/05\/WhatsApp-Image-2023-05-16-at-21.29.17-16-80x80.jpeg 80w, https:\/\/blogsaverroes.juntadeandalucia.es\/cprtorrejaral\/files\/2023\/05\/WhatsApp-Image-2023-05-16-at-21.29.17-16-320x320.jpeg 320w\" sizes=\"(max-width: 150px) 100vw, 150px\" \/><\/a>\n\t\t\t<\/dt><\/dl><dl class='gallery-item'>\n\t\t\t<dt class='gallery-icon landscape'>\n\t\t\t\t<a href='https:\/\/blogsaverroes.juntadeandalucia.es\/cprtorrejaral\/2023\/05\/25\/dia-de-las-familias\/whatsapp-image-2023-05-16-at-21-29-17-17\/'><img loading=\"lazy\" decoding=\"async\" width=\"150\" height=\"150\" src=\"https:\/\/blogsaverroes.juntadeandalucia.es\/cprtorrejaral\/files\/2023\/05\/WhatsApp-Image-2023-05-16-at-21.29.17-17-150x150.jpeg\" class=\"attachment-thumbnail size-thumbnail\" alt=\"\" srcset=\"https:\/\/blogsaverroes.juntadeandalucia.es\/cprtorrejaral\/files\/2023\/05\/WhatsApp-Image-2023-05-16-at-21.29.17-17-150x150.jpeg 150w, https:\/\/blogsaverroes.juntadeandalucia.es\/cprtorrejaral\/files\/2023\/05\/WhatsApp-Image-2023-05-16-at-21.29.17-17-80x80.jpeg 80w, https:\/\/blogsaverroes.juntadeandalucia.es\/cprtorrejaral\/files\/2023\/05\/WhatsApp-Image-2023-05-16-at-21.29.17-17-320x320.jpeg 320w\" sizes=\"(max-width: 150px) 100vw, 150px\" \/><\/a>\n\t\t\t<\/dt><\/dl><dl class='gallery-item'>\n\t\t\t<dt class='gallery-icon landscape'>\n\t\t\t\t<a href='https:\/\/blogsaverroes.juntadeandalucia.es\/cprtorrejaral\/2023\/05\/25\/dia-de-las-familias\/whatsapp-image-2023-05-16-at-21-29-17-18\/'><img loading=\"lazy\" decoding=\"async\" width=\"150\" height=\"150\" src=\"https:\/\/blogsaverroes.juntadeandalucia.es\/cprtorrejaral\/files\/2023\/05\/WhatsApp-Image-2023-05-16-at-21.29.17-18-150x150.jpeg\" class=\"attachment-thumbnail size-thumbnail\" alt=\"\" srcset=\"https:\/\/blogsaverroes.juntadeandalucia.es\/cprtorrejaral\/files\/2023\/05\/WhatsApp-Image-2023-05-16-at-21.29.17-18-150x150.jpeg 150w, https:\/\/blogsaverroes.juntadeandalucia.es\/cprtorrejaral\/files\/2023\/05\/WhatsApp-Image-2023-05-16-at-21.29.17-18-80x80.jpeg 80w, https:\/\/blogsaverroes.juntadeandalucia.es\/cprtorrejaral\/files\/2023\/05\/WhatsApp-Image-2023-05-16-at-21.29.17-18-320x320.jpeg 320w\" sizes=\"(max-width: 150px) 100vw, 150px\" \/><\/a>\n\t\t\t<\/dt><\/dl><br style=\"clear: both\" \/><dl class='gallery-item'>\n\t\t\t<dt class='gallery-icon landscape'>\n\t\t\t\t<a href='https:\/\/blogsaverroes.juntadeandalucia.es\/cprtorrejaral\/2023\/05\/25\/dia-de-las-familias\/whatsapp-image-2023-05-16-at-21-29-17-19\/'><img loading=\"lazy\" decoding=\"async\" width=\"150\" height=\"150\" src=\"https:\/\/blogsaverroes.juntadeandalucia.es\/cprtorrejaral\/files\/2023\/05\/WhatsApp-Image-2023-05-16-at-21.29.17-19-150x150.jpeg\" class=\"attachment-thumbnail size-thumbnail\" alt=\"\" srcset=\"https:\/\/blogsaverroes.juntadeandalucia.es\/cprtorrejaral\/files\/2023\/05\/WhatsApp-Image-2023-05-16-at-21.29.17-19-150x150.jpeg 150w, https:\/\/blogsaverroes.juntadeandalucia.es\/cprtorrejaral\/files\/2023\/05\/WhatsApp-Image-2023-05-16-at-21.29.17-19-80x80.jpeg 80w, https:\/\/blogsaverroes.juntadeandalucia.es\/cprtorrejaral\/files\/2023\/05\/WhatsApp-Image-2023-05-16-at-21.29.17-19-320x320.jpeg 320w\" sizes=\"(max-width: 150px) 100vw, 150px\" \/><\/a>\n\t\t\t<\/dt><\/dl><dl class='gallery-item'>\n\t\t\t<dt class='gallery-icon landscape'>\n\t\t\t\t<a href='https:\/\/blogsaverroes.juntadeandalucia.es\/cprtorrejaral\/2023\/05\/25\/dia-de-las-familias\/whatsapp-image-2023-05-16-at-21-29-17-20\/'><img loading=\"lazy\" decoding=\"async\" width=\"150\" height=\"150\" src=\"https:\/\/blogsaverroes.juntadeandalucia.es\/cprtorrejaral\/files\/2023\/05\/WhatsApp-Image-2023-05-16-at-21.29.17-20-150x150.jpeg\" class=\"attachment-thumbnail size-thumbnail\" alt=\"\" srcset=\"https:\/\/blogsaverroes.juntadeandalucia.es\/cprtorrejaral\/files\/2023\/05\/WhatsApp-Image-2023-05-16-at-21.29.17-20-150x150.jpeg 150w, https:\/\/blogsaverroes.juntadeandalucia.es\/cprtorrejaral\/files\/2023\/05\/WhatsApp-Image-2023-05-16-at-21.29.17-20-80x80.jpeg 80w, https:\/\/blogsaverroes.juntadeandalucia.es\/cprtorrejaral\/files\/2023\/05\/WhatsApp-Image-2023-05-16-at-21.29.17-20-320x320.jpeg 320w\" sizes=\"(max-width: 150px) 100vw, 150px\" \/><\/a>\n\t\t\t<\/dt><\/dl><dl class='gallery-item'>\n\t\t\t<dt class='gallery-icon landscape'>\n\t\t\t\t<a href='https:\/\/blogsaverroes.juntadeandalucia.es\/cprtorrejaral\/2023\/05\/25\/dia-de-las-familias\/whatsapp-image-2023-05-16-at-21-29-17-22\/'><img loading=\"lazy\" decoding=\"async\" width=\"150\" height=\"150\" src=\"https:\/\/blogsaverroes.juntadeandalucia.es\/cprtorrejaral\/files\/2023\/05\/WhatsApp-Image-2023-05-16-at-21.29.17-22-150x150.jpeg\" class=\"attachment-thumbnail size-thumbnail\" alt=\"\" srcset=\"https:\/\/blogsaverroes.juntadeandalucia.es\/cprtorrejaral\/files\/2023\/05\/WhatsApp-Image-2023-05-16-at-21.29.17-22-150x150.jpeg 150w, https:\/\/blogsaverroes.juntadeandalucia.es\/cprtorrejaral\/files\/2023\/05\/WhatsApp-Image-2023-05-16-at-21.29.17-22-80x80.jpeg 80w, https:\/\/blogsaverroes.juntadeandalucia.es\/cprtorrejaral\/files\/2023\/05\/WhatsApp-Image-2023-05-16-at-21.29.17-22-320x320.jpeg 320w\" sizes=\"(max-width: 150px) 100vw, 150px\" \/><\/a>\n\t\t\t<\/dt><\/dl><dl class='gallery-item'>\n\t\t\t<dt class='gallery-icon landscape'>\n\t\t\t\t<a href='https:\/\/blogsaverroes.juntadeandalucia.es\/cprtorrejaral\/2023\/05\/25\/dia-de-las-familias\/whatsapp-image-2023-05-16-at-21-29-17-23\/'><img loading=\"lazy\" decoding=\"async\" width=\"150\" height=\"150\" src=\"https:\/\/blogsaverroes.juntadeandalucia.es\/cprtorrejaral\/files\/2023\/05\/WhatsApp-Image-2023-05-16-at-21.29.17-23-150x150.jpeg\" class=\"attachment-thumbnail size-thumbnail\" alt=\"\" srcset=\"https:\/\/blogsaverroes.juntadeandalucia.es\/cprtorrejaral\/files\/2023\/05\/WhatsApp-Image-2023-05-16-at-21.29.17-23-150x150.jpeg 150w, https:\/\/blogsaverroes.juntadeandalucia.es\/cprtorrejaral\/files\/2023\/05\/WhatsApp-Image-2023-05-16-at-21.29.17-23-80x80.jpeg 80w, https:\/\/blogsaverroes.juntadeandalucia.es\/cprtorrejaral\/files\/2023\/05\/WhatsApp-Image-2023-05-16-at-21.29.17-23-320x320.jpeg 320w\" sizes=\"(max-width: 150px) 100vw, 150px\" \/><\/a>\n\t\t\t<\/dt><\/dl><br style=\"clear: both\" \/><dl class='gallery-item'>\n\t\t\t<dt class='gallery-icon landscape'>\n\t\t\t\t<a href='https:\/\/blogsaverroes.juntadeandalucia.es\/cprtorrejaral\/2023\/05\/25\/dia-de-las-familias\/whatsapp-image-2023-05-16-at-21-29-17\/'><img loading=\"lazy\" decoding=\"async\" width=\"150\" height=\"150\" src=\"https:\/\/blogsaverroes.juntadeandalucia.es\/cprtorrejaral\/files\/2023\/05\/WhatsApp-Image-2023-05-16-at-21.29.17-150x150.jpeg\" class=\"attachment-thumbnail size-thumbnail\" alt=\"\" srcset=\"https:\/\/blogsaverroes.juntadeandalucia.es\/cprtorrejaral\/files\/2023\/05\/WhatsApp-Image-2023-05-16-at-21.29.17-150x150.jpeg 150w, https:\/\/blogsaverroes.juntadeandalucia.es\/cprtorrejaral\/files\/2023\/05\/WhatsApp-Image-2023-05-16-at-21.29.17-80x80.jpeg 80w, https:\/\/blogsaverroes.juntadeandalucia.es\/cprtorrejaral\/files\/2023\/05\/WhatsApp-Image-2023-05-16-at-21.29.17-320x320.jpeg 320w\" sizes=\"(max-width: 150px) 100vw, 150px\" \/><\/a>\n\t\t\t<\/dt><\/dl>\n\t\t\t<br style='clear: both' \/>\n\t\t<\/div>\n\n","protected":false},"excerpt":{"rendered":"<p>El pasado 15 de Mayo celebramos en el colegio el D\u00eda de las Familias. Fue una jornada de puertas abiertas a la comunidad educativa.&nbsp; En primer lugar, a partir de las 12, realizamos la&#46;&#46;&#46;<\/p>\n","protected":false},"author":5769,"featured_media":22664,"comment_status":"open","ping_status":"open","sticky":false,"template":"","format":"standard","meta":{"ngg_post_thumbnail":0,"footnotes":""},"categories":[5991,25490,6953,3981,28,3253],"tags":[],"aioseo_notices":[],"_links":{"self":[{"href":"https:\/\/blogsaverroes.juntadeandalucia.es\/cprtorrejaral\/wp-json\/wp\/v2\/posts\/22563"}],"collection":[{"href":"https:\/\/blogsaverroes.juntadeandalucia.es\/cprtorrejaral\/wp-json\/wp\/v2\/posts"}],"about":[{"href":"https:\/\/blogsaverroes.juntadeandalucia.es\/cprtorrejaral\/wp-json\/wp\/v2\/types\/post"}],"author":[{"embeddable":true,"href":"https:\/\/blogsaverroes.juntadeandalucia.es\/cprtorrejaral\/wp-json\/wp\/v2\/users\/5769"}],"replies":[{"embeddable":true,"href":"https:\/\/blogsaverroes.juntadeandalucia.es\/cprtorrejaral\/wp-json\/wp\/v2\/comments?post=22563"}],"version-history":[{"count":2,"href":"https:\/\/blogsaverroes.juntadeandalucia.es\/cprtorrejaral\/wp-json\/wp\/v2\/posts\/22563\/revisions"}],"predecessor-version":[{"id":22730,"href":"https:\/\/blogsaverroes.juntadeandalucia.es\/cprtorrejaral\/wp-json\/wp\/v2\/posts\/22563\/revisions\/22730"}],"wp:featuredmedia":[{"embeddable":true,"href":"https:\/\/blogsaverroes.juntadeandalucia.es\/cprtorrejaral\/wp-json\/wp\/v2\/media\/22664"}],"wp:attachment":[{"href":"https:\/\/blogsaverroes.juntadeandalucia.es\/cprtorrejaral\/wp-json\/wp\/v2\/media?parent=22563"}],"wp:term":[{"taxonomy":"category","embeddable":true,"href":"https:\/\/blogsaverroes.juntadeandalucia.es\/cprtorrejaral\/wp-json\/wp\/v2\/categories?post=22563"},{"taxonomy":"post_tag","embeddable":true,"href":"https:\/\/blogsaverroes.juntadeandalucia.es\/cprtorrejaral\/wp-json\/wp\/v2\/tags?post=22563"}],"curies":[{"name":"wp","href":"https:\/\/api.w.org\/{rel}","templated":true}]}}