{"id":22770,"date":"2023-07-03T19:20:21","date_gmt":"2023-07-03T19:20:21","guid":{"rendered":"https:\/\/blogsaverroes.juntadeandalucia.es\/cprtorrejaral\/?p=22770"},"modified":"2023-07-03T19:21:32","modified_gmt":"2023-07-03T19:21:32","slug":"programa-super-capaces-en-canal-malaga","status":"publish","type":"post","link":"https:\/\/blogsaverroes.juntadeandalucia.es\/cprtorrejaral\/2023\/07\/03\/programa-super-capaces-en-canal-malaga\/","title":{"rendered":"Programa \u00abS\u00daPER CAPACES\u00bb en Canal M\u00e1laga"},"content":{"rendered":"<p>&nbsp;<\/p>\n<h3><span style=\"color: #3366ff\"><em><strong>Ha sido un curso intenso y muy bien aprovechado. Hemos finalizado con la visita al cole, por segunda vez este a\u00f1o, del Programa \u00abS\u00faper Capaces\u00bb&nbsp; de Canal M\u00e1laga, que resume en su \u00faltimo programa de la temporada algunas de las actividades que se llevan a cabo en el CPR TORREJARAL.<\/strong><\/em><\/span><br \/>\n<span style=\"color: #3366ff\"><em><strong>Unir los proyectos PROA + con Cda (Comunidad de Aprendizaje)&nbsp; y el programa Escuelas Visuales ha sido una forma efectiva de promover la inclusi\u00f3n y el aprendizaje cooperativo en el colegio.<\/strong><\/em><\/span><\/h3>\n<h3><span style=\"color: #3366ff\"><em><strong>Los grupos interactivos han promovido la participaci\u00f3n activa y la colaboraci\u00f3n de todos los miembros de la comunidad educativa: alumnado, claustro, familias, PAS\u2026. Juntos y juntas hemos trabajado para crear entornos inclusivos.&nbsp;<\/strong><\/em><\/span><\/h3>\n<h3><span style=\"color: #3366ff\"><em><strong>Gracias a todas y todos los miembros de&nbsp; la Comunidad Educativa del colegio por vuestro trabajo, implicaci\u00f3n y esfuerzo para hacer de este Centro un lugar mejor.<\/strong><\/em><\/span><\/h3>\n<h4><strong>&nbsp;Aqu\u00ed podemos ver \u00edntegramente el v\u00eddeo del programa:<\/strong><\/h4>\n<div style=\"width: 640px;\" class=\"wp-video\"><!--[if lt IE 9]><script>document.createElement('video');<\/script><![endif]-->\n<video class=\"wp-video-shortcode\" id=\"video-22770-1\" width=\"640\" height=\"360\" preload=\"metadata\" controls=\"controls\"><source type=\"video\/mp4\" src=\"http:\/\/canalmalaga-ondemand.flumotion.com\/outgoing\/video\/mp4\/high\/20230623_2200_2230_SUPERCAPACES_V_1X1_2_T5_22-23_P26_SUPERCAPACES-XX_PREMIOS_CODAPA_ESCUELA_PUBLICA_RURAL_TORREJARAL_UNA_ESCUELA_VISUAL-CANAL_MALAGA_RTVM.mp4?_=1\" \/><a href=\"http:\/\/canalmalaga-ondemand.flumotion.com\/outgoing\/video\/mp4\/high\/20230623_2200_2230_SUPERCAPACES_V_1X1_2_T5_22-23_P26_SUPERCAPACES-XX_PREMIOS_CODAPA_ESCUELA_PUBLICA_RURAL_TORREJARAL_UNA_ESCUELA_VISUAL-CANAL_MALAGA_RTVM.mp4\">http:\/\/canalmalaga-ondemand.flumotion.com\/outgoing\/video\/mp4\/high\/20230623_2200_2230_SUPERCAPACES_V_1X1_2_T5_22-23_P26_SUPERCAPACES-XX_PREMIOS_CODAPA_ESCUELA_PUBLICA_RURAL_TORREJARAL_UNA_ESCUELA_VISUAL-CANAL_MALAGA_RTVM.mp4<\/a><\/video><\/div>\n","protected":false},"excerpt":{"rendered":"<p>&nbsp; Ha sido un curso intenso y muy bien aprovechado. Hemos finalizado con la visita al cole, por segunda vez este a\u00f1o, del Programa \u00abS\u00faper Capaces\u00bb&nbsp; de Canal M\u00e1laga, que resume en su \u00faltimo&#46;&#46;&#46;<\/p>\n","protected":false},"author":5769,"featured_media":22773,"comment_status":"open","ping_status":"open","sticky":false,"template":"","format":"standard","meta":{"ngg_post_thumbnail":0,"footnotes":""},"categories":[25490,6953,3981,1361674,28,3253,1361672],"tags":[],"aioseo_notices":[],"_links":{"self":[{"href":"https:\/\/blogsaverroes.juntadeandalucia.es\/cprtorrejaral\/wp-json\/wp\/v2\/posts\/22770"}],"collection":[{"href":"https:\/\/blogsaverroes.juntadeandalucia.es\/cprtorrejaral\/wp-json\/wp\/v2\/posts"}],"about":[{"href":"https:\/\/blogsaverroes.juntadeandalucia.es\/cprtorrejaral\/wp-json\/wp\/v2\/types\/post"}],"author":[{"embeddable":true,"href":"https:\/\/blogsaverroes.juntadeandalucia.es\/cprtorrejaral\/wp-json\/wp\/v2\/users\/5769"}],"replies":[{"embeddable":true,"href":"https:\/\/blogsaverroes.juntadeandalucia.es\/cprtorrejaral\/wp-json\/wp\/v2\/comments?post=22770"}],"version-history":[{"count":5,"href":"https:\/\/blogsaverroes.juntadeandalucia.es\/cprtorrejaral\/wp-json\/wp\/v2\/posts\/22770\/revisions"}],"predecessor-version":[{"id":22776,"href":"https:\/\/blogsaverroes.juntadeandalucia.es\/cprtorrejaral\/wp-json\/wp\/v2\/posts\/22770\/revisions\/22776"}],"wp:featuredmedia":[{"embeddable":true,"href":"https:\/\/blogsaverroes.juntadeandalucia.es\/cprtorrejaral\/wp-json\/wp\/v2\/media\/22773"}],"wp:attachment":[{"href":"https:\/\/blogsaverroes.juntadeandalucia.es\/cprtorrejaral\/wp-json\/wp\/v2\/media?parent=22770"}],"wp:term":[{"taxonomy":"category","embeddable":true,"href":"https:\/\/blogsaverroes.juntadeandalucia.es\/cprtorrejaral\/wp-json\/wp\/v2\/categories?post=22770"},{"taxonomy":"post_tag","embeddable":true,"href":"https:\/\/blogsaverroes.juntadeandalucia.es\/cprtorrejaral\/wp-json\/wp\/v2\/tags?post=22770"}],"curies":[{"name":"wp","href":"https:\/\/api.w.org\/{rel}","templated":true}]}}