{"id":22950,"date":"2023-10-13T18:08:56","date_gmt":"2023-10-13T18:08:56","guid":{"rendered":"https:\/\/blogsaverroes.juntadeandalucia.es\/cprtorrejaral\/?p=22950"},"modified":"2023-10-13T18:08:56","modified_gmt":"2023-10-13T18:08:56","slug":"10-de-octubre-dia-de-la-salud-mental","status":"publish","type":"post","link":"https:\/\/blogsaverroes.juntadeandalucia.es\/cprtorrejaral\/2023\/10\/13\/10-de-octubre-dia-de-la-salud-mental\/","title":{"rendered":"10 de Octubre: D\u00eda de la salud mental"},"content":{"rendered":"<p>El&nbsp;<b>D\u00eda Mundial de la Salud Mental<\/b>&nbsp;se conmemora todos los&nbsp;<a title=\"10 de octubre\" href=\"https:\/\/es.wikipedia.org\/wiki\/10_de_octubre\">10 de octubre<\/a>; el objetivo que persigue, es el de recordar que la salud de cada individuo es la s\u00f3lida base para la construcci\u00f3n de vidas plenas y satisfactorias.&nbsp;<\/p>\n<p>La <b><a title=\"Organizaci\u00f3n Mundial de la Salud\" href=\"https:\/\/es.wikipedia.org\/wiki\/Organizaci%C3%B3n_Mundial_de_la_Salud\">Organizaci\u00f3n Mundial de la Salud<\/a><\/b>&nbsp;(OMS) que la considera como un&nbsp;<i>\u00abestado de completo bienestar f\u00edsico, mental y social, no solamente la ausencia de afecciones o enfermedades\u00bb<\/i>. As\u00ed, se establecen estrechos v\u00ednculos entre la salud f\u00edsica y la salud mental, entendiendo que son pilares fundamentales para el bienestar.<\/p>\n<p><sup id=\"cite_ref-1\" class=\"reference separada\"><\/sup>En nuestro colegio se ha trabajado esta conmemoraci\u00f3n a trav\u00e9s del cuento \u00abEl cazo de Lorenzo\u00bb.<\/p>\n<p>Lorenzo es un ni\u00f1o al que un d\u00eda se le cae un cazo encima. Desde entonces, Lorenzo no es un ni\u00f1o como los otros, es un ni\u00f1o diferente, muy sensible y art\u00edstico, le gusta la m\u00fasica\u2026 El problema es que algunas personas miran mal a Lorenzo, que va siempre por ah\u00ed arrastrando su cazo, que se atasca en todas partes, ese cazo que es un problema. Esto es un trabajo a\u00f1adido para Lorenzo, que debe hacer m\u00e1s sacrificios que los otros ni\u00f1os para conseguir los mismos objetivos\u2026<\/p>\n<p>Es una buena forma de <strong>trabajar el concepto de la inclusi\u00f3n con los m\u00e1s peque\u00f1os<\/strong>, quienes poco a poco aprenden herramientas para tratar con ni\u00f1os que tienen alguna discapacidad, ni\u00f1os que, pese a todo, son como ellos. La \u00fanica diferencia es ese cazo que siempre llevan consigo, pero que para compensar tienen otras muchas virtudes que enriquecen al aula.<\/p>\n<p>Aqu\u00ed puede verse un v\u00eddeo breve sobre la actividad y algunas fotos de la misma:<\/p>\n<div style=\"width: 704px;\" class=\"wp-video\"><!--[if lt IE 9]><script>document.createElement('video');<\/script><![endif]-->\n<video class=\"wp-video-shortcode\" id=\"video-22950-1\" width=\"704\" height=\"480\" preload=\"metadata\" controls=\"controls\"><source type=\"video\/mp4\" src=\"https:\/\/blogsaverroes.juntadeandalucia.es\/cprtorrejaral\/files\/2023\/10\/WhatsApp-Video-2023-10-11-at-16.58.16.mp4?_=1\" \/><a href=\"https:\/\/blogsaverroes.juntadeandalucia.es\/cprtorrejaral\/files\/2023\/10\/WhatsApp-Video-2023-10-11-at-16.58.16.mp4\">https:\/\/blogsaverroes.juntadeandalucia.es\/cprtorrejaral\/files\/2023\/10\/WhatsApp-Video-2023-10-11-at-16.58.16.mp4<\/a><\/video><\/div>\n<p><a href=\"https:\/\/blogsaverroes.juntadeandalucia.es\/cprtorrejaral\/files\/2023\/10\/WhatsApp-Image-2023-10-11-at-19.34.27.jpeg\"><img loading=\"lazy\" decoding=\"async\" class=\"aligncenter size-full wp-image-22952\" src=\"https:\/\/blogsaverroes.juntadeandalucia.es\/cprtorrejaral\/files\/2023\/10\/WhatsApp-Image-2023-10-11-at-19.34.27.jpeg\" alt=\"\" width=\"1600\" height=\"1200\" srcset=\"https:\/\/blogsaverroes.juntadeandalucia.es\/cprtorrejaral\/files\/2023\/10\/WhatsApp-Image-2023-10-11-at-19.34.27.jpeg 1600w, https:\/\/blogsaverroes.juntadeandalucia.es\/cprtorrejaral\/files\/2023\/10\/WhatsApp-Image-2023-10-11-at-19.34.27-300x225.jpeg 300w, https:\/\/blogsaverroes.juntadeandalucia.es\/cprtorrejaral\/files\/2023\/10\/WhatsApp-Image-2023-10-11-at-19.34.27-1024x768.jpeg 1024w, https:\/\/blogsaverroes.juntadeandalucia.es\/cprtorrejaral\/files\/2023\/10\/WhatsApp-Image-2023-10-11-at-19.34.27-768x576.jpeg 768w, https:\/\/blogsaverroes.juntadeandalucia.es\/cprtorrejaral\/files\/2023\/10\/WhatsApp-Image-2023-10-11-at-19.34.27-1536x1152.jpeg 1536w\" sizes=\"(max-width: 1600px) 100vw, 1600px\" \/><\/a><\/p>\n<div class=\"code-block code-block-4\">\n<div id=\"22617-19\">&nbsp;<\/div>\n<\/div>\n","protected":false},"excerpt":{"rendered":"<p>El&nbsp;D\u00eda Mundial de la Salud Mental&nbsp;se conmemora todos los&nbsp;10 de octubre; el objetivo que persigue, es el de recordar que la salud de cada individuo es la s\u00f3lida base para la construcci\u00f3n de vidas&#46;&#46;&#46;<\/p>\n","protected":false},"author":5769,"featured_media":22952,"comment_status":"open","ping_status":"open","sticky":false,"template":"","format":"standard","meta":{"ngg_post_thumbnail":0,"footnotes":""},"categories":[5991,25490,307409,3981,1361674,3253],"tags":[],"aioseo_notices":[],"_links":{"self":[{"href":"https:\/\/blogsaverroes.juntadeandalucia.es\/cprtorrejaral\/wp-json\/wp\/v2\/posts\/22950"}],"collection":[{"href":"https:\/\/blogsaverroes.juntadeandalucia.es\/cprtorrejaral\/wp-json\/wp\/v2\/posts"}],"about":[{"href":"https:\/\/blogsaverroes.juntadeandalucia.es\/cprtorrejaral\/wp-json\/wp\/v2\/types\/post"}],"author":[{"embeddable":true,"href":"https:\/\/blogsaverroes.juntadeandalucia.es\/cprtorrejaral\/wp-json\/wp\/v2\/users\/5769"}],"replies":[{"embeddable":true,"href":"https:\/\/blogsaverroes.juntadeandalucia.es\/cprtorrejaral\/wp-json\/wp\/v2\/comments?post=22950"}],"version-history":[{"count":1,"href":"https:\/\/blogsaverroes.juntadeandalucia.es\/cprtorrejaral\/wp-json\/wp\/v2\/posts\/22950\/revisions"}],"predecessor-version":[{"id":22953,"href":"https:\/\/blogsaverroes.juntadeandalucia.es\/cprtorrejaral\/wp-json\/wp\/v2\/posts\/22950\/revisions\/22953"}],"wp:featuredmedia":[{"embeddable":true,"href":"https:\/\/blogsaverroes.juntadeandalucia.es\/cprtorrejaral\/wp-json\/wp\/v2\/media\/22952"}],"wp:attachment":[{"href":"https:\/\/blogsaverroes.juntadeandalucia.es\/cprtorrejaral\/wp-json\/wp\/v2\/media?parent=22950"}],"wp:term":[{"taxonomy":"category","embeddable":true,"href":"https:\/\/blogsaverroes.juntadeandalucia.es\/cprtorrejaral\/wp-json\/wp\/v2\/categories?post=22950"},{"taxonomy":"post_tag","embeddable":true,"href":"https:\/\/blogsaverroes.juntadeandalucia.es\/cprtorrejaral\/wp-json\/wp\/v2\/tags?post=22950"}],"curies":[{"name":"wp","href":"https:\/\/api.w.org\/{rel}","templated":true}]}}