{"id":24638,"date":"2025-04-02T08:09:39","date_gmt":"2025-04-02T08:09:39","guid":{"rendered":"https:\/\/blogsaverroes.juntadeandalucia.es\/cprtorrejaral\/?p=24638"},"modified":"2025-04-02T08:10:53","modified_gmt":"2025-04-02T08:10:53","slug":"dia-mundial-de-concienciacion-sobre-el-autismo-2025","status":"publish","type":"post","link":"https:\/\/blogsaverroes.juntadeandalucia.es\/cprtorrejaral\/2025\/04\/02\/dia-mundial-de-concienciacion-sobre-el-autismo-2025\/","title":{"rendered":"D\u00eda Mundial de Concienciaci\u00f3n sobre el Autismo \/ 2025"},"content":{"rendered":"<p>Como todo el mundo sabe, el 2 de abril de cada a\u00f1o se celebra el <strong>D\u00eda Mundial sobre Concienciaci\u00f3n sobre el Autismo<\/strong>. Desde nuestro colegio queremos sumarnos una vez m\u00e1s al infinito de colores, porque compartimos, como no puede ser de otra forma, la necesidad de que toda la poblaci\u00f3n sepa que con este s\u00edmbolo se representa la diversidad y singularidad que hay dentro del espectro autismo.<\/p>\n<p>Por ello, nos gustar\u00eda recordar de nuevo que no hay dos personas iguales con autismo, aunque compartan un mismo diagn\u00f3stico, ya que cada una tiene sus propios intereses, capacidades, necesidades, etc.<\/p>\n<p>Sin m\u00e1s, facilitamos el enlace de un v\u00eddeo que se ha llevado a cabo con la intenci\u00f3n de compartir algunos sentimientos que tenemos el privilegio de vivir a diario en nuestras aulas, gracias a que existe la diversidad, y esta da pie a la inclusi\u00f3n.<\/p>\n<p>Esperamos que os guste.<\/p>\n<p>&nbsp;<\/p>\n<p><iframe loading=\"lazy\" title=\"Autismo 2025\" width=\"500\" height=\"281\" src=\"https:\/\/www.youtube.com\/embed\/C6_BbpmMMLE?feature=oembed&#038;wmode=opaque\" frameborder=\"0\" allow=\"accelerometer; autoplay; clipboard-write; encrypted-media; gyroscope; picture-in-picture; web-share\" referrerpolicy=\"strict-origin-when-cross-origin\" allowfullscreen><\/iframe><\/p>\n<p>&nbsp;<\/p>\n<p>&nbsp;<\/p>\n<p>&nbsp;<\/p>\n<p>&nbsp;<\/p>\n","protected":false},"excerpt":{"rendered":"<p>Como todo el mundo sabe, el 2 de abril de cada a\u00f1o se celebra el D\u00eda Mundial sobre Concienciaci\u00f3n sobre el Autismo. Desde nuestro colegio queremos sumarnos una vez m\u00e1s al infinito de colores,&#46;&#46;&#46;<\/p>\n","protected":false},"author":5769,"featured_media":24639,"comment_status":"open","ping_status":"open","sticky":false,"template":"","format":"standard","meta":{"ngg_post_thumbnail":0,"footnotes":""},"categories":[854,25490,6953,1361674,28,3253,526,28259,11909,425],"tags":[],"aioseo_notices":[],"_links":{"self":[{"href":"https:\/\/blogsaverroes.juntadeandalucia.es\/cprtorrejaral\/wp-json\/wp\/v2\/posts\/24638"}],"collection":[{"href":"https:\/\/blogsaverroes.juntadeandalucia.es\/cprtorrejaral\/wp-json\/wp\/v2\/posts"}],"about":[{"href":"https:\/\/blogsaverroes.juntadeandalucia.es\/cprtorrejaral\/wp-json\/wp\/v2\/types\/post"}],"author":[{"embeddable":true,"href":"https:\/\/blogsaverroes.juntadeandalucia.es\/cprtorrejaral\/wp-json\/wp\/v2\/users\/5769"}],"replies":[{"embeddable":true,"href":"https:\/\/blogsaverroes.juntadeandalucia.es\/cprtorrejaral\/wp-json\/wp\/v2\/comments?post=24638"}],"version-history":[{"count":10,"href":"https:\/\/blogsaverroes.juntadeandalucia.es\/cprtorrejaral\/wp-json\/wp\/v2\/posts\/24638\/revisions"}],"predecessor-version":[{"id":24651,"href":"https:\/\/blogsaverroes.juntadeandalucia.es\/cprtorrejaral\/wp-json\/wp\/v2\/posts\/24638\/revisions\/24651"}],"wp:featuredmedia":[{"embeddable":true,"href":"https:\/\/blogsaverroes.juntadeandalucia.es\/cprtorrejaral\/wp-json\/wp\/v2\/media\/24639"}],"wp:attachment":[{"href":"https:\/\/blogsaverroes.juntadeandalucia.es\/cprtorrejaral\/wp-json\/wp\/v2\/media?parent=24638"}],"wp:term":[{"taxonomy":"category","embeddable":true,"href":"https:\/\/blogsaverroes.juntadeandalucia.es\/cprtorrejaral\/wp-json\/wp\/v2\/categories?post=24638"},{"taxonomy":"post_tag","embeddable":true,"href":"https:\/\/blogsaverroes.juntadeandalucia.es\/cprtorrejaral\/wp-json\/wp\/v2\/tags?post=24638"}],"curies":[{"name":"wp","href":"https:\/\/api.w.org\/{rel}","templated":true}]}}