{"id":3020,"date":"2012-11-22T15:00:00","date_gmt":"2012-11-22T15:00:00","guid":{"rendered":"https:\/\/blogsaverroes.juntadeandalucia.es\/cprtorrejaral\/2012\/11\/22\/halloween-2\/"},"modified":"2012-11-22T15:00:00","modified_gmt":"2012-11-22T15:00:00","slug":"halloween-2","status":"publish","type":"post","link":"https:\/\/blogsaverroes.juntadeandalucia.es\/cprtorrejaral\/2012\/11\/22\/halloween-2\/","title":{"rendered":"Halloween"},"content":{"rendered":"<p>&nbsp;          <br \/><span style=\"font-family: URW Gothic L, sans-serif\">Los alumnos de 6\u00ba preparan un Pasaje del Terror. Para ello deben representar cada uno un papel terror\u00edfico, el disfraz y el maquillaje son fundamentales para la puesta en escena. Adornamos la clase con dibujos, telas de ara\u00f1a, m\u00fasica ambiental&#8230;<\/span><\/p>\n<div align=\"JUSTIFY\" style=\"margin-bottom: 0cm\"><span style=\"font-family: URW Gothic L, sans-serif\">Para disfrutar de nuestro pasaje tenemos unos invitados muy especiales, los alumnos de 3\u00ba, 4\u00ba y 5\u00ba. La Guardiana de la Puerta del Pasaje gu\u00eda a los grupos hasta la puerta y los acompa\u00f1a en el recorrido. Durante el trayecto, entre sustos, tienen dos paradas importantes: un cuento y una poes\u00eda de miedo.<\/span><\/div>\n<div align=\"JUSTIFY\" style=\"margin-bottom: 0cm\"><\/div>\n<div style=\"clear: both;text-align: center\"><a href=\"http:\/\/3.bp.blogspot.com\/-d_2xwYDJ8Qs\/UK4Fcn5S62I\/AAAAAAAAAkg\/4NgeKnmxLxI\/s1600\/DSCN1994.jpg\" style=\"clear: right;float: right;margin-bottom: 1em;margin-left: 1em\"><img loading=\"lazy\" decoding=\"async\" border=\"0\" height=\"320\" src=\"http:\/\/3.bp.blogspot.com\/-d_2xwYDJ8Qs\/UK4Fcn5S62I\/AAAAAAAAAkg\/4NgeKnmxLxI\/s320\/DSCN1994.jpg\" width=\"320\" \/><\/a><\/div>\n<p><\/p>\n<div style=\"clear: both;text-align: center\"><a href=\"http:\/\/1.bp.blogspot.com\/-60NJoZ6RuCM\/UK4GBCPB6TI\/AAAAAAAAAko\/J116PdXEtz8\/s1600\/DSCN1993.jpg\" style=\"margin-left: 1em;margin-right: 1em\"><img loading=\"lazy\" decoding=\"async\" border=\"0\" height=\"320\" src=\"http:\/\/1.bp.blogspot.com\/-60NJoZ6RuCM\/UK4GBCPB6TI\/AAAAAAAAAko\/J116PdXEtz8\/s320\/DSCN1993.jpg\" width=\"320\" \/><\/a><\/div>\n<ul>\n<li><a href=\"http:\/\/3.bp.blogspot.com\/-RzONnMk2PLs\/UK4GwSUb4QI\/AAAAAAAAAk0\/WVLMN-t2-VI\/s1600\/DSCN2001.jpg\" style=\"margin-left: 1em;margin-right: 1em\"><img loading=\"lazy\" decoding=\"async\" border=\"0\" height=\"320\" src=\"http:\/\/3.bp.blogspot.com\/-RzONnMk2PLs\/UK4GwSUb4QI\/AAAAAAAAAk0\/WVLMN-t2-VI\/s320\/DSCN2001.jpg\" width=\"320\" \/><\/a><\/li>\n<\/ul>\n<div style=\"clear: both;text-align: center\"><a href=\"http:\/\/1.bp.blogspot.com\/-JpOARGaG738\/UK4HMS6inyI\/AAAAAAAAAlM\/DQosmEFyOl0\/s1600\/DSCN2000.jpg\" style=\"margin-left: 1em;margin-right: 1em\"><img loading=\"lazy\" decoding=\"async\" border=\"0\" height=\"320\" src=\"http:\/\/1.bp.blogspot.com\/-JpOARGaG738\/UK4HMS6inyI\/AAAAAAAAAlM\/DQosmEFyOl0\/s320\/DSCN2000.jpg\" width=\"320\" \/><\/a><\/div>\n<p><\/p>\n<div style=\"clear: both;text-align: center\"><\/div>\n<p><\/p>\n<div style=\"clear: both;text-align: center\"><\/div>\n<div align=\"JUSTIFY\" style=\"margin-bottom: 0cm\"><\/div>\n","protected":false},"excerpt":{"rendered":"<p>&nbsp; Los alumnos de 6\u00ba preparan un Pasaje del Terror. Para ello deben representar cada uno un papel terror\u00edfico, el disfraz y el maquillaje son fundamentales para la puesta en escena. Adornamos la clase&#46;&#46;&#46;<\/p>\n","protected":false},"author":5769,"featured_media":0,"comment_status":"open","ping_status":"open","sticky":false,"template":"","format":"standard","meta":{"ngg_post_thumbnail":0,"footnotes":""},"categories":[11909],"tags":[],"aioseo_notices":[],"_links":{"self":[{"href":"https:\/\/blogsaverroes.juntadeandalucia.es\/cprtorrejaral\/wp-json\/wp\/v2\/posts\/3020"}],"collection":[{"href":"https:\/\/blogsaverroes.juntadeandalucia.es\/cprtorrejaral\/wp-json\/wp\/v2\/posts"}],"about":[{"href":"https:\/\/blogsaverroes.juntadeandalucia.es\/cprtorrejaral\/wp-json\/wp\/v2\/types\/post"}],"author":[{"embeddable":true,"href":"https:\/\/blogsaverroes.juntadeandalucia.es\/cprtorrejaral\/wp-json\/wp\/v2\/users\/5769"}],"replies":[{"embeddable":true,"href":"https:\/\/blogsaverroes.juntadeandalucia.es\/cprtorrejaral\/wp-json\/wp\/v2\/comments?post=3020"}],"version-history":[{"count":0,"href":"https:\/\/blogsaverroes.juntadeandalucia.es\/cprtorrejaral\/wp-json\/wp\/v2\/posts\/3020\/revisions"}],"wp:attachment":[{"href":"https:\/\/blogsaverroes.juntadeandalucia.es\/cprtorrejaral\/wp-json\/wp\/v2\/media?parent=3020"}],"wp:term":[{"taxonomy":"category","embeddable":true,"href":"https:\/\/blogsaverroes.juntadeandalucia.es\/cprtorrejaral\/wp-json\/wp\/v2\/categories?post=3020"},{"taxonomy":"post_tag","embeddable":true,"href":"https:\/\/blogsaverroes.juntadeandalucia.es\/cprtorrejaral\/wp-json\/wp\/v2\/tags?post=3020"}],"curies":[{"name":"wp","href":"https:\/\/api.w.org\/{rel}","templated":true}]}}