{"id":4478,"date":"2018-02-21T13:00:00","date_gmt":"2018-02-21T13:00:00","guid":{"rendered":""},"modified":"2018-04-19T18:50:07","modified_gmt":"2018-04-19T18:50:07","slug":"taller-de-cocina","status":"publish","type":"post","link":"https:\/\/blogsaverroes.juntadeandalucia.es\/cprtorrejaral\/2018\/02\/21\/taller-de-cocina\/","title":{"rendered":"TALLER DE COCINA"},"content":{"rendered":"<p>&nbsp;<\/p>\n<div style=\"text-align: justify\"><span style=\"font-size: 12.0pt;line-height: 115%\"><b><span style=\"color: purple\">Durante este trimestre el alumnado de infantil de 3 a\u00f1os de Valle Niza hemos realizado&nbsp; talleres de cocina dentro del tema dedicado a la salud y la alimentaci\u00f3n.&nbsp;<\/span><\/b><\/span><\/div>\n<div style=\"text-align: justify\"><span style=\"font-size: 12.0pt;line-height: 115%\"><b><span style=\"color: purple\">&nbsp;<\/span><\/b><\/span><\/div>\n<p><!--more--><\/p>\n<div style=\"text-align: justify\"><span style=\"font-size: 12.0pt;line-height: 115%\"><b><span style=\"color: purple\">En ellos hemos aprendido algunas normas b\u00e1sicas de higiene a la hora de manipular los alimentos y la importancia del consumo de alimentos saludables para nuestro desarrollo.<\/span><\/b><\/span><\/div>\n<p>&nbsp;<\/p>\n<div style=\"text-align: justify\"><span style=\"font-size: 12.0pt;line-height: 115%\"><b><span style=\"color: purple\">Por ellos se han realizado dos talleres:<\/span><\/b><\/span><\/div>\n<div style=\"text-align: justify\"><span style=\"font-size: 12.0pt;line-height: 115%\"><b><span style=\"color: purple\">&nbsp;<\/span><\/b><\/span><\/div>\n<div style=\"text-align: justify;text-indent: -18.0pt\"><!-- [if !supportLists]--><b><span style=\"color: purple\"><span style=\"font-family: Wingdings;font-size: 12.0pt;line-height: 115%\">\u00d8&nbsp; &nbsp;<\/span><!--[endif]--><span style=\"font-size: 12.0pt;line-height: 115%\">El primero dedicado a la alimentaci\u00f3n sin gluten, pues cada vez m\u00e1s nos encontramos &nbsp;con problemas de intolerancia a este alimento y hemos tenido la suerte de contar con la ayuda de una mam\u00e1 experta en el tema, que nos ha explicado que el gluten se encuentra en el trigo y otros cereales, y cu\u00e1les son los efectos perjudiciales que este tiene &nbsp;para las personas con intolerancia.&nbsp;<\/span><\/span><\/b><\/div>\n<div style=\"text-align: justify;text-indent: -18.0pt\"><span style=\"font-size: 12.0pt;line-height: 115%\"><b><span style=\"color: purple\">&nbsp;<\/span><\/b><\/span><\/div>\n<div style=\"text-align: justify;text-indent: -18.0pt\"><span style=\"font-size: 12.0pt;line-height: 115%\"><b><span style=\"color: purple\">&nbsp; &nbsp;Tambi\u00e9n nos ha ense\u00f1ado a distinguir el s\u00edmbolo que identifica los productos sin gluten y &nbsp;la gran cantidad de productos alternativos que podemos encontrar en el mercado y que nos permiten realizar las mismas comidas que habitualmente consumimos en todos los hogares.<\/span><\/b><\/span><\/div>\n<div style=\"text-align: justify;text-indent: -18.0pt\"><span style=\"font-size: 12pt\"><b><span style=\"color: purple\">&nbsp;<\/span><\/b><\/span><\/div>\n<div style=\"text-align: justify;text-indent: -18.0pt\"><span style=\"font-size: 12pt\"><b><span style=\"color: purple\">&nbsp; &nbsp; Y para demostrarlo hemos realizado una deliciosa tarta de galletas con chocolate y natillas que nos ha salido buen\u00edsima y que luego que luego hemos saboreado todos\/as juntos.<\/span><\/b><\/span><\/div>\n<div style=\"text-align: justify;text-indent: -18.0pt\"><span style=\"font-size: 12pt\"><b><span style=\"color: purple\">&nbsp;<\/span><\/b><\/span><\/div>\n<div style=\"text-align: justify;text-indent: -18.0pt\"><!-- [if !supportLists]--><b><span style=\"color: purple\"><span style=\"font-family: Wingdings;font-size: 12.0pt;line-height: 115%\">\u00d8&nbsp; <\/span><!--[endif]--><span style=\"font-size: 12.0pt;line-height: 115%\">El segundo lo hemos dedicado a la fruta, aprendiendo la importancia que su consumo tiene para nuestra salud y la gran variedad que nos podemos encontrar en el mercado, as\u00ed como las diferentes formas en que puede ser consumida.<\/span><\/span><\/b><\/div>\n<div style=\"text-align: justify;text-indent: -18.0pt\"><span style=\"font-size: 12pt\"><b><span style=\"color: purple\">&nbsp; &nbsp; Para demostrarlo hemos realizado un creativo plato que hemos llamado \u201cPalmeras de fruta\u201d y que combinando mandarinas, pl\u00e1tanos y uvas negras nos ha permitido recrear dicha imagen.<\/span><\/b><\/span><\/div>\n<div style=\"text-align: justify;text-indent: -18.0pt\"><span style=\"font-size: 12pt\"><b><span style=\"color: purple\">&nbsp;<\/span><\/b><\/span><\/div>\n<div style=\"text-align: justify\"><span style=\"font-size: 12.0pt;line-height: 115%\"><b><span style=\"color: purple\">Para ambos talleres hemos contado con la participaci\u00f3n de varias madres y abuelas que nos han ayudado much\u00edsimo, y con las cuales nos hemos divertido, hemos aprendido y sobre todo\u2026\u2026 hemos compartido.<\/span><\/b><\/span><\/div>\n<div style=\"text-align: justify\"><span style=\"font-size: 12.0pt;line-height: 115%\"><b><span style=\"color: purple\">&nbsp;<\/span><\/b><\/span><\/div>\n<div style=\"clear: both;text-align: center\"><a style=\"margin-left: 1em;margin-right: 1em\" href=\"https:\/\/blogsaverroes.juntadeandalucia.es\/cprtorrejaral\/files\/2018\/02\/IMG-20180221-WA0005.jpg\"><img loading=\"lazy\" decoding=\"async\" src=\"https:\/\/blogsaverroes.juntadeandalucia.es\/cprtorrejaral\/files\/2018\/02\/IMG-20180221-WA0005-300x137.jpg\" width=\"320\" height=\"146\" border=\"0\"><\/a><\/div>\n<div style=\"clear: both;text-align: center\">&nbsp;<\/div>\n<div style=\"clear: both;text-align: center\"><a style=\"margin-left: 1em;margin-right: 1em\" href=\"https:\/\/blogsaverroes.juntadeandalucia.es\/cprtorrejaral\/files\/2018\/02\/IMG-20180221-WA0000.jpg\"><img loading=\"lazy\" decoding=\"async\" src=\"https:\/\/blogsaverroes.juntadeandalucia.es\/cprtorrejaral\/files\/2018\/02\/IMG-20180221-WA0000-300x225.jpg\" width=\"320\" height=\"240\" border=\"0\"><\/a><\/div>\n<p>&nbsp;<\/p>\n<div style=\"clear: both;text-align: center\"><a style=\"margin-left: 1em;margin-right: 1em\" href=\"https:\/\/blogsaverroes.juntadeandalucia.es\/cprtorrejaral\/files\/2018\/02\/IMG-20180221-WA0001.jpg\"><img loading=\"lazy\" decoding=\"async\" src=\"https:\/\/blogsaverroes.juntadeandalucia.es\/cprtorrejaral\/files\/2018\/02\/IMG-20180221-WA0001-300x225.jpg\" width=\"320\" height=\"240\" border=\"0\"><\/a><\/div>\n<p>&nbsp;<\/p>\n<div style=\"clear: both;text-align: center\"><a style=\"margin-left: 1em;margin-right: 1em\" href=\"https:\/\/blogsaverroes.juntadeandalucia.es\/cprtorrejaral\/files\/2018\/02\/IMG-20180221-WA0002.jpg\"><img loading=\"lazy\" decoding=\"async\" src=\"https:\/\/blogsaverroes.juntadeandalucia.es\/cprtorrejaral\/files\/2018\/02\/IMG-20180221-WA0002-300x225.jpg\" width=\"320\" height=\"240\" border=\"0\"><\/a><\/div>\n<p>&nbsp;<\/p>\n<div style=\"clear: both;text-align: center\"><a style=\"margin-left: 1em;margin-right: 1em\" href=\"https:\/\/blogsaverroes.juntadeandalucia.es\/cprtorrejaral\/files\/2018\/02\/IMG-20180221-WA0003.jpg\"><img loading=\"lazy\" decoding=\"async\" src=\"https:\/\/blogsaverroes.juntadeandalucia.es\/cprtorrejaral\/files\/2018\/02\/IMG-20180221-WA0003-300x225.jpg\" width=\"320\" height=\"240\" border=\"0\"><\/a><\/div>\n<p>&nbsp;<\/p>\n<div style=\"clear: both;text-align: center\"><a style=\"margin-left: 1em;margin-right: 1em\" href=\"https:\/\/blogsaverroes.juntadeandalucia.es\/cprtorrejaral\/files\/2018\/02\/IMG-20180221-WA0004-1.jpg\"><img decoding=\"async\" src=\"https:\/\/blogsaverroes.juntadeandalucia.es\/cprtorrejaral\/files\/2018\/02\/IMG-20180221-WA0004-1.jpg\" border=\"0\"><\/a><\/div>\n<p>&nbsp;<\/p>\n<div style=\"clear: both;text-align: center\"><a style=\"margin-left: 1em;margin-right: 1em\" href=\"https:\/\/blogsaverroes.juntadeandalucia.es\/cprtorrejaral\/files\/2018\/02\/IMG-20180221-WA0006-1.jpg\"><img decoding=\"async\" src=\"https:\/\/blogsaverroes.juntadeandalucia.es\/cprtorrejaral\/files\/2018\/02\/IMG-20180221-WA0006-1.jpg\" border=\"0\"><\/a><\/div>\n<div style=\"text-align: justify\"><span style=\"font-size: 12.0pt;line-height: 115%\"><b><span style=\"color: purple\">&nbsp;<\/span><\/b><\/span><\/div>\n<p>&nbsp;<\/p>\n","protected":false},"excerpt":{"rendered":"<p>&nbsp; Durante este trimestre el alumnado de infantil de 3 a\u00f1os de Valle Niza hemos realizado&nbsp; talleres de cocina dentro del tema dedicado a la salud y la alimentaci\u00f3n.&nbsp; &nbsp;<\/p>\n","protected":false},"author":5769,"featured_media":4511,"comment_status":"open","ping_status":"open","sticky":false,"template":"","format":"standard","meta":{"ngg_post_thumbnail":0,"footnotes":""},"categories":[307409,25498,28],"tags":[],"aioseo_notices":[],"_links":{"self":[{"href":"https:\/\/blogsaverroes.juntadeandalucia.es\/cprtorrejaral\/wp-json\/wp\/v2\/posts\/4478"}],"collection":[{"href":"https:\/\/blogsaverroes.juntadeandalucia.es\/cprtorrejaral\/wp-json\/wp\/v2\/posts"}],"about":[{"href":"https:\/\/blogsaverroes.juntadeandalucia.es\/cprtorrejaral\/wp-json\/wp\/v2\/types\/post"}],"author":[{"embeddable":true,"href":"https:\/\/blogsaverroes.juntadeandalucia.es\/cprtorrejaral\/wp-json\/wp\/v2\/users\/5769"}],"replies":[{"embeddable":true,"href":"https:\/\/blogsaverroes.juntadeandalucia.es\/cprtorrejaral\/wp-json\/wp\/v2\/comments?post=4478"}],"version-history":[{"count":4,"href":"https:\/\/blogsaverroes.juntadeandalucia.es\/cprtorrejaral\/wp-json\/wp\/v2\/posts\/4478\/revisions"}],"predecessor-version":[{"id":5213,"href":"https:\/\/blogsaverroes.juntadeandalucia.es\/cprtorrejaral\/wp-json\/wp\/v2\/posts\/4478\/revisions\/5213"}],"wp:featuredmedia":[{"embeddable":true,"href":"https:\/\/blogsaverroes.juntadeandalucia.es\/cprtorrejaral\/wp-json\/wp\/v2\/media\/4511"}],"wp:attachment":[{"href":"https:\/\/blogsaverroes.juntadeandalucia.es\/cprtorrejaral\/wp-json\/wp\/v2\/media?parent=4478"}],"wp:term":[{"taxonomy":"category","embeddable":true,"href":"https:\/\/blogsaverroes.juntadeandalucia.es\/cprtorrejaral\/wp-json\/wp\/v2\/categories?post=4478"},{"taxonomy":"post_tag","embeddable":true,"href":"https:\/\/blogsaverroes.juntadeandalucia.es\/cprtorrejaral\/wp-json\/wp\/v2\/tags?post=4478"}],"curies":[{"name":"wp","href":"https:\/\/api.w.org\/{rel}","templated":true}]}}