{"id":1800,"date":"2021-04-16T12:07:00","date_gmt":"2021-04-16T11:07:00","guid":{"rendered":""},"modified":"2021-06-13T21:08:39","modified_gmt":"2021-06-13T20:08:39","slug":"nuestra-primera-cosecha-de-este-ano","status":"publish","type":"post","link":"https:\/\/blogsaverroes.juntadeandalucia.es\/cprvalledeandarax\/nuestra-primera-cosecha-de-este-ano\/","title":{"rendered":"NUESTRA PRIMERA COSECHA DE ESTE A\u00d1O"},"content":{"rendered":"<p>&nbsp;<\/p>\n<p><span>&nbsp;&nbsp; &nbsp;<\/span>Buenos d\u00edas, compa\u00f1er@s:<\/p>\n<p><span>&nbsp;&nbsp; &nbsp;<\/span>Estas \u00faltimas semanas, hemos empezado la recolecta de habas, la verdad, es que tenemos una gran cosecha. Las matas de habas han crecido demasiado, est\u00e1n s\u00faper grandes y tienen much\u00edsimas flores.<\/p>\n<div style=\"clear: both;text-align: center\"><a href=\"https:\/\/blogsaverroes.juntadeandalucia.es\/cprvalledeandarax\/files\/2021\/04\/IMG-20210409-WA0001.jpeg\" style=\"margin-left: 1em;margin-right: 1em\"><img decoding=\"async\" border=\"0\" data-original-height=\"900\" data-original-width=\"1600\" src=\"https:\/\/blogsaverroes.juntadeandalucia.es\/cprvalledeandarax\/files\/2021\/04\/IMG-20210409-WA0001-300x169.jpeg\" width=\"320\" \/>&nbsp;<\/a><\/div>\n<div style=\"clear: both;text-align: center\">&nbsp;<\/div>\n<div style=\"clear: both;text-align: center\">&nbsp;<\/div>\n<p><a href=\"https:\/\/blogsaverroes.juntadeandalucia.es\/cprvalledeandarax\/files\/2021\/04\/IMG-20210409-WA0008.jpeg\" style=\"margin-left: 1em;margin-right: 1em\"><img loading=\"lazy\" decoding=\"async\" border=\"0\" data-original-height=\"900\" data-original-width=\"1600\" height=\"141\" src=\"https:\/\/blogsaverroes.juntadeandalucia.es\/cprvalledeandarax\/files\/2021\/04\/IMG-20210409-WA0008-300x169.jpeg\" width=\"251\" \/>&nbsp;&nbsp;&nbsp;&nbsp;&nbsp; <\/a><a href=\"https:\/\/blogsaverroes.juntadeandalucia.es\/cprvalledeandarax\/files\/2021\/04\/IMG-20210409-WA0007.jpeg\" style=\"margin-left: 1em;margin-right: 1em\"><img loading=\"lazy\" decoding=\"async\" border=\"0\" data-original-height=\"900\" data-original-width=\"1600\" height=\"139\" src=\"https:\/\/blogsaverroes.juntadeandalucia.es\/cprvalledeandarax\/files\/2021\/04\/IMG-20210409-WA0007-300x169.jpeg\" width=\"247\" \/><\/a><\/p>\n<p><span>&nbsp;&nbsp;&nbsp; <\/span>Cada vez, est\u00e1n m\u00e1s bonitas y verdes las fresas, las patatas, tirabeques y acelgas rojas.&nbsp;<\/p>\n<div style=\"clear: both;text-align: center\"><a href=\"https:\/\/blogsaverroes.juntadeandalucia.es\/cprvalledeandarax\/files\/2021\/04\/IMG-20210318-WA0003.jpeg\" style=\"margin-left: 1em;margin-right: 1em\"><img loading=\"lazy\" decoding=\"async\" border=\"0\" data-original-height=\"1600\" data-original-width=\"900\" height=\"325\" src=\"https:\/\/blogsaverroes.juntadeandalucia.es\/cprvalledeandarax\/files\/2021\/04\/IMG-20210318-WA0003-169x300.jpeg\" width=\"352\" \/> <span style=\"color: black\">mata de patata<\/span><br \/><\/a><\/div>\n<p><\/p>\n<p><span>&nbsp;&nbsp; &nbsp;<\/span>Todas las semanas, cuidamos nuestro huerto realizando muchas actividades en \u00e9l, como regar, quitar las malas hierbas y piedras grandes.<\/p>\n<p>Nos despedimos con un fuerte abrazo.<\/p>\n<p>Nos vemos pronto!<\/p>\n<p>&nbsp;<\/p>\n<p>&nbsp;<\/p>\n<p>&nbsp;<\/p>\n<p>&nbsp;<\/p>\n","protected":false},"excerpt":{"rendered":"<p>&nbsp; &nbsp;&nbsp; &nbsp;Buenos d\u00edas, compa\u00f1er@s: &nbsp;&nbsp; &nbsp;Estas \u00faltimas semanas, hemos empezado la recolecta de habas, la verdad, es que tenemos una gran cosecha. Las matas de habas han crecido demasiado, est\u00e1n s\u00faper grandes y tienen much\u00edsimas flores. &nbsp; &nbsp; &nbsp; &nbsp;&nbsp;&nbsp;&nbsp;&nbsp; &nbsp;&nbsp;&nbsp; Cada vez, est\u00e1n m\u00e1s bonitas y verdes las fresas, las patatas, tirabeques y [&hellip;]<\/p>\n","protected":false},"author":11213,"featured_media":2245,"comment_status":"closed","ping_status":"open","sticky":false,"template":"","format":"standard","meta":{"_et_pb_use_builder":"","_et_pb_old_content":"","_et_gb_content_width":"","ngg_post_thumbnail":0,"footnotes":""},"categories":[25,23],"tags":[],"aioseo_notices":[],"_links":{"self":[{"href":"https:\/\/blogsaverroes.juntadeandalucia.es\/cprvalledeandarax\/wp-json\/wp\/v2\/posts\/1800"}],"collection":[{"href":"https:\/\/blogsaverroes.juntadeandalucia.es\/cprvalledeandarax\/wp-json\/wp\/v2\/posts"}],"about":[{"href":"https:\/\/blogsaverroes.juntadeandalucia.es\/cprvalledeandarax\/wp-json\/wp\/v2\/types\/post"}],"author":[{"embeddable":true,"href":"https:\/\/blogsaverroes.juntadeandalucia.es\/cprvalledeandarax\/wp-json\/wp\/v2\/users\/11213"}],"replies":[{"embeddable":true,"href":"https:\/\/blogsaverroes.juntadeandalucia.es\/cprvalledeandarax\/wp-json\/wp\/v2\/comments?post=1800"}],"version-history":[{"count":2,"href":"https:\/\/blogsaverroes.juntadeandalucia.es\/cprvalledeandarax\/wp-json\/wp\/v2\/posts\/1800\/revisions"}],"predecessor-version":[{"id":2375,"href":"https:\/\/blogsaverroes.juntadeandalucia.es\/cprvalledeandarax\/wp-json\/wp\/v2\/posts\/1800\/revisions\/2375"}],"wp:featuredmedia":[{"embeddable":true,"href":"https:\/\/blogsaverroes.juntadeandalucia.es\/cprvalledeandarax\/wp-json\/wp\/v2\/media\/2245"}],"wp:attachment":[{"href":"https:\/\/blogsaverroes.juntadeandalucia.es\/cprvalledeandarax\/wp-json\/wp\/v2\/media?parent=1800"}],"wp:term":[{"taxonomy":"category","embeddable":true,"href":"https:\/\/blogsaverroes.juntadeandalucia.es\/cprvalledeandarax\/wp-json\/wp\/v2\/categories?post=1800"},{"taxonomy":"post_tag","embeddable":true,"href":"https:\/\/blogsaverroes.juntadeandalucia.es\/cprvalledeandarax\/wp-json\/wp\/v2\/tags?post=1800"}],"curies":[{"name":"wp","href":"https:\/\/api.w.org\/{rel}","templated":true}]}}