{"id":1808,"date":"2021-02-25T21:04:00","date_gmt":"2021-02-25T20:04:00","guid":{"rendered":""},"modified":"2021-06-13T21:11:52","modified_gmt":"2021-06-13T20:11:52","slug":"1808-2","status":"publish","type":"post","link":"https:\/\/blogsaverroes.juntadeandalucia.es\/cprvalledeandarax\/1808-2\/","title":{"rendered":"\u00bfC\u00d3MO ESTAR\u00c1 NUESTRO HUERTO?"},"content":{"rendered":"<h1 style=\"text-align: center\"><span style=\"color: #800180\">&nbsp;\u00bfC\u00d3MO ESTAR\u00c1 NUESTRO HUERTO?<\/span><\/h1>\n<p style=\"text-align: justify\">Hemos comenzado la semana visitando nuestro huerto para comprobar si han nacido los ajos y las patatas que sembramos y menuda sorpresa nos hemos llevado: \u00a1los ajos ya han nacido!.&nbsp; &nbsp; &nbsp; &nbsp; &nbsp; &nbsp; &nbsp; &nbsp; &nbsp; &nbsp; &nbsp; &nbsp; Las patatas a\u00fan no, pero estamos seguros de que pronto nacer\u00e1n.&nbsp; Como este fin de semana ha estado lloviendo no ha sido necesario regar el huerto porque estaba la tierra mojada.<\/p>\n<div style=\"clear: both;text-align: center\"><a href=\"https:\/\/blogsaverroes.juntadeandalucia.es\/cprvalledeandarax\/files\/2021\/02\/IMG_0696.jpg\" style=\"margin-left: 1em;margin-right: 1em\"><img decoding=\"async\" border=\"0\" data-original-height=\"320\" data-original-width=\"240\" src=\"https:\/\/blogsaverroes.juntadeandalucia.es\/cprvalledeandarax\/files\/2021\/02\/IMG_0696-225x300.jpg\" \/><\/a>&nbsp; &nbsp;<\/p>\n<div style=\"clear: both;text-align: center\"><a href=\"https:\/\/blogsaverroes.juntadeandalucia.es\/cprvalledeandarax\/files\/2021\/02\/PHOTO-2021-02-22-12-42-55-2B-25281-2529.jpg\" style=\"margin-left: 1em;margin-right: 1em\"><img decoding=\"async\" border=\"0\" data-original-height=\"320\" data-original-width=\"240\" src=\"https:\/\/blogsaverroes.juntadeandalucia.es\/cprvalledeandarax\/files\/2021\/02\/PHOTO-2021-02-22-12-42-55-2B-25281-2529-225x300.jpg\" \/><\/a><\/div>\n<p><\/div>\n<div style=\"clear: both;text-align: center\"><\/div>\n<p style=\"text-align: justify\">Tambi\u00e9n hemos podido comprobar lo grandes que est\u00e1n las plantas de habas y guisantes. Adem\u00e1s hemos visto varias vainas de guisantes, as\u00ed que seguro que en la pr\u00f3xima visita ya podremos recolectar algunas. Sin embargo hemos visto que las flores de las habas estaban negras y eso se debe al fr\u00edo de estos \u00faltimos d\u00edas.<\/p>\n<div style=\"clear: both;text-align: center\"><a href=\"https:\/\/blogsaverroes.juntadeandalucia.es\/cprvalledeandarax\/files\/2021\/02\/PHOTO-2021-02-22-12-42-46.jpg\" style=\"margin-left: 1em;margin-right: 1em\"><img decoding=\"async\" border=\"0\" data-original-height=\"320\" data-original-width=\"240\" src=\"https:\/\/blogsaverroes.juntadeandalucia.es\/cprvalledeandarax\/files\/2021\/02\/PHOTO-2021-02-22-12-42-46-225x300.jpg\" \/><\/a><\/div>\n<p>&nbsp;Lo hemos pasado genial y&nbsp; pronto volveremos para&nbsp;seguir cuidando nuestro huerto.<\/p>\n<div style=\"clear: both;text-align: center\"><a href=\"https:\/\/blogsaverroes.juntadeandalucia.es\/cprvalledeandarax\/files\/2021\/02\/PHOTO-2021-02-22-12-42-47-2B-25281-2529.jpg\" style=\"margin-left: 1em;margin-right: 1em\"><img decoding=\"async\" border=\"0\" data-original-height=\"1200\" data-original-width=\"1600\" src=\"https:\/\/blogsaverroes.juntadeandalucia.es\/cprvalledeandarax\/files\/2021\/02\/PHOTO-2021-02-22-12-42-47-2B-25281-2529-300x225.jpg\" width=\"320\" \/><\/a><\/div>\n<p><\/p>\n<p><\/p>\n<div style=\"clear: both;text-align: center\"><\/div>\n<p><\/p>\n","protected":false},"excerpt":{"rendered":"<p>&nbsp;\u00bfC\u00d3MO ESTAR\u00c1 NUESTRO HUERTO? Hemos comenzado la semana visitando nuestro huerto para comprobar si han nacido los ajos y las patatas que sembramos y menuda sorpresa nos hemos llevado: \u00a1los ajos ya han nacido!.&nbsp; &nbsp; &nbsp; &nbsp; &nbsp; &nbsp; &nbsp; &nbsp; &nbsp; &nbsp; &nbsp; &nbsp; Las patatas a\u00fan no, pero estamos seguros de que pronto [&hellip;]<\/p>\n","protected":false},"author":11213,"featured_media":2281,"comment_status":"closed","ping_status":"open","sticky":false,"template":"","format":"standard","meta":{"_et_pb_use_builder":"","_et_pb_old_content":"","_et_gb_content_width":"","ngg_post_thumbnail":0,"footnotes":""},"categories":[23,28],"tags":[],"aioseo_notices":[],"_links":{"self":[{"href":"https:\/\/blogsaverroes.juntadeandalucia.es\/cprvalledeandarax\/wp-json\/wp\/v2\/posts\/1808"}],"collection":[{"href":"https:\/\/blogsaverroes.juntadeandalucia.es\/cprvalledeandarax\/wp-json\/wp\/v2\/posts"}],"about":[{"href":"https:\/\/blogsaverroes.juntadeandalucia.es\/cprvalledeandarax\/wp-json\/wp\/v2\/types\/post"}],"author":[{"embeddable":true,"href":"https:\/\/blogsaverroes.juntadeandalucia.es\/cprvalledeandarax\/wp-json\/wp\/v2\/users\/11213"}],"replies":[{"embeddable":true,"href":"https:\/\/blogsaverroes.juntadeandalucia.es\/cprvalledeandarax\/wp-json\/wp\/v2\/comments?post=1808"}],"version-history":[{"count":2,"href":"https:\/\/blogsaverroes.juntadeandalucia.es\/cprvalledeandarax\/wp-json\/wp\/v2\/posts\/1808\/revisions"}],"predecessor-version":[{"id":2380,"href":"https:\/\/blogsaverroes.juntadeandalucia.es\/cprvalledeandarax\/wp-json\/wp\/v2\/posts\/1808\/revisions\/2380"}],"wp:featuredmedia":[{"embeddable":true,"href":"https:\/\/blogsaverroes.juntadeandalucia.es\/cprvalledeandarax\/wp-json\/wp\/v2\/media\/2281"}],"wp:attachment":[{"href":"https:\/\/blogsaverroes.juntadeandalucia.es\/cprvalledeandarax\/wp-json\/wp\/v2\/media?parent=1808"}],"wp:term":[{"taxonomy":"category","embeddable":true,"href":"https:\/\/blogsaverroes.juntadeandalucia.es\/cprvalledeandarax\/wp-json\/wp\/v2\/categories?post=1808"},{"taxonomy":"post_tag","embeddable":true,"href":"https:\/\/blogsaverroes.juntadeandalucia.es\/cprvalledeandarax\/wp-json\/wp\/v2\/tags?post=1808"}],"curies":[{"name":"wp","href":"https:\/\/api.w.org\/{rel}","templated":true}]}}