{"id":1821,"date":"2021-01-25T17:25:00","date_gmt":"2021-01-25T16:25:00","guid":{"rendered":"https:\/\/blogsaverroes.juntadeandalucia.es\/cprvalledeandarax\/"},"modified":"2021-01-25T17:25:00","modified_gmt":"2021-01-25T16:25:00","slug":"1821-2","status":"publish","type":"post","link":"https:\/\/blogsaverroes.juntadeandalucia.es\/cprvalledeandarax\/1821-2\/","title":{"rendered":""},"content":{"rendered":"<p><span style=\"font-family: times\">VISITAMOS EL HUERTO ANTES DE IRNOS DE VACACIONES DE NAVIDAD<\/span><\/p>\n<p><span style=\"font-family: times\">Los ni\u00f1os de Instinci\u00f3n A vistan el huerto para comprobar como han crecido las habas y los guisantes desde que fueron plantados y se sorprenden un mont\u00f3n al ver lo grande que esta todo.<\/span><\/p>\n<\/p>\n<div style=\"clear: both;text-align: center\"><a href=\"https:\/\/1.bp.blogspot.com\/-xyYEcbVPVqg\/YA7vW_GrR4I\/AAAAAAAAAEs\/3kgnh2qHieMRgpsUfPBQfRRoBToN1o4lACLcBGAsYHQ\/s1600\/foto%2Bhuerto%2B14%2Bdic.jpg\" style=\"margin-left: 1em;margin-right: 1em\"><img loading=\"lazy\" decoding=\"async\" border=\"0\" data-original-height=\"1200\" data-original-width=\"1600\" height=\"240\" src=\"https:\/\/1.bp.blogspot.com\/-xyYEcbVPVqg\/YA7vW_GrR4I\/AAAAAAAAAEs\/3kgnh2qHieMRgpsUfPBQfRRoBToN1o4lACLcBGAsYHQ\/w372-h240\/foto%2Bhuerto%2B14%2Bdic.jpg\" width=\"372\" \/><\/a><\/div>\n<p><\/p>\n<p><\/p>\n<p>Una vez visto el huerto de manera general, se acercan para ver todo bien de cerca y poder mirar y &#8220;tocar un poquito&#8221; las plantas. \u00a1est\u00e1n muy bonitas y verdes!<\/p>\n<p><\/p>\n<div style=\"clear: both;text-align: center\"><a href=\"https:\/\/1.bp.blogspot.com\/-UTVNg-oqjYs\/YA7wFAucrrI\/AAAAAAAAAE0\/PF3KJSzbeLod03_MinJg3KofekckEvHBwCLcBGAsYHQ\/s1600\/foto%2Binfantil%2Bhuerto%2B14dic.jpg\" style=\"margin-left: 1em;margin-right: 1em\"><img decoding=\"async\" border=\"0\" data-original-height=\"1200\" data-original-width=\"1600\" src=\"https:\/\/1.bp.blogspot.com\/-UTVNg-oqjYs\/YA7wFAucrrI\/AAAAAAAAAE0\/PF3KJSzbeLod03_MinJg3KofekckEvHBwCLcBGAsYHQ\/s320\/foto%2Binfantil%2Bhuerto%2B14dic.jpg\" width=\"320\" \/><\/a><\/div>\n<p><\/p>\n<div style=\"clear: both;text-align: center\"><a href=\"https:\/\/1.bp.blogspot.com\/-T51Q_WhF_6o\/YA7wIvAC_lI\/AAAAAAAAAE4\/5IlPdC4i1lozeDdxya35o9-n5GOKvgH_gCLcBGAsYHQ\/s1600\/foto%2Bhuerto%2BJairo%2B14%2Bdic.jpg\" style=\"margin-left: 1em;margin-right: 1em\"><img loading=\"lazy\" decoding=\"async\" border=\"0\" data-original-height=\"1600\" data-original-width=\"1200\" height=\"282\" src=\"https:\/\/1.bp.blogspot.com\/-T51Q_WhF_6o\/YA7wIvAC_lI\/AAAAAAAAAE4\/5IlPdC4i1lozeDdxya35o9-n5GOKvgH_gCLcBGAsYHQ\/w334-h282\/foto%2Bhuerto%2BJairo%2B14%2Bdic.jpg\" width=\"334\" \/><\/a><\/div>\n<p><\/p>\n<p><\/p>\n<p><span style=\"font-family: times\">Nos gusta mucho observar y mirar todo de cerca porque as\u00ed es como aprenden los ni\u00f1os. Ha sido una visita muy divertida. Esperemos que sigan creciendo. Hasta la vuelta de las Fiestas Navide\u00f1as.<\/span><\/p>\n","protected":false},"excerpt":{"rendered":"<p>VISITAMOS EL HUERTO ANTES DE IRNOS DE VACACIONES DE NAVIDAD Los ni\u00f1os de Instinci\u00f3n A vistan el huerto para comprobar como han crecido las habas y los guisantes desde que fueron plantados y se sorprenden un mont\u00f3n al ver lo grande que esta todo. Una vez visto el huerto de manera general, se acercan para [&hellip;]<\/p>\n","protected":false},"author":11213,"featured_media":0,"comment_status":"closed","ping_status":"open","sticky":false,"template":"","format":"standard","meta":{"_et_pb_use_builder":"","_et_pb_old_content":"","_et_gb_content_width":"","ngg_post_thumbnail":0,"footnotes":""},"categories":[23],"tags":[],"aioseo_notices":[],"_links":{"self":[{"href":"https:\/\/blogsaverroes.juntadeandalucia.es\/cprvalledeandarax\/wp-json\/wp\/v2\/posts\/1821"}],"collection":[{"href":"https:\/\/blogsaverroes.juntadeandalucia.es\/cprvalledeandarax\/wp-json\/wp\/v2\/posts"}],"about":[{"href":"https:\/\/blogsaverroes.juntadeandalucia.es\/cprvalledeandarax\/wp-json\/wp\/v2\/types\/post"}],"author":[{"embeddable":true,"href":"https:\/\/blogsaverroes.juntadeandalucia.es\/cprvalledeandarax\/wp-json\/wp\/v2\/users\/11213"}],"replies":[{"embeddable":true,"href":"https:\/\/blogsaverroes.juntadeandalucia.es\/cprvalledeandarax\/wp-json\/wp\/v2\/comments?post=1821"}],"version-history":[{"count":0,"href":"https:\/\/blogsaverroes.juntadeandalucia.es\/cprvalledeandarax\/wp-json\/wp\/v2\/posts\/1821\/revisions"}],"wp:attachment":[{"href":"https:\/\/blogsaverroes.juntadeandalucia.es\/cprvalledeandarax\/wp-json\/wp\/v2\/media?parent=1821"}],"wp:term":[{"taxonomy":"category","embeddable":true,"href":"https:\/\/blogsaverroes.juntadeandalucia.es\/cprvalledeandarax\/wp-json\/wp\/v2\/categories?post=1821"},{"taxonomy":"post_tag","embeddable":true,"href":"https:\/\/blogsaverroes.juntadeandalucia.es\/cprvalledeandarax\/wp-json\/wp\/v2\/tags?post=1821"}],"curies":[{"name":"wp","href":"https:\/\/api.w.org\/{rel}","templated":true}]}}