{"id":1839,"date":"2020-12-01T10:44:00","date_gmt":"2020-12-01T09:44:00","guid":{"rendered":"https:\/\/blogsaverroes.juntadeandalucia.es\/cprvalledeandarax\/volvemos-al-huerto\/"},"modified":"2020-12-01T10:44:00","modified_gmt":"2020-12-01T09:44:00","slug":"volvemos-al-huerto","status":"publish","type":"post","link":"https:\/\/blogsaverroes.juntadeandalucia.es\/cprvalledeandarax\/volvemos-al-huerto\/","title":{"rendered":"!!!!! VOLVEMOS AL HUERTO !!!!!"},"content":{"rendered":"<p>&nbsp;<\/p>\n<p style=\"line-height: 1.38;margin-bottom: 0pt;margin-top: 0pt;text-align: left\"><span style=\"background-color: transparent;color: black;font-family: Arial;font-size: 11pt;font-style: normal;font-variant: normal;font-weight: 700;text-decoration: none;vertical-align: baseline\">Hola compa\u00f1eros y compa\u00f1eras del C.P.R Valle de Andarax.<\/span><\/p>\n<p style=\"line-height: 1.38;margin-bottom: 0pt;margin-top: 0pt;text-align: left\"><span style=\"background-color: transparent;color: black;font-family: Arial;font-size: 11pt;font-style: normal;font-variant: normal;font-weight: 700;text-decoration: none;vertical-align: baseline\">&nbsp;<\/span><\/p>\n<div style=\"text-align: left\">\n<div style=\"clear: both;text-align: center\"><a href=\"https:\/\/1.bp.blogspot.com\/-fEwvym5Dbr0\/X8YQ6cwUZGI\/AAAAAAAATZo\/SLKDzBJDFvA_jQ3zUixKFBguzQAh_DMBgCLcBGAsYHQ\/s1600\/IMG-20201113-WA0009.jpg\" style=\"margin-left: 1em;margin-right: 1em\"><img decoding=\"async\" border=\"0\" data-original-height=\"900\" data-original-width=\"1600\" src=\"https:\/\/1.bp.blogspot.com\/-fEwvym5Dbr0\/X8YQ6cwUZGI\/AAAAAAAATZo\/SLKDzBJDFvA_jQ3zUixKFBguzQAh_DMBgCLcBGAsYHQ\/s320\/IMG-20201113-WA0009.jpg\" width=\"320\" \/><\/a><\/div>\n<\/div>\n<p style=\"line-height: 1.38;margin-bottom: 0pt;margin-top: 0pt;text-align: left\"><span style=\"background-color: transparent;color: black;font-family: Arial;font-size: 11pt;font-style: normal;font-variant: normal;font-weight: 700;text-decoration: none;vertical-align: baseline\">Este a\u00f1o somos 12 compa\u00f1eros\/as, han venido cinco compa\u00f1eros\/as nuevos al&nbsp;<\/span><\/p>\n<p style=\"line-height: 1.38;margin-bottom: 0pt;margin-top: 0pt;text-align: left\"><span style=\"background-color: transparent;color: black;font-family: Arial;font-size: 11pt;font-style: normal;font-variant: normal;font-weight: 700;text-decoration: none;vertical-align: baseline\">centro de Alm\u00f3cita. Hoy, hemos regresado al huerto y lo han podido ver por primera<\/span><\/p>\n<p style=\"line-height: 1.38;margin-bottom: 0pt;margin-top: 0pt;text-align: left\"><span style=\"background-color: transparent;color: black;font-family: Arial;font-size: 11pt;font-style: normal;font-variant: normal;font-weight: 700;text-decoration: none;vertical-align: baseline\">vez nuestros nuevos compa\u00f1eros\/as. Hemos estado limpiando el huerto<\/span><\/p>\n<p style=\"line-height: 1.38;margin-bottom: 0pt;margin-top: 0pt;text-align: left\"><span style=\"background-color: transparent;color: black;font-family: Arial;font-size: 11pt;font-style: normal;font-variant: normal;font-weight: 700;text-decoration: none;vertical-align: baseline\">de hierbas secas.<\/span><\/p>\n<div style=\"text-align: justify\">\n<\/div>\n<p style=\"line-height: 1.38;margin-bottom: 0pt;margin-top: 0pt;text-align: justify\"><span style=\"background-color: transparent;color: black;font-family: Arial;font-size: 11pt;font-style: normal;font-variant: normal;font-weight: 700;text-decoration: none;vertical-align: baseline\">Con la ayuda de tod@as, hemos quitado todas las piedras y tambi\u00e9n hemos<\/span><\/p>\n<p style=\"line-height: 1.38;margin-bottom: 0pt;margin-top: 0pt;text-align: justify\"><span style=\"background-color: transparent;color: black;font-family: Arial;font-size: 11pt;font-style: normal;font-variant: normal;font-weight: 700;text-decoration: none;vertical-align: baseline\">&nbsp;preparado la&nbsp;tierra para la siembra que vayamos a realizar.<\/span><\/p>\n","protected":false},"excerpt":{"rendered":"<p>&nbsp; Hola compa\u00f1eros y compa\u00f1eras del C.P.R Valle de Andarax. &nbsp; Este a\u00f1o somos 12 compa\u00f1eros\/as, han venido cinco compa\u00f1eros\/as nuevos al&nbsp; centro de Alm\u00f3cita. Hoy, hemos regresado al huerto y lo han podido ver por primera vez nuestros nuevos compa\u00f1eros\/as. Hemos estado limpiando el huerto de hierbas secas. Con la ayuda de tod@as, hemos [&hellip;]<\/p>\n","protected":false},"author":11213,"featured_media":0,"comment_status":"closed","ping_status":"open","sticky":false,"template":"","format":"standard","meta":{"_et_pb_use_builder":"","_et_pb_old_content":"","_et_gb_content_width":"","ngg_post_thumbnail":0,"footnotes":""},"categories":[23],"tags":[],"aioseo_notices":[],"_links":{"self":[{"href":"https:\/\/blogsaverroes.juntadeandalucia.es\/cprvalledeandarax\/wp-json\/wp\/v2\/posts\/1839"}],"collection":[{"href":"https:\/\/blogsaverroes.juntadeandalucia.es\/cprvalledeandarax\/wp-json\/wp\/v2\/posts"}],"about":[{"href":"https:\/\/blogsaverroes.juntadeandalucia.es\/cprvalledeandarax\/wp-json\/wp\/v2\/types\/post"}],"author":[{"embeddable":true,"href":"https:\/\/blogsaverroes.juntadeandalucia.es\/cprvalledeandarax\/wp-json\/wp\/v2\/users\/11213"}],"replies":[{"embeddable":true,"href":"https:\/\/blogsaverroes.juntadeandalucia.es\/cprvalledeandarax\/wp-json\/wp\/v2\/comments?post=1839"}],"version-history":[{"count":0,"href":"https:\/\/blogsaverroes.juntadeandalucia.es\/cprvalledeandarax\/wp-json\/wp\/v2\/posts\/1839\/revisions"}],"wp:attachment":[{"href":"https:\/\/blogsaverroes.juntadeandalucia.es\/cprvalledeandarax\/wp-json\/wp\/v2\/media?parent=1839"}],"wp:term":[{"taxonomy":"category","embeddable":true,"href":"https:\/\/blogsaverroes.juntadeandalucia.es\/cprvalledeandarax\/wp-json\/wp\/v2\/categories?post=1839"},{"taxonomy":"post_tag","embeddable":true,"href":"https:\/\/blogsaverroes.juntadeandalucia.es\/cprvalledeandarax\/wp-json\/wp\/v2\/tags?post=1839"}],"curies":[{"name":"wp","href":"https:\/\/api.w.org\/{rel}","templated":true}]}}