{"id":2977,"date":"2021-12-10T11:48:37","date_gmt":"2021-12-10T10:48:37","guid":{"rendered":"https:\/\/blogsaverroes.juntadeandalucia.es\/cprvalledeandarax\/?p=2977"},"modified":"2022-02-15T10:03:00","modified_gmt":"2022-02-15T09:03:00","slug":"han-nacido","status":"publish","type":"post","link":"https:\/\/blogsaverroes.juntadeandalucia.es\/cprvalledeandarax\/han-nacido\/","title":{"rendered":"\u00a1 HAN NACIDO!"},"content":{"rendered":"<p>Hola compa\u00f1er@s,<\/p>\n<p>En nuestra \u00faltima visita al huerto, nos hemos llevado una gran sorpresa que queremos compartirla con vosotr@s, ya han nacido nuestros ajos, est\u00e1n muy bonitos.<\/p>\n<p><img loading=\"lazy\" decoding=\"async\" class=\"alignnone size-medium wp-image-2980\" src=\"https:\/\/blogsaverroes.juntadeandalucia.es\/cprvalledeandarax\/files\/2021\/12\/IMG_20211203_113026_1-225x300.jpg\" alt=\"\" width=\"225\" height=\"300\"><\/p>\n<p>Adem\u00e1s, nuestras lechugas est\u00e1n muy verdes y tiernas. Le han sentado muy bien el clima de Alm\u00f3cita.<\/p>\n<p><img loading=\"lazy\" decoding=\"async\" class=\"alignnone size-medium wp-image-2981\" src=\"https:\/\/blogsaverroes.juntadeandalucia.es\/cprvalledeandarax\/files\/2021\/12\/IMG_20211203_113043-225x300.jpg\" alt=\"\" width=\"225\" height=\"300\"><\/p>\n<p>Cuando comprobamos como estaba nuestro huerto, nos pusimos manos a la obra con la limpieza de nuestro rinc\u00f3n de plantas arom\u00e1ticas, se est\u00e1 quedando precioso.<\/p>\n<p><img loading=\"lazy\" decoding=\"async\" class=\"alignnone size-medium wp-image-2982\" src=\"https:\/\/blogsaverroes.juntadeandalucia.es\/cprvalledeandarax\/files\/2021\/12\/IMG_20211203_113158_1-300x225.jpg\" alt=\"\" width=\"300\" height=\"225\"><\/p>\n<p>Desde Alm\u00f3cita queremos desearos a tod@s una Feliz Navidad. Nos vemos pronto.<\/p>\n<p>Un abrazo.<\/p>\n","protected":false},"excerpt":{"rendered":"<p>Hola compa\u00f1er@s, En nuestra \u00faltima visita al huerto, nos hemos llevado una gran sorpresa que queremos compartirla con vosotr@s, ya han nacido nuestros ajos, est\u00e1n muy bonitos. Adem\u00e1s, nuestras lechugas est\u00e1n muy verdes y tiernas. Le han sentado muy bien el clima de Alm\u00f3cita. Cuando comprobamos como estaba nuestro huerto, nos pusimos manos a la [&hellip;]<\/p>\n","protected":false},"author":13800,"featured_media":2982,"comment_status":"closed","ping_status":"open","sticky":false,"template":"","format":"standard","meta":{"_et_pb_use_builder":"","_et_pb_old_content":"","_et_gb_content_width":"","ngg_post_thumbnail":0,"footnotes":""},"categories":[25,29],"tags":[],"aioseo_notices":[],"_links":{"self":[{"href":"https:\/\/blogsaverroes.juntadeandalucia.es\/cprvalledeandarax\/wp-json\/wp\/v2\/posts\/2977"}],"collection":[{"href":"https:\/\/blogsaverroes.juntadeandalucia.es\/cprvalledeandarax\/wp-json\/wp\/v2\/posts"}],"about":[{"href":"https:\/\/blogsaverroes.juntadeandalucia.es\/cprvalledeandarax\/wp-json\/wp\/v2\/types\/post"}],"author":[{"embeddable":true,"href":"https:\/\/blogsaverroes.juntadeandalucia.es\/cprvalledeandarax\/wp-json\/wp\/v2\/users\/13800"}],"replies":[{"embeddable":true,"href":"https:\/\/blogsaverroes.juntadeandalucia.es\/cprvalledeandarax\/wp-json\/wp\/v2\/comments?post=2977"}],"version-history":[{"count":2,"href":"https:\/\/blogsaverroes.juntadeandalucia.es\/cprvalledeandarax\/wp-json\/wp\/v2\/posts\/2977\/revisions"}],"predecessor-version":[{"id":3271,"href":"https:\/\/blogsaverroes.juntadeandalucia.es\/cprvalledeandarax\/wp-json\/wp\/v2\/posts\/2977\/revisions\/3271"}],"wp:featuredmedia":[{"embeddable":true,"href":"https:\/\/blogsaverroes.juntadeandalucia.es\/cprvalledeandarax\/wp-json\/wp\/v2\/media\/2982"}],"wp:attachment":[{"href":"https:\/\/blogsaverroes.juntadeandalucia.es\/cprvalledeandarax\/wp-json\/wp\/v2\/media?parent=2977"}],"wp:term":[{"taxonomy":"category","embeddable":true,"href":"https:\/\/blogsaverroes.juntadeandalucia.es\/cprvalledeandarax\/wp-json\/wp\/v2\/categories?post=2977"},{"taxonomy":"post_tag","embeddable":true,"href":"https:\/\/blogsaverroes.juntadeandalucia.es\/cprvalledeandarax\/wp-json\/wp\/v2\/tags?post=2977"}],"curies":[{"name":"wp","href":"https:\/\/api.w.org\/{rel}","templated":true}]}}