{"id":3295,"date":"2022-02-25T11:16:32","date_gmt":"2022-02-25T10:16:32","guid":{"rendered":"https:\/\/blogsaverroes.juntadeandalucia.es\/cprvalledeandarax\/?p=3295"},"modified":"2022-02-25T11:17:59","modified_gmt":"2022-02-25T10:17:59","slug":"nuestro-huerto-crece","status":"publish","type":"post","link":"https:\/\/blogsaverroes.juntadeandalucia.es\/cprvalledeandarax\/nuestro-huerto-crece\/","title":{"rendered":"Nuestro huerto crece"},"content":{"rendered":"<p><span style=\"font-size: 12pt\">Hola amigos y amigas.<\/span><\/p>\n<p><span style=\"font-size: 12pt\">El d\u00eda 24 de febrero cogimos los guisantes. Despu\u00e9s, los contamos y hab\u00eda 81 vainas de guisantes y cada una de ellas, ten\u00eda 7 guisantes. <img loading=\"lazy\" decoding=\"async\" class=\"size-medium wp-image-3296 aligncenter\" src=\"https:\/\/blogsaverroes.juntadeandalucia.es\/cprvalledeandarax\/files\/2022\/02\/IMG-20220225-WA0004-300x169.jpg\" alt=\"\" width=\"300\" height=\"169\"> <img loading=\"lazy\" decoding=\"async\" class=\"size-medium wp-image-3299 aligncenter\" src=\"https:\/\/blogsaverroes.juntadeandalucia.es\/cprvalledeandarax\/files\/2022\/02\/IMG-20220225-WA0003-300x169.jpg\" alt=\"\" width=\"300\" height=\"169\">&nbsp;&nbsp;<\/span><\/p>\n<p><span style=\"font-size: 12pt\">Las flores que hemos plantado, est\u00e1n grandes. Son de color blanco y huelen muy bien, aunque no sabemos de qu\u00e9 especie son.<\/span><\/p>\n<p><span style=\"font-size: 12pt\">Las patatas todav\u00eda no han crecido, porque tardan mucho en brotar. <\/span><\/p>\n<p><span style=\"font-size: 12pt\">Los ajos han crecido bastante, ya que hace solo una semana que los plantamos y hoy hemos podido ver salir sus hojas.<\/span><\/p>\n<p><span style=\"font-size: 12pt\">Hemos quitado casi toda las malas hiervas del huerto. <\/span><span style=\"font-size: 12pt\"><img loading=\"lazy\" decoding=\"async\" class=\"size-medium wp-image-3298 aligncenter\" src=\"https:\/\/blogsaverroes.juntadeandalucia.es\/cprvalledeandarax\/files\/2022\/02\/IMG-20220225-WA0006-300x169.jpg\" alt=\"\" width=\"300\" height=\"169\"><\/span><\/p>\n<p><span style=\"font-size: 12pt\">La semilla de la col est\u00e1 cada vez mas grande. Las lechugas tambi\u00e9n est\u00e1n altas, pero no tienen bastantes hojas.<\/span><span style=\"font-size: 12pt\"><img loading=\"lazy\" decoding=\"async\" class=\"size-medium wp-image-3297 aligncenter\" src=\"https:\/\/blogsaverroes.juntadeandalucia.es\/cprvalledeandarax\/files\/2022\/02\/IMG-20220225-WA0007-169x300.jpg\" alt=\"\" width=\"169\" height=\"300\"><\/span><\/p>\n<p><span style=\"font-size: 12pt\">Despu\u00e9s de recoger los guisantes, por ultimo, hemos regado todas las plantas del huerto antes de irnos a clase.<\/span><\/p>\n<p><span style=\"font-size: 12pt\">Un gran saludo.<\/span><\/p>\n","protected":false},"excerpt":{"rendered":"<p>Hola amigos y amigas. El d\u00eda 24 de febrero cogimos los guisantes. Despu\u00e9s, los contamos y hab\u00eda 81 vainas de guisantes y cada una de ellas, ten\u00eda 7 guisantes. &nbsp;&nbsp; Las flores que hemos plantado, est\u00e1n grandes. Son de color blanco y huelen muy bien, aunque no sabemos de qu\u00e9 especie son. Las patatas todav\u00eda [&hellip;]<\/p>\n","protected":false},"author":11194,"featured_media":0,"comment_status":"closed","ping_status":"open","sticky":false,"template":"","format":"standard","meta":{"_et_pb_use_builder":"","_et_pb_old_content":"","_et_gb_content_width":"","ngg_post_thumbnail":0,"footnotes":""},"categories":[23,24],"tags":[],"aioseo_notices":[],"_links":{"self":[{"href":"https:\/\/blogsaverroes.juntadeandalucia.es\/cprvalledeandarax\/wp-json\/wp\/v2\/posts\/3295"}],"collection":[{"href":"https:\/\/blogsaverroes.juntadeandalucia.es\/cprvalledeandarax\/wp-json\/wp\/v2\/posts"}],"about":[{"href":"https:\/\/blogsaverroes.juntadeandalucia.es\/cprvalledeandarax\/wp-json\/wp\/v2\/types\/post"}],"author":[{"embeddable":true,"href":"https:\/\/blogsaverroes.juntadeandalucia.es\/cprvalledeandarax\/wp-json\/wp\/v2\/users\/11194"}],"replies":[{"embeddable":true,"href":"https:\/\/blogsaverroes.juntadeandalucia.es\/cprvalledeandarax\/wp-json\/wp\/v2\/comments?post=3295"}],"version-history":[{"count":2,"href":"https:\/\/blogsaverroes.juntadeandalucia.es\/cprvalledeandarax\/wp-json\/wp\/v2\/posts\/3295\/revisions"}],"predecessor-version":[{"id":3303,"href":"https:\/\/blogsaverroes.juntadeandalucia.es\/cprvalledeandarax\/wp-json\/wp\/v2\/posts\/3295\/revisions\/3303"}],"wp:attachment":[{"href":"https:\/\/blogsaverroes.juntadeandalucia.es\/cprvalledeandarax\/wp-json\/wp\/v2\/media?parent=3295"}],"wp:term":[{"taxonomy":"category","embeddable":true,"href":"https:\/\/blogsaverroes.juntadeandalucia.es\/cprvalledeandarax\/wp-json\/wp\/v2\/categories?post=3295"},{"taxonomy":"post_tag","embeddable":true,"href":"https:\/\/blogsaverroes.juntadeandalucia.es\/cprvalledeandarax\/wp-json\/wp\/v2\/tags?post=3295"}],"curies":[{"name":"wp","href":"https:\/\/api.w.org\/{rel}","templated":true}]}}