{"id":3715,"date":"2022-12-16T09:30:28","date_gmt":"2022-12-16T08:30:28","guid":{"rendered":"https:\/\/blogsaverroes.juntadeandalucia.es\/cprvalledeandarax\/?p=3715"},"modified":"2023-01-17T09:45:13","modified_gmt":"2023-01-17T08:45:13","slug":"3715-2","status":"publish","type":"post","link":"https:\/\/blogsaverroes.juntadeandalucia.es\/cprvalledeandarax\/3715-2\/","title":{"rendered":"Terminamos el a\u00f1o en el huerto"},"content":{"rendered":"<p><span style=\"font-family: Amadeus\"><span style=\"font-size: x-large\"><span style=\"color: #5b277d\"><span style=\"font-family: Arial Black\">Hola <\/span><\/span><span style=\"color: #5b277d\"><span style=\"font-family: Arial Black\">amigos <\/span><\/span><span style=\"color: #5b277d\"><span style=\"font-family: Arial Black\">y <\/span><\/span><span style=\"color: #5b277d\"><span style=\"font-family: Arial Black\">amigas<\/span><\/span> <\/span><\/span><\/p>\n<p align=\"justify\"><span style=\"font-family: Amadeus\"><span style=\"font-size: medium\"><span style=\"color: #b7b3ca\"><span style=\"font-family: Arial Black\">H<\/span><\/span><span style=\"color: #b7b3ca\"><span style=\"font-family: Arial Black\">oy no hemos hecho casi nada, pero la semana y el mes pasado hicimos muchas cosas en el huerto, el 21 de noviembre nos dimos cuenta que en las habas hab\u00edan algunas flores, <\/span><\/span><span style=\"color: #b7b3ca\"><span style=\"font-family: Arial Black\">y tambi\u00e9n nos dimos cuenta que hab\u00eda crecido bastante, todos los d\u00edas lo regamos porque en noviembre no llueve y tenemos que regar o si no se va a secar las plantas y <\/span><\/span><span style=\"color: #b7b3ca\"><span style=\"font-family: Arial Black\">si se secan hubi\u00e9ramos hecho<\/span><\/span><span style=\"color: #b7b3ca\"><span style=\"font-family: Arial Black\"> todo eso para nada. <img loading=\"lazy\" decoding=\"async\" class=\"size-medium wp-image-3733 aligncenter\" src=\"https:\/\/blogsaverroes.juntadeandalucia.es\/cprvalledeandarax\/files\/2022\/12\/IMG-20221202-WA0004-300x169.jpg\" alt=\"\" width=\"300\" height=\"169\"><\/span><\/span><\/span><\/span><\/p>\n<p align=\"justify\"><span style=\"color: #b7b3ca\"><span style=\"font-family: Arial Black\"><span style=\"font-size: medium\"><img loading=\"lazy\" decoding=\"async\" class=\"alignnone size-medium wp-image-3731\" src=\"https:\/\/blogsaverroes.juntadeandalucia.es\/cprvalledeandarax\/files\/2022\/12\/IMG-20221202-WA0005-300x169.jpg\" alt=\"\" width=\"300\" height=\"169\"> <img loading=\"lazy\" decoding=\"async\" class=\"alignnone size-medium wp-image-3732\" src=\"https:\/\/blogsaverroes.juntadeandalucia.es\/cprvalledeandarax\/files\/2022\/12\/IMG-20221202-WA0006-300x169.jpg\" alt=\"\" width=\"300\" height=\"169\"><\/span><\/span><\/span><\/p>\n<p align=\"justify\"><span style=\"color: #b7b3ca\"><span style=\"font-family: Arial Black\"><span style=\"font-size: medium\">Despu\u00e9s de un mes revisamos el goteo y estaba perfecto, ahora en diciembre, todo esta mucho mas grande.<\/span><\/span><\/span><\/p>\n<p align=\"justify\"><span style=\"color: #b7b3ca\"><span style=\"font-family: Arial Black\"><span style=\"font-size: medium\">En estas semanas la lluvia reg\u00f3 los guisantes y las habas, revisamos otra vez el goteo porque de llover tanto ha podido llenarse de barro, despu\u00e9s de 5 minutos mirando todas la gomas estaba limpio resulta que tenia un poco de barro. <\/span><\/span><\/span><\/p>\n<p align=\"left\"><span style=\"color: #650953\"> <span style=\"font-family: Arial Black\"><span style=\"font-size: medium\">ADI\u00d3S AMIGOS Y AMIGAS \u00a1QUE PAS\u00c9IS <span style=\"font-size: large\">una <\/span>MUY BUENA NAVIDAD<span style=\"font-size: large\">!<\/span> <\/span><\/span><\/span><\/p>\n","protected":false},"excerpt":{"rendered":"<p>Hola amigos y amigas Hoy no hemos hecho casi nada, pero la semana y el mes pasado hicimos muchas cosas en el huerto, el 21 de noviembre nos dimos cuenta que en las habas hab\u00edan algunas flores, y tambi\u00e9n nos dimos cuenta que hab\u00eda crecido bastante, todos los d\u00edas lo regamos porque en noviembre no [&hellip;]<\/p>\n","protected":false},"author":11194,"featured_media":3733,"comment_status":"closed","ping_status":"open","sticky":false,"template":"","format":"standard","meta":{"_et_pb_use_builder":"","_et_pb_old_content":"","_et_gb_content_width":"","ngg_post_thumbnail":0,"footnotes":""},"categories":[29,24],"tags":[],"aioseo_notices":[],"_links":{"self":[{"href":"https:\/\/blogsaverroes.juntadeandalucia.es\/cprvalledeandarax\/wp-json\/wp\/v2\/posts\/3715"}],"collection":[{"href":"https:\/\/blogsaverroes.juntadeandalucia.es\/cprvalledeandarax\/wp-json\/wp\/v2\/posts"}],"about":[{"href":"https:\/\/blogsaverroes.juntadeandalucia.es\/cprvalledeandarax\/wp-json\/wp\/v2\/types\/post"}],"author":[{"embeddable":true,"href":"https:\/\/blogsaverroes.juntadeandalucia.es\/cprvalledeandarax\/wp-json\/wp\/v2\/users\/11194"}],"replies":[{"embeddable":true,"href":"https:\/\/blogsaverroes.juntadeandalucia.es\/cprvalledeandarax\/wp-json\/wp\/v2\/comments?post=3715"}],"version-history":[{"count":4,"href":"https:\/\/blogsaverroes.juntadeandalucia.es\/cprvalledeandarax\/wp-json\/wp\/v2\/posts\/3715\/revisions"}],"predecessor-version":[{"id":3737,"href":"https:\/\/blogsaverroes.juntadeandalucia.es\/cprvalledeandarax\/wp-json\/wp\/v2\/posts\/3715\/revisions\/3737"}],"wp:featuredmedia":[{"embeddable":true,"href":"https:\/\/blogsaverroes.juntadeandalucia.es\/cprvalledeandarax\/wp-json\/wp\/v2\/media\/3733"}],"wp:attachment":[{"href":"https:\/\/blogsaverroes.juntadeandalucia.es\/cprvalledeandarax\/wp-json\/wp\/v2\/media?parent=3715"}],"wp:term":[{"taxonomy":"category","embeddable":true,"href":"https:\/\/blogsaverroes.juntadeandalucia.es\/cprvalledeandarax\/wp-json\/wp\/v2\/categories?post=3715"},{"taxonomy":"post_tag","embeddable":true,"href":"https:\/\/blogsaverroes.juntadeandalucia.es\/cprvalledeandarax\/wp-json\/wp\/v2\/tags?post=3715"}],"curies":[{"name":"wp","href":"https:\/\/api.w.org\/{rel}","templated":true}]}}