{"id":4583,"date":"2024-04-23T12:43:11","date_gmt":"2024-04-23T11:43:11","guid":{"rendered":"https:\/\/blogsaverroes.juntadeandalucia.es\/cprvalledeandarax\/?p=4583"},"modified":"2024-04-23T12:43:11","modified_gmt":"2024-04-23T11:43:11","slug":"los-libros-del-tesoro","status":"publish","type":"post","link":"https:\/\/blogsaverroes.juntadeandalucia.es\/cprvalledeandarax\/los-libros-del-tesoro\/","title":{"rendered":"LOS LIBROS DEL TESORO"},"content":{"rendered":"<p>Hoy 23 de abril, en nuestro cole celebramos el D\u00eda del Libro con una actividad muy motivadora: &#8220;Los libros del tesoro&#8221;.<\/p>\n<p>Desde muy temprano, est\u00e1bamos ilusionados con la b\u00fasqueda de nuestro tesoro, ten\u00edamos muchas ganas de encontrar el libro que la se\u00f1o nos hab\u00eda escondido.<\/p>\n<p>Para ello, hemos buscado por todo el cole algunas pistas que finalmente nos han llevado a descubrir qu\u00e9 libro es y d\u00f3nde estaba guardado.<\/p>\n<p>Ten\u00edamos pistas en clase, en el ba\u00f1o, en la puerta de entrada, en nuestro \u00e1rbol del patio, en las ventanas y finalmente hemos tenido que formar un puzzle con una imagen de la portada del libro.<\/p>\n<p>Por f\u00edn, encontramos la caja que ten\u00eda guardado nuestro tesoro: el cuento \u00bfA qu\u00e9 sabe la luna?<\/p>\n<p>Despu\u00e9s de tanta emoci\u00f3n, la se\u00f1o nos ha contado el cuento en la asamblea y hemos hecho una manualidad para llevar a casa y mostrar a nuestras familias.<\/p>\n<p>Nos ha encantado la actividad. Feliz d\u00eda del libro y viva la lectura!!!<\/p>\n<p><img loading=\"lazy\" decoding=\"async\" class=\"alignnone size-medium wp-image-4594\" src=\"https:\/\/blogsaverroes.juntadeandalucia.es\/cprvalledeandarax\/files\/2024\/04\/seno-300x225.jpg\" alt=\"\" width=\"300\" height=\"225\" \/> <img loading=\"lazy\" decoding=\"async\" class=\"alignnone size-medium wp-image-4595\" src=\"https:\/\/blogsaverroes.juntadeandalucia.es\/cprvalledeandarax\/files\/2024\/04\/pale-300x225.jpg\" alt=\"\" width=\"300\" height=\"225\" \/> <img loading=\"lazy\" decoding=\"async\" class=\"alignnone size-medium wp-image-4596\" src=\"https:\/\/blogsaverroes.juntadeandalucia.es\/cprvalledeandarax\/files\/2024\/04\/manualidades-300x225.jpg\" alt=\"\" width=\"300\" height=\"225\" \/> <img loading=\"lazy\" decoding=\"async\" class=\"alignnone size-medium wp-image-4597\" src=\"https:\/\/blogsaverroes.juntadeandalucia.es\/cprvalledeandarax\/files\/2024\/04\/encuentran-225x300.jpg\" alt=\"\" width=\"225\" height=\"300\" \/> <img loading=\"lazy\" decoding=\"async\" class=\"alignnone size-medium wp-image-4598\" src=\"https:\/\/blogsaverroes.juntadeandalucia.es\/cprvalledeandarax\/files\/2024\/04\/caperu-225x300.jpg\" alt=\"\" width=\"225\" height=\"300\" \/> <img loading=\"lazy\" decoding=\"async\" class=\"alignnone size-medium wp-image-4599\" src=\"https:\/\/blogsaverroes.juntadeandalucia.es\/cprvalledeandarax\/files\/2024\/04\/caja-225x300.jpg\" alt=\"\" width=\"225\" height=\"300\" \/> <img loading=\"lazy\" decoding=\"async\" class=\"alignnone size-medium wp-image-4600\" src=\"https:\/\/blogsaverroes.juntadeandalucia.es\/cprvalledeandarax\/files\/2024\/04\/bellos-300x225.jpg\" alt=\"\" width=\"300\" height=\"225\" \/> <img loading=\"lazy\" decoding=\"async\" class=\"alignnone size-medium wp-image-4601\" src=\"https:\/\/blogsaverroes.juntadeandalucia.es\/cprvalledeandarax\/files\/2024\/04\/arbol-300x225.jpg\" alt=\"\" width=\"300\" height=\"225\" \/> <img loading=\"lazy\" decoding=\"async\" class=\"alignnone size-medium wp-image-4602\" src=\"https:\/\/blogsaverroes.juntadeandalucia.es\/cprvalledeandarax\/files\/2024\/04\/puzzle-225x300.jpg\" alt=\"\" width=\"225\" height=\"300\" \/><\/p>\n","protected":false},"excerpt":{"rendered":"<p>Hoy 23 de abril, en nuestro cole celebramos el D\u00eda del Libro con una actividad muy motivadora: &#8220;Los libros del tesoro&#8221;. Desde muy temprano, est\u00e1bamos ilusionados con la b\u00fasqueda de nuestro tesoro, ten\u00edamos muchas ganas de encontrar el libro que la se\u00f1o nos hab\u00eda escondido. Para ello, hemos buscado por todo el cole algunas pistas [&hellip;]<\/p>\n","protected":false},"author":13702,"featured_media":0,"comment_status":"closed","ping_status":"open","sticky":false,"template":"","format":"standard","meta":{"_et_pb_use_builder":"","_et_pb_old_content":"","_et_gb_content_width":"","ngg_post_thumbnail":0,"footnotes":""},"categories":[15,5,31],"tags":[],"aioseo_notices":[],"_links":{"self":[{"href":"https:\/\/blogsaverroes.juntadeandalucia.es\/cprvalledeandarax\/wp-json\/wp\/v2\/posts\/4583"}],"collection":[{"href":"https:\/\/blogsaverroes.juntadeandalucia.es\/cprvalledeandarax\/wp-json\/wp\/v2\/posts"}],"about":[{"href":"https:\/\/blogsaverroes.juntadeandalucia.es\/cprvalledeandarax\/wp-json\/wp\/v2\/types\/post"}],"author":[{"embeddable":true,"href":"https:\/\/blogsaverroes.juntadeandalucia.es\/cprvalledeandarax\/wp-json\/wp\/v2\/users\/13702"}],"replies":[{"embeddable":true,"href":"https:\/\/blogsaverroes.juntadeandalucia.es\/cprvalledeandarax\/wp-json\/wp\/v2\/comments?post=4583"}],"version-history":[{"count":1,"href":"https:\/\/blogsaverroes.juntadeandalucia.es\/cprvalledeandarax\/wp-json\/wp\/v2\/posts\/4583\/revisions"}],"predecessor-version":[{"id":4603,"href":"https:\/\/blogsaverroes.juntadeandalucia.es\/cprvalledeandarax\/wp-json\/wp\/v2\/posts\/4583\/revisions\/4603"}],"wp:attachment":[{"href":"https:\/\/blogsaverroes.juntadeandalucia.es\/cprvalledeandarax\/wp-json\/wp\/v2\/media?parent=4583"}],"wp:term":[{"taxonomy":"category","embeddable":true,"href":"https:\/\/blogsaverroes.juntadeandalucia.es\/cprvalledeandarax\/wp-json\/wp\/v2\/categories?post=4583"},{"taxonomy":"post_tag","embeddable":true,"href":"https:\/\/blogsaverroes.juntadeandalucia.es\/cprvalledeandarax\/wp-json\/wp\/v2\/tags?post=4583"}],"curies":[{"name":"wp","href":"https:\/\/api.w.org\/{rel}","templated":true}]}}