{"id":4659,"date":"2024-05-03T12:39:16","date_gmt":"2024-05-03T11:39:16","guid":{"rendered":"https:\/\/blogsaverroes.juntadeandalucia.es\/cprvalledeandarax\/?p=4659"},"modified":"2024-05-03T12:39:16","modified_gmt":"2024-05-03T11:39:16","slug":"cuidado-con-el-calor","status":"publish","type":"post","link":"https:\/\/blogsaverroes.juntadeandalucia.es\/cprvalledeandarax\/cuidado-con-el-calor\/","title":{"rendered":"\u00a1Cuidado con el calor!"},"content":{"rendered":"<p><span style=\"font-weight: 400\">Buenas ni\u00f1@s del colegio del C.P.R&nbsp; valle de Andarax.<\/span><\/p>\n<p><span style=\"font-weight: 400\">El dia 29 fuimos al huerto escolar y vimos que las habas, guisantes, patatas y&nbsp;<\/span><span style=\"font-weight: 400\">los ajos se estaban secando.&nbsp;<\/span><\/p>\n<p><span style=\"font-weight: 400\"><img loading=\"lazy\" decoding=\"async\" class=\"size-medium wp-image-4660 alignnone\" src=\"https:\/\/blogsaverroes.juntadeandalucia.es\/cprvalledeandarax\/files\/2024\/05\/IMG-20240503-WA0001-225x300.jpg\" alt=\"\" width=\"225\" height=\"300\"><img loading=\"lazy\" decoding=\"async\" class=\"size-medium wp-image-4661 alignright\" src=\"https:\/\/blogsaverroes.juntadeandalucia.es\/cprvalledeandarax\/files\/2024\/05\/IMG-20240503-WA0002-300x225.jpg\" alt=\"\" width=\"300\" height=\"225\"><\/span><\/p>\n<p><span style=\"font-weight: 400\">Quitamos malas hierbas.&nbsp;<\/span><\/p>\n<p><span style=\"font-weight: 400\">Despu\u00e9s regamos porque estaban medio secas. <\/span><span style=\"font-weight: 400\">Una compa\u00f1era empez\u00f3 a regar, y se moj\u00f3 entera.<\/span><\/p>\n<p><span style=\"font-weight: 400\">Al rato vimos que hab\u00eda dos parras de uvas. Estaban muy chicas, as\u00ed que hasta que no crezcan no podemos cogerlas. Las habas y los guidantes hab\u00edan crecido<\/span><\/p>\n<p><span style=\"font-weight: 400\"><img loading=\"lazy\" decoding=\"async\" class=\"size-medium wp-image-4662 alignnone\" src=\"https:\/\/blogsaverroes.juntadeandalucia.es\/cprvalledeandarax\/files\/2024\/05\/IMG-20240503-WA0003-300x225.jpg\" alt=\"\" width=\"300\" height=\"225\"> <img loading=\"lazy\" decoding=\"async\" class=\"size-medium wp-image-4663 alignnone\" src=\"https:\/\/blogsaverroes.juntadeandalucia.es\/cprvalledeandarax\/files\/2024\/05\/IMG-20240503-WA0004-225x300.jpg\" alt=\"\" width=\"225\" height=\"300\"> <img loading=\"lazy\" decoding=\"async\" class=\"size-medium wp-image-4664 alignnone\" src=\"https:\/\/blogsaverroes.juntadeandalucia.es\/cprvalledeandarax\/files\/2024\/05\/IMG-20240503-WA0005-225x300.jpg\" alt=\"\" width=\"225\" height=\"300\"> <img loading=\"lazy\" decoding=\"async\" class=\"size-medium wp-image-4665 aligncenter\" src=\"https:\/\/blogsaverroes.juntadeandalucia.es\/cprvalledeandarax\/files\/2024\/05\/IMG-20240503-WA0006-225x300.jpg\" alt=\"\" width=\"225\" height=\"300\">.<\/span><\/p>\n<p><span style=\"font-weight: 400\">Adi\u00f3s ni\u00f1@s del C.P.R Valle de Andarax.<\/span><\/p>\n","protected":false},"excerpt":{"rendered":"<p>Buenas ni\u00f1@s del colegio del C.P.R&nbsp; valle de Andarax. El dia 29 fuimos al huerto escolar y vimos que las habas, guisantes, patatas y&nbsp;los ajos se estaban secando.&nbsp; Quitamos malas hierbas.&nbsp; Despu\u00e9s regamos porque estaban medio secas. Una compa\u00f1era empez\u00f3 a regar, y se moj\u00f3 entera. Al rato vimos que hab\u00eda dos parras de uvas. [&hellip;]<\/p>\n","protected":false},"author":11194,"featured_media":4665,"comment_status":"closed","ping_status":"open","sticky":false,"template":"","format":"standard","meta":{"_et_pb_use_builder":"","_et_pb_old_content":"","_et_gb_content_width":"","ngg_post_thumbnail":0,"footnotes":""},"categories":[29,26,38],"tags":[],"aioseo_notices":[],"_links":{"self":[{"href":"https:\/\/blogsaverroes.juntadeandalucia.es\/cprvalledeandarax\/wp-json\/wp\/v2\/posts\/4659"}],"collection":[{"href":"https:\/\/blogsaverroes.juntadeandalucia.es\/cprvalledeandarax\/wp-json\/wp\/v2\/posts"}],"about":[{"href":"https:\/\/blogsaverroes.juntadeandalucia.es\/cprvalledeandarax\/wp-json\/wp\/v2\/types\/post"}],"author":[{"embeddable":true,"href":"https:\/\/blogsaverroes.juntadeandalucia.es\/cprvalledeandarax\/wp-json\/wp\/v2\/users\/11194"}],"replies":[{"embeddable":true,"href":"https:\/\/blogsaverroes.juntadeandalucia.es\/cprvalledeandarax\/wp-json\/wp\/v2\/comments?post=4659"}],"version-history":[{"count":2,"href":"https:\/\/blogsaverroes.juntadeandalucia.es\/cprvalledeandarax\/wp-json\/wp\/v2\/posts\/4659\/revisions"}],"predecessor-version":[{"id":4667,"href":"https:\/\/blogsaverroes.juntadeandalucia.es\/cprvalledeandarax\/wp-json\/wp\/v2\/posts\/4659\/revisions\/4667"}],"wp:featuredmedia":[{"embeddable":true,"href":"https:\/\/blogsaverroes.juntadeandalucia.es\/cprvalledeandarax\/wp-json\/wp\/v2\/media\/4665"}],"wp:attachment":[{"href":"https:\/\/blogsaverroes.juntadeandalucia.es\/cprvalledeandarax\/wp-json\/wp\/v2\/media?parent=4659"}],"wp:term":[{"taxonomy":"category","embeddable":true,"href":"https:\/\/blogsaverroes.juntadeandalucia.es\/cprvalledeandarax\/wp-json\/wp\/v2\/categories?post=4659"},{"taxonomy":"post_tag","embeddable":true,"href":"https:\/\/blogsaverroes.juntadeandalucia.es\/cprvalledeandarax\/wp-json\/wp\/v2\/tags?post=4659"}],"curies":[{"name":"wp","href":"https:\/\/api.w.org\/{rel}","templated":true}]}}