{"id":10496,"date":"2023-04-28T16:00:14","date_gmt":"2023-04-28T16:00:14","guid":{"rendered":"https:\/\/blogsaverroes.juntadeandalucia.es\/cprvalledelguadiaro\/?p=10496"},"modified":"2023-04-28T16:34:51","modified_gmt":"2023-04-28T16:34:51","slug":"its-ronda-visitamos-la-ii-exposicion-de-la-feria-de-talentos-e-inventos","status":"publish","type":"post","link":"https:\/\/blogsaverroes.juntadeandalucia.es\/cprvalledelguadiaro\/?p=10496","title":{"rendered":"It&#8217;s Ronda. Visitamos la II exposici\u00f3n de la Feria de Talentos e Inventos."},"content":{"rendered":"<p>Hoy hemos visitado la II feria de talentos e inventos It&#8217;s Ronda. Despu\u00e9s del paseo en autob\u00fas, hemos llegado al Palacio de Congresos de Ronda. Estaba lleno de ni\u00f1@s de otros coles, a algunos los conoc\u00edamos. Hab\u00eda m\u00fasica y stands de actividades por todos sitios. Despu\u00e9s de la bienvenida nos han separado en grupos y hemos empezado la ruta por diferentes stands. Nos ha encantado y hemos aprendido con las cosas curiosas e interesantes que hemos visto.&nbsp; Hemos bailado, comido y disfrutado. La verdad es que se nos ha hecho cortito. El a\u00f1o que viene queremos repetir.<\/p>\n<p>Ah&#8230; y yo de mayor, quiero ser cient\u00edfico.<\/p>\nngg_shortcode_0_placeholder<iframe loading=\"lazy\" src=\"https:\/\/drive.google.com\/file\/d\/1d2L1PoMF2zgerZunhs2l9c8KnvW9Af_n\/preview\" width=\"640\" height=\"480\"><\/iframe><\/p>\n<p><iframe loading=\"lazy\" src=\"https:\/\/drive.google.com\/file\/d\/10ggAKWO0AMCeta5pLeRojB5Hh2m-T0zV\/preview\" width=\"640\" height=\"480\"><\/iframe><\/p>\n<p><iframe loading=\"lazy\" src=\"https:\/\/drive.google.com\/file\/d\/1bWO5os93W8kAWKx5062wox5QEmQwLyCy\/preview\" width=\"640\" height=\"480\"><\/iframe><\/p>\n<p><iframe loading=\"lazy\" src=\"https:\/\/drive.google.com\/file\/d\/1DVzWi6N26m9r62Bgu_cH27Wb_z6pgjbP\/preview\" width=\"640\" height=\"480\"><\/iframe><\/p>\n<p><iframe loading=\"lazy\" src=\"https:\/\/drive.google.com\/file\/d\/1IGPfvzXfL_1xZu-zV5CNlHcrCQEfVJDA\/preview\" width=\"640\" height=\"480\"><\/iframe><\/p>\n<p><iframe loading=\"lazy\" src=\"https:\/\/drive.google.com\/file\/d\/1Per9xmwaKCZeeYvohdRaqnBt6jCUcqbT\/preview\" width=\"640\" height=\"480\"><\/iframe><\/p>\n<p><iframe loading=\"lazy\" src=\"https:\/\/drive.google.com\/file\/d\/1WVxL_gCLQSbEmn5QVirlWGxRaq76RRyb\/preview\" width=\"640\" height=\"480\"><\/iframe><\/p>\n<p><iframe loading=\"lazy\" src=\"https:\/\/drive.google.com\/file\/d\/1UXm6-JrPEeKO8ES1FQL9tY4myNMmOg_c\/preview\" width=\"640\" height=\"480\"><\/iframe><\/p>\n<p><iframe loading=\"lazy\" src=\"https:\/\/drive.google.com\/file\/d\/1TzlOj-cTeRhCjaR9idOHt-AWu-G0h9Uf\/preview\" width=\"640\" height=\"480\"><\/iframe><\/p>\n<p><iframe loading=\"lazy\" src=\"https:\/\/drive.google.com\/file\/d\/1px19tkO25eLgPvzCD0s1s9EgZFonUt1p\/preview\" width=\"640\" height=\"480\"><\/iframe><\/p>\n","protected":false},"excerpt":{"rendered":"<p>Hoy hemos visitado la II feria de talentos e inventos It&#8217;s Ronda. Despu\u00e9s del paseo en autob\u00fas, hemos llegado al Palacio de Congresos de Ronda. Estaba lleno de ni\u00f1@s de otros coles, a algunos&#46;&#46;&#46;<\/p>\n","protected":false},"author":4494,"featured_media":10693,"comment_status":"open","ping_status":"open","sticky":false,"template":"","format":"standard","meta":{"ngg_post_thumbnail":0,"footnotes":""},"categories":[5991,1025064,1025063,1025080],"tags":[1025066,1025074,1025068,1025079],"aioseo_notices":[],"_links":{"self":[{"href":"https:\/\/blogsaverroes.juntadeandalucia.es\/cprvalledelguadiaro\/index.php?rest_route=\/wp\/v2\/posts\/10496"}],"collection":[{"href":"https:\/\/blogsaverroes.juntadeandalucia.es\/cprvalledelguadiaro\/index.php?rest_route=\/wp\/v2\/posts"}],"about":[{"href":"https:\/\/blogsaverroes.juntadeandalucia.es\/cprvalledelguadiaro\/index.php?rest_route=\/wp\/v2\/types\/post"}],"author":[{"embeddable":true,"href":"https:\/\/blogsaverroes.juntadeandalucia.es\/cprvalledelguadiaro\/index.php?rest_route=\/wp\/v2\/users\/4494"}],"replies":[{"embeddable":true,"href":"https:\/\/blogsaverroes.juntadeandalucia.es\/cprvalledelguadiaro\/index.php?rest_route=%2Fwp%2Fv2%2Fcomments&post=10496"}],"version-history":[{"count":5,"href":"https:\/\/blogsaverroes.juntadeandalucia.es\/cprvalledelguadiaro\/index.php?rest_route=\/wp\/v2\/posts\/10496\/revisions"}],"predecessor-version":[{"id":10694,"href":"https:\/\/blogsaverroes.juntadeandalucia.es\/cprvalledelguadiaro\/index.php?rest_route=\/wp\/v2\/posts\/10496\/revisions\/10694"}],"wp:featuredmedia":[{"embeddable":true,"href":"https:\/\/blogsaverroes.juntadeandalucia.es\/cprvalledelguadiaro\/index.php?rest_route=\/wp\/v2\/media\/10693"}],"wp:attachment":[{"href":"https:\/\/blogsaverroes.juntadeandalucia.es\/cprvalledelguadiaro\/index.php?rest_route=%2Fwp%2Fv2%2Fmedia&parent=10496"}],"wp:term":[{"taxonomy":"category","embeddable":true,"href":"https:\/\/blogsaverroes.juntadeandalucia.es\/cprvalledelguadiaro\/index.php?rest_route=%2Fwp%2Fv2%2Fcategories&post=10496"},{"taxonomy":"post_tag","embeddable":true,"href":"https:\/\/blogsaverroes.juntadeandalucia.es\/cprvalledelguadiaro\/index.php?rest_route=%2Fwp%2Fv2%2Ftags&post=10496"}],"curies":[{"name":"wp","href":"https:\/\/api.w.org\/{rel}","templated":true}]}}