{"id":10863,"date":"2023-05-08T16:15:06","date_gmt":"2023-05-08T16:15:06","guid":{"rendered":"https:\/\/blogsaverroes.juntadeandalucia.es\/cprvalledelguadiaro\/?p=10863"},"modified":"2023-05-10T09:15:58","modified_gmt":"2023-05-10T09:15:58","slug":"salida-a-la-pequena-africa","status":"publish","type":"post","link":"https:\/\/blogsaverroes.juntadeandalucia.es\/cprvalledelguadiaro\/?p=10863","title":{"rendered":"Salida a La Peque\u00f1a \u00c1frica"},"content":{"rendered":"<p>Este martes 08\/05 salimos todo el cole de visita a La Peque\u00f1a \u00c1frica de Jimena de la Frontera.<\/p>\n<p>Salida:<\/p>\n<p>Desde la sede de Jimera, se partir\u00e1 junto con las familias hacia la estaci\u00f3n del tren a las 11:00h, para tomar el tren a las 11:34h.<\/p>\n<p>Desde Ca\u00f1ada, junto con el profesorado, el alumnado se dirigir\u00e1 a la estaci\u00f3n de tren a las 11:20h, para tomar el tren a las 11:43h.<\/p>\n<p>El tren llega a Jimena a las12:07h.<\/p>\n<p>Regreso:<\/p>\n<p>Salimos de Jimena a las 17:51h y llegamos a Ca\u00f1ada a las 18:16h y a Jimera a las 18:25h.<\/p>\n<p>Las familias recogen al alumnado en la estaci\u00f3n de tren correspondiente.<\/p>\n<p>Si quieres visitar el blog de La Peque\u00f1a \u00c1frica pincha en la foto.<\/p>\n<p><a href=\"https:\/\/lapequenaafrica.com\/\"><img loading=\"lazy\" decoding=\"async\" class=\"aligncenter size-medium wp-image-10865\" src=\"https:\/\/blogsaverroes.juntadeandalucia.es\/cprvalledelguadiaro\/files\/2023\/05\/cabecera-cebras-reserva-pequena-africa-jimena-slider-300x123.jpg\" alt=\"\" width=\"300\" height=\"123\" srcset=\"https:\/\/blogsaverroes.juntadeandalucia.es\/cprvalledelguadiaro\/files\/2023\/05\/cabecera-cebras-reserva-pequena-africa-jimena-slider-300x123.jpg 300w, https:\/\/blogsaverroes.juntadeandalucia.es\/cprvalledelguadiaro\/files\/2023\/05\/cabecera-cebras-reserva-pequena-africa-jimena-slider-1024x421.jpg 1024w, https:\/\/blogsaverroes.juntadeandalucia.es\/cprvalledelguadiaro\/files\/2023\/05\/cabecera-cebras-reserva-pequena-africa-jimena-slider-768x316.jpg 768w, https:\/\/blogsaverroes.juntadeandalucia.es\/cprvalledelguadiaro\/files\/2023\/05\/cabecera-cebras-reserva-pequena-africa-jimena-slider.jpg 1100w\" sizes=\"(max-width: 300px) 100vw, 300px\" \/><\/a><\/p>\n<p>&nbsp;<\/p>\n","protected":false},"excerpt":{"rendered":"<p>Este martes 08\/05 salimos todo el cole de visita a La Peque\u00f1a \u00c1frica de Jimena de la Frontera. Salida: Desde la sede de Jimera, se partir\u00e1 junto con las familias hacia la estaci\u00f3n del&#46;&#46;&#46;<\/p>\n","protected":false},"author":4494,"featured_media":10865,"comment_status":"open","ping_status":"open","sticky":false,"template":"","format":"standard","meta":{"ngg_post_thumbnail":0,"footnotes":""},"categories":[5991,1025064,1025063,1025080],"tags":[1025066,1025074,1025068,1025079],"aioseo_notices":[],"_links":{"self":[{"href":"https:\/\/blogsaverroes.juntadeandalucia.es\/cprvalledelguadiaro\/index.php?rest_route=\/wp\/v2\/posts\/10863"}],"collection":[{"href":"https:\/\/blogsaverroes.juntadeandalucia.es\/cprvalledelguadiaro\/index.php?rest_route=\/wp\/v2\/posts"}],"about":[{"href":"https:\/\/blogsaverroes.juntadeandalucia.es\/cprvalledelguadiaro\/index.php?rest_route=\/wp\/v2\/types\/post"}],"author":[{"embeddable":true,"href":"https:\/\/blogsaverroes.juntadeandalucia.es\/cprvalledelguadiaro\/index.php?rest_route=\/wp\/v2\/users\/4494"}],"replies":[{"embeddable":true,"href":"https:\/\/blogsaverroes.juntadeandalucia.es\/cprvalledelguadiaro\/index.php?rest_route=%2Fwp%2Fv2%2Fcomments&post=10863"}],"version-history":[{"count":4,"href":"https:\/\/blogsaverroes.juntadeandalucia.es\/cprvalledelguadiaro\/index.php?rest_route=\/wp\/v2\/posts\/10863\/revisions"}],"predecessor-version":[{"id":10868,"href":"https:\/\/blogsaverroes.juntadeandalucia.es\/cprvalledelguadiaro\/index.php?rest_route=\/wp\/v2\/posts\/10863\/revisions\/10868"}],"wp:featuredmedia":[{"embeddable":true,"href":"https:\/\/blogsaverroes.juntadeandalucia.es\/cprvalledelguadiaro\/index.php?rest_route=\/wp\/v2\/media\/10865"}],"wp:attachment":[{"href":"https:\/\/blogsaverroes.juntadeandalucia.es\/cprvalledelguadiaro\/index.php?rest_route=%2Fwp%2Fv2%2Fmedia&parent=10863"}],"wp:term":[{"taxonomy":"category","embeddable":true,"href":"https:\/\/blogsaverroes.juntadeandalucia.es\/cprvalledelguadiaro\/index.php?rest_route=%2Fwp%2Fv2%2Fcategories&post=10863"},{"taxonomy":"post_tag","embeddable":true,"href":"https:\/\/blogsaverroes.juntadeandalucia.es\/cprvalledelguadiaro\/index.php?rest_route=%2Fwp%2Fv2%2Ftags&post=10863"}],"curies":[{"name":"wp","href":"https:\/\/api.w.org\/{rel}","templated":true}]}}