{"id":10874,"date":"2023-05-10T09:06:37","date_gmt":"2023-05-10T09:06:37","guid":{"rendered":"https:\/\/blogsaverroes.juntadeandalucia.es\/cprvalledelguadiaro\/?p=10874"},"modified":"2023-05-10T09:21:38","modified_gmt":"2023-05-10T09:21:38","slug":"salida-a-la-pequena-africa-2","status":"publish","type":"post","link":"https:\/\/blogsaverroes.juntadeandalucia.es\/cprvalledelguadiaro\/?p=10874","title":{"rendered":"Salida a La Peque\u00f1a \u00c1frica"},"content":{"rendered":"<p>Este martes hemos ido a visitar La Peque\u00f1a \u00c1frica de Jimena de la Frontera. Hemos hecho el viaje en tren y nos ha encantado, se va muy r\u00e1pido, c\u00f3modo y sin mareos. Cuando llegamos, nos esperaban los monitores en la estaci\u00f3n de tren y nos llevaron hasta la entrada. Despu\u00e9s, nos separaron en dos grupos, los de infantil por un lado y los mayores por otro, aunque hicimos casi las mismas actividades. Nos montamos en caballo, en dromedario y en una tartana. Subimos en coche a ver las aves rapaces y como ya ten\u00edamos hambre, nos fuimos a comer y descansar un rato.&nbsp; Despu\u00e9s, volvimos a subir al lago, donde nos montamos en unos hidropedales y de vuelta vimos los animales que nos faltaban. Por \u00faltimo, volvimos a la estaci\u00f3n de tren donde nos esperaba la pit\u00f3n Brillantina para despedirnos. \u00a1Nos lo hemos pasado s\u00faper bien!<\/p>\nngg_shortcode_0_placeholder\n","protected":false},"excerpt":{"rendered":"<p>Este martes hemos ido a visitar La Peque\u00f1a \u00c1frica de Jimena de la Frontera. Hemos hecho el viaje en tren y nos ha encantado, se va muy r\u00e1pido, c\u00f3modo y sin mareos. Cuando llegamos,&#46;&#46;&#46;<\/p>\n","protected":false},"author":4494,"featured_media":11194,"comment_status":"open","ping_status":"open","sticky":false,"template":"","format":"standard","meta":{"ngg_post_thumbnail":0,"footnotes":""},"categories":[5991,1025064,1025063,1025080],"tags":[1025066,1025074,1025068,1025079],"aioseo_notices":[],"_links":{"self":[{"href":"https:\/\/blogsaverroes.juntadeandalucia.es\/cprvalledelguadiaro\/index.php?rest_route=\/wp\/v2\/posts\/10874"}],"collection":[{"href":"https:\/\/blogsaverroes.juntadeandalucia.es\/cprvalledelguadiaro\/index.php?rest_route=\/wp\/v2\/posts"}],"about":[{"href":"https:\/\/blogsaverroes.juntadeandalucia.es\/cprvalledelguadiaro\/index.php?rest_route=\/wp\/v2\/types\/post"}],"author":[{"embeddable":true,"href":"https:\/\/blogsaverroes.juntadeandalucia.es\/cprvalledelguadiaro\/index.php?rest_route=\/wp\/v2\/users\/4494"}],"replies":[{"embeddable":true,"href":"https:\/\/blogsaverroes.juntadeandalucia.es\/cprvalledelguadiaro\/index.php?rest_route=%2Fwp%2Fv2%2Fcomments&post=10874"}],"version-history":[{"count":3,"href":"https:\/\/blogsaverroes.juntadeandalucia.es\/cprvalledelguadiaro\/index.php?rest_route=\/wp\/v2\/posts\/10874\/revisions"}],"predecessor-version":[{"id":11207,"href":"https:\/\/blogsaverroes.juntadeandalucia.es\/cprvalledelguadiaro\/index.php?rest_route=\/wp\/v2\/posts\/10874\/revisions\/11207"}],"wp:featuredmedia":[{"embeddable":true,"href":"https:\/\/blogsaverroes.juntadeandalucia.es\/cprvalledelguadiaro\/index.php?rest_route=\/wp\/v2\/media\/11194"}],"wp:attachment":[{"href":"https:\/\/blogsaverroes.juntadeandalucia.es\/cprvalledelguadiaro\/index.php?rest_route=%2Fwp%2Fv2%2Fmedia&parent=10874"}],"wp:term":[{"taxonomy":"category","embeddable":true,"href":"https:\/\/blogsaverroes.juntadeandalucia.es\/cprvalledelguadiaro\/index.php?rest_route=%2Fwp%2Fv2%2Fcategories&post=10874"},{"taxonomy":"post_tag","embeddable":true,"href":"https:\/\/blogsaverroes.juntadeandalucia.es\/cprvalledelguadiaro\/index.php?rest_route=%2Fwp%2Fv2%2Ftags&post=10874"}],"curies":[{"name":"wp","href":"https:\/\/api.w.org\/{rel}","templated":true}]}}