{"id":11709,"date":"2023-06-13T11:03:16","date_gmt":"2023-06-13T11:03:16","guid":{"rendered":"https:\/\/blogsaverroes.juntadeandalucia.es\/cprvalledelguadiaro\/?p=11709"},"modified":"2023-06-23T07:30:11","modified_gmt":"2023-06-23T07:30:11","slug":"fiesta-de-fin-de-curso","status":"publish","type":"post","link":"https:\/\/blogsaverroes.juntadeandalucia.es\/cprvalledelguadiaro\/?p=11709","title":{"rendered":"Fiesta de Fin de Curso"},"content":{"rendered":"<div>Buenos d\u00edas familias,<\/div>\n<div>Os queremos confirmar el horario para la fiesta de fin de curso que estamos organizando para el pr\u00f3ximo jueves 22 de junio:<\/div>\n<div>&nbsp;<\/div>\n<div>De 09:00 a 09:30 horas el alumnado de Ca\u00f1ada se desplaza hacia Jimera en autob\u00fas.<\/div>\n<div>De 09:30 a 10:30 horas: el alumnado desayunar\u00e1 fruta. Deben venir al colegio vestidos desde casa y el profesorado les dar\u00e1 los retoques de \u00faltima hora.<\/div>\n<div>De 09:30 a 10:30 horas: las familias recibir\u00e1n una charla por parte de las enfermeras de referencia del centro sobre sue\u00f1o, alimentaci\u00f3n y deporte. Ser\u00e1 en el sal\u00f3n de usos m\u00faltiples del ayuntamiento.<\/div>\n<div>De 10:30 a 12: 00 horas: el alumnado realizar\u00e1 una serie de actuaciones en el sal\u00f3n de usos m\u00faltiples del ayuntamiento.<\/div>\n<div>De 12:00 a 13:30 horas: convivencia entre toda la comunidad educativa del CPR Valle del Guadiaro en el patio del colegio.<\/div>\n<div>De 13:30 a 14:00 horas: el alumnado de Ca\u00f1ada vuelve a su sede.<\/div>\n<div>&nbsp;<\/div>\n<div>Muchas gracias por viestra colaboraci\u00f3n,<\/div>\n<div>&nbsp;<\/div>\n<div>La Direcci\u00f3n.<\/div>\n","protected":false},"excerpt":{"rendered":"<p>Buenos d\u00edas familias, Os queremos confirmar el horario para la fiesta de fin de curso que estamos organizando para el pr\u00f3ximo jueves 22 de junio: &nbsp; De 09:00 a 09:30 horas el alumnado de&#46;&#46;&#46;<\/p>\n","protected":false},"author":4494,"featured_media":11710,"comment_status":"open","ping_status":"open","sticky":false,"template":"","format":"standard","meta":{"ngg_post_thumbnail":0,"footnotes":""},"categories":[1025064,1025063,1025080],"tags":[1025074],"aioseo_notices":[],"_links":{"self":[{"href":"https:\/\/blogsaverroes.juntadeandalucia.es\/cprvalledelguadiaro\/index.php?rest_route=\/wp\/v2\/posts\/11709"}],"collection":[{"href":"https:\/\/blogsaverroes.juntadeandalucia.es\/cprvalledelguadiaro\/index.php?rest_route=\/wp\/v2\/posts"}],"about":[{"href":"https:\/\/blogsaverroes.juntadeandalucia.es\/cprvalledelguadiaro\/index.php?rest_route=\/wp\/v2\/types\/post"}],"author":[{"embeddable":true,"href":"https:\/\/blogsaverroes.juntadeandalucia.es\/cprvalledelguadiaro\/index.php?rest_route=\/wp\/v2\/users\/4494"}],"replies":[{"embeddable":true,"href":"https:\/\/blogsaverroes.juntadeandalucia.es\/cprvalledelguadiaro\/index.php?rest_route=%2Fwp%2Fv2%2Fcomments&post=11709"}],"version-history":[{"count":1,"href":"https:\/\/blogsaverroes.juntadeandalucia.es\/cprvalledelguadiaro\/index.php?rest_route=\/wp\/v2\/posts\/11709\/revisions"}],"predecessor-version":[{"id":11711,"href":"https:\/\/blogsaverroes.juntadeandalucia.es\/cprvalledelguadiaro\/index.php?rest_route=\/wp\/v2\/posts\/11709\/revisions\/11711"}],"wp:featuredmedia":[{"embeddable":true,"href":"https:\/\/blogsaverroes.juntadeandalucia.es\/cprvalledelguadiaro\/index.php?rest_route=\/wp\/v2\/media\/11710"}],"wp:attachment":[{"href":"https:\/\/blogsaverroes.juntadeandalucia.es\/cprvalledelguadiaro\/index.php?rest_route=%2Fwp%2Fv2%2Fmedia&parent=11709"}],"wp:term":[{"taxonomy":"category","embeddable":true,"href":"https:\/\/blogsaverroes.juntadeandalucia.es\/cprvalledelguadiaro\/index.php?rest_route=%2Fwp%2Fv2%2Fcategories&post=11709"},{"taxonomy":"post_tag","embeddable":true,"href":"https:\/\/blogsaverroes.juntadeandalucia.es\/cprvalledelguadiaro\/index.php?rest_route=%2Fwp%2Fv2%2Ftags&post=11709"}],"curies":[{"name":"wp","href":"https:\/\/api.w.org\/{rel}","templated":true}]}}