{"id":11713,"date":"2023-06-15T11:58:38","date_gmt":"2023-06-15T11:58:38","guid":{"rendered":"https:\/\/blogsaverroes.juntadeandalucia.es\/cprvalledelguadiaro\/?p=11713"},"modified":"2023-06-15T11:58:38","modified_gmt":"2023-06-15T11:58:38","slug":"salida-a-la-presa","status":"publish","type":"post","link":"https:\/\/blogsaverroes.juntadeandalucia.es\/cprvalledelguadiaro\/?p=11713","title":{"rendered":"Salida a la presa"},"content":{"rendered":"<p>Buenos d\u00edas, queridos lectores:<\/p>\n<p>Como cada curso durante el mes de junio, la clase de 4\u00ba 5\u00ba y 6\u00ba hemos hecho nuestra salida al entorno pr\u00f3ximo desde el \u00e1rea de Educaci\u00f3n F\u00edsica, con nuestra maestra Maite.&nbsp;<\/p>\n<p>Hemos salido del cole sobre las 9:15h, le hemos ense\u00f1ado a la maestra la caba\u00f1a que estamos haciendo, y despu\u00e9s hemos continuado hasta la presa andando y ri\u00e9ndonos con nuestras chorradas.&nbsp;<\/p>\n<p>Una vez all\u00ed, nos hemos ba\u00f1ado, jugado con la pelota, desayunado&#8230; y despu\u00e9s hemos vuelto al colegio para rematar la ma\u00f1ana.&nbsp;<\/p>\n<p>Ha sido muy divertido, y para que lo comprob\u00e9is, la se\u00f1o Maite ha montado este v\u00eddeo que seguro que os arranca alguna que otra carcajada. Esperamos que lo disfrut\u00e9is.&nbsp;<\/p>\n<p>Muchas gracias por vuestro tiempo y&#8230; \u00a1\u00a1\u00a1hasta pronto!!!&nbsp;<\/p>\n<p>&nbsp;<\/p>\n<p><iframe loading=\"lazy\" src=\"https:\/\/drive.google.com\/file\/d\/1HJELTk9DnifjLgVPwgF4sNOkIi1shg9D\/preview\" width=\"640\" height=\"480\"><\/iframe><\/p>\n","protected":false},"excerpt":{"rendered":"<p>Buenos d\u00edas, queridos lectores: Como cada curso durante el mes de junio, la clase de 4\u00ba 5\u00ba y 6\u00ba hemos hecho nuestra salida al entorno pr\u00f3ximo desde el \u00e1rea de Educaci\u00f3n F\u00edsica, con nuestra&#46;&#46;&#46;<\/p>\n","protected":false},"author":4494,"featured_media":11714,"comment_status":"open","ping_status":"open","sticky":false,"template":"","format":"standard","meta":{"ngg_post_thumbnail":0,"footnotes":""},"categories":[1025064,1025080],"tags":[1025066,1025074],"aioseo_notices":[],"_links":{"self":[{"href":"https:\/\/blogsaverroes.juntadeandalucia.es\/cprvalledelguadiaro\/index.php?rest_route=\/wp\/v2\/posts\/11713"}],"collection":[{"href":"https:\/\/blogsaverroes.juntadeandalucia.es\/cprvalledelguadiaro\/index.php?rest_route=\/wp\/v2\/posts"}],"about":[{"href":"https:\/\/blogsaverroes.juntadeandalucia.es\/cprvalledelguadiaro\/index.php?rest_route=\/wp\/v2\/types\/post"}],"author":[{"embeddable":true,"href":"https:\/\/blogsaverroes.juntadeandalucia.es\/cprvalledelguadiaro\/index.php?rest_route=\/wp\/v2\/users\/4494"}],"replies":[{"embeddable":true,"href":"https:\/\/blogsaverroes.juntadeandalucia.es\/cprvalledelguadiaro\/index.php?rest_route=%2Fwp%2Fv2%2Fcomments&post=11713"}],"version-history":[{"count":1,"href":"https:\/\/blogsaverroes.juntadeandalucia.es\/cprvalledelguadiaro\/index.php?rest_route=\/wp\/v2\/posts\/11713\/revisions"}],"predecessor-version":[{"id":11715,"href":"https:\/\/blogsaverroes.juntadeandalucia.es\/cprvalledelguadiaro\/index.php?rest_route=\/wp\/v2\/posts\/11713\/revisions\/11715"}],"wp:featuredmedia":[{"embeddable":true,"href":"https:\/\/blogsaverroes.juntadeandalucia.es\/cprvalledelguadiaro\/index.php?rest_route=\/wp\/v2\/media\/11714"}],"wp:attachment":[{"href":"https:\/\/blogsaverroes.juntadeandalucia.es\/cprvalledelguadiaro\/index.php?rest_route=%2Fwp%2Fv2%2Fmedia&parent=11713"}],"wp:term":[{"taxonomy":"category","embeddable":true,"href":"https:\/\/blogsaverroes.juntadeandalucia.es\/cprvalledelguadiaro\/index.php?rest_route=%2Fwp%2Fv2%2Fcategories&post=11713"},{"taxonomy":"post_tag","embeddable":true,"href":"https:\/\/blogsaverroes.juntadeandalucia.es\/cprvalledelguadiaro\/index.php?rest_route=%2Fwp%2Fv2%2Ftags&post=11713"}],"curies":[{"name":"wp","href":"https:\/\/api.w.org\/{rel}","templated":true}]}}