{"id":11729,"date":"2023-06-23T09:48:23","date_gmt":"2023-06-23T09:48:23","guid":{"rendered":"https:\/\/blogsaverroes.juntadeandalucia.es\/cprvalledelguadiaro\/?p=11729"},"modified":"2023-09-05T09:14:47","modified_gmt":"2023-09-05T09:14:47","slug":"entrega-de-notas-reclamaciones-y-cheque-libro","status":"publish","type":"post","link":"https:\/\/blogsaverroes.juntadeandalucia.es\/cprvalledelguadiaro\/?p=11729","title":{"rendered":"Entrega de notas, reclamaciones y cheque libro"},"content":{"rendered":"<p>Buenos d\u00edas familias,<\/p>\n<p>Os informamos que el pr\u00f3ximo martes 27 de junio se relizar\u00e1 la entrega de notas de forma presencial de 10:00 a 12:00 horas. Aquellas familias que no puedan acudir el martes, pueden solicitar a la tutora su recogida el mi\u00e9rcoles de 10:00h a 12:00h, si bien deber\u00e1n avisarla previamente. A las familias que no puedan acudir ninguno de estos d\u00edas, se les subir\u00e1n las notas al punto de recogida de ipasen.<\/p>\n<p>Desde la publicaci\u00f3n de las notas, las familias tienen dos d\u00edas (del 27 al 29) de plazo para hacer las reclamaciones que crean oportunas.<\/p>\n<p>Destacar tambi\u00e9n, que este pr\u00f3ximo curso escolar, todo el alumnado tendr\u00e1 libros de textos nuevos, por lo que todos los ni\u00f1os y ni\u00f1as tendr\u00e1n chequelibro. Seg\u00fan las Instrucciones de 30 de mayo de 2023 de la Direcci\u00f3n General de Ordenaci\u00f3n, Inclusi\u00f3n, Participaci\u00f3n y Evaluaci\u00f3n Educativa sobre el Programa de Gratuidad de Libros de Texto para el curso escolar 2023\/2024 apartado sexto, los chequelibros se subir\u00e1n al punto de recogida de ipasen, las familias tienen que descargar y llevar a la librer\u00eda que crean conveniente.<\/p>\n<p>Si hay alguna duda, os pod\u00e9is poner en contacto con las tutoras o con la direcci\u00f3n del centro.<\/p>\n<p>Un saludo,<\/p>\n<p>La Direcci\u00f3n<\/p>\n","protected":false},"excerpt":{"rendered":"<p>Buenos d\u00edas familias, Os informamos que el pr\u00f3ximo martes 27 de junio se relizar\u00e1 la entrega de notas de forma presencial de 10:00 a 12:00 horas. Aquellas familias que no puedan acudir el martes,&#46;&#46;&#46;<\/p>\n","protected":false},"author":4494,"featured_media":11730,"comment_status":"open","ping_status":"open","sticky":false,"template":"","format":"standard","meta":{"ngg_post_thumbnail":0,"footnotes":""},"categories":[1025080],"tags":[1025074],"aioseo_notices":[],"_links":{"self":[{"href":"https:\/\/blogsaverroes.juntadeandalucia.es\/cprvalledelguadiaro\/index.php?rest_route=\/wp\/v2\/posts\/11729"}],"collection":[{"href":"https:\/\/blogsaverroes.juntadeandalucia.es\/cprvalledelguadiaro\/index.php?rest_route=\/wp\/v2\/posts"}],"about":[{"href":"https:\/\/blogsaverroes.juntadeandalucia.es\/cprvalledelguadiaro\/index.php?rest_route=\/wp\/v2\/types\/post"}],"author":[{"embeddable":true,"href":"https:\/\/blogsaverroes.juntadeandalucia.es\/cprvalledelguadiaro\/index.php?rest_route=\/wp\/v2\/users\/4494"}],"replies":[{"embeddable":true,"href":"https:\/\/blogsaverroes.juntadeandalucia.es\/cprvalledelguadiaro\/index.php?rest_route=%2Fwp%2Fv2%2Fcomments&post=11729"}],"version-history":[{"count":5,"href":"https:\/\/blogsaverroes.juntadeandalucia.es\/cprvalledelguadiaro\/index.php?rest_route=\/wp\/v2\/posts\/11729\/revisions"}],"predecessor-version":[{"id":11735,"href":"https:\/\/blogsaverroes.juntadeandalucia.es\/cprvalledelguadiaro\/index.php?rest_route=\/wp\/v2\/posts\/11729\/revisions\/11735"}],"wp:featuredmedia":[{"embeddable":true,"href":"https:\/\/blogsaverroes.juntadeandalucia.es\/cprvalledelguadiaro\/index.php?rest_route=\/wp\/v2\/media\/11730"}],"wp:attachment":[{"href":"https:\/\/blogsaverroes.juntadeandalucia.es\/cprvalledelguadiaro\/index.php?rest_route=%2Fwp%2Fv2%2Fmedia&parent=11729"}],"wp:term":[{"taxonomy":"category","embeddable":true,"href":"https:\/\/blogsaverroes.juntadeandalucia.es\/cprvalledelguadiaro\/index.php?rest_route=%2Fwp%2Fv2%2Fcategories&post=11729"},{"taxonomy":"post_tag","embeddable":true,"href":"https:\/\/blogsaverroes.juntadeandalucia.es\/cprvalledelguadiaro\/index.php?rest_route=%2Fwp%2Fv2%2Ftags&post=11729"}],"curies":[{"name":"wp","href":"https:\/\/api.w.org\/{rel}","templated":true}]}}