{"id":12302,"date":"2024-03-08T10:30:01","date_gmt":"2024-03-08T10:30:01","guid":{"rendered":"https:\/\/blogsaverroes.juntadeandalucia.es\/cprvalledelguadiaro\/?p=12302"},"modified":"2024-03-08T10:30:01","modified_gmt":"2024-03-08T10:30:01","slug":"charla-de-la-guardia-civil","status":"publish","type":"post","link":"https:\/\/blogsaverroes.juntadeandalucia.es\/cprvalledelguadiaro\/?p=12302","title":{"rendered":"Charla de la Guardia Civil"},"content":{"rendered":"<p>Buenos d\u00edas, queridos lectores:<\/p>\n<p>Esta semana hemos recibido la visita del cabo Roberto, de la Guardia Civil de Cortes de la Frontera, quien nos explic\u00f3 muchas cosas interesantes sobre el acoso escolar, el ciberacoso, mostr\u00e1ndonos algunos v\u00eddeos que nos dejaron impactados, y cont\u00e1ndonos casos reales y situaciones en las que ellos intervienen.&nbsp;<\/p>\n<p>En nuestro cole estamos muy concienciados sobre este tema y todos luchamos contra el bullying, porque queremos un mundo tranquilo, feliz y en el que todos seamos libres y felices.&nbsp;<\/p>\n<p>As\u00ed que recordad, no os call\u00e9is, pedid ayuda cuando lo necesit\u00e9is y nunca apoy\u00e9is a los acosadores, porque as\u00ed se har\u00e1n m\u00e1s d\u00e9biles y dejar\u00e1n de abusar de los dem\u00e1s.&nbsp;<\/p>\n<p><a href=\"https:\/\/blogsaverroes.juntadeandalucia.es\/cprvalledelguadiaro\/files\/2024\/03\/IMG_6245-scaled.jpg\"><img loading=\"lazy\" decoding=\"async\" class=\"aligncenter size-medium wp-image-12304\" src=\"https:\/\/blogsaverroes.juntadeandalucia.es\/cprvalledelguadiaro\/files\/2024\/03\/IMG_6245-300x217.jpg\" alt=\"\" width=\"300\" height=\"217\" srcset=\"https:\/\/blogsaverroes.juntadeandalucia.es\/cprvalledelguadiaro\/files\/2024\/03\/IMG_6245-300x217.jpg 300w, https:\/\/blogsaverroes.juntadeandalucia.es\/cprvalledelguadiaro\/files\/2024\/03\/IMG_6245-1024x739.jpg 1024w, https:\/\/blogsaverroes.juntadeandalucia.es\/cprvalledelguadiaro\/files\/2024\/03\/IMG_6245-768x554.jpg 768w, https:\/\/blogsaverroes.juntadeandalucia.es\/cprvalledelguadiaro\/files\/2024\/03\/IMG_6245-1536x1109.jpg 1536w, https:\/\/blogsaverroes.juntadeandalucia.es\/cprvalledelguadiaro\/files\/2024\/03\/IMG_6245-2048x1479.jpg 2048w, https:\/\/blogsaverroes.juntadeandalucia.es\/cprvalledelguadiaro\/files\/2024\/03\/IMG_6245-scaled.jpg 1600w\" sizes=\"(max-width: 300px) 100vw, 300px\" \/><\/a> <a href=\"https:\/\/blogsaverroes.juntadeandalucia.es\/cprvalledelguadiaro\/files\/2024\/03\/IMG_6246-scaled.jpg\"><img loading=\"lazy\" decoding=\"async\" class=\"aligncenter size-medium wp-image-12305\" src=\"https:\/\/blogsaverroes.juntadeandalucia.es\/cprvalledelguadiaro\/files\/2024\/03\/IMG_6246-300x205.jpg\" alt=\"\" width=\"300\" height=\"205\" srcset=\"https:\/\/blogsaverroes.juntadeandalucia.es\/cprvalledelguadiaro\/files\/2024\/03\/IMG_6246-300x205.jpg 300w, https:\/\/blogsaverroes.juntadeandalucia.es\/cprvalledelguadiaro\/files\/2024\/03\/IMG_6246-1024x701.jpg 1024w, https:\/\/blogsaverroes.juntadeandalucia.es\/cprvalledelguadiaro\/files\/2024\/03\/IMG_6246-768x526.jpg 768w, https:\/\/blogsaverroes.juntadeandalucia.es\/cprvalledelguadiaro\/files\/2024\/03\/IMG_6246-1536x1051.jpg 1536w, https:\/\/blogsaverroes.juntadeandalucia.es\/cprvalledelguadiaro\/files\/2024\/03\/IMG_6246-2048x1401.jpg 2048w, https:\/\/blogsaverroes.juntadeandalucia.es\/cprvalledelguadiaro\/files\/2024\/03\/IMG_6246-scaled.jpg 1600w\" sizes=\"(max-width: 300px) 100vw, 300px\" \/><\/a> <a href=\"https:\/\/blogsaverroes.juntadeandalucia.es\/cprvalledelguadiaro\/files\/2024\/03\/IMG_6244-scaled.jpg\"><img loading=\"lazy\" decoding=\"async\" class=\"aligncenter size-medium wp-image-12306\" src=\"https:\/\/blogsaverroes.juntadeandalucia.es\/cprvalledelguadiaro\/files\/2024\/03\/IMG_6244-300x272.jpg\" alt=\"\" width=\"300\" height=\"272\" srcset=\"https:\/\/blogsaverroes.juntadeandalucia.es\/cprvalledelguadiaro\/files\/2024\/03\/IMG_6244-300x272.jpg 300w, https:\/\/blogsaverroes.juntadeandalucia.es\/cprvalledelguadiaro\/files\/2024\/03\/IMG_6244-1024x930.jpg 1024w, https:\/\/blogsaverroes.juntadeandalucia.es\/cprvalledelguadiaro\/files\/2024\/03\/IMG_6244-768x697.jpg 768w, https:\/\/blogsaverroes.juntadeandalucia.es\/cprvalledelguadiaro\/files\/2024\/03\/IMG_6244-1536x1395.jpg 1536w, https:\/\/blogsaverroes.juntadeandalucia.es\/cprvalledelguadiaro\/files\/2024\/03\/IMG_6244-2048x1860.jpg 2048w, https:\/\/blogsaverroes.juntadeandalucia.es\/cprvalledelguadiaro\/files\/2024\/03\/IMG_6244-scaled.jpg 1600w\" sizes=\"(max-width: 300px) 100vw, 300px\" \/><\/a><\/p>\n","protected":false},"excerpt":{"rendered":"<p>Buenos d\u00edas, queridos lectores: Esta semana hemos recibido la visita del cabo Roberto, de la Guardia Civil de Cortes de la Frontera, quien nos explic\u00f3 muchas cosas interesantes sobre el acoso escolar, el ciberacoso,&#46;&#46;&#46;<\/p>\n","protected":false},"author":4494,"featured_media":12305,"comment_status":"open","ping_status":"open","sticky":false,"template":"","format":"standard","meta":{"ngg_post_thumbnail":0,"footnotes":""},"categories":[5991,1025064,1025087],"tags":[],"aioseo_notices":[],"_links":{"self":[{"href":"https:\/\/blogsaverroes.juntadeandalucia.es\/cprvalledelguadiaro\/index.php?rest_route=\/wp\/v2\/posts\/12302"}],"collection":[{"href":"https:\/\/blogsaverroes.juntadeandalucia.es\/cprvalledelguadiaro\/index.php?rest_route=\/wp\/v2\/posts"}],"about":[{"href":"https:\/\/blogsaverroes.juntadeandalucia.es\/cprvalledelguadiaro\/index.php?rest_route=\/wp\/v2\/types\/post"}],"author":[{"embeddable":true,"href":"https:\/\/blogsaverroes.juntadeandalucia.es\/cprvalledelguadiaro\/index.php?rest_route=\/wp\/v2\/users\/4494"}],"replies":[{"embeddable":true,"href":"https:\/\/blogsaverroes.juntadeandalucia.es\/cprvalledelguadiaro\/index.php?rest_route=%2Fwp%2Fv2%2Fcomments&post=12302"}],"version-history":[{"count":1,"href":"https:\/\/blogsaverroes.juntadeandalucia.es\/cprvalledelguadiaro\/index.php?rest_route=\/wp\/v2\/posts\/12302\/revisions"}],"predecessor-version":[{"id":12307,"href":"https:\/\/blogsaverroes.juntadeandalucia.es\/cprvalledelguadiaro\/index.php?rest_route=\/wp\/v2\/posts\/12302\/revisions\/12307"}],"wp:featuredmedia":[{"embeddable":true,"href":"https:\/\/blogsaverroes.juntadeandalucia.es\/cprvalledelguadiaro\/index.php?rest_route=\/wp\/v2\/media\/12305"}],"wp:attachment":[{"href":"https:\/\/blogsaverroes.juntadeandalucia.es\/cprvalledelguadiaro\/index.php?rest_route=%2Fwp%2Fv2%2Fmedia&parent=12302"}],"wp:term":[{"taxonomy":"category","embeddable":true,"href":"https:\/\/blogsaverroes.juntadeandalucia.es\/cprvalledelguadiaro\/index.php?rest_route=%2Fwp%2Fv2%2Fcategories&post=12302"},{"taxonomy":"post_tag","embeddable":true,"href":"https:\/\/blogsaverroes.juntadeandalucia.es\/cprvalledelguadiaro\/index.php?rest_route=%2Fwp%2Fv2%2Ftags&post=12302"}],"curies":[{"name":"wp","href":"https:\/\/api.w.org\/{rel}","templated":true}]}}