{"id":12745,"date":"2025-02-06T10:56:42","date_gmt":"2025-02-06T10:56:42","guid":{"rendered":"https:\/\/blogsaverroes.juntadeandalucia.es\/cprvalledelguadiaro\/?p=12745"},"modified":"2025-02-06T10:59:21","modified_gmt":"2025-02-06T10:59:21","slug":"talleres-de-mas-equidad","status":"publish","type":"post","link":"https:\/\/blogsaverroes.juntadeandalucia.es\/cprvalledelguadiaro\/?p=12745","title":{"rendered":"Talleres de M\u00e1s Equidad"},"content":{"rendered":"<p><span style=\"font-weight: 400\">\u00a1Buenos d\u00edas, queridos lectores!<\/span><\/p>\n<p><span style=\"font-weight: 400\">Despu\u00e9s de mucho tiempo, estamos de nuevo aqu\u00ed para contaros nuestras aventuras en el colegio.&nbsp;<\/span><\/p>\n<p><span style=\"font-weight: 400\">Hemos estado realizando (y a\u00fan nos quedan) varias actividades chul\u00edsimas gracias al Programa de Equidad, en el que todo nuestro alumnado han podido comprobar c\u00f3mo eran las personas en la Antigua Roma y\u2026 se han convertido por un d\u00eda en arque\u00f3logos, desenterrando muchoooooos objetos de la historia.<\/span><\/p>\n<p><span style=\"font-weight: 400\">Aqu\u00ed os dejamos unas <\/span><span style=\"font-weight: 400\">fotitos para que pod\u00e1is ver como se lo han pasado nuestros ni\u00f1os y ni\u00f1as en estos talleres.<\/span><\/p>\n<p><span style=\"font-weight: 400\">\u00a1Un saludo y hasta la pr\u00f3xima!<\/span><\/p>\nngg_shortcode_0_placeholderngg_shortcode_1_placeholder\n","protected":false},"excerpt":{"rendered":"<p>\u00a1Buenos d\u00edas, queridos lectores! Despu\u00e9s de mucho tiempo, estamos de nuevo aqu\u00ed para contaros nuestras aventuras en el colegio.&nbsp; Hemos estado realizando (y a\u00fan nos quedan) varias actividades chul\u00edsimas gracias al Programa de Equidad,&#46;&#46;&#46;<\/p>\n","protected":false},"author":4494,"featured_media":12857,"comment_status":"open","ping_status":"open","sticky":false,"template":"","format":"standard","meta":{"ngg_post_thumbnail":0,"footnotes":""},"categories":[11909,1025089],"tags":[],"aioseo_notices":[],"_links":{"self":[{"href":"https:\/\/blogsaverroes.juntadeandalucia.es\/cprvalledelguadiaro\/index.php?rest_route=\/wp\/v2\/posts\/12745"}],"collection":[{"href":"https:\/\/blogsaverroes.juntadeandalucia.es\/cprvalledelguadiaro\/index.php?rest_route=\/wp\/v2\/posts"}],"about":[{"href":"https:\/\/blogsaverroes.juntadeandalucia.es\/cprvalledelguadiaro\/index.php?rest_route=\/wp\/v2\/types\/post"}],"author":[{"embeddable":true,"href":"https:\/\/blogsaverroes.juntadeandalucia.es\/cprvalledelguadiaro\/index.php?rest_route=\/wp\/v2\/users\/4494"}],"replies":[{"embeddable":true,"href":"https:\/\/blogsaverroes.juntadeandalucia.es\/cprvalledelguadiaro\/index.php?rest_route=%2Fwp%2Fv2%2Fcomments&post=12745"}],"version-history":[{"count":8,"href":"https:\/\/blogsaverroes.juntadeandalucia.es\/cprvalledelguadiaro\/index.php?rest_route=\/wp\/v2\/posts\/12745\/revisions"}],"predecessor-version":[{"id":12837,"href":"https:\/\/blogsaverroes.juntadeandalucia.es\/cprvalledelguadiaro\/index.php?rest_route=\/wp\/v2\/posts\/12745\/revisions\/12837"}],"wp:featuredmedia":[{"embeddable":true,"href":"https:\/\/blogsaverroes.juntadeandalucia.es\/cprvalledelguadiaro\/index.php?rest_route=\/wp\/v2\/media\/12857"}],"wp:attachment":[{"href":"https:\/\/blogsaverroes.juntadeandalucia.es\/cprvalledelguadiaro\/index.php?rest_route=%2Fwp%2Fv2%2Fmedia&parent=12745"}],"wp:term":[{"taxonomy":"category","embeddable":true,"href":"https:\/\/blogsaverroes.juntadeandalucia.es\/cprvalledelguadiaro\/index.php?rest_route=%2Fwp%2Fv2%2Fcategories&post=12745"},{"taxonomy":"post_tag","embeddable":true,"href":"https:\/\/blogsaverroes.juntadeandalucia.es\/cprvalledelguadiaro\/index.php?rest_route=%2Fwp%2Fv2%2Ftags&post=12745"}],"curies":[{"name":"wp","href":"https:\/\/api.w.org\/{rel}","templated":true}]}}