{"id":12871,"date":"2025-02-20T09:29:59","date_gmt":"2025-02-20T09:29:59","guid":{"rendered":"https:\/\/blogsaverroes.juntadeandalucia.es\/cprvalledelguadiaro\/?p=12871"},"modified":"2025-03-20T10:31:13","modified_gmt":"2025-03-20T10:31:13","slug":"admision-de-nuevo-alumnado-curso-25-26","status":"publish","type":"post","link":"https:\/\/blogsaverroes.juntadeandalucia.es\/cprvalledelguadiaro\/?p=12871","title":{"rendered":"ADMISI\u00d3N DE NUEVO ALUMNADO &#8211; CURSO 25\/26"},"content":{"rendered":"<p><a href=\"https:\/\/blogsaverroes.juntadeandalucia.es\/cprvalledelguadiaro\/?attachment_id=12878\" rel=\"attachment wp-att-12878\"><img loading=\"lazy\" decoding=\"async\" class=\"aligncenter size-medium wp-image-12878\" src=\"https:\/\/blogsaverroes.juntadeandalucia.es\/cprvalledelguadiaro\/files\/2025\/02\/Aviso-Escolar-Reunion-De-Seguimiento-Llamativo-Verde-y-Amarillo-1-300x300.png\" alt=\"\" width=\"300\" height=\"300\" srcset=\"https:\/\/blogsaverroes.juntadeandalucia.es\/cprvalledelguadiaro\/files\/2025\/02\/Aviso-Escolar-Reunion-De-Seguimiento-Llamativo-Verde-y-Amarillo-1-300x300.png 300w, https:\/\/blogsaverroes.juntadeandalucia.es\/cprvalledelguadiaro\/files\/2025\/02\/Aviso-Escolar-Reunion-De-Seguimiento-Llamativo-Verde-y-Amarillo-1-150x150.png 150w, https:\/\/blogsaverroes.juntadeandalucia.es\/cprvalledelguadiaro\/files\/2025\/02\/Aviso-Escolar-Reunion-De-Seguimiento-Llamativo-Verde-y-Amarillo-1-768x768.png 768w, https:\/\/blogsaverroes.juntadeandalucia.es\/cprvalledelguadiaro\/files\/2025\/02\/Aviso-Escolar-Reunion-De-Seguimiento-Llamativo-Verde-y-Amarillo-1-80x80.png 80w, https:\/\/blogsaverroes.juntadeandalucia.es\/cprvalledelguadiaro\/files\/2025\/02\/Aviso-Escolar-Reunion-De-Seguimiento-Llamativo-Verde-y-Amarillo-1-320x320.png 320w, https:\/\/blogsaverroes.juntadeandalucia.es\/cprvalledelguadiaro\/files\/2025\/02\/Aviso-Escolar-Reunion-De-Seguimiento-Llamativo-Verde-y-Amarillo-1.png 1000w\" sizes=\"(max-width: 300px) 100vw, 300px\" \/><\/a><\/p>\n<p style=\"text-align: left\">En la Secretar\u00eda Virtual de los Centros Educativos se puede realizar Presentaci\u00f3n telem\u00e1tica de la admisi\u00f3n del alumnado en los centros docentes sostenidos con fondos p\u00fablicos de las ense\u00f1anzas de 2\u00ba Ciclo de Educaci\u00f3n Infantil, Educaci\u00f3n Primaria, Educaci\u00f3n Especial, Educaci\u00f3n Secundaria Obligatoria y Bachillerato.<\/p>\n<p style=\"text-align: left\"><strong>Entre los d\u00edas 1 al 31 de marzo<\/strong>, ambos inclusive, permanecer\u00e1 abierto en Andaluc\u00eda el&nbsp;<strong>plazo para la presentaci\u00f3n de solicitudes de admisi\u00f3n<\/strong> correspondientes al curso escolar 2025\/26.<\/p>\n<p>En el siguiente enlace ten\u00e9is toda la informaci\u00f3n relativa a esta admisi\u00f3n para el nuevo curso escolar 2025\/26.<\/p>\n<p><a title=\"Portal Junta de Andaluc\u00eda\" href=\"https:\/\/portales.ced.junta-andalucia.es\/educacion\/portales\/web\/escolarizacion\/infantil-a-bachillerato\/impresos\" target=\"_blank\" rel=\"noopener\">https:\/\/portales.ced.junta-andalucia.es\/educacion\/portales\/web\/escolarizacion\/infantil-a-bachillerato\/impresos<\/a><\/p>\n<p>Aqu\u00ed pod\u00e9is descargaros la normativa que regula este tr\u00e1mite.<\/p>\n<p><a href=\"https:\/\/blogsaverroes.juntadeandalucia.es\/cprvalledelguadiaro\/files\/2025\/02\/ORDEN-20-DE-FEBRERO-2020.pdf\" target=\"_blank\" rel=\"noopener\">Normativa<\/a><\/p>\n<p>En este enlace pod\u00e9is descargaros el impreso de admisi\u00f3n.<\/p>\n<p><a href=\"https:\/\/blogsaverroes.juntadeandalucia.es\/cprvalledelguadiaro\/?attachment_id=12873\" target=\"_blank\" rel=\"noopener\">Impreso de admisi\u00f3n<\/a><\/p>\n","protected":false},"excerpt":{"rendered":"<p>En la Secretar\u00eda Virtual de los Centros Educativos se puede realizar Presentaci\u00f3n telem\u00e1tica de la admisi\u00f3n del alumnado en los centros docentes sostenidos con fondos p\u00fablicos de las ense\u00f1anzas de 2\u00ba Ciclo de Educaci\u00f3n&#46;&#46;&#46;<\/p>\n","protected":false},"author":4494,"featured_media":12878,"comment_status":"open","ping_status":"open","sticky":false,"template":"","format":"standard","meta":{"ngg_post_thumbnail":0,"footnotes":""},"categories":[11909],"tags":[],"aioseo_notices":[],"_links":{"self":[{"href":"https:\/\/blogsaverroes.juntadeandalucia.es\/cprvalledelguadiaro\/index.php?rest_route=\/wp\/v2\/posts\/12871"}],"collection":[{"href":"https:\/\/blogsaverroes.juntadeandalucia.es\/cprvalledelguadiaro\/index.php?rest_route=\/wp\/v2\/posts"}],"about":[{"href":"https:\/\/blogsaverroes.juntadeandalucia.es\/cprvalledelguadiaro\/index.php?rest_route=\/wp\/v2\/types\/post"}],"author":[{"embeddable":true,"href":"https:\/\/blogsaverroes.juntadeandalucia.es\/cprvalledelguadiaro\/index.php?rest_route=\/wp\/v2\/users\/4494"}],"replies":[{"embeddable":true,"href":"https:\/\/blogsaverroes.juntadeandalucia.es\/cprvalledelguadiaro\/index.php?rest_route=%2Fwp%2Fv2%2Fcomments&post=12871"}],"version-history":[{"count":4,"href":"https:\/\/blogsaverroes.juntadeandalucia.es\/cprvalledelguadiaro\/index.php?rest_route=\/wp\/v2\/posts\/12871\/revisions"}],"predecessor-version":[{"id":12879,"href":"https:\/\/blogsaverroes.juntadeandalucia.es\/cprvalledelguadiaro\/index.php?rest_route=\/wp\/v2\/posts\/12871\/revisions\/12879"}],"wp:featuredmedia":[{"embeddable":true,"href":"https:\/\/blogsaverroes.juntadeandalucia.es\/cprvalledelguadiaro\/index.php?rest_route=\/wp\/v2\/media\/12878"}],"wp:attachment":[{"href":"https:\/\/blogsaverroes.juntadeandalucia.es\/cprvalledelguadiaro\/index.php?rest_route=%2Fwp%2Fv2%2Fmedia&parent=12871"}],"wp:term":[{"taxonomy":"category","embeddable":true,"href":"https:\/\/blogsaverroes.juntadeandalucia.es\/cprvalledelguadiaro\/index.php?rest_route=%2Fwp%2Fv2%2Fcategories&post=12871"},{"taxonomy":"post_tag","embeddable":true,"href":"https:\/\/blogsaverroes.juntadeandalucia.es\/cprvalledelguadiaro\/index.php?rest_route=%2Fwp%2Fv2%2Ftags&post=12871"}],"curies":[{"name":"wp","href":"https:\/\/api.w.org\/{rel}","templated":true}]}}