{"id":13128,"date":"2025-05-08T10:00:00","date_gmt":"2025-05-08T10:00:00","guid":{"rendered":"https:\/\/blogsaverroes.juntadeandalucia.es\/cprvalledelguadiaro\/?p=13128"},"modified":"2025-05-08T10:01:55","modified_gmt":"2025-05-08T10:01:55","slug":"13128","status":"publish","type":"post","link":"https:\/\/blogsaverroes.juntadeandalucia.es\/cprvalledelguadiaro\/?p=13128","title":{"rendered":"Actividades del huerto escolar"},"content":{"rendered":"<p><span style=\"font-weight: 400\">\u00a1Buenos tardes queridos lectores!<\/span><\/p>\n<p><span style=\"font-weight: 400\">Dentro del Programa CIMA tenemos el proyecto del huerto escolar, donde se han realizado diferentes actividades como la siembra de plantas, riego, quitar hierbas, construcci\u00f3n de un espantap\u00e1jaros, recolecci\u00f3n de lechugas y acelgas con las que hemos hecho ensaladas y tortillitas&#8230; Adem\u00e1s, fuera del huerto hemos plantado en ruedas y hemos construido un hotel para insectos.<\/span><\/p>\n<p><span style=\"font-weight: 400\">Si quer\u00e9is ver todas las actividades, aqu\u00ed os dejamos prueba de ello.<\/span><span style=\"font-weight: 400\">&nbsp;<\/span><\/p>\nngg_shortcode_0_placeholder<span style=\"font-weight: 400\">Muchas de las actividades realizadas se han llevado a cabo con el Programa M\u00e1s Equidad, el cual est\u00e1 financiado por la Junta de Andaluc\u00eda y la Uni\u00f3n Europea.<\/span><\/p>\n<p><span style=\"font-weight: 400\"> <a href=\"https:\/\/blogsaverroes.juntadeandalucia.es\/cprvalledelguadiaro\/?attachment_id=13132\" rel=\"attachment wp-att-13132\"><img loading=\"lazy\" decoding=\"async\" class=\"size-medium wp-image-13132 alignleft\" src=\"https:\/\/blogsaverroes.juntadeandalucia.es\/cprvalledelguadiaro\/files\/2025\/05\/feuropeos_logo-300x38.png\" alt=\"\" width=\"300\" height=\"38\" srcset=\"https:\/\/blogsaverroes.juntadeandalucia.es\/cprvalledelguadiaro\/files\/2025\/05\/feuropeos_logo-300x38.png 300w, https:\/\/blogsaverroes.juntadeandalucia.es\/cprvalledelguadiaro\/files\/2025\/05\/feuropeos_logo.png 584w\" sizes=\"(max-width: 300px) 100vw, 300px\" \/><\/a> <a href=\"https:\/\/blogsaverroes.juntadeandalucia.es\/cprvalledelguadiaro\/?attachment_id=13130\" rel=\"attachment wp-att-13130\"><img loading=\"lazy\" decoding=\"async\" class=\"size-medium wp-image-13130 alignright\" src=\"https:\/\/blogsaverroes.juntadeandalucia.es\/cprvalledelguadiaro\/files\/2025\/05\/junta_logo-300x52.png\" alt=\"\" width=\"300\" height=\"52\" srcset=\"https:\/\/blogsaverroes.juntadeandalucia.es\/cprvalledelguadiaro\/files\/2025\/05\/junta_logo-300x52.png 300w, https:\/\/blogsaverroes.juntadeandalucia.es\/cprvalledelguadiaro\/files\/2025\/05\/junta_logo.png 422w\" sizes=\"(max-width: 300px) 100vw, 300px\" \/><\/a> <a href=\"https:\/\/blogsaverroes.juntadeandalucia.es\/cprvalledelguadiaro\/?attachment_id=13129\" rel=\"attachment wp-att-13129\"><img loading=\"lazy\" decoding=\"async\" class=\"size-full wp-image-13129 aligncenter\" src=\"https:\/\/blogsaverroes.juntadeandalucia.es\/cprvalledelguadiaro\/files\/2025\/05\/ue_logo.png\" alt=\"\" width=\"297\" height=\"73\"><\/a><\/span><\/p>\n<p><span style=\"font-weight: 400\">Hasta la pr\u00f3xima semana&#8230; \u00a1Un saludo!<\/span><\/p>\n","protected":false},"excerpt":{"rendered":"<p>\u00a1Buenos tardes queridos lectores! Dentro del Programa CIMA tenemos el proyecto del huerto escolar, donde se han realizado diferentes actividades como la siembra de plantas, riego, quitar hierbas, construcci\u00f3n de un espantap\u00e1jaros, recolecci\u00f3n de&#46;&#46;&#46;<\/p>\n","protected":false},"author":4494,"featured_media":13068,"comment_status":"open","ping_status":"open","sticky":false,"template":"","format":"standard","meta":{"ngg_post_thumbnail":0,"footnotes":""},"categories":[11909],"tags":[],"aioseo_notices":[],"_links":{"self":[{"href":"https:\/\/blogsaverroes.juntadeandalucia.es\/cprvalledelguadiaro\/index.php?rest_route=\/wp\/v2\/posts\/13128"}],"collection":[{"href":"https:\/\/blogsaverroes.juntadeandalucia.es\/cprvalledelguadiaro\/index.php?rest_route=\/wp\/v2\/posts"}],"about":[{"href":"https:\/\/blogsaverroes.juntadeandalucia.es\/cprvalledelguadiaro\/index.php?rest_route=\/wp\/v2\/types\/post"}],"author":[{"embeddable":true,"href":"https:\/\/blogsaverroes.juntadeandalucia.es\/cprvalledelguadiaro\/index.php?rest_route=\/wp\/v2\/users\/4494"}],"replies":[{"embeddable":true,"href":"https:\/\/blogsaverroes.juntadeandalucia.es\/cprvalledelguadiaro\/index.php?rest_route=%2Fwp%2Fv2%2Fcomments&post=13128"}],"version-history":[{"count":4,"href":"https:\/\/blogsaverroes.juntadeandalucia.es\/cprvalledelguadiaro\/index.php?rest_route=\/wp\/v2\/posts\/13128\/revisions"}],"predecessor-version":[{"id":13136,"href":"https:\/\/blogsaverroes.juntadeandalucia.es\/cprvalledelguadiaro\/index.php?rest_route=\/wp\/v2\/posts\/13128\/revisions\/13136"}],"wp:featuredmedia":[{"embeddable":true,"href":"https:\/\/blogsaverroes.juntadeandalucia.es\/cprvalledelguadiaro\/index.php?rest_route=\/wp\/v2\/media\/13068"}],"wp:attachment":[{"href":"https:\/\/blogsaverroes.juntadeandalucia.es\/cprvalledelguadiaro\/index.php?rest_route=%2Fwp%2Fv2%2Fmedia&parent=13128"}],"wp:term":[{"taxonomy":"category","embeddable":true,"href":"https:\/\/blogsaverroes.juntadeandalucia.es\/cprvalledelguadiaro\/index.php?rest_route=%2Fwp%2Fv2%2Fcategories&post=13128"},{"taxonomy":"post_tag","embeddable":true,"href":"https:\/\/blogsaverroes.juntadeandalucia.es\/cprvalledelguadiaro\/index.php?rest_route=%2Fwp%2Fv2%2Ftags&post=13128"}],"curies":[{"name":"wp","href":"https:\/\/api.w.org\/{rel}","templated":true}]}}