{"id":13154,"date":"2025-06-06T08:21:30","date_gmt":"2025-06-06T08:21:30","guid":{"rendered":"https:\/\/blogsaverroes.juntadeandalucia.es\/cprvalledelguadiaro\/?p=13154"},"modified":"2025-06-06T08:21:08","modified_gmt":"2025-06-06T08:21:08","slug":"actividades-realizadas-en-relacion-al-pacto-de-estado-contra-la-violencia-de-genero-2","status":"publish","type":"post","link":"https:\/\/blogsaverroes.juntadeandalucia.es\/cprvalledelguadiaro\/?p=13154","title":{"rendered":"Actividades realizadas en relaci\u00f3n al \u00abPacto de estado contra la violencia de g\u00e9nero\u00bb"},"content":{"rendered":"<p style=\"text-align: left\"><strong>\u00a1Buenos d\u00edas, queridos lectores!:<\/strong><\/p>\n<p style=\"text-align: left\">Durante este curso escolar, y en el marco del \u201cPacto de Estado contra la Violencia de G\u00e9nero\u201d, hemos realizado diferentes actividades desde nuestro centro.&nbsp;<\/p>\n<p>Como ya sab\u00e9is , en el cole, hemos estado llevando a cabo un proyecto sobre sobre la edad antigua, por lo que hemos realizado un taller muy chulo sobre arqueolog\u00eda.&nbsp;<\/p>\n<p style=\"text-align: justify\"><strong><u>Taller de Arqueolog\u00eda de g\u00e9nero<\/u><\/strong><\/p>\n<p style=\"text-align: justify\">El alumnado de Educaci\u00f3n Infantil y Primaria de nuestras dos sedes ha participado en este taller, desarrollado por Albanta Educaci\u00f3n a trav\u00e9s de un laboratorio port\u00e1til adaptado a nuestros ni\u00f1os y ni\u00f1as.<\/p>\n<p style=\"text-align: justify\">La actividad se centr\u00f3 en el an\u00e1lisis de objetos y materiales arqueol\u00f3gicos reproducidos, con los que el alumnado pudo investigar y reconstruir escenas del pasado, reflexionando sobre el papel que han ocupado hist\u00f3ricamente mujeres y hombres en distintas sociedades. Desde un enfoque l\u00fadico, cooperativo y manipulativo, se abordaron temas clave como la igualdad de g\u00e9nero, comprobar el papel de las mujeres en la historia y la superaci\u00f3n de estereotipos.<\/p>\nngg_shortcode_0_placeholderOtras actividades que hemos llevado a cabo desde el centro que han contribuido a reforzar este Pacto, fomentando as\u00ed una mirada igualitaria y respetuosa desde una propuesta con un impacto real en el desarrollo emocional y social de nuestro alumnado, son las siguientes:<\/p>\n<ul>\n<li><strong>25 de noviembre<\/strong>. Se han realizado actividades centradas en el proyecto que se ha llevado a cabo en el centro durante los dos primeros trimestres, de la Edad Antigua, sobre la faraona Hatshepsut, Cleopatra, Hipatia\u2026<\/li>\n<li><strong>30 de enero<\/strong>. Dentro de la celebraci\u00f3n del D\u00eda de la Paz, una de las tareas que llevamos a cabo con nuestro alumnado fue reescribir cuentos tradicionales para adaptarlos a esta tem\u00e1tica, como el de \u201cCaperucita roja y su amigo el lobo\u201d y \u201cLos tres cerditos zen y el lobo hippie\u201d. Tambi\u00e9n, ilustramos nuestro cuento para cont\u00e1rselo y mostr\u00e1rselo a los m\u00e1s peque\u00f1os de nuestros centros.<\/li>\n<li><strong>8 de marzo<\/strong>. Tras la pregunta \u201c\u00bfqu\u00e9 quieres ser de mayor?\u201d, trabajamos a trav\u00e9s de las respuestas de nuestro alumnado sobre sus expectativas de futuro en el \u00e1mbito profesional, relacion\u00e1ndolas con las profesiones de las mujeres en la Antig\u00fcedad. Por otro lado, tambi\u00e9n Por otro lado, se han realizado debates y mon\u00f3logos centrados en la igualdad, descripciones de mujeres importantes tanto en la historia como en nuestras vidas, y se ha escrito una carta para \u201cUna mujer importante\u201d, que se corrigi\u00f3 e imprimi\u00f3 para regalarla.<\/li>\n<\/ul>\nngg_shortcode_1_placeholder\u00a1\u00a1\u00a1Hasta la pr\u00f3xima queridos lectores!!!!<\/p>\n<p style=\"text-align: center\"><a href=\"https:\/\/blogsaverroes.juntadeandalucia.es\/cprvalledelguadiaro\/?attachment_id=13155\" rel=\"attachment wp-att-13155\"><img loading=\"lazy\" decoding=\"async\" class=\"aligncenter size-medium wp-image-13155\" src=\"https:\/\/blogsaverroes.juntadeandalucia.es\/cprvalledelguadiaro\/files\/2025\/06\/LOGO-PACTO-DE-ESTADO-300x240.png\" alt=\"\" width=\"300\" height=\"240\" srcset=\"https:\/\/blogsaverroes.juntadeandalucia.es\/cprvalledelguadiaro\/files\/2025\/06\/LOGO-PACTO-DE-ESTADO-300x240.png 300w, https:\/\/blogsaverroes.juntadeandalucia.es\/cprvalledelguadiaro\/files\/2025\/06\/LOGO-PACTO-DE-ESTADO.png 556w\" sizes=\"(max-width: 300px) 100vw, 300px\" \/><\/a><\/p>\n<p><a href=\"https:\/\/blogsaverroes.juntadeandalucia.es\/cprvalledelguadiaro\/?attachment_id=13156\" rel=\"attachment wp-att-13156\"><img loading=\"lazy\" decoding=\"async\" class=\"aligncenter size-medium wp-image-13156\" src=\"https:\/\/blogsaverroes.juntadeandalucia.es\/cprvalledelguadiaro\/files\/2025\/06\/LOGO-JUNTA-DE-ANDALUCIA-300x192.png\" alt=\"\" width=\"300\" height=\"192\" srcset=\"https:\/\/blogsaverroes.juntadeandalucia.es\/cprvalledelguadiaro\/files\/2025\/06\/LOGO-JUNTA-DE-ANDALUCIA-300x192.png 300w, https:\/\/blogsaverroes.juntadeandalucia.es\/cprvalledelguadiaro\/files\/2025\/06\/LOGO-JUNTA-DE-ANDALUCIA.png 372w\" sizes=\"(max-width: 300px) 100vw, 300px\" \/><\/a><a href=\"https:\/\/blogsaverroes.juntadeandalucia.es\/cprvalledelguadiaro\/?attachment_id=13157\" rel=\"attachment wp-att-13157\"><img loading=\"lazy\" decoding=\"async\" class=\"aligncenter size-medium wp-image-13157\" src=\"https:\/\/blogsaverroes.juntadeandalucia.es\/cprvalledelguadiaro\/files\/2025\/06\/LOGO-MINSTERIO-DE-IGUALDAD-300x95.png\" alt=\"\" width=\"300\" height=\"95\" srcset=\"https:\/\/blogsaverroes.juntadeandalucia.es\/cprvalledelguadiaro\/files\/2025\/06\/LOGO-MINSTERIO-DE-IGUALDAD-300x95.png 300w, https:\/\/blogsaverroes.juntadeandalucia.es\/cprvalledelguadiaro\/files\/2025\/06\/LOGO-MINSTERIO-DE-IGUALDAD.png 512w\" sizes=\"(max-width: 300px) 100vw, 300px\" \/><\/a><\/p>\n<p>&nbsp;<\/p>\n","protected":false},"excerpt":{"rendered":"<p>\u00a1Buenos d\u00edas, queridos lectores!: Durante este curso escolar, y en el marco del \u201cPacto de Estado contra la Violencia de G\u00e9nero\u201d, hemos realizado diferentes actividades desde nuestro centro.&nbsp; Como ya sab\u00e9is , en el&#46;&#46;&#46;<\/p>\n","protected":false},"author":4494,"featured_media":13155,"comment_status":"open","ping_status":"open","sticky":false,"template":"","format":"standard","meta":{"ngg_post_thumbnail":0,"footnotes":""},"categories":[11909],"tags":[],"aioseo_notices":[],"_links":{"self":[{"href":"https:\/\/blogsaverroes.juntadeandalucia.es\/cprvalledelguadiaro\/index.php?rest_route=\/wp\/v2\/posts\/13154"}],"collection":[{"href":"https:\/\/blogsaverroes.juntadeandalucia.es\/cprvalledelguadiaro\/index.php?rest_route=\/wp\/v2\/posts"}],"about":[{"href":"https:\/\/blogsaverroes.juntadeandalucia.es\/cprvalledelguadiaro\/index.php?rest_route=\/wp\/v2\/types\/post"}],"author":[{"embeddable":true,"href":"https:\/\/blogsaverroes.juntadeandalucia.es\/cprvalledelguadiaro\/index.php?rest_route=\/wp\/v2\/users\/4494"}],"replies":[{"embeddable":true,"href":"https:\/\/blogsaverroes.juntadeandalucia.es\/cprvalledelguadiaro\/index.php?rest_route=%2Fwp%2Fv2%2Fcomments&post=13154"}],"version-history":[{"count":2,"href":"https:\/\/blogsaverroes.juntadeandalucia.es\/cprvalledelguadiaro\/index.php?rest_route=\/wp\/v2\/posts\/13154\/revisions"}],"predecessor-version":[{"id":13159,"href":"https:\/\/blogsaverroes.juntadeandalucia.es\/cprvalledelguadiaro\/index.php?rest_route=\/wp\/v2\/posts\/13154\/revisions\/13159"}],"wp:featuredmedia":[{"embeddable":true,"href":"https:\/\/blogsaverroes.juntadeandalucia.es\/cprvalledelguadiaro\/index.php?rest_route=\/wp\/v2\/media\/13155"}],"wp:attachment":[{"href":"https:\/\/blogsaverroes.juntadeandalucia.es\/cprvalledelguadiaro\/index.php?rest_route=%2Fwp%2Fv2%2Fmedia&parent=13154"}],"wp:term":[{"taxonomy":"category","embeddable":true,"href":"https:\/\/blogsaverroes.juntadeandalucia.es\/cprvalledelguadiaro\/index.php?rest_route=%2Fwp%2Fv2%2Fcategories&post=13154"},{"taxonomy":"post_tag","embeddable":true,"href":"https:\/\/blogsaverroes.juntadeandalucia.es\/cprvalledelguadiaro\/index.php?rest_route=%2Fwp%2Fv2%2Ftags&post=13154"}],"curies":[{"name":"wp","href":"https:\/\/api.w.org\/{rel}","templated":true}]}}