{"id":13286,"date":"2026-02-03T09:33:17","date_gmt":"2026-02-03T09:33:17","guid":{"rendered":"https:\/\/blogsaverroes.juntadeandalucia.es\/cprvalledelguadiaro\/?p=13286"},"modified":"2026-02-03T09:33:17","modified_gmt":"2026-02-03T09:33:17","slug":"dia-de-la-paz-2","status":"publish","type":"post","link":"https:\/\/blogsaverroes.juntadeandalucia.es\/cprvalledelguadiaro\/?p=13286","title":{"rendered":"D\u00eda de la PAZ"},"content":{"rendered":"<p><span style=\"font-weight: 400\">Queridos lectores:&nbsp;<\/span><\/p>\n<p><span style=\"font-weight: 400\">En nuestras sedes de Ca\u00f1ada y Jimera hemos celebrado el D\u00eda de la Paz poniendo el foco en una figura que inspira valent\u00eda, respeto y esperanza: <\/span><b>Malala Yousafzai<\/b><span style=\"font-weight: 400\">. A trav\u00e9s de su historia, el alumnado ha reflexionado sobre la importancia de defender el derecho a la educaci\u00f3n, la igualdad y la paz en el mundo.<\/span><\/p>\n<p><span style=\"font-weight: 400\">Durante los d\u00edas previos, todo el alumnado particip\u00f3 en una actividad art\u00edstica muy especial. Colorearon y recortaron flores que posteriormente colocaron en el pa\u00f1uelo de Malala, formando un gran mural lleno de color y significado. Cada flor representaba un deseo de paz, de justicia y de un futuro mejor, record\u00e1ndonos que incluso los peque\u00f1os gestos pueden transmitir grandes mensajes.<\/span><\/p>\n<p><span style=\"font-weight: 400\">El pasado viernes, 30 de enero, todo el alumnado y los maestros y maestras se unieron a la celebraci\u00f3n vestidos de blanco como s\u00edmbolo de paz, y en los patios de ambos colegios se form\u00f3 un lazo humano que representa nuestro compromiso com\u00fan con los valores que queremos transmitir a nuestro alumnado: respeto, solidaridad y convivencia.<\/span><\/p>\n<p><span style=\"font-weight: 400\">Fue una jornada cargada de emoci\u00f3n, en la que aprendimos que la paz se construye d\u00eda a d\u00eda, con acciones sencillas, trabajando juntos y escuch\u00e1ndonos unos a otros. Porque, como nos ense\u00f1a Malala, una sola voz puede cambiar el mundo\u2026 y muchas voces unidas pueden hacerlo a\u00fan mejor.<\/span><\/p>\n<p><span style=\"font-weight: 400\">Os dejamos unas fotos para que ve\u00e1is lo bien que lo pasamos.<\/span><\/p>\n<p><span style=\"font-weight: 400\">Nos seguimos leyendo\u2026y que sigamos llenando el cole de flores, valores y buenas intenciones.<\/span><\/p>\n<p>&nbsp;<\/p>\nngg_shortcode_0_placeholder\n","protected":false},"excerpt":{"rendered":"<p>Queridos lectores:&nbsp; En nuestras sedes de Ca\u00f1ada y Jimera hemos celebrado el D\u00eda de la Paz poniendo el foco en una figura que inspira valent\u00eda, respeto y esperanza: Malala Yousafzai. A trav\u00e9s de su&#46;&#46;&#46;<\/p>\n","protected":false},"author":4494,"featured_media":13296,"comment_status":"open","ping_status":"open","sticky":false,"template":"","format":"standard","meta":{"ngg_post_thumbnail":0,"footnotes":""},"categories":[1025064,1025063,1025090],"tags":[1025094,1025096,1025083,1025098,1025099,1025095,1025097],"aioseo_notices":[],"_links":{"self":[{"href":"https:\/\/blogsaverroes.juntadeandalucia.es\/cprvalledelguadiaro\/index.php?rest_route=\/wp\/v2\/posts\/13286"}],"collection":[{"href":"https:\/\/blogsaverroes.juntadeandalucia.es\/cprvalledelguadiaro\/index.php?rest_route=\/wp\/v2\/posts"}],"about":[{"href":"https:\/\/blogsaverroes.juntadeandalucia.es\/cprvalledelguadiaro\/index.php?rest_route=\/wp\/v2\/types\/post"}],"author":[{"embeddable":true,"href":"https:\/\/blogsaverroes.juntadeandalucia.es\/cprvalledelguadiaro\/index.php?rest_route=\/wp\/v2\/users\/4494"}],"replies":[{"embeddable":true,"href":"https:\/\/blogsaverroes.juntadeandalucia.es\/cprvalledelguadiaro\/index.php?rest_route=%2Fwp%2Fv2%2Fcomments&post=13286"}],"version-history":[{"count":1,"href":"https:\/\/blogsaverroes.juntadeandalucia.es\/cprvalledelguadiaro\/index.php?rest_route=\/wp\/v2\/posts\/13286\/revisions"}],"predecessor-version":[{"id":13297,"href":"https:\/\/blogsaverroes.juntadeandalucia.es\/cprvalledelguadiaro\/index.php?rest_route=\/wp\/v2\/posts\/13286\/revisions\/13297"}],"wp:featuredmedia":[{"embeddable":true,"href":"https:\/\/blogsaverroes.juntadeandalucia.es\/cprvalledelguadiaro\/index.php?rest_route=\/wp\/v2\/media\/13296"}],"wp:attachment":[{"href":"https:\/\/blogsaverroes.juntadeandalucia.es\/cprvalledelguadiaro\/index.php?rest_route=%2Fwp%2Fv2%2Fmedia&parent=13286"}],"wp:term":[{"taxonomy":"category","embeddable":true,"href":"https:\/\/blogsaverroes.juntadeandalucia.es\/cprvalledelguadiaro\/index.php?rest_route=%2Fwp%2Fv2%2Fcategories&post=13286"},{"taxonomy":"post_tag","embeddable":true,"href":"https:\/\/blogsaverroes.juntadeandalucia.es\/cprvalledelguadiaro\/index.php?rest_route=%2Fwp%2Fv2%2Ftags&post=13286"}],"curies":[{"name":"wp","href":"https:\/\/api.w.org\/{rel}","templated":true}]}}