{"id":13299,"date":"2026-02-03T19:56:48","date_gmt":"2026-02-03T19:56:48","guid":{"rendered":"https:\/\/blogsaverroes.juntadeandalucia.es\/cprvalledelguadiaro\/?p=13299"},"modified":"2026-02-03T19:56:48","modified_gmt":"2026-02-03T19:56:48","slug":"mucha-precaucion","status":"publish","type":"post","link":"https:\/\/blogsaverroes.juntadeandalucia.es\/cprvalledelguadiaro\/?p=13299","title":{"rendered":"\u00a1MUCHA PRECAUCI\u00d3N!"},"content":{"rendered":"<p><span style=\"font-weight: 400\">Queridos lectores:<\/span><\/p>\n<p><span style=\"font-weight: 400\">En las \u00faltimas semanas, en nuestros coles y en sus alrededores estamos siendo testigos de episodios meteorol\u00f3gicos adversos cada vez m\u00e1s frecuentes e intensos. Lluvias persistentes, crecidas de r\u00edos y cambios bruscos en el tiempo nos recuerdan la importancia de estar informados y actuar con responsabilidad. Todos debemos adoptar una actitud preventiva y conocer las medidas b\u00e1sicas de seguridad para protegernos y proteger a los nuestros.<\/span><\/p>\n<p><span style=\"font-weight: 400\">Desde nuestras sedes de Jimera y Ca\u00f1ada queremos insistir en la importancia de extremar las precauciones, especialmente teniendo en cuenta que el colegio de Ca\u00f1ada y muchas familias viven pr\u00f3ximas al r\u00edo Guadiaro, lo que hace necesario estar atentos a posibles crecidas y seguir siempre las indicaciones de las autoridades competentes. Aunque los maestros no estemos f\u00edsicamente ma\u00f1ana en clase por la alerta roja pod\u00e9is contactar con nosotros a trav\u00e9s de Ipasen y de Google Classroom, donde tambi\u00e9n dejaremos algunas tareas para que los ni\u00f1os y ni\u00f1as puedan seguir avanzando en las materias que tienen programadas para ma\u00f1ana.<\/span><\/p>\n<p><span style=\"font-weight: 400\">Con el objetivo de facilitar la informaci\u00f3n preventiva ante las adversidades meteorol\u00f3gicas, adjuntamos una infograf\u00eda con recomendaciones en caso de lluvia intensa que nos hacen llegar desde la Junta de Andaluc\u00eda, y que puede ayudar a las familias a saber c\u00f3mo actuar antes, durante y despu\u00e9s de una situaci\u00f3n de riesgo. La prevenci\u00f3n, la calma y la informaci\u00f3n son nuestras mejores herramientas ante cualquier adversidad.<\/span><\/p>\n<p><span style=\"font-weight: 400\">Cuidarnos es una responsabilidad compartida, y educar en la prevenci\u00f3n tambi\u00e9n forma parte del aprendizaje para la vida.<\/span><\/p>\n<p><span style=\"font-weight: 400\">Nos seguimos leyendo\u2026 y que la prevenci\u00f3n nos ayude a evitar riesgos mayores.<\/span><\/p>\n<p><a href=\"https:\/\/blogsaverroes.juntadeandalucia.es\/cprvalledelguadiaro\/?attachment_id=13300\" rel=\"attachment wp-att-13300\"><img loading=\"lazy\" decoding=\"async\" class=\"aligncenter size-medium wp-image-13300\" src=\"https:\/\/blogsaverroes.juntadeandalucia.es\/cprvalledelguadiaro\/files\/2026\/02\/lluvia-intensa-228x300.png\" alt=\"\" width=\"228\" height=\"300\" srcset=\"https:\/\/blogsaverroes.juntadeandalucia.es\/cprvalledelguadiaro\/files\/2026\/02\/lluvia-intensa-228x300.png 228w, https:\/\/blogsaverroes.juntadeandalucia.es\/cprvalledelguadiaro\/files\/2026\/02\/lluvia-intensa.png 574w\" sizes=\"(max-width: 228px) 100vw, 228px\" \/><\/a><\/p>\n","protected":false},"excerpt":{"rendered":"<p>Queridos lectores: En las \u00faltimas semanas, en nuestros coles y en sus alrededores estamos siendo testigos de episodios meteorol\u00f3gicos adversos cada vez m\u00e1s frecuentes e intensos. Lluvias persistentes, crecidas de r\u00edos y cambios bruscos&#46;&#46;&#46;<\/p>\n","protected":false},"author":4494,"featured_media":13300,"comment_status":"open","ping_status":"open","sticky":false,"template":"","format":"standard","meta":{"ngg_post_thumbnail":0,"footnotes":""},"categories":[1025090],"tags":[1025100,1025066,1025094,1025068,1025101],"aioseo_notices":[],"_links":{"self":[{"href":"https:\/\/blogsaverroes.juntadeandalucia.es\/cprvalledelguadiaro\/index.php?rest_route=\/wp\/v2\/posts\/13299"}],"collection":[{"href":"https:\/\/blogsaverroes.juntadeandalucia.es\/cprvalledelguadiaro\/index.php?rest_route=\/wp\/v2\/posts"}],"about":[{"href":"https:\/\/blogsaverroes.juntadeandalucia.es\/cprvalledelguadiaro\/index.php?rest_route=\/wp\/v2\/types\/post"}],"author":[{"embeddable":true,"href":"https:\/\/blogsaverroes.juntadeandalucia.es\/cprvalledelguadiaro\/index.php?rest_route=\/wp\/v2\/users\/4494"}],"replies":[{"embeddable":true,"href":"https:\/\/blogsaverroes.juntadeandalucia.es\/cprvalledelguadiaro\/index.php?rest_route=%2Fwp%2Fv2%2Fcomments&post=13299"}],"version-history":[{"count":1,"href":"https:\/\/blogsaverroes.juntadeandalucia.es\/cprvalledelguadiaro\/index.php?rest_route=\/wp\/v2\/posts\/13299\/revisions"}],"predecessor-version":[{"id":13301,"href":"https:\/\/blogsaverroes.juntadeandalucia.es\/cprvalledelguadiaro\/index.php?rest_route=\/wp\/v2\/posts\/13299\/revisions\/13301"}],"wp:featuredmedia":[{"embeddable":true,"href":"https:\/\/blogsaverroes.juntadeandalucia.es\/cprvalledelguadiaro\/index.php?rest_route=\/wp\/v2\/media\/13300"}],"wp:attachment":[{"href":"https:\/\/blogsaverroes.juntadeandalucia.es\/cprvalledelguadiaro\/index.php?rest_route=%2Fwp%2Fv2%2Fmedia&parent=13299"}],"wp:term":[{"taxonomy":"category","embeddable":true,"href":"https:\/\/blogsaverroes.juntadeandalucia.es\/cprvalledelguadiaro\/index.php?rest_route=%2Fwp%2Fv2%2Fcategories&post=13299"},{"taxonomy":"post_tag","embeddable":true,"href":"https:\/\/blogsaverroes.juntadeandalucia.es\/cprvalledelguadiaro\/index.php?rest_route=%2Fwp%2Fv2%2Ftags&post=13299"}],"curies":[{"name":"wp","href":"https:\/\/api.w.org\/{rel}","templated":true}]}}