{"id":13302,"date":"2026-02-20T08:20:25","date_gmt":"2026-02-20T08:20:25","guid":{"rendered":"https:\/\/blogsaverroes.juntadeandalucia.es\/cprvalledelguadiaro\/?p=13302"},"modified":"2026-02-20T08:29:37","modified_gmt":"2026-02-20T08:29:37","slug":"video-carnaval-25-26","status":"publish","type":"post","link":"https:\/\/blogsaverroes.juntadeandalucia.es\/cprvalledelguadiaro\/?p=13302","title":{"rendered":"V\u00eddeo Carnaval 25\/26"},"content":{"rendered":"<p><span style=\"font-weight: 400\">Queridos lectores:<\/span><\/p>\n<p><span style=\"font-weight: 400\">En nuestro colegio, estos d\u00edas hemos vivido uno de esos momentos que dejan huella en el coraz\u00f3n y permanecen en la memoria mucho tiempo. Nuestro alumnado ha alzado su voz, una voz valiente, sincera y llena de verdad, para decir alto y claro que no al acoso escolar.<\/span><\/p>\n<p><span style=\"font-weight: 400\">A trav\u00e9s de un pasodoble profundamente emotivo de la Comparsa Los Trapos, han puesto palabras a sentimientos que a veces cuesta expresar: el miedo, la soledad, el silencio\u2026 pero tambi\u00e9n la esperanza, la amistad y el valor de pedir ayuda. Cada estrofa ha sido un reflejo de realidades que, por desgracia, existen, pero que juntos podemos cambiar.<\/span><\/p>\n<p><span style=\"font-weight: 400\">Lo verdaderamente especial ha sido c\u00f3mo han acompa\u00f1ado esta interpretaci\u00f3n con lengua de signos, logrando que el mensaje llegue a\u00fan m\u00e1s lejos. Porque cuando las manos hablan, el coraz\u00f3n escucha de una forma diferente. Han demostrado que la empat\u00eda no entiende de barreras, y que todos y todas tenemos algo importante que decir y que aportar.<\/span><\/p>\n<p><span style=\"font-weight: 400\">Esta representaci\u00f3n de \u00abAl final de clase\u00bb no ha sido solo una actuaci\u00f3n, ha sido una lecci\u00f3n de vida. Nos han ense\u00f1ado que un gesto, una palabra o una mirada pueden marcar la diferencia. Que nadie debe sentirse solo, y que el respeto y la empat\u00eda son el camino.<\/span><\/p>\n<p><span style=\"font-weight: 400\">A todas las familias, queremos deciros que pod\u00e9is estar profundamente orgullosas porque vuestros hijos e hijas no solo aprenden los contenidos de las materias sino que tambi\u00e9n est\u00e1n creciendo como personas comprometidas, sensibles y valientes.<\/span><\/p>\n<p><span style=\"font-weight: 400\">Nos seguimos leyendo\u2026 y que sigamos cuidando con palabras, gestos y coraz\u00f3n.<\/span><\/p>\n<p>&nbsp;<\/p>\n<div style=\"width: 848px;\" class=\"wp-video\"><!--[if lt IE 9]><script>document.createElement('video');<\/script><![endif]-->\n<video class=\"wp-video-shortcode\" id=\"video-13302-1\" width=\"848\" height=\"480\" preload=\"metadata\" controls=\"controls\"><source type=\"video\/mp4\" src=\"https:\/\/blogsaverroes.juntadeandalucia.es\/cprvalledelguadiaro\/files\/2026\/02\/Video-Carnaval-2026.mp4?_=1\" \/><a href=\"https:\/\/blogsaverroes.juntadeandalucia.es\/cprvalledelguadiaro\/files\/2026\/02\/Video-Carnaval-2026.mp4\">https:\/\/blogsaverroes.juntadeandalucia.es\/cprvalledelguadiaro\/files\/2026\/02\/Video-Carnaval-2026.mp4<\/a><\/video><\/div>\n","protected":false},"excerpt":{"rendered":"<p>Queridos lectores: En nuestro colegio, estos d\u00edas hemos vivido uno de esos momentos que dejan huella en el coraz\u00f3n y permanecen en la memoria mucho tiempo. Nuestro alumnado ha alzado su voz, una voz&#46;&#46;&#46;<\/p>\n","protected":false},"author":4494,"featured_media":13307,"comment_status":"open","ping_status":"open","sticky":false,"template":"","format":"standard","meta":{"ngg_post_thumbnail":0,"footnotes":""},"categories":[1025090,1025072,1025102],"tags":[],"aioseo_notices":[],"_links":{"self":[{"href":"https:\/\/blogsaverroes.juntadeandalucia.es\/cprvalledelguadiaro\/index.php?rest_route=\/wp\/v2\/posts\/13302"}],"collection":[{"href":"https:\/\/blogsaverroes.juntadeandalucia.es\/cprvalledelguadiaro\/index.php?rest_route=\/wp\/v2\/posts"}],"about":[{"href":"https:\/\/blogsaverroes.juntadeandalucia.es\/cprvalledelguadiaro\/index.php?rest_route=\/wp\/v2\/types\/post"}],"author":[{"embeddable":true,"href":"https:\/\/blogsaverroes.juntadeandalucia.es\/cprvalledelguadiaro\/index.php?rest_route=\/wp\/v2\/users\/4494"}],"replies":[{"embeddable":true,"href":"https:\/\/blogsaverroes.juntadeandalucia.es\/cprvalledelguadiaro\/index.php?rest_route=%2Fwp%2Fv2%2Fcomments&post=13302"}],"version-history":[{"count":1,"href":"https:\/\/blogsaverroes.juntadeandalucia.es\/cprvalledelguadiaro\/index.php?rest_route=\/wp\/v2\/posts\/13302\/revisions"}],"predecessor-version":[{"id":13305,"href":"https:\/\/blogsaverroes.juntadeandalucia.es\/cprvalledelguadiaro\/index.php?rest_route=\/wp\/v2\/posts\/13302\/revisions\/13305"}],"wp:featuredmedia":[{"embeddable":true,"href":"https:\/\/blogsaverroes.juntadeandalucia.es\/cprvalledelguadiaro\/index.php?rest_route=\/wp\/v2\/media\/13307"}],"wp:attachment":[{"href":"https:\/\/blogsaverroes.juntadeandalucia.es\/cprvalledelguadiaro\/index.php?rest_route=%2Fwp%2Fv2%2Fmedia&parent=13302"}],"wp:term":[{"taxonomy":"category","embeddable":true,"href":"https:\/\/blogsaverroes.juntadeandalucia.es\/cprvalledelguadiaro\/index.php?rest_route=%2Fwp%2Fv2%2Fcategories&post=13302"},{"taxonomy":"post_tag","embeddable":true,"href":"https:\/\/blogsaverroes.juntadeandalucia.es\/cprvalledelguadiaro\/index.php?rest_route=%2Fwp%2Fv2%2Ftags&post=13302"}],"curies":[{"name":"wp","href":"https:\/\/api.w.org\/{rel}","templated":true}]}}